{"id":9626,"date":"2017-03-31T21:23:41","date_gmt":"2017-03-31T21:23:41","guid":{"rendered":"https:\/\/iicolumnas.es\/?p=9626"},"modified":"2017-06-03T18:13:38","modified_gmt":"2017-06-03T18:13:38","slug":"feliz-cumpleanos-paula","status":"publish","type":"post","link":"https:\/\/iicolumnas.es\/index.php\/actualidad\/2017\/03\/31\/feliz-cumpleanos-paula\/","title":{"rendered":"\u00a1\u00a1\u00a1 Feliz cumplea\u00f1os Paula !!!"},"content":{"rendered":"<p><img loading=\"lazy\" decoding=\"async\" class=\"aligncenter size-full wp-image-9628\" src=\"https:\/\/iicolumnas.es\/wp-content\/uploads\/2017\/03\/cumpleanos-paula-28-03-2017.jpg\" alt=\"IMG-20170331-WA0013\" width=\"600\" height=\"800\" srcset=\"https:\/\/iicolumnas.es\/wp-content\/uploads\/2017\/03\/cumpleanos-paula-28-03-2017.jpg 600w, https:\/\/iicolumnas.es\/wp-content\/uploads\/2017\/03\/cumpleanos-paula-28-03-2017-225x300.jpg 225w\" sizes=\"auto, (max-width: 600px) 100vw, 600px\" \/><\/p>\n<p>El pasado d\u00eda 28 de marzo fue el quinto cumplea\u00f1os de la peque\u00f1a Paula. La feliz \u00abcumplea\u00f1era\u00bb recibi\u00f3 los primeros besos, abrazos y felicitaciones de sus padres, los cuales invitaron a un almuerzo de galletas y zumos a todos los compa\u00f1eros de clase donde cursa segundo de primaria.<\/p>\n<p>No la faltaron las m\u00faltiples muestras de cari\u00f1o en un d\u00eda tan especial de sus seres queridos, mediante llamadas y visitas.<\/p>\n<p>Hoy termino su festejo en el Bar con la invitaci\u00f3n de sus amigos, quien se mostr\u00f3 feliz de compartir una gran merienda y termin\u00f3 apagando las velas de bengala de su tarta pasando una entretenida tarde.<\/p>\n<p>Desde dos columnas agradecemos que comparta con nosotros estos momentos y esperamos que siga regal\u00e1ndonos esa felicidad que tiene, donde los enfados se cuentan en segundos y pedir perd\u00f3n no sea una cuesti\u00f3n de orgullo, record\u00e1ndonos a los mas mayores lo que un d\u00eda fuimos.<\/p>\n<p><img loading=\"lazy\" decoding=\"async\" class=\"aligncenter size-full wp-image-9629\" src=\"https:\/\/iicolumnas.es\/wp-content\/uploads\/2017\/03\/cumpleanos-paula-28-03-2017-3.jpg\" alt=\"IMG-20170331-WA0012\" width=\"800\" height=\"600\" srcset=\"https:\/\/iicolumnas.es\/wp-content\/uploads\/2017\/03\/cumpleanos-paula-28-03-2017-3.jpg 800w, https:\/\/iicolumnas.es\/wp-content\/uploads\/2017\/03\/cumpleanos-paula-28-03-2017-3-300x225.jpg 300w\" sizes=\"auto, (max-width: 800px) 100vw, 800px\" \/><\/p>\n<p>&nbsp;<\/p>\n<hr \/>\n<p>&nbsp;<\/p>\n","protected":false},"excerpt":{"rendered":"<p>El pasado d\u00eda 28 de marzo fue el quinto cumplea\u00f1os de la peque\u00f1a Paula. La feliz \u00abcumplea\u00f1era\u00bb recibi\u00f3 los primeros besos, abrazos y felicitaciones de sus padres, los cuales invitaron a un almuerzo de&#46;&#46;&#46;<\/p>\n","protected":false},"author":15,"featured_media":9630,"comment_status":"open","ping_status":"open","sticky":false,"template":"","format":"standard","meta":{"footnotes":""},"categories":[1,16,88],"tags":[1250,1240,1249],"class_list":["post-9626","post","type-post","status-publish","format-standard","has-post-thumbnail","hentry","category-actualidad","category-celebraciones","category-cumpleanos","tag-cumpleanos","tag-marzo-2017","tag-paula"],"yoast_head":"<!-- This site is optimized with the Yoast SEO plugin v26.6 - https:\/\/yoast.com\/wordpress\/plugins\/seo\/ -->\n<title>\u00a1\u00a1\u00a1 Feliz cumplea\u00f1os Paula !!! - Dos Columnas<\/title>\n<meta name=\"robots\" content=\"index, follow, max-snippet:-1, max-image-preview:large, max-video-preview:-1\" \/>\n<link rel=\"canonical\" href=\"https:\/\/iicolumnas.es\/index.php\/actualidad\/2017\/03\/31\/feliz-cumpleanos-paula\/\" \/>\n<meta property=\"og:locale\" content=\"es_ES\" \/>\n<meta property=\"og:type\" content=\"article\" \/>\n<meta property=\"og:title\" content=\"\u00a1\u00a1\u00a1 Feliz cumplea\u00f1os Paula !!! - Dos Columnas\" \/>\n<meta property=\"og:description\" content=\"El pasado d\u00eda 28 de marzo fue el quinto cumplea\u00f1os de la peque\u00f1a Paula. La feliz \u00abcumplea\u00f1era\u00bb recibi\u00f3 los primeros besos, abrazos y felicitaciones de sus padres, los cuales invitaron a un almuerzo de&#046;&#046;&#046;\" \/>\n<meta property=\"og:url\" content=\"https:\/\/iicolumnas.es\/index.php\/actualidad\/2017\/03\/31\/feliz-cumpleanos-paula\/\" \/>\n<meta property=\"og:site_name\" content=\"Dos Columnas\" \/>\n<meta property=\"article:publisher\" content=\"https:\/\/www.facebook.com\/iicolumnas\/\" \/>\n<meta property=\"article:published_time\" content=\"2017-03-31T21:23:41+00:00\" \/>\n<meta property=\"article:modified_time\" content=\"2017-06-03T18:13:38+00:00\" \/>\n<meta property=\"og:image\" content=\"https:\/\/iicolumnas.es\/wp-content\/uploads\/2017\/03\/cumpleanos-paula-28-03-2017-2.jpg\" \/>\n\t<meta property=\"og:image:width\" content=\"600\" \/>\n\t<meta property=\"og:image:height\" content=\"800\" \/>\n\t<meta property=\"og:image:type\" content=\"image\/jpeg\" \/>\n<meta name=\"author\" content=\"Jonathan Mart\u00edn\" \/>\n<meta name=\"twitter:card\" content=\"summary_large_image\" \/>\n<meta name=\"twitter:creator\" content=\"@iicolumnas\" \/>\n<meta name=\"twitter:site\" content=\"@iicolumnas\" \/>\n<meta name=\"twitter:label1\" content=\"Escrito por\" \/>\n\t<meta name=\"twitter:data1\" content=\"Jonathan Mart\u00edn\" \/>\n\t<meta name=\"twitter:label2\" content=\"Tiempo de lectura\" \/>\n\t<meta name=\"twitter:data2\" content=\"1 minuto\" \/>\n<script type=\"application\/ld+json\" class=\"yoast-schema-graph\">{\"@context\":\"https:\/\/schema.org\",\"@graph\":[{\"@type\":\"WebPage\",\"@id\":\"https:\/\/iicolumnas.es\/index.php\/actualidad\/2017\/03\/31\/feliz-cumpleanos-paula\/\",\"url\":\"https:\/\/iicolumnas.es\/index.php\/actualidad\/2017\/03\/31\/feliz-cumpleanos-paula\/\",\"name\":\"\u00a1\u00a1\u00a1 Feliz cumplea\u00f1os Paula !!! - Dos Columnas\",\"isPartOf\":{\"@id\":\"https:\/\/iicolumnas.es\/#website\"},\"primaryImageOfPage\":{\"@id\":\"https:\/\/iicolumnas.es\/index.php\/actualidad\/2017\/03\/31\/feliz-cumpleanos-paula\/#primaryimage\"},\"image\":{\"@id\":\"https:\/\/iicolumnas.es\/index.php\/actualidad\/2017\/03\/31\/feliz-cumpleanos-paula\/#primaryimage\"},\"thumbnailUrl\":\"https:\/\/iicolumnas.es\/wp-content\/uploads\/2017\/03\/cumpleanos-paula-28-03-2017-2.jpg\",\"datePublished\":\"2017-03-31T21:23:41+00:00\",\"dateModified\":\"2017-06-03T18:13:38+00:00\",\"author\":{\"@id\":\"https:\/\/iicolumnas.es\/#\/schema\/person\/9454e693a00b654499448fce52078962\"},\"breadcrumb\":{\"@id\":\"https:\/\/iicolumnas.es\/index.php\/actualidad\/2017\/03\/31\/feliz-cumpleanos-paula\/#breadcrumb\"},\"inLanguage\":\"es\",\"potentialAction\":[{\"@type\":\"ReadAction\",\"target\":[\"https:\/\/iicolumnas.es\/index.php\/actualidad\/2017\/03\/31\/feliz-cumpleanos-paula\/\"]}]},{\"@type\":\"ImageObject\",\"inLanguage\":\"es\",\"@id\":\"https:\/\/iicolumnas.es\/index.php\/actualidad\/2017\/03\/31\/feliz-cumpleanos-paula\/#primaryimage\",\"url\":\"https:\/\/iicolumnas.es\/wp-content\/uploads\/2017\/03\/cumpleanos-paula-28-03-2017-2.jpg\",\"contentUrl\":\"https:\/\/iicolumnas.es\/wp-content\/uploads\/2017\/03\/cumpleanos-paula-28-03-2017-2.jpg\",\"width\":\"600\",\"height\":\"800\"},{\"@type\":\"BreadcrumbList\",\"@id\":\"https:\/\/iicolumnas.es\/index.php\/actualidad\/2017\/03\/31\/feliz-cumpleanos-paula\/#breadcrumb\",\"itemListElement\":[{\"@type\":\"ListItem\",\"position\":1,\"name\":\"Portada\",\"item\":\"https:\/\/iicolumnas.es\/\"},{\"@type\":\"ListItem\",\"position\":2,\"name\":\"Actualidad\",\"item\":\"https:\/\/iicolumnas.es\/index.php\/category\/actualidad\/\"},{\"@type\":\"ListItem\",\"position\":3,\"name\":\"\u00a1\u00a1\u00a1 Feliz cumplea\u00f1os Paula !!!\"}]},{\"@type\":\"WebSite\",\"@id\":\"https:\/\/iicolumnas.es\/#website\",\"url\":\"https:\/\/iicolumnas.es\/\",\"name\":\"Dos Columnas\",\"description\":\"El peri\u00f3dico de la villa de Cantalpino\",\"potentialAction\":[{\"@type\":\"SearchAction\",\"target\":{\"@type\":\"EntryPoint\",\"urlTemplate\":\"https:\/\/iicolumnas.es\/?s={search_term_string}\"},\"query-input\":{\"@type\":\"PropertyValueSpecification\",\"valueRequired\":true,\"valueName\":\"search_term_string\"}}],\"inLanguage\":\"es\"},{\"@type\":\"Person\",\"@id\":\"https:\/\/iicolumnas.es\/#\/schema\/person\/9454e693a00b654499448fce52078962\",\"name\":\"Jonathan Mart\u00edn\",\"image\":{\"@type\":\"ImageObject\",\"inLanguage\":\"es\",\"@id\":\"https:\/\/iicolumnas.es\/#\/schema\/person\/image\/\",\"url\":\"https:\/\/secure.gravatar.com\/avatar\/8f84b73d8cfcbec514e94597235e91417ea919340a79e734ab4f39abe5099950?s=96&d=mm&r=g\",\"contentUrl\":\"https:\/\/secure.gravatar.com\/avatar\/8f84b73d8cfcbec514e94597235e91417ea919340a79e734ab4f39abe5099950?s=96&d=mm&r=g\",\"caption\":\"Jonathan Mart\u00edn\"}}]}<\/script>\n<!-- \/ Yoast SEO plugin. -->","yoast_head_json":{"title":"\u00a1\u00a1\u00a1 Feliz cumplea\u00f1os Paula !!! - Dos Columnas","robots":{"index":"index","follow":"follow","max-snippet":"max-snippet:-1","max-image-preview":"max-image-preview:large","max-video-preview":"max-video-preview:-1"},"canonical":"https:\/\/iicolumnas.es\/index.php\/actualidad\/2017\/03\/31\/feliz-cumpleanos-paula\/","og_locale":"es_ES","og_type":"article","og_title":"\u00a1\u00a1\u00a1 Feliz cumplea\u00f1os Paula !!! - Dos Columnas","og_description":"El pasado d\u00eda 28 de marzo fue el quinto cumplea\u00f1os de la peque\u00f1a Paula. La feliz \u00abcumplea\u00f1era\u00bb recibi\u00f3 los primeros besos, abrazos y felicitaciones de sus padres, los cuales invitaron a un almuerzo de&#46;&#46;&#46;","og_url":"https:\/\/iicolumnas.es\/index.php\/actualidad\/2017\/03\/31\/feliz-cumpleanos-paula\/","og_site_name":"Dos Columnas","article_publisher":"https:\/\/www.facebook.com\/iicolumnas\/","article_published_time":"2017-03-31T21:23:41+00:00","article_modified_time":"2017-06-03T18:13:38+00:00","og_image":[{"width":600,"height":800,"url":"https:\/\/iicolumnas.es\/wp-content\/uploads\/2017\/03\/cumpleanos-paula-28-03-2017-2.jpg","type":"image\/jpeg"}],"author":"Jonathan Mart\u00edn","twitter_card":"summary_large_image","twitter_creator":"@iicolumnas","twitter_site":"@iicolumnas","twitter_misc":{"Escrito por":"Jonathan Mart\u00edn","Tiempo de lectura":"1 minuto"},"schema":{"@context":"https:\/\/schema.org","@graph":[{"@type":"WebPage","@id":"https:\/\/iicolumnas.es\/index.php\/actualidad\/2017\/03\/31\/feliz-cumpleanos-paula\/","url":"https:\/\/iicolumnas.es\/index.php\/actualidad\/2017\/03\/31\/feliz-cumpleanos-paula\/","name":"\u00a1\u00a1\u00a1 Feliz cumplea\u00f1os Paula !!! - Dos Columnas","isPartOf":{"@id":"https:\/\/iicolumnas.es\/#website"},"primaryImageOfPage":{"@id":"https:\/\/iicolumnas.es\/index.php\/actualidad\/2017\/03\/31\/feliz-cumpleanos-paula\/#primaryimage"},"image":{"@id":"https:\/\/iicolumnas.es\/index.php\/actualidad\/2017\/03\/31\/feliz-cumpleanos-paula\/#primaryimage"},"thumbnailUrl":"https:\/\/iicolumnas.es\/wp-content\/uploads\/2017\/03\/cumpleanos-paula-28-03-2017-2.jpg","datePublished":"2017-03-31T21:23:41+00:00","dateModified":"2017-06-03T18:13:38+00:00","author":{"@id":"https:\/\/iicolumnas.es\/#\/schema\/person\/9454e693a00b654499448fce52078962"},"breadcrumb":{"@id":"https:\/\/iicolumnas.es\/index.php\/actualidad\/2017\/03\/31\/feliz-cumpleanos-paula\/#breadcrumb"},"inLanguage":"es","potentialAction":[{"@type":"ReadAction","target":["https:\/\/iicolumnas.es\/index.php\/actualidad\/2017\/03\/31\/feliz-cumpleanos-paula\/"]}]},{"@type":"ImageObject","inLanguage":"es","@id":"https:\/\/iicolumnas.es\/index.php\/actualidad\/2017\/03\/31\/feliz-cumpleanos-paula\/#primaryimage","url":"https:\/\/iicolumnas.es\/wp-content\/uploads\/2017\/03\/cumpleanos-paula-28-03-2017-2.jpg","contentUrl":"https:\/\/iicolumnas.es\/wp-content\/uploads\/2017\/03\/cumpleanos-paula-28-03-2017-2.jpg","width":"600","height":"800"},{"@type":"BreadcrumbList","@id":"https:\/\/iicolumnas.es\/index.php\/actualidad\/2017\/03\/31\/feliz-cumpleanos-paula\/#breadcrumb","itemListElement":[{"@type":"ListItem","position":1,"name":"Portada","item":"https:\/\/iicolumnas.es\/"},{"@type":"ListItem","position":2,"name":"Actualidad","item":"https:\/\/iicolumnas.es\/index.php\/category\/actualidad\/"},{"@type":"ListItem","position":3,"name":"\u00a1\u00a1\u00a1 Feliz cumplea\u00f1os Paula !!!"}]},{"@type":"WebSite","@id":"https:\/\/iicolumnas.es\/#website","url":"https:\/\/iicolumnas.es\/","name":"Dos Columnas","description":"El peri\u00f3dico de la villa de Cantalpino","potentialAction":[{"@type":"SearchAction","target":{"@type":"EntryPoint","urlTemplate":"https:\/\/iicolumnas.es\/?s={search_term_string}"},"query-input":{"@type":"PropertyValueSpecification","valueRequired":true,"valueName":"search_term_string"}}],"inLanguage":"es"},{"@type":"Person","@id":"https:\/\/iicolumnas.es\/#\/schema\/person\/9454e693a00b654499448fce52078962","name":"Jonathan Mart\u00edn","image":{"@type":"ImageObject","inLanguage":"es","@id":"https:\/\/iicolumnas.es\/#\/schema\/person\/image\/","url":"https:\/\/secure.gravatar.com\/avatar\/8f84b73d8cfcbec514e94597235e91417ea919340a79e734ab4f39abe5099950?s=96&d=mm&r=g","contentUrl":"https:\/\/secure.gravatar.com\/avatar\/8f84b73d8cfcbec514e94597235e91417ea919340a79e734ab4f39abe5099950?s=96&d=mm&r=g","caption":"Jonathan Mart\u00edn"}}]}},"_links":{"self":[{"href":"https:\/\/iicolumnas.es\/index.php\/wp-json\/wp\/v2\/posts\/9626","targetHints":{"allow":["GET"]}}],"collection":[{"href":"https:\/\/iicolumnas.es\/index.php\/wp-json\/wp\/v2\/posts"}],"about":[{"href":"https:\/\/iicolumnas.es\/index.php\/wp-json\/wp\/v2\/types\/post"}],"author":[{"embeddable":true,"href":"https:\/\/iicolumnas.es\/index.php\/wp-json\/wp\/v2\/users\/15"}],"replies":[{"embeddable":true,"href":"https:\/\/iicolumnas.es\/index.php\/wp-json\/wp\/v2\/comments?post=9626"}],"version-history":[{"count":7,"href":"https:\/\/iicolumnas.es\/index.php\/wp-json\/wp\/v2\/posts\/9626\/revisions"}],"predecessor-version":[{"id":9637,"href":"https:\/\/iicolumnas.es\/index.php\/wp-json\/wp\/v2\/posts\/9626\/revisions\/9637"}],"wp:featuredmedia":[{"embeddable":true,"href":"https:\/\/iicolumnas.es\/index.php\/wp-json\/wp\/v2\/media\/9630"}],"wp:attachment":[{"href":"https:\/\/iicolumnas.es\/index.php\/wp-json\/wp\/v2\/media?parent=9626"}],"wp:term":[{"taxonomy":"category","embeddable":true,"href":"https:\/\/iicolumnas.es\/index.php\/wp-json\/wp\/v2\/categories?post=9626"},{"taxonomy":"post_tag","embeddable":true,"href":"https:\/\/iicolumnas.es\/index.php\/wp-json\/wp\/v2\/tags?post=9626"}],"curies":[{"name":"wp","href":"https:\/\/api.w.org\/{rel}","templated":true}]}}