{"id":9390,"date":"2017-03-07T11:58:08","date_gmt":"2017-03-07T11:58:08","guid":{"rendered":"https:\/\/iicolumnas.es\/?p=9390"},"modified":"2017-03-07T11:58:08","modified_gmt":"2017-03-07T11:58:08","slug":"rumo-y-elieta","status":"publish","type":"post","link":"https:\/\/iicolumnas.es\/index.php\/colaboraciones\/2017\/03\/07\/rumo-y-elieta\/","title":{"rendered":"RUMO Y ELIETA"},"content":{"rendered":"<p>Tras las lluvias del oto\u00f1o, Rumo decide practicar la pesca de la sardina. Prepara sus aparejos y espera\u00a0 a que la tarde caiga.<\/p>\n<p style=\"text-align: justify;\">\u00a1\u00d1ic! \u00a1\u00d1ic! Es el sonido que hace el carrete de la ca\u00f1a de pescar cuando el intr\u00e9pido gato enrolla el sedal.<\/p>\n<p style=\"text-align: justify;\"><img loading=\"lazy\" decoding=\"async\" class=\" wp-image-9391 alignright\" src=\"https:\/\/iicolumnas.es\/wp-content\/uploads\/2017\/03\/rumo-y-elieta-300x182.jpg\" alt=\"Rumo y Elieta\" width=\"343\" height=\"208\" srcset=\"https:\/\/iicolumnas.es\/wp-content\/uploads\/2017\/03\/rumo-y-elieta-300x182.jpg 300w, https:\/\/iicolumnas.es\/wp-content\/uploads\/2017\/03\/rumo-y-elieta.jpg 640w\" sizes=\"auto, (max-width: 343px) 100vw, 343px\" \/>\u2212\u00a1A picado! \u00a1A picado! \u2212se alegra\u2212. Har\u00e9 un gran fest\u00edn, pero antes pescar\u00e9 un poco m\u00e1s.<\/p>\n<p style=\"text-align: justify;\">Un pescado bastante grande pica y \u00a1ploc! se le cae encima de la cabeza y se desmaya. Por suerte, su amigo Heraldo que est\u00e1 paseando cerca del r\u00edo ve lo ocurrido y le ayuda.<\/p>\n<p style=\"text-align: justify;\">Heraldo que es muy listo, va corriendo hasta su choza, busca entre sus cosas y encuentra: \u00a1unas velas y un bonito mantel! Despu\u00e9s, prepara un escenario rom\u00e1ntico.<\/p>\n<p style=\"text-align: justify;\">\u2212\u00a1As\u00ed solo tendr\u00e1s que dejarte llevar! \u2212dice, mostr\u00e1ndole donde tiene que esperar.<\/p>\n<p style=\"text-align: justify;\">Rumo no entiende nada, \u00bfser\u00e1 por el golpe en la cabeza?<\/p>\n<p style=\"text-align: justify;\">En cuanto Heraldo se va aparece una preciosa gatita de pelo sedoso. Es Elieta, la hermana de Heraldo.<\/p>\n<p style=\"text-align: justify;\">Rumo y Elieta (enamorados) disfrutan de una velada nocturna acompa\u00f1ados por la luz de las velas y una sabrosa cena.<\/p>\n<p style=\"text-align: right;\"><strong>\u00a9 2017 Ver\u00f3nica Serrano Puertas<\/strong><\/p>\n<p style=\"text-align: justify;\">Si te ha gustado el art\u00edculo, no dudes en visitar <span style=\"color: #36cccc;\"><a style=\"color: #36cccc;\" href=\"http:\/\/diariodeleonis.blogspot.com.es\/\">BLOG DE LEONIS<\/a><\/span> y compartirlo en tus redes sociales. Muchas gracias en cualquier caso por tu atenci\u00f3n.<\/p>\n","protected":false},"excerpt":{"rendered":"<p>Tras las lluvias del oto\u00f1o, Rumo decide practicar la pesca de la sardina. Prepara sus aparejos y espera\u00a0 a que la tarde caiga. \u00a1\u00d1ic! \u00a1\u00d1ic! Es el sonido que hace el carrete de la&#46;&#46;&#46;<\/p>\n","protected":false},"author":1,"featured_media":9391,"comment_status":"open","ping_status":"open","sticky":false,"template":"","format":"standard","meta":{"footnotes":""},"categories":[3],"tags":[1214,1092],"class_list":["post-9390","post","type-post","status-publish","format-standard","has-post-thumbnail","hentry","category-colaboraciones","tag-blog-leonis","tag-veronica-serrano-puertas"],"yoast_head":"<!-- This site is optimized with the Yoast SEO plugin v26.6 - https:\/\/yoast.com\/wordpress\/plugins\/seo\/ -->\n<title>RUMO Y ELIETA - Dos Columnas<\/title>\n<meta name=\"robots\" content=\"index, follow, max-snippet:-1, max-image-preview:large, max-video-preview:-1\" \/>\n<link rel=\"canonical\" href=\"https:\/\/iicolumnas.es\/index.php\/colaboraciones\/2017\/03\/07\/rumo-y-elieta\/\" \/>\n<meta property=\"og:locale\" content=\"es_ES\" \/>\n<meta property=\"og:type\" content=\"article\" \/>\n<meta property=\"og:title\" content=\"RUMO Y ELIETA - Dos Columnas\" \/>\n<meta property=\"og:description\" content=\"Tras las lluvias del oto\u00f1o, Rumo decide practicar la pesca de la sardina. Prepara sus aparejos y espera\u00a0 a que la tarde caiga. \u00a1\u00d1ic! \u00a1\u00d1ic! Es el sonido que hace el carrete de la&#046;&#046;&#046;\" \/>\n<meta property=\"og:url\" content=\"https:\/\/iicolumnas.es\/index.php\/colaboraciones\/2017\/03\/07\/rumo-y-elieta\/\" \/>\n<meta property=\"og:site_name\" content=\"Dos Columnas\" \/>\n<meta property=\"article:publisher\" content=\"https:\/\/www.facebook.com\/iicolumnas\/\" \/>\n<meta property=\"article:published_time\" content=\"2017-03-07T11:58:08+00:00\" \/>\n<meta property=\"og:image\" content=\"https:\/\/iicolumnas.es\/wp-content\/uploads\/2017\/03\/rumo-y-elieta.jpg\" \/>\n\t<meta property=\"og:image:width\" content=\"640\" \/>\n\t<meta property=\"og:image:height\" content=\"388\" \/>\n\t<meta property=\"og:image:type\" content=\"image\/jpeg\" \/>\n<meta name=\"author\" content=\"Juan Alberto Garc\u00eda\" \/>\n<meta name=\"twitter:card\" content=\"summary_large_image\" \/>\n<meta name=\"twitter:creator\" content=\"@iicolumnas\" \/>\n<meta name=\"twitter:site\" content=\"@iicolumnas\" \/>\n<meta name=\"twitter:label1\" content=\"Escrito por\" \/>\n\t<meta name=\"twitter:data1\" content=\"Juan Alberto Garc\u00eda\" \/>\n\t<meta name=\"twitter:label2\" content=\"Tiempo de lectura\" \/>\n\t<meta name=\"twitter:data2\" content=\"1 minuto\" \/>\n<script type=\"application\/ld+json\" class=\"yoast-schema-graph\">{\"@context\":\"https:\/\/schema.org\",\"@graph\":[{\"@type\":\"WebPage\",\"@id\":\"https:\/\/iicolumnas.es\/index.php\/colaboraciones\/2017\/03\/07\/rumo-y-elieta\/\",\"url\":\"https:\/\/iicolumnas.es\/index.php\/colaboraciones\/2017\/03\/07\/rumo-y-elieta\/\",\"name\":\"RUMO Y ELIETA - Dos Columnas\",\"isPartOf\":{\"@id\":\"https:\/\/iicolumnas.es\/#website\"},\"primaryImageOfPage\":{\"@id\":\"https:\/\/iicolumnas.es\/index.php\/colaboraciones\/2017\/03\/07\/rumo-y-elieta\/#primaryimage\"},\"image\":{\"@id\":\"https:\/\/iicolumnas.es\/index.php\/colaboraciones\/2017\/03\/07\/rumo-y-elieta\/#primaryimage\"},\"thumbnailUrl\":\"https:\/\/iicolumnas.es\/wp-content\/uploads\/2017\/03\/rumo-y-elieta.jpg\",\"datePublished\":\"2017-03-07T11:58:08+00:00\",\"author\":{\"@id\":\"https:\/\/iicolumnas.es\/#\/schema\/person\/454e592beb5051596092682bc7744870\"},\"breadcrumb\":{\"@id\":\"https:\/\/iicolumnas.es\/index.php\/colaboraciones\/2017\/03\/07\/rumo-y-elieta\/#breadcrumb\"},\"inLanguage\":\"es\",\"potentialAction\":[{\"@type\":\"ReadAction\",\"target\":[\"https:\/\/iicolumnas.es\/index.php\/colaboraciones\/2017\/03\/07\/rumo-y-elieta\/\"]}]},{\"@type\":\"ImageObject\",\"inLanguage\":\"es\",\"@id\":\"https:\/\/iicolumnas.es\/index.php\/colaboraciones\/2017\/03\/07\/rumo-y-elieta\/#primaryimage\",\"url\":\"https:\/\/iicolumnas.es\/wp-content\/uploads\/2017\/03\/rumo-y-elieta.jpg\",\"contentUrl\":\"https:\/\/iicolumnas.es\/wp-content\/uploads\/2017\/03\/rumo-y-elieta.jpg\",\"width\":\"640\",\"height\":\"388\"},{\"@type\":\"BreadcrumbList\",\"@id\":\"https:\/\/iicolumnas.es\/index.php\/colaboraciones\/2017\/03\/07\/rumo-y-elieta\/#breadcrumb\",\"itemListElement\":[{\"@type\":\"ListItem\",\"position\":1,\"name\":\"Portada\",\"item\":\"https:\/\/iicolumnas.es\/\"},{\"@type\":\"ListItem\",\"position\":2,\"name\":\"Colaboraciones\",\"item\":\"https:\/\/iicolumnas.es\/index.php\/category\/colaboraciones\/\"},{\"@type\":\"ListItem\",\"position\":3,\"name\":\"RUMO Y ELIETA\"}]},{\"@type\":\"WebSite\",\"@id\":\"https:\/\/iicolumnas.es\/#website\",\"url\":\"https:\/\/iicolumnas.es\/\",\"name\":\"Dos Columnas\",\"description\":\"El peri\u00f3dico de la villa de Cantalpino\",\"potentialAction\":[{\"@type\":\"SearchAction\",\"target\":{\"@type\":\"EntryPoint\",\"urlTemplate\":\"https:\/\/iicolumnas.es\/?s={search_term_string}\"},\"query-input\":{\"@type\":\"PropertyValueSpecification\",\"valueRequired\":true,\"valueName\":\"search_term_string\"}}],\"inLanguage\":\"es\"},{\"@type\":\"Person\",\"@id\":\"https:\/\/iicolumnas.es\/#\/schema\/person\/454e592beb5051596092682bc7744870\",\"name\":\"Juan Alberto Garc\u00eda\",\"image\":{\"@type\":\"ImageObject\",\"inLanguage\":\"es\",\"@id\":\"https:\/\/iicolumnas.es\/#\/schema\/person\/image\/\",\"url\":\"https:\/\/secure.gravatar.com\/avatar\/b5e9097f5115a63587d45ece976d47f33159b9258fd778d9fbb56ce1c9d21ca8?s=96&d=mm&r=g\",\"contentUrl\":\"https:\/\/secure.gravatar.com\/avatar\/b5e9097f5115a63587d45ece976d47f33159b9258fd778d9fbb56ce1c9d21ca8?s=96&d=mm&r=g\",\"caption\":\"Juan Alberto Garc\u00eda\"},\"description\":\"los admin tienen demasiados privilegios sobre otros admin, no crees?\",\"sameAs\":[\"https:\/\/www.linkedin.com\/in\/juan-alberto-garc%C3%ADa-esteban-85389310b\"]}]}<\/script>\n<!-- \/ Yoast SEO plugin. -->","yoast_head_json":{"title":"RUMO Y ELIETA - Dos Columnas","robots":{"index":"index","follow":"follow","max-snippet":"max-snippet:-1","max-image-preview":"max-image-preview:large","max-video-preview":"max-video-preview:-1"},"canonical":"https:\/\/iicolumnas.es\/index.php\/colaboraciones\/2017\/03\/07\/rumo-y-elieta\/","og_locale":"es_ES","og_type":"article","og_title":"RUMO Y ELIETA - Dos Columnas","og_description":"Tras las lluvias del oto\u00f1o, Rumo decide practicar la pesca de la sardina. Prepara sus aparejos y espera\u00a0 a que la tarde caiga. \u00a1\u00d1ic! \u00a1\u00d1ic! Es el sonido que hace el carrete de la&#46;&#46;&#46;","og_url":"https:\/\/iicolumnas.es\/index.php\/colaboraciones\/2017\/03\/07\/rumo-y-elieta\/","og_site_name":"Dos Columnas","article_publisher":"https:\/\/www.facebook.com\/iicolumnas\/","article_published_time":"2017-03-07T11:58:08+00:00","og_image":[{"width":640,"height":388,"url":"https:\/\/iicolumnas.es\/wp-content\/uploads\/2017\/03\/rumo-y-elieta.jpg","type":"image\/jpeg"}],"author":"Juan Alberto Garc\u00eda","twitter_card":"summary_large_image","twitter_creator":"@iicolumnas","twitter_site":"@iicolumnas","twitter_misc":{"Escrito por":"Juan Alberto Garc\u00eda","Tiempo de lectura":"1 minuto"},"schema":{"@context":"https:\/\/schema.org","@graph":[{"@type":"WebPage","@id":"https:\/\/iicolumnas.es\/index.php\/colaboraciones\/2017\/03\/07\/rumo-y-elieta\/","url":"https:\/\/iicolumnas.es\/index.php\/colaboraciones\/2017\/03\/07\/rumo-y-elieta\/","name":"RUMO Y ELIETA - Dos Columnas","isPartOf":{"@id":"https:\/\/iicolumnas.es\/#website"},"primaryImageOfPage":{"@id":"https:\/\/iicolumnas.es\/index.php\/colaboraciones\/2017\/03\/07\/rumo-y-elieta\/#primaryimage"},"image":{"@id":"https:\/\/iicolumnas.es\/index.php\/colaboraciones\/2017\/03\/07\/rumo-y-elieta\/#primaryimage"},"thumbnailUrl":"https:\/\/iicolumnas.es\/wp-content\/uploads\/2017\/03\/rumo-y-elieta.jpg","datePublished":"2017-03-07T11:58:08+00:00","author":{"@id":"https:\/\/iicolumnas.es\/#\/schema\/person\/454e592beb5051596092682bc7744870"},"breadcrumb":{"@id":"https:\/\/iicolumnas.es\/index.php\/colaboraciones\/2017\/03\/07\/rumo-y-elieta\/#breadcrumb"},"inLanguage":"es","potentialAction":[{"@type":"ReadAction","target":["https:\/\/iicolumnas.es\/index.php\/colaboraciones\/2017\/03\/07\/rumo-y-elieta\/"]}]},{"@type":"ImageObject","inLanguage":"es","@id":"https:\/\/iicolumnas.es\/index.php\/colaboraciones\/2017\/03\/07\/rumo-y-elieta\/#primaryimage","url":"https:\/\/iicolumnas.es\/wp-content\/uploads\/2017\/03\/rumo-y-elieta.jpg","contentUrl":"https:\/\/iicolumnas.es\/wp-content\/uploads\/2017\/03\/rumo-y-elieta.jpg","width":"640","height":"388"},{"@type":"BreadcrumbList","@id":"https:\/\/iicolumnas.es\/index.php\/colaboraciones\/2017\/03\/07\/rumo-y-elieta\/#breadcrumb","itemListElement":[{"@type":"ListItem","position":1,"name":"Portada","item":"https:\/\/iicolumnas.es\/"},{"@type":"ListItem","position":2,"name":"Colaboraciones","item":"https:\/\/iicolumnas.es\/index.php\/category\/colaboraciones\/"},{"@type":"ListItem","position":3,"name":"RUMO Y ELIETA"}]},{"@type":"WebSite","@id":"https:\/\/iicolumnas.es\/#website","url":"https:\/\/iicolumnas.es\/","name":"Dos Columnas","description":"El peri\u00f3dico de la villa de Cantalpino","potentialAction":[{"@type":"SearchAction","target":{"@type":"EntryPoint","urlTemplate":"https:\/\/iicolumnas.es\/?s={search_term_string}"},"query-input":{"@type":"PropertyValueSpecification","valueRequired":true,"valueName":"search_term_string"}}],"inLanguage":"es"},{"@type":"Person","@id":"https:\/\/iicolumnas.es\/#\/schema\/person\/454e592beb5051596092682bc7744870","name":"Juan Alberto Garc\u00eda","image":{"@type":"ImageObject","inLanguage":"es","@id":"https:\/\/iicolumnas.es\/#\/schema\/person\/image\/","url":"https:\/\/secure.gravatar.com\/avatar\/b5e9097f5115a63587d45ece976d47f33159b9258fd778d9fbb56ce1c9d21ca8?s=96&d=mm&r=g","contentUrl":"https:\/\/secure.gravatar.com\/avatar\/b5e9097f5115a63587d45ece976d47f33159b9258fd778d9fbb56ce1c9d21ca8?s=96&d=mm&r=g","caption":"Juan Alberto Garc\u00eda"},"description":"los admin tienen demasiados privilegios sobre otros admin, no crees?","sameAs":["https:\/\/www.linkedin.com\/in\/juan-alberto-garc%C3%ADa-esteban-85389310b"]}]}},"_links":{"self":[{"href":"https:\/\/iicolumnas.es\/index.php\/wp-json\/wp\/v2\/posts\/9390","targetHints":{"allow":["GET"]}}],"collection":[{"href":"https:\/\/iicolumnas.es\/index.php\/wp-json\/wp\/v2\/posts"}],"about":[{"href":"https:\/\/iicolumnas.es\/index.php\/wp-json\/wp\/v2\/types\/post"}],"author":[{"embeddable":true,"href":"https:\/\/iicolumnas.es\/index.php\/wp-json\/wp\/v2\/users\/1"}],"replies":[{"embeddable":true,"href":"https:\/\/iicolumnas.es\/index.php\/wp-json\/wp\/v2\/comments?post=9390"}],"version-history":[{"count":3,"href":"https:\/\/iicolumnas.es\/index.php\/wp-json\/wp\/v2\/posts\/9390\/revisions"}],"predecessor-version":[{"id":9394,"href":"https:\/\/iicolumnas.es\/index.php\/wp-json\/wp\/v2\/posts\/9390\/revisions\/9394"}],"wp:featuredmedia":[{"embeddable":true,"href":"https:\/\/iicolumnas.es\/index.php\/wp-json\/wp\/v2\/media\/9391"}],"wp:attachment":[{"href":"https:\/\/iicolumnas.es\/index.php\/wp-json\/wp\/v2\/media?parent=9390"}],"wp:term":[{"taxonomy":"category","embeddable":true,"href":"https:\/\/iicolumnas.es\/index.php\/wp-json\/wp\/v2\/categories?post=9390"},{"taxonomy":"post_tag","embeddable":true,"href":"https:\/\/iicolumnas.es\/index.php\/wp-json\/wp\/v2\/tags?post=9390"}],"curies":[{"name":"wp","href":"https:\/\/api.w.org\/{rel}","templated":true}]}}