{"id":8522,"date":"2017-01-16T07:39:23","date_gmt":"2017-01-16T07:39:23","guid":{"rendered":"https:\/\/iicolumnas.es\/?p=8522"},"modified":"2017-01-16T07:39:23","modified_gmt":"2017-01-16T07:39:23","slug":"pub-foro-cierra-puertas","status":"publish","type":"post","link":"https:\/\/iicolumnas.es\/index.php\/actualidad\/2017\/01\/16\/pub-foro-cierra-puertas\/","title":{"rendered":"Pub el Foro cierra sus puertas"},"content":{"rendered":"<p>Despu\u00e9s de nueve a\u00f1os y de gran cantidad de proyectos Pub El Foro cerr\u00f3 ayer sus puertas.<\/p>\n<p><span style=\"font-weight: 400;\"><img loading=\"lazy\" decoding=\"async\" class=\"size-medium wp-image-8525 alignleft\" src=\"https:\/\/iicolumnas.es\/wp-content\/uploads\/2017\/01\/summer-festival-204x300.jpg\" alt=\"summer-festival\" width=\"204\" height=\"300\" srcset=\"https:\/\/iicolumnas.es\/wp-content\/uploads\/2017\/01\/summer-festival-204x300.jpg 204w, https:\/\/iicolumnas.es\/wp-content\/uploads\/2017\/01\/summer-festival.jpg 544w\" sizes=\"auto, (max-width: 204px) 100vw, 204px\" \/>Uno de los bares m\u00e1s emprendedores de Cantalpino, siempre al pie del ca\u00f1\u00f3n y promoviendo diferentes actividades para todos los cantalpineses. Desde fiestas de todo tipo con regalos, hasta fiestas en la plaza de toros, pasando por cantidad de eventos en la plaza cantalpinesa. Hemos podido disfrutar de ferias de abril, de varias emisoras de radio emitiendo desde nuestro pueblo y de un larga variedad de eventos y espect\u00e1culos. Incluso de varias ediciones de la \u201cNochevieja Cantalpinesa\u201d. <\/span><\/p>\n<p><span style=\"font-weight: 400;\">Despedimos nueve a\u00f1os de historia y de ocio para todos lo cantalpineses que antes o despu\u00e9s hemos pasado por esas paredes y lo hemos pasado bien. <\/span><\/p>\n<p><span style=\"font-weight: 400;\">Desde este medio queremos agradecer que hayan contado con nosotros desde el principio y que nos hayan apoyado como lo han hecho. Deseamos a Chencho y Aurora lo mejor y, como el mismo Chencho dice, \u201cnos vemos en los bares\u201d.<\/span><\/p>\n\n\t\t<style>\n\t\t\t#gallery-1 {\n\t\t\t\tmargin: auto;\n\t\t\t}\n\t\t\t#gallery-1 .gallery-item {\n\t\t\t\tfloat: left;\n\t\t\t\tmargin-top: 10px;\n\t\t\t\ttext-align: center;\n\t\t\t\twidth: 50%;\n\t\t\t}\n\t\t\t#gallery-1 img {\n\t\t\t\tborder: 2px solid #cfcfcf;\n\t\t\t}\n\t\t\t#gallery-1 .gallery-caption {\n\t\t\t\tmargin-left: 0;\n\t\t\t}\n\t\t\t\/* see gallery_shortcode() in wp-includes\/media.php *\/\n\t\t<\/style>\n\t\t<div id='gallery-1' class='gallery galleryid-8522 gallery-columns-2 gallery-size-large'><dl class='gallery-item'>\n\t\t\t<dt class='gallery-icon landscape'>\n\t\t\t\t<a href='https:\/\/iicolumnas.es\/wp-content\/uploads\/2017\/01\/arre-cope-foro.jpg' title=\"\" data-rl_title=\"\" class=\"rl-gallery-link\" data-rl_caption=\"\" data-rel=\"lightbox-gallery-1\"><img loading=\"lazy\" decoding=\"async\" width=\"660\" height=\"330\" src=\"https:\/\/iicolumnas.es\/wp-content\/uploads\/2017\/01\/arre-cope-foro.jpg\" class=\"attachment-large size-large no-lazy\" alt=\"\" srcset=\"https:\/\/iicolumnas.es\/wp-content\/uploads\/2017\/01\/arre-cope-foro.jpg 660w, https:\/\/iicolumnas.es\/wp-content\/uploads\/2017\/01\/arre-cope-foro-300x150.jpg 300w\" sizes=\"auto, (max-width: 660px) 100vw, 660px\" \/><\/a>\n\t\t\t<\/dt><\/dl><dl class='gallery-item'>\n\t\t\t<dt class='gallery-icon portrait'>\n\t\t\t\t<a href='https:\/\/iicolumnas.es\/wp-content\/uploads\/2017\/01\/goodbye-summer-foro.jpg' title=\"\" data-rl_title=\"\" class=\"rl-gallery-link\" data-rl_caption=\"\" data-rel=\"lightbox-gallery-1\"><img loading=\"lazy\" decoding=\"async\" width=\"543\" height=\"800\" src=\"https:\/\/iicolumnas.es\/wp-content\/uploads\/2017\/01\/goodbye-summer-foro.jpg\" class=\"attachment-large size-large no-lazy\" alt=\"\" srcset=\"https:\/\/iicolumnas.es\/wp-content\/uploads\/2017\/01\/goodbye-summer-foro.jpg 543w, https:\/\/iicolumnas.es\/wp-content\/uploads\/2017\/01\/goodbye-summer-foro-204x300.jpg 204w\" sizes=\"auto, (max-width: 543px) 100vw, 543px\" \/><\/a>\n\t\t\t<\/dt><\/dl><br style=\"clear: both\" \/>\n\t\t<\/div>\n\n","protected":false},"excerpt":{"rendered":"<p>Despu\u00e9s de nueve a\u00f1os y de gran cantidad de proyectos Pub El Foro cerr\u00f3 ayer sus puertas. Uno de los bares m\u00e1s emprendedores de Cantalpino, siempre al pie del ca\u00f1\u00f3n y promoviendo diferentes actividades&#46;&#46;&#46;<\/p>\n","protected":false},"author":1,"featured_media":911,"comment_status":"open","ping_status":"open","sticky":false,"template":"","format":"standard","meta":{"footnotes":""},"categories":[1],"tags":[1187,1186],"class_list":["post-8522","post","type-post","status-publish","format-standard","has-post-thumbnail","hentry","category-actualidad","tag-cierre","tag-foro"],"yoast_head":"<!-- This site is optimized with the Yoast SEO plugin v26.6 - https:\/\/yoast.com\/wordpress\/plugins\/seo\/ -->\n<title>Pub el Foro cierra sus puertas - Dos Columnas<\/title>\n<meta name=\"robots\" content=\"index, follow, max-snippet:-1, max-image-preview:large, max-video-preview:-1\" \/>\n<link rel=\"canonical\" href=\"https:\/\/iicolumnas.es\/index.php\/actualidad\/2017\/01\/16\/pub-foro-cierra-puertas\/\" \/>\n<meta property=\"og:locale\" content=\"es_ES\" \/>\n<meta property=\"og:type\" content=\"article\" \/>\n<meta property=\"og:title\" content=\"Pub el Foro cierra sus puertas - Dos Columnas\" \/>\n<meta property=\"og:description\" content=\"Despu\u00e9s de nueve a\u00f1os y de gran cantidad de proyectos Pub El Foro cerr\u00f3 ayer sus puertas. Uno de los bares m\u00e1s emprendedores de Cantalpino, siempre al pie del ca\u00f1\u00f3n y promoviendo diferentes actividades&#046;&#046;&#046;\" \/>\n<meta property=\"og:url\" content=\"https:\/\/iicolumnas.es\/index.php\/actualidad\/2017\/01\/16\/pub-foro-cierra-puertas\/\" \/>\n<meta property=\"og:site_name\" content=\"Dos Columnas\" \/>\n<meta property=\"article:publisher\" content=\"https:\/\/www.facebook.com\/iicolumnas\/\" \/>\n<meta property=\"article:published_time\" content=\"2017-01-16T07:39:23+00:00\" \/>\n<meta property=\"og:image\" content=\"https:\/\/iicolumnas.es\/wp-content\/uploads\/2016\/03\/pub-el-foro-1.jpg\" \/>\n\t<meta property=\"og:image:width\" content=\"280\" \/>\n\t<meta property=\"og:image:height\" content=\"191\" \/>\n\t<meta property=\"og:image:type\" content=\"image\/jpeg\" \/>\n<meta name=\"author\" content=\"Juan Alberto Garc\u00eda\" \/>\n<meta name=\"twitter:card\" content=\"summary_large_image\" \/>\n<meta name=\"twitter:creator\" content=\"@iicolumnas\" \/>\n<meta name=\"twitter:site\" content=\"@iicolumnas\" \/>\n<meta name=\"twitter:label1\" content=\"Escrito por\" \/>\n\t<meta name=\"twitter:data1\" content=\"Juan Alberto Garc\u00eda\" \/>\n\t<meta name=\"twitter:label2\" content=\"Tiempo de lectura\" \/>\n\t<meta name=\"twitter:data2\" content=\"1 minuto\" \/>\n<script type=\"application\/ld+json\" class=\"yoast-schema-graph\">{\"@context\":\"https:\/\/schema.org\",\"@graph\":[{\"@type\":\"WebPage\",\"@id\":\"https:\/\/iicolumnas.es\/index.php\/actualidad\/2017\/01\/16\/pub-foro-cierra-puertas\/\",\"url\":\"https:\/\/iicolumnas.es\/index.php\/actualidad\/2017\/01\/16\/pub-foro-cierra-puertas\/\",\"name\":\"Pub el Foro cierra sus puertas - Dos Columnas\",\"isPartOf\":{\"@id\":\"https:\/\/iicolumnas.es\/#website\"},\"primaryImageOfPage\":{\"@id\":\"https:\/\/iicolumnas.es\/index.php\/actualidad\/2017\/01\/16\/pub-foro-cierra-puertas\/#primaryimage\"},\"image\":{\"@id\":\"https:\/\/iicolumnas.es\/index.php\/actualidad\/2017\/01\/16\/pub-foro-cierra-puertas\/#primaryimage\"},\"thumbnailUrl\":\"https:\/\/iicolumnas.es\/wp-content\/uploads\/2016\/03\/pub-el-foro-1.jpg\",\"datePublished\":\"2017-01-16T07:39:23+00:00\",\"author\":{\"@id\":\"https:\/\/iicolumnas.es\/#\/schema\/person\/454e592beb5051596092682bc7744870\"},\"breadcrumb\":{\"@id\":\"https:\/\/iicolumnas.es\/index.php\/actualidad\/2017\/01\/16\/pub-foro-cierra-puertas\/#breadcrumb\"},\"inLanguage\":\"es\",\"potentialAction\":[{\"@type\":\"ReadAction\",\"target\":[\"https:\/\/iicolumnas.es\/index.php\/actualidad\/2017\/01\/16\/pub-foro-cierra-puertas\/\"]}]},{\"@type\":\"ImageObject\",\"inLanguage\":\"es\",\"@id\":\"https:\/\/iicolumnas.es\/index.php\/actualidad\/2017\/01\/16\/pub-foro-cierra-puertas\/#primaryimage\",\"url\":\"https:\/\/iicolumnas.es\/wp-content\/uploads\/2016\/03\/pub-el-foro-1.jpg\",\"contentUrl\":\"https:\/\/iicolumnas.es\/wp-content\/uploads\/2016\/03\/pub-el-foro-1.jpg\",\"width\":280,\"height\":191},{\"@type\":\"BreadcrumbList\",\"@id\":\"https:\/\/iicolumnas.es\/index.php\/actualidad\/2017\/01\/16\/pub-foro-cierra-puertas\/#breadcrumb\",\"itemListElement\":[{\"@type\":\"ListItem\",\"position\":1,\"name\":\"Portada\",\"item\":\"https:\/\/iicolumnas.es\/\"},{\"@type\":\"ListItem\",\"position\":2,\"name\":\"Actualidad\",\"item\":\"https:\/\/iicolumnas.es\/index.php\/category\/actualidad\/\"},{\"@type\":\"ListItem\",\"position\":3,\"name\":\"Pub el Foro cierra sus puertas\"}]},{\"@type\":\"WebSite\",\"@id\":\"https:\/\/iicolumnas.es\/#website\",\"url\":\"https:\/\/iicolumnas.es\/\",\"name\":\"Dos Columnas\",\"description\":\"El peri\u00f3dico de la villa de Cantalpino\",\"potentialAction\":[{\"@type\":\"SearchAction\",\"target\":{\"@type\":\"EntryPoint\",\"urlTemplate\":\"https:\/\/iicolumnas.es\/?s={search_term_string}\"},\"query-input\":{\"@type\":\"PropertyValueSpecification\",\"valueRequired\":true,\"valueName\":\"search_term_string\"}}],\"inLanguage\":\"es\"},{\"@type\":\"Person\",\"@id\":\"https:\/\/iicolumnas.es\/#\/schema\/person\/454e592beb5051596092682bc7744870\",\"name\":\"Juan Alberto Garc\u00eda\",\"image\":{\"@type\":\"ImageObject\",\"inLanguage\":\"es\",\"@id\":\"https:\/\/iicolumnas.es\/#\/schema\/person\/image\/\",\"url\":\"https:\/\/secure.gravatar.com\/avatar\/b5e9097f5115a63587d45ece976d47f33159b9258fd778d9fbb56ce1c9d21ca8?s=96&d=mm&r=g\",\"contentUrl\":\"https:\/\/secure.gravatar.com\/avatar\/b5e9097f5115a63587d45ece976d47f33159b9258fd778d9fbb56ce1c9d21ca8?s=96&d=mm&r=g\",\"caption\":\"Juan Alberto Garc\u00eda\"},\"description\":\"los admin tienen demasiados privilegios sobre otros admin, no crees?\",\"sameAs\":[\"https:\/\/www.linkedin.com\/in\/juan-alberto-garc%C3%ADa-esteban-85389310b\"]}]}<\/script>\n<!-- \/ Yoast SEO plugin. -->","yoast_head_json":{"title":"Pub el Foro cierra sus puertas - Dos Columnas","robots":{"index":"index","follow":"follow","max-snippet":"max-snippet:-1","max-image-preview":"max-image-preview:large","max-video-preview":"max-video-preview:-1"},"canonical":"https:\/\/iicolumnas.es\/index.php\/actualidad\/2017\/01\/16\/pub-foro-cierra-puertas\/","og_locale":"es_ES","og_type":"article","og_title":"Pub el Foro cierra sus puertas - Dos Columnas","og_description":"Despu\u00e9s de nueve a\u00f1os y de gran cantidad de proyectos Pub El Foro cerr\u00f3 ayer sus puertas. Uno de los bares m\u00e1s emprendedores de Cantalpino, siempre al pie del ca\u00f1\u00f3n y promoviendo diferentes actividades&#46;&#46;&#46;","og_url":"https:\/\/iicolumnas.es\/index.php\/actualidad\/2017\/01\/16\/pub-foro-cierra-puertas\/","og_site_name":"Dos Columnas","article_publisher":"https:\/\/www.facebook.com\/iicolumnas\/","article_published_time":"2017-01-16T07:39:23+00:00","og_image":[{"width":280,"height":191,"url":"https:\/\/iicolumnas.es\/wp-content\/uploads\/2016\/03\/pub-el-foro-1.jpg","type":"image\/jpeg"}],"author":"Juan Alberto Garc\u00eda","twitter_card":"summary_large_image","twitter_creator":"@iicolumnas","twitter_site":"@iicolumnas","twitter_misc":{"Escrito por":"Juan Alberto Garc\u00eda","Tiempo de lectura":"1 minuto"},"schema":{"@context":"https:\/\/schema.org","@graph":[{"@type":"WebPage","@id":"https:\/\/iicolumnas.es\/index.php\/actualidad\/2017\/01\/16\/pub-foro-cierra-puertas\/","url":"https:\/\/iicolumnas.es\/index.php\/actualidad\/2017\/01\/16\/pub-foro-cierra-puertas\/","name":"Pub el Foro cierra sus puertas - Dos Columnas","isPartOf":{"@id":"https:\/\/iicolumnas.es\/#website"},"primaryImageOfPage":{"@id":"https:\/\/iicolumnas.es\/index.php\/actualidad\/2017\/01\/16\/pub-foro-cierra-puertas\/#primaryimage"},"image":{"@id":"https:\/\/iicolumnas.es\/index.php\/actualidad\/2017\/01\/16\/pub-foro-cierra-puertas\/#primaryimage"},"thumbnailUrl":"https:\/\/iicolumnas.es\/wp-content\/uploads\/2016\/03\/pub-el-foro-1.jpg","datePublished":"2017-01-16T07:39:23+00:00","author":{"@id":"https:\/\/iicolumnas.es\/#\/schema\/person\/454e592beb5051596092682bc7744870"},"breadcrumb":{"@id":"https:\/\/iicolumnas.es\/index.php\/actualidad\/2017\/01\/16\/pub-foro-cierra-puertas\/#breadcrumb"},"inLanguage":"es","potentialAction":[{"@type":"ReadAction","target":["https:\/\/iicolumnas.es\/index.php\/actualidad\/2017\/01\/16\/pub-foro-cierra-puertas\/"]}]},{"@type":"ImageObject","inLanguage":"es","@id":"https:\/\/iicolumnas.es\/index.php\/actualidad\/2017\/01\/16\/pub-foro-cierra-puertas\/#primaryimage","url":"https:\/\/iicolumnas.es\/wp-content\/uploads\/2016\/03\/pub-el-foro-1.jpg","contentUrl":"https:\/\/iicolumnas.es\/wp-content\/uploads\/2016\/03\/pub-el-foro-1.jpg","width":280,"height":191},{"@type":"BreadcrumbList","@id":"https:\/\/iicolumnas.es\/index.php\/actualidad\/2017\/01\/16\/pub-foro-cierra-puertas\/#breadcrumb","itemListElement":[{"@type":"ListItem","position":1,"name":"Portada","item":"https:\/\/iicolumnas.es\/"},{"@type":"ListItem","position":2,"name":"Actualidad","item":"https:\/\/iicolumnas.es\/index.php\/category\/actualidad\/"},{"@type":"ListItem","position":3,"name":"Pub el Foro cierra sus puertas"}]},{"@type":"WebSite","@id":"https:\/\/iicolumnas.es\/#website","url":"https:\/\/iicolumnas.es\/","name":"Dos Columnas","description":"El peri\u00f3dico de la villa de Cantalpino","potentialAction":[{"@type":"SearchAction","target":{"@type":"EntryPoint","urlTemplate":"https:\/\/iicolumnas.es\/?s={search_term_string}"},"query-input":{"@type":"PropertyValueSpecification","valueRequired":true,"valueName":"search_term_string"}}],"inLanguage":"es"},{"@type":"Person","@id":"https:\/\/iicolumnas.es\/#\/schema\/person\/454e592beb5051596092682bc7744870","name":"Juan Alberto Garc\u00eda","image":{"@type":"ImageObject","inLanguage":"es","@id":"https:\/\/iicolumnas.es\/#\/schema\/person\/image\/","url":"https:\/\/secure.gravatar.com\/avatar\/b5e9097f5115a63587d45ece976d47f33159b9258fd778d9fbb56ce1c9d21ca8?s=96&d=mm&r=g","contentUrl":"https:\/\/secure.gravatar.com\/avatar\/b5e9097f5115a63587d45ece976d47f33159b9258fd778d9fbb56ce1c9d21ca8?s=96&d=mm&r=g","caption":"Juan Alberto Garc\u00eda"},"description":"los admin tienen demasiados privilegios sobre otros admin, no crees?","sameAs":["https:\/\/www.linkedin.com\/in\/juan-alberto-garc%C3%ADa-esteban-85389310b"]}]}},"_links":{"self":[{"href":"https:\/\/iicolumnas.es\/index.php\/wp-json\/wp\/v2\/posts\/8522","targetHints":{"allow":["GET"]}}],"collection":[{"href":"https:\/\/iicolumnas.es\/index.php\/wp-json\/wp\/v2\/posts"}],"about":[{"href":"https:\/\/iicolumnas.es\/index.php\/wp-json\/wp\/v2\/types\/post"}],"author":[{"embeddable":true,"href":"https:\/\/iicolumnas.es\/index.php\/wp-json\/wp\/v2\/users\/1"}],"replies":[{"embeddable":true,"href":"https:\/\/iicolumnas.es\/index.php\/wp-json\/wp\/v2\/comments?post=8522"}],"version-history":[{"count":2,"href":"https:\/\/iicolumnas.es\/index.php\/wp-json\/wp\/v2\/posts\/8522\/revisions"}],"predecessor-version":[{"id":8527,"href":"https:\/\/iicolumnas.es\/index.php\/wp-json\/wp\/v2\/posts\/8522\/revisions\/8527"}],"wp:featuredmedia":[{"embeddable":true,"href":"https:\/\/iicolumnas.es\/index.php\/wp-json\/wp\/v2\/media\/911"}],"wp:attachment":[{"href":"https:\/\/iicolumnas.es\/index.php\/wp-json\/wp\/v2\/media?parent=8522"}],"wp:term":[{"taxonomy":"category","embeddable":true,"href":"https:\/\/iicolumnas.es\/index.php\/wp-json\/wp\/v2\/categories?post=8522"},{"taxonomy":"post_tag","embeddable":true,"href":"https:\/\/iicolumnas.es\/index.php\/wp-json\/wp\/v2\/tags?post=8522"}],"curies":[{"name":"wp","href":"https:\/\/api.w.org\/{rel}","templated":true}]}}