{"id":8242,"date":"2016-12-25T19:15:24","date_gmt":"2016-12-25T19:15:24","guid":{"rendered":"https:\/\/iicolumnas.es\/?p=8242"},"modified":"2016-12-25T19:15:24","modified_gmt":"2016-12-25T19:15:24","slug":"papa-noel-visita-bar-gago","status":"publish","type":"post","link":"https:\/\/iicolumnas.es\/index.php\/actualidad\/2016\/12\/25\/papa-noel-visita-bar-gago\/","title":{"rendered":"Pap\u00e1 Noel visita el bar el Gago"},"content":{"rendered":"<p style=\"text-align: justify;\">Este a\u00f1o \u00a0los peques cantalpineses han podido disfrutar como nunca de Pap\u00e1 Noel ya que \u00a0ha pasado mucho tiempo en Cantalpino. \u00a0El jueves 22 de diciembre pas\u00f3 por la guarder\u00eda a ver a los m\u00e1s peque\u00f1os \u00a0y despu\u00e9s por el Sal\u00f3n Teatro cantalpines para obsequiar a los ni\u00f1os del colegio como les cont\u00e1bamos en\u00a0<span style=\"color: #36cccc;\"><a style=\"color: #36cccc;\" href=\"https:\/\/iicolumnas.es\/index.php\/actualidad\/2016\/12\/23\/los-alumnos-del-cra-eusebia-palomino-festejan-la-navidad-lo-alto\/\" target=\"_blank\">Los alumnos del CRA Eusebia Palomino festejan la Navidad por todo lo alto<\/a><\/span>.<\/p>\n<p style=\"text-align: justify;\">Tanto le debi\u00f3 gustar nuestro pueblo que la tarde de Nochebuena, antes de repartir regalos por todas las casas en las que los ni\u00f1os se han portado bien, hizo una parada en \u00a0el Bar Restaurante El Gago, all\u00ed a ritmo de villancicos, todos los ni\u00f1os que fueron a visitarle recibieron \u00a0un cucurucho lleno de golosinas.<\/p>\n<p style=\"text-align: justify;\">La tarde fue entretenida, ademas de volver a recibir chuches de Pap\u00e1 Noel, volver a recordar las peticiones de la carta y poder fotografiarse con \u00e9l, \u00a0madres y ni\u00f1os lo pasaron en grande cantando alegres villancicos.<\/p>\n<p style=\"text-align: justify;\">\u00abEs muy f\u00e1cil hacer felices a los peque\u00f1os con tan poco\u00bb dec\u00eda una madre agradecida a los gerentes de El Gago en las redes sociales. Y que verdad es. Desde aqu\u00ed nos unimos al agradecimiento de esta madre y agradecemos a los organizadores la tarde tan especial que hab\u00e9is dedicado a los peque\u00f1os cantalpineses y sus familias.<\/p>\n\n\t\t<style>\n\t\t\t#gallery-1 {\n\t\t\t\tmargin: auto;\n\t\t\t}\n\t\t\t#gallery-1 .gallery-item {\n\t\t\t\tfloat: left;\n\t\t\t\tmargin-top: 10px;\n\t\t\t\ttext-align: center;\n\t\t\t\twidth: 50%;\n\t\t\t}\n\t\t\t#gallery-1 img {\n\t\t\t\tborder: 2px solid #cfcfcf;\n\t\t\t}\n\t\t\t#gallery-1 .gallery-caption {\n\t\t\t\tmargin-left: 0;\n\t\t\t}\n\t\t\t\/* see gallery_shortcode() in wp-includes\/media.php *\/\n\t\t<\/style>\n\t\t<div id='gallery-1' class='gallery galleryid-8242 gallery-columns-2 gallery-size-large'><dl class='gallery-item'>\n\t\t\t<dt class='gallery-icon landscape'>\n\t\t\t\t<a href='https:\/\/iicolumnas.es\/wp-content\/uploads\/2016\/12\/papa-noel-gago-2016-29.jpg' title=\"\" data-rl_title=\"\" class=\"rl-gallery-link\" data-rl_caption=\"\" data-rel=\"lightbox-gallery-1\"><img loading=\"lazy\" decoding=\"async\" width=\"800\" height=\"600\" src=\"https:\/\/iicolumnas.es\/wp-content\/uploads\/2016\/12\/papa-noel-gago-2016-29.jpg\" class=\"attachment-large size-large no-lazy\" alt=\"\" srcset=\"https:\/\/iicolumnas.es\/wp-content\/uploads\/2016\/12\/papa-noel-gago-2016-29.jpg 800w, https:\/\/iicolumnas.es\/wp-content\/uploads\/2016\/12\/papa-noel-gago-2016-29-300x225.jpg 300w\" sizes=\"auto, (max-width: 800px) 100vw, 800px\" \/><\/a>\n\t\t\t<\/dt><\/dl><dl class='gallery-item'>\n\t\t\t<dt class='gallery-icon landscape'>\n\t\t\t\t<a href='https:\/\/iicolumnas.es\/wp-content\/uploads\/2016\/12\/papa-noel-gago-2016-30.jpg' title=\"\" data-rl_title=\"\" class=\"rl-gallery-link\" data-rl_caption=\"\" data-rel=\"lightbox-gallery-1\"><img loading=\"lazy\" decoding=\"async\" width=\"800\" height=\"600\" src=\"https:\/\/iicolumnas.es\/wp-content\/uploads\/2016\/12\/papa-noel-gago-2016-30.jpg\" class=\"attachment-large size-large no-lazy\" alt=\"\" srcset=\"https:\/\/iicolumnas.es\/wp-content\/uploads\/2016\/12\/papa-noel-gago-2016-30.jpg 800w, https:\/\/iicolumnas.es\/wp-content\/uploads\/2016\/12\/papa-noel-gago-2016-30-300x225.jpg 300w\" sizes=\"auto, (max-width: 800px) 100vw, 800px\" \/><\/a>\n\t\t\t<\/dt><\/dl><br style=\"clear: both\" \/><dl class='gallery-item'>\n\t\t\t<dt class='gallery-icon landscape'>\n\t\t\t\t<a href='https:\/\/iicolumnas.es\/wp-content\/uploads\/2016\/12\/papa-noel-gago-2016-31.jpg' title=\"\" data-rl_title=\"\" class=\"rl-gallery-link\" data-rl_caption=\"\" data-rel=\"lightbox-gallery-1\"><img loading=\"lazy\" decoding=\"async\" width=\"800\" height=\"600\" src=\"https:\/\/iicolumnas.es\/wp-content\/uploads\/2016\/12\/papa-noel-gago-2016-31.jpg\" class=\"attachment-large size-large no-lazy\" alt=\"\" srcset=\"https:\/\/iicolumnas.es\/wp-content\/uploads\/2016\/12\/papa-noel-gago-2016-31.jpg 800w, https:\/\/iicolumnas.es\/wp-content\/uploads\/2016\/12\/papa-noel-gago-2016-31-300x225.jpg 300w\" sizes=\"auto, (max-width: 800px) 100vw, 800px\" \/><\/a>\n\t\t\t<\/dt><\/dl><dl class='gallery-item'>\n\t\t\t<dt class='gallery-icon landscape'>\n\t\t\t\t<a href='https:\/\/iicolumnas.es\/wp-content\/uploads\/2016\/12\/papa-noel-gago-2016-32.jpg' title=\"\" data-rl_title=\"\" class=\"rl-gallery-link\" data-rl_caption=\"\" data-rel=\"lightbox-gallery-1\"><img loading=\"lazy\" decoding=\"async\" width=\"800\" height=\"600\" src=\"https:\/\/iicolumnas.es\/wp-content\/uploads\/2016\/12\/papa-noel-gago-2016-32.jpg\" class=\"attachment-large size-large no-lazy\" alt=\"\" srcset=\"https:\/\/iicolumnas.es\/wp-content\/uploads\/2016\/12\/papa-noel-gago-2016-32.jpg 800w, https:\/\/iicolumnas.es\/wp-content\/uploads\/2016\/12\/papa-noel-gago-2016-32-300x225.jpg 300w\" sizes=\"auto, (max-width: 800px) 100vw, 800px\" \/><\/a>\n\t\t\t<\/dt><\/dl><br style=\"clear: both\" \/><dl class='gallery-item'>\n\t\t\t<dt class='gallery-icon portrait'>\n\t\t\t\t<a href='https:\/\/iicolumnas.es\/wp-content\/uploads\/2016\/12\/papa-noel-gago-2016-33.jpg' title=\"\" data-rl_title=\"\" class=\"rl-gallery-link\" data-rl_caption=\"\" data-rel=\"lightbox-gallery-1\"><img loading=\"lazy\" decoding=\"async\" width=\"600\" height=\"800\" src=\"https:\/\/iicolumnas.es\/wp-content\/uploads\/2016\/12\/papa-noel-gago-2016-33.jpg\" class=\"attachment-large size-large no-lazy\" alt=\"\" srcset=\"https:\/\/iicolumnas.es\/wp-content\/uploads\/2016\/12\/papa-noel-gago-2016-33.jpg 600w, https:\/\/iicolumnas.es\/wp-content\/uploads\/2016\/12\/papa-noel-gago-2016-33-225x300.jpg 225w\" sizes=\"auto, (max-width: 600px) 100vw, 600px\" \/><\/a>\n\t\t\t<\/dt><\/dl><dl class='gallery-item'>\n\t\t\t<dt class='gallery-icon landscape'>\n\t\t\t\t<a href='https:\/\/iicolumnas.es\/wp-content\/uploads\/2016\/12\/papa-noel-gago-2016-34.jpg' title=\"\" data-rl_title=\"\" class=\"rl-gallery-link\" data-rl_caption=\"\" data-rel=\"lightbox-gallery-1\"><img loading=\"lazy\" decoding=\"async\" width=\"800\" height=\"600\" src=\"https:\/\/iicolumnas.es\/wp-content\/uploads\/2016\/12\/papa-noel-gago-2016-34.jpg\" class=\"attachment-large size-large no-lazy\" alt=\"\" srcset=\"https:\/\/iicolumnas.es\/wp-content\/uploads\/2016\/12\/papa-noel-gago-2016-34.jpg 800w, https:\/\/iicolumnas.es\/wp-content\/uploads\/2016\/12\/papa-noel-gago-2016-34-300x225.jpg 300w\" sizes=\"auto, (max-width: 800px) 100vw, 800px\" \/><\/a>\n\t\t\t<\/dt><\/dl><br style=\"clear: both\" \/><dl class='gallery-item'>\n\t\t\t<dt class='gallery-icon portrait'>\n\t\t\t\t<a href='https:\/\/iicolumnas.es\/wp-content\/uploads\/2016\/12\/papa-noel-gago-2016-35.jpg' title=\"\" data-rl_title=\"\" class=\"rl-gallery-link\" data-rl_caption=\"\" data-rel=\"lightbox-gallery-1\"><img loading=\"lazy\" decoding=\"async\" width=\"600\" height=\"800\" src=\"https:\/\/iicolumnas.es\/wp-content\/uploads\/2016\/12\/papa-noel-gago-2016-35.jpg\" class=\"attachment-large size-large no-lazy\" alt=\"\" srcset=\"https:\/\/iicolumnas.es\/wp-content\/uploads\/2016\/12\/papa-noel-gago-2016-35.jpg 600w, https:\/\/iicolumnas.es\/wp-content\/uploads\/2016\/12\/papa-noel-gago-2016-35-225x300.jpg 225w\" sizes=\"auto, (max-width: 600px) 100vw, 600px\" \/><\/a>\n\t\t\t<\/dt><\/dl><dl class='gallery-item'>\n\t\t\t<dt class='gallery-icon landscape'>\n\t\t\t\t<a href='https:\/\/iicolumnas.es\/wp-content\/uploads\/2016\/12\/papa-noel-gago-2016-36.jpg' title=\"\" data-rl_title=\"\" class=\"rl-gallery-link\" data-rl_caption=\"\" data-rel=\"lightbox-gallery-1\"><img loading=\"lazy\" decoding=\"async\" width=\"800\" height=\"600\" src=\"https:\/\/iicolumnas.es\/wp-content\/uploads\/2016\/12\/papa-noel-gago-2016-36.jpg\" class=\"attachment-large size-large no-lazy\" alt=\"\" srcset=\"https:\/\/iicolumnas.es\/wp-content\/uploads\/2016\/12\/papa-noel-gago-2016-36.jpg 800w, https:\/\/iicolumnas.es\/wp-content\/uploads\/2016\/12\/papa-noel-gago-2016-36-300x225.jpg 300w\" sizes=\"auto, (max-width: 800px) 100vw, 800px\" \/><\/a>\n\t\t\t<\/dt><\/dl><br style=\"clear: both\" \/><dl class='gallery-item'>\n\t\t\t<dt class='gallery-icon portrait'>\n\t\t\t\t<a href='https:\/\/iicolumnas.es\/wp-content\/uploads\/2016\/12\/papa-noel-gago-2016-37.jpg' title=\"\" data-rl_title=\"\" class=\"rl-gallery-link\" data-rl_caption=\"\" data-rel=\"lightbox-gallery-1\"><img loading=\"lazy\" decoding=\"async\" width=\"600\" height=\"800\" src=\"https:\/\/iicolumnas.es\/wp-content\/uploads\/2016\/12\/papa-noel-gago-2016-37.jpg\" class=\"attachment-large size-large no-lazy\" alt=\"\" srcset=\"https:\/\/iicolumnas.es\/wp-content\/uploads\/2016\/12\/papa-noel-gago-2016-37.jpg 600w, https:\/\/iicolumnas.es\/wp-content\/uploads\/2016\/12\/papa-noel-gago-2016-37-225x300.jpg 225w\" sizes=\"auto, (max-width: 600px) 100vw, 600px\" \/><\/a>\n\t\t\t<\/dt><\/dl><dl class='gallery-item'>\n\t\t\t<dt class='gallery-icon landscape'>\n\t\t\t\t<a href='https:\/\/iicolumnas.es\/wp-content\/uploads\/2016\/12\/papa-noel-gago-2016.jpg' title=\"\" data-rl_title=\"\" class=\"rl-gallery-link\" data-rl_caption=\"\" data-rel=\"lightbox-gallery-1\"><img loading=\"lazy\" decoding=\"async\" width=\"800\" height=\"450\" src=\"https:\/\/iicolumnas.es\/wp-content\/uploads\/2016\/12\/papa-noel-gago-2016.jpg\" class=\"attachment-large size-large no-lazy\" alt=\"\" srcset=\"https:\/\/iicolumnas.es\/wp-content\/uploads\/2016\/12\/papa-noel-gago-2016.jpg 800w, https:\/\/iicolumnas.es\/wp-content\/uploads\/2016\/12\/papa-noel-gago-2016-300x169.jpg 300w\" sizes=\"auto, (max-width: 800px) 100vw, 800px\" \/><\/a>\n\t\t\t<\/dt><\/dl><br style=\"clear: both\" \/>\n\t\t<\/div>\n\n","protected":false},"excerpt":{"rendered":"<p>Este a\u00f1o \u00a0los peques cantalpineses han podido disfrutar como nunca de Pap\u00e1 Noel ya que \u00a0ha pasado mucho tiempo en Cantalpino. \u00a0El jueves 22 de diciembre pas\u00f3 por la guarder\u00eda a ver a los&#46;&#46;&#46;<\/p>\n","protected":false},"author":1,"featured_media":8246,"comment_status":"open","ping_status":"open","sticky":false,"template":"","format":"standard","meta":{"footnotes":""},"categories":[1],"tags":[387,1167,1159],"class_list":["post-8242","post","type-post","status-publish","format-standard","has-post-thumbnail","hentry","category-actualidad","tag-gago","tag-navidad","tag-papa-noel"],"yoast_head":"<!-- This site is optimized with the Yoast SEO plugin v26.6 - https:\/\/yoast.com\/wordpress\/plugins\/seo\/ -->\n<title>Pap\u00e1 Noel visita el bar el Gago - Dos Columnas<\/title>\n<meta name=\"robots\" content=\"index, follow, max-snippet:-1, max-image-preview:large, max-video-preview:-1\" \/>\n<link rel=\"canonical\" href=\"https:\/\/iicolumnas.es\/index.php\/actualidad\/2016\/12\/25\/papa-noel-visita-bar-gago\/\" \/>\n<meta property=\"og:locale\" content=\"es_ES\" \/>\n<meta property=\"og:type\" content=\"article\" \/>\n<meta property=\"og:title\" content=\"Pap\u00e1 Noel visita el bar el Gago - Dos Columnas\" \/>\n<meta property=\"og:description\" content=\"Este a\u00f1o \u00a0los peques cantalpineses han podido disfrutar como nunca de Pap\u00e1 Noel ya que \u00a0ha pasado mucho tiempo en Cantalpino. \u00a0El jueves 22 de diciembre pas\u00f3 por la guarder\u00eda a ver a los&#046;&#046;&#046;\" \/>\n<meta property=\"og:url\" content=\"https:\/\/iicolumnas.es\/index.php\/actualidad\/2016\/12\/25\/papa-noel-visita-bar-gago\/\" \/>\n<meta property=\"og:site_name\" content=\"Dos Columnas\" \/>\n<meta property=\"article:publisher\" content=\"https:\/\/www.facebook.com\/iicolumnas\/\" \/>\n<meta property=\"article:published_time\" content=\"2016-12-25T19:15:24+00:00\" \/>\n<meta property=\"og:image\" content=\"https:\/\/iicolumnas.es\/wp-content\/uploads\/2016\/12\/papa-noel-gago-2016-32.jpg\" \/>\n\t<meta property=\"og:image:width\" content=\"800\" \/>\n\t<meta property=\"og:image:height\" content=\"600\" \/>\n\t<meta property=\"og:image:type\" content=\"image\/jpeg\" \/>\n<meta name=\"author\" content=\"Juan Alberto Garc\u00eda\" \/>\n<meta name=\"twitter:card\" content=\"summary_large_image\" \/>\n<meta name=\"twitter:creator\" content=\"@iicolumnas\" \/>\n<meta name=\"twitter:site\" content=\"@iicolumnas\" \/>\n<meta name=\"twitter:label1\" content=\"Escrito por\" \/>\n\t<meta name=\"twitter:data1\" content=\"Juan Alberto Garc\u00eda\" \/>\n\t<meta name=\"twitter:label2\" content=\"Tiempo de lectura\" \/>\n\t<meta name=\"twitter:data2\" content=\"1 minuto\" \/>\n<script type=\"application\/ld+json\" class=\"yoast-schema-graph\">{\"@context\":\"https:\/\/schema.org\",\"@graph\":[{\"@type\":\"WebPage\",\"@id\":\"https:\/\/iicolumnas.es\/index.php\/actualidad\/2016\/12\/25\/papa-noel-visita-bar-gago\/\",\"url\":\"https:\/\/iicolumnas.es\/index.php\/actualidad\/2016\/12\/25\/papa-noel-visita-bar-gago\/\",\"name\":\"Pap\u00e1 Noel visita el bar el Gago - Dos Columnas\",\"isPartOf\":{\"@id\":\"https:\/\/iicolumnas.es\/#website\"},\"primaryImageOfPage\":{\"@id\":\"https:\/\/iicolumnas.es\/index.php\/actualidad\/2016\/12\/25\/papa-noel-visita-bar-gago\/#primaryimage\"},\"image\":{\"@id\":\"https:\/\/iicolumnas.es\/index.php\/actualidad\/2016\/12\/25\/papa-noel-visita-bar-gago\/#primaryimage\"},\"thumbnailUrl\":\"https:\/\/iicolumnas.es\/wp-content\/uploads\/2016\/12\/papa-noel-gago-2016-32.jpg\",\"datePublished\":\"2016-12-25T19:15:24+00:00\",\"author\":{\"@id\":\"https:\/\/iicolumnas.es\/#\/schema\/person\/454e592beb5051596092682bc7744870\"},\"breadcrumb\":{\"@id\":\"https:\/\/iicolumnas.es\/index.php\/actualidad\/2016\/12\/25\/papa-noel-visita-bar-gago\/#breadcrumb\"},\"inLanguage\":\"es\",\"potentialAction\":[{\"@type\":\"ReadAction\",\"target\":[\"https:\/\/iicolumnas.es\/index.php\/actualidad\/2016\/12\/25\/papa-noel-visita-bar-gago\/\"]}]},{\"@type\":\"ImageObject\",\"inLanguage\":\"es\",\"@id\":\"https:\/\/iicolumnas.es\/index.php\/actualidad\/2016\/12\/25\/papa-noel-visita-bar-gago\/#primaryimage\",\"url\":\"https:\/\/iicolumnas.es\/wp-content\/uploads\/2016\/12\/papa-noel-gago-2016-32.jpg\",\"contentUrl\":\"https:\/\/iicolumnas.es\/wp-content\/uploads\/2016\/12\/papa-noel-gago-2016-32.jpg\",\"width\":\"800\",\"height\":\"600\"},{\"@type\":\"BreadcrumbList\",\"@id\":\"https:\/\/iicolumnas.es\/index.php\/actualidad\/2016\/12\/25\/papa-noel-visita-bar-gago\/#breadcrumb\",\"itemListElement\":[{\"@type\":\"ListItem\",\"position\":1,\"name\":\"Portada\",\"item\":\"https:\/\/iicolumnas.es\/\"},{\"@type\":\"ListItem\",\"position\":2,\"name\":\"Actualidad\",\"item\":\"https:\/\/iicolumnas.es\/index.php\/category\/actualidad\/\"},{\"@type\":\"ListItem\",\"position\":3,\"name\":\"Pap\u00e1 Noel visita el bar el Gago\"}]},{\"@type\":\"WebSite\",\"@id\":\"https:\/\/iicolumnas.es\/#website\",\"url\":\"https:\/\/iicolumnas.es\/\",\"name\":\"Dos Columnas\",\"description\":\"El peri\u00f3dico de la villa de Cantalpino\",\"potentialAction\":[{\"@type\":\"SearchAction\",\"target\":{\"@type\":\"EntryPoint\",\"urlTemplate\":\"https:\/\/iicolumnas.es\/?s={search_term_string}\"},\"query-input\":{\"@type\":\"PropertyValueSpecification\",\"valueRequired\":true,\"valueName\":\"search_term_string\"}}],\"inLanguage\":\"es\"},{\"@type\":\"Person\",\"@id\":\"https:\/\/iicolumnas.es\/#\/schema\/person\/454e592beb5051596092682bc7744870\",\"name\":\"Juan Alberto Garc\u00eda\",\"image\":{\"@type\":\"ImageObject\",\"inLanguage\":\"es\",\"@id\":\"https:\/\/iicolumnas.es\/#\/schema\/person\/image\/\",\"url\":\"https:\/\/secure.gravatar.com\/avatar\/b5e9097f5115a63587d45ece976d47f33159b9258fd778d9fbb56ce1c9d21ca8?s=96&d=mm&r=g\",\"contentUrl\":\"https:\/\/secure.gravatar.com\/avatar\/b5e9097f5115a63587d45ece976d47f33159b9258fd778d9fbb56ce1c9d21ca8?s=96&d=mm&r=g\",\"caption\":\"Juan Alberto Garc\u00eda\"},\"description\":\"los admin tienen demasiados privilegios sobre otros admin, no crees?\",\"sameAs\":[\"https:\/\/www.linkedin.com\/in\/juan-alberto-garc%C3%ADa-esteban-85389310b\"]}]}<\/script>\n<!-- \/ Yoast SEO plugin. -->","yoast_head_json":{"title":"Pap\u00e1 Noel visita el bar el Gago - Dos Columnas","robots":{"index":"index","follow":"follow","max-snippet":"max-snippet:-1","max-image-preview":"max-image-preview:large","max-video-preview":"max-video-preview:-1"},"canonical":"https:\/\/iicolumnas.es\/index.php\/actualidad\/2016\/12\/25\/papa-noel-visita-bar-gago\/","og_locale":"es_ES","og_type":"article","og_title":"Pap\u00e1 Noel visita el bar el Gago - Dos Columnas","og_description":"Este a\u00f1o \u00a0los peques cantalpineses han podido disfrutar como nunca de Pap\u00e1 Noel ya que \u00a0ha pasado mucho tiempo en Cantalpino. \u00a0El jueves 22 de diciembre pas\u00f3 por la guarder\u00eda a ver a los&#46;&#46;&#46;","og_url":"https:\/\/iicolumnas.es\/index.php\/actualidad\/2016\/12\/25\/papa-noel-visita-bar-gago\/","og_site_name":"Dos Columnas","article_publisher":"https:\/\/www.facebook.com\/iicolumnas\/","article_published_time":"2016-12-25T19:15:24+00:00","og_image":[{"width":800,"height":600,"url":"https:\/\/iicolumnas.es\/wp-content\/uploads\/2016\/12\/papa-noel-gago-2016-32.jpg","type":"image\/jpeg"}],"author":"Juan Alberto Garc\u00eda","twitter_card":"summary_large_image","twitter_creator":"@iicolumnas","twitter_site":"@iicolumnas","twitter_misc":{"Escrito por":"Juan Alberto Garc\u00eda","Tiempo de lectura":"1 minuto"},"schema":{"@context":"https:\/\/schema.org","@graph":[{"@type":"WebPage","@id":"https:\/\/iicolumnas.es\/index.php\/actualidad\/2016\/12\/25\/papa-noel-visita-bar-gago\/","url":"https:\/\/iicolumnas.es\/index.php\/actualidad\/2016\/12\/25\/papa-noel-visita-bar-gago\/","name":"Pap\u00e1 Noel visita el bar el Gago - Dos Columnas","isPartOf":{"@id":"https:\/\/iicolumnas.es\/#website"},"primaryImageOfPage":{"@id":"https:\/\/iicolumnas.es\/index.php\/actualidad\/2016\/12\/25\/papa-noel-visita-bar-gago\/#primaryimage"},"image":{"@id":"https:\/\/iicolumnas.es\/index.php\/actualidad\/2016\/12\/25\/papa-noel-visita-bar-gago\/#primaryimage"},"thumbnailUrl":"https:\/\/iicolumnas.es\/wp-content\/uploads\/2016\/12\/papa-noel-gago-2016-32.jpg","datePublished":"2016-12-25T19:15:24+00:00","author":{"@id":"https:\/\/iicolumnas.es\/#\/schema\/person\/454e592beb5051596092682bc7744870"},"breadcrumb":{"@id":"https:\/\/iicolumnas.es\/index.php\/actualidad\/2016\/12\/25\/papa-noel-visita-bar-gago\/#breadcrumb"},"inLanguage":"es","potentialAction":[{"@type":"ReadAction","target":["https:\/\/iicolumnas.es\/index.php\/actualidad\/2016\/12\/25\/papa-noel-visita-bar-gago\/"]}]},{"@type":"ImageObject","inLanguage":"es","@id":"https:\/\/iicolumnas.es\/index.php\/actualidad\/2016\/12\/25\/papa-noel-visita-bar-gago\/#primaryimage","url":"https:\/\/iicolumnas.es\/wp-content\/uploads\/2016\/12\/papa-noel-gago-2016-32.jpg","contentUrl":"https:\/\/iicolumnas.es\/wp-content\/uploads\/2016\/12\/papa-noel-gago-2016-32.jpg","width":"800","height":"600"},{"@type":"BreadcrumbList","@id":"https:\/\/iicolumnas.es\/index.php\/actualidad\/2016\/12\/25\/papa-noel-visita-bar-gago\/#breadcrumb","itemListElement":[{"@type":"ListItem","position":1,"name":"Portada","item":"https:\/\/iicolumnas.es\/"},{"@type":"ListItem","position":2,"name":"Actualidad","item":"https:\/\/iicolumnas.es\/index.php\/category\/actualidad\/"},{"@type":"ListItem","position":3,"name":"Pap\u00e1 Noel visita el bar el Gago"}]},{"@type":"WebSite","@id":"https:\/\/iicolumnas.es\/#website","url":"https:\/\/iicolumnas.es\/","name":"Dos Columnas","description":"El peri\u00f3dico de la villa de Cantalpino","potentialAction":[{"@type":"SearchAction","target":{"@type":"EntryPoint","urlTemplate":"https:\/\/iicolumnas.es\/?s={search_term_string}"},"query-input":{"@type":"PropertyValueSpecification","valueRequired":true,"valueName":"search_term_string"}}],"inLanguage":"es"},{"@type":"Person","@id":"https:\/\/iicolumnas.es\/#\/schema\/person\/454e592beb5051596092682bc7744870","name":"Juan Alberto Garc\u00eda","image":{"@type":"ImageObject","inLanguage":"es","@id":"https:\/\/iicolumnas.es\/#\/schema\/person\/image\/","url":"https:\/\/secure.gravatar.com\/avatar\/b5e9097f5115a63587d45ece976d47f33159b9258fd778d9fbb56ce1c9d21ca8?s=96&d=mm&r=g","contentUrl":"https:\/\/secure.gravatar.com\/avatar\/b5e9097f5115a63587d45ece976d47f33159b9258fd778d9fbb56ce1c9d21ca8?s=96&d=mm&r=g","caption":"Juan Alberto Garc\u00eda"},"description":"los admin tienen demasiados privilegios sobre otros admin, no crees?","sameAs":["https:\/\/www.linkedin.com\/in\/juan-alberto-garc%C3%ADa-esteban-85389310b"]}]}},"_links":{"self":[{"href":"https:\/\/iicolumnas.es\/index.php\/wp-json\/wp\/v2\/posts\/8242","targetHints":{"allow":["GET"]}}],"collection":[{"href":"https:\/\/iicolumnas.es\/index.php\/wp-json\/wp\/v2\/posts"}],"about":[{"href":"https:\/\/iicolumnas.es\/index.php\/wp-json\/wp\/v2\/types\/post"}],"author":[{"embeddable":true,"href":"https:\/\/iicolumnas.es\/index.php\/wp-json\/wp\/v2\/users\/1"}],"replies":[{"embeddable":true,"href":"https:\/\/iicolumnas.es\/index.php\/wp-json\/wp\/v2\/comments?post=8242"}],"version-history":[{"count":4,"href":"https:\/\/iicolumnas.es\/index.php\/wp-json\/wp\/v2\/posts\/8242\/revisions"}],"predecessor-version":[{"id":8266,"href":"https:\/\/iicolumnas.es\/index.php\/wp-json\/wp\/v2\/posts\/8242\/revisions\/8266"}],"wp:featuredmedia":[{"embeddable":true,"href":"https:\/\/iicolumnas.es\/index.php\/wp-json\/wp\/v2\/media\/8246"}],"wp:attachment":[{"href":"https:\/\/iicolumnas.es\/index.php\/wp-json\/wp\/v2\/media?parent=8242"}],"wp:term":[{"taxonomy":"category","embeddable":true,"href":"https:\/\/iicolumnas.es\/index.php\/wp-json\/wp\/v2\/categories?post=8242"},{"taxonomy":"post_tag","embeddable":true,"href":"https:\/\/iicolumnas.es\/index.php\/wp-json\/wp\/v2\/tags?post=8242"}],"curies":[{"name":"wp","href":"https:\/\/api.w.org\/{rel}","templated":true}]}}