{"id":8214,"date":"2016-12-23T12:07:00","date_gmt":"2016-12-23T12:07:00","guid":{"rendered":"https:\/\/iicolumnas.es\/?p=8214"},"modified":"2016-12-23T12:07:00","modified_gmt":"2016-12-23T12:07:00","slug":"gimnasia-depende-ti","status":"publish","type":"post","link":"https:\/\/iicolumnas.es\/index.php\/tablon-de-anuncios\/2016\/12\/23\/gimnasia-depende-ti\/","title":{"rendered":"Gimnasia con depende de t\u00ed"},"content":{"rendered":"<p>A partir del pr\u00f3ximo d\u00eda 11 de enero de 2017 comenzar\u00e1n los cursos de Gimnasia para los mayores de 60 a\u00f1os. Ser\u00e1n los lunes y mi\u00e9rcoles de 11:45 a 12:45 en el sal\u00f3n de teatro. Estos cursos pueden ser muy beneficiosos como otros que ya han sido impartidos y os cont\u00e1bamos en\u00a0<span style=\"color: #36cccc;\"><a style=\"color: #36cccc;\" href=\"https:\/\/iicolumnas.es\/index.php\/colaboraciones\/2016\/12\/22\/depende-de-ti\/\" target=\"_blank\">Depende de t\u00ed<\/a>.<\/span><\/p>\n<p><img loading=\"lazy\" decoding=\"async\" class=\" wp-image-8216 aligncenter\" src=\"https:\/\/iicolumnas.es\/wp-content\/uploads\/2016\/12\/depende-de-ti-gimnasia-213x300.png\" alt=\"depende-de-ti-gimnasia\" width=\"654\" height=\"921\" srcset=\"https:\/\/iicolumnas.es\/wp-content\/uploads\/2016\/12\/depende-de-ti-gimnasia-213x300.png 213w, https:\/\/iicolumnas.es\/wp-content\/uploads\/2016\/12\/depende-de-ti-gimnasia.png 568w\" sizes=\"auto, (max-width: 654px) 100vw, 654px\" \/><\/p>\n","protected":false},"excerpt":{"rendered":"<p>A partir del pr\u00f3ximo d\u00eda 11 de enero de 2017 comenzar\u00e1n los cursos de Gimnasia para los mayores de 60 a\u00f1os. Ser\u00e1n los lunes y mi\u00e9rcoles de 11:45 a 12:45 en el sal\u00f3n de&#46;&#46;&#46;<\/p>\n","protected":false},"author":1,"featured_media":8216,"comment_status":"open","ping_status":"open","sticky":false,"template":"","format":"standard","meta":{"footnotes":""},"categories":[203],"tags":[1166,169,103],"class_list":["post-8214","post","type-post","status-publish","format-standard","has-post-thumbnail","hentry","category-tablon-de-anuncios","tag-depende-de-ti","tag-gimnasia","tag-mayores"],"yoast_head":"<!-- This site is optimized with the Yoast SEO plugin v26.6 - https:\/\/yoast.com\/wordpress\/plugins\/seo\/ -->\n<title>Gimnasia con depende de t\u00ed - Dos Columnas<\/title>\n<meta name=\"robots\" content=\"index, follow, max-snippet:-1, max-image-preview:large, max-video-preview:-1\" \/>\n<link rel=\"canonical\" href=\"https:\/\/iicolumnas.es\/index.php\/tablon-de-anuncios\/2016\/12\/23\/gimnasia-depende-ti\/\" \/>\n<meta property=\"og:locale\" content=\"es_ES\" \/>\n<meta property=\"og:type\" content=\"article\" \/>\n<meta property=\"og:title\" content=\"Gimnasia con depende de t\u00ed - Dos Columnas\" \/>\n<meta property=\"og:description\" content=\"A partir del pr\u00f3ximo d\u00eda 11 de enero de 2017 comenzar\u00e1n los cursos de Gimnasia para los mayores de 60 a\u00f1os. Ser\u00e1n los lunes y mi\u00e9rcoles de 11:45 a 12:45 en el sal\u00f3n de&#046;&#046;&#046;\" \/>\n<meta property=\"og:url\" content=\"https:\/\/iicolumnas.es\/index.php\/tablon-de-anuncios\/2016\/12\/23\/gimnasia-depende-ti\/\" \/>\n<meta property=\"og:site_name\" content=\"Dos Columnas\" \/>\n<meta property=\"article:publisher\" content=\"https:\/\/www.facebook.com\/iicolumnas\/\" \/>\n<meta property=\"article:published_time\" content=\"2016-12-23T12:07:00+00:00\" \/>\n<meta property=\"og:image\" content=\"https:\/\/iicolumnas.es\/wp-content\/uploads\/2016\/12\/depende-de-ti-gimnasia.png\" \/>\n\t<meta property=\"og:image:width\" content=\"568\" \/>\n\t<meta property=\"og:image:height\" content=\"800\" \/>\n\t<meta property=\"og:image:type\" content=\"image\/png\" \/>\n<meta name=\"author\" content=\"Juan Alberto Garc\u00eda\" \/>\n<meta name=\"twitter:card\" content=\"summary_large_image\" \/>\n<meta name=\"twitter:creator\" content=\"@iicolumnas\" \/>\n<meta name=\"twitter:site\" content=\"@iicolumnas\" \/>\n<meta name=\"twitter:label1\" content=\"Escrito por\" \/>\n\t<meta name=\"twitter:data1\" content=\"Juan Alberto Garc\u00eda\" \/>\n<script type=\"application\/ld+json\" class=\"yoast-schema-graph\">{\"@context\":\"https:\/\/schema.org\",\"@graph\":[{\"@type\":\"WebPage\",\"@id\":\"https:\/\/iicolumnas.es\/index.php\/tablon-de-anuncios\/2016\/12\/23\/gimnasia-depende-ti\/\",\"url\":\"https:\/\/iicolumnas.es\/index.php\/tablon-de-anuncios\/2016\/12\/23\/gimnasia-depende-ti\/\",\"name\":\"Gimnasia con depende de t\u00ed - Dos Columnas\",\"isPartOf\":{\"@id\":\"https:\/\/iicolumnas.es\/#website\"},\"primaryImageOfPage\":{\"@id\":\"https:\/\/iicolumnas.es\/index.php\/tablon-de-anuncios\/2016\/12\/23\/gimnasia-depende-ti\/#primaryimage\"},\"image\":{\"@id\":\"https:\/\/iicolumnas.es\/index.php\/tablon-de-anuncios\/2016\/12\/23\/gimnasia-depende-ti\/#primaryimage\"},\"thumbnailUrl\":\"https:\/\/iicolumnas.es\/wp-content\/uploads\/2016\/12\/depende-de-ti-gimnasia.png\",\"datePublished\":\"2016-12-23T12:07:00+00:00\",\"author\":{\"@id\":\"https:\/\/iicolumnas.es\/#\/schema\/person\/454e592beb5051596092682bc7744870\"},\"breadcrumb\":{\"@id\":\"https:\/\/iicolumnas.es\/index.php\/tablon-de-anuncios\/2016\/12\/23\/gimnasia-depende-ti\/#breadcrumb\"},\"inLanguage\":\"es\",\"potentialAction\":[{\"@type\":\"ReadAction\",\"target\":[\"https:\/\/iicolumnas.es\/index.php\/tablon-de-anuncios\/2016\/12\/23\/gimnasia-depende-ti\/\"]}]},{\"@type\":\"ImageObject\",\"inLanguage\":\"es\",\"@id\":\"https:\/\/iicolumnas.es\/index.php\/tablon-de-anuncios\/2016\/12\/23\/gimnasia-depende-ti\/#primaryimage\",\"url\":\"https:\/\/iicolumnas.es\/wp-content\/uploads\/2016\/12\/depende-de-ti-gimnasia.png\",\"contentUrl\":\"https:\/\/iicolumnas.es\/wp-content\/uploads\/2016\/12\/depende-de-ti-gimnasia.png\",\"width\":568,\"height\":800},{\"@type\":\"BreadcrumbList\",\"@id\":\"https:\/\/iicolumnas.es\/index.php\/tablon-de-anuncios\/2016\/12\/23\/gimnasia-depende-ti\/#breadcrumb\",\"itemListElement\":[{\"@type\":\"ListItem\",\"position\":1,\"name\":\"Portada\",\"item\":\"https:\/\/iicolumnas.es\/\"},{\"@type\":\"ListItem\",\"position\":2,\"name\":\"Tabl\u00f3n de Anuncios\",\"item\":\"https:\/\/iicolumnas.es\/index.php\/category\/tablon-de-anuncios\/\"},{\"@type\":\"ListItem\",\"position\":3,\"name\":\"Gimnasia con depende de t\u00ed\"}]},{\"@type\":\"WebSite\",\"@id\":\"https:\/\/iicolumnas.es\/#website\",\"url\":\"https:\/\/iicolumnas.es\/\",\"name\":\"Dos Columnas\",\"description\":\"El peri\u00f3dico de la villa de Cantalpino\",\"potentialAction\":[{\"@type\":\"SearchAction\",\"target\":{\"@type\":\"EntryPoint\",\"urlTemplate\":\"https:\/\/iicolumnas.es\/?s={search_term_string}\"},\"query-input\":{\"@type\":\"PropertyValueSpecification\",\"valueRequired\":true,\"valueName\":\"search_term_string\"}}],\"inLanguage\":\"es\"},{\"@type\":\"Person\",\"@id\":\"https:\/\/iicolumnas.es\/#\/schema\/person\/454e592beb5051596092682bc7744870\",\"name\":\"Juan Alberto Garc\u00eda\",\"image\":{\"@type\":\"ImageObject\",\"inLanguage\":\"es\",\"@id\":\"https:\/\/iicolumnas.es\/#\/schema\/person\/image\/\",\"url\":\"https:\/\/secure.gravatar.com\/avatar\/b5e9097f5115a63587d45ece976d47f33159b9258fd778d9fbb56ce1c9d21ca8?s=96&d=mm&r=g\",\"contentUrl\":\"https:\/\/secure.gravatar.com\/avatar\/b5e9097f5115a63587d45ece976d47f33159b9258fd778d9fbb56ce1c9d21ca8?s=96&d=mm&r=g\",\"caption\":\"Juan Alberto Garc\u00eda\"},\"description\":\"los admin tienen demasiados privilegios sobre otros admin, no crees?\",\"sameAs\":[\"https:\/\/www.linkedin.com\/in\/juan-alberto-garc%C3%ADa-esteban-85389310b\"]}]}<\/script>\n<!-- \/ Yoast SEO plugin. -->","yoast_head_json":{"title":"Gimnasia con depende de t\u00ed - Dos Columnas","robots":{"index":"index","follow":"follow","max-snippet":"max-snippet:-1","max-image-preview":"max-image-preview:large","max-video-preview":"max-video-preview:-1"},"canonical":"https:\/\/iicolumnas.es\/index.php\/tablon-de-anuncios\/2016\/12\/23\/gimnasia-depende-ti\/","og_locale":"es_ES","og_type":"article","og_title":"Gimnasia con depende de t\u00ed - Dos Columnas","og_description":"A partir del pr\u00f3ximo d\u00eda 11 de enero de 2017 comenzar\u00e1n los cursos de Gimnasia para los mayores de 60 a\u00f1os. Ser\u00e1n los lunes y mi\u00e9rcoles de 11:45 a 12:45 en el sal\u00f3n de&#46;&#46;&#46;","og_url":"https:\/\/iicolumnas.es\/index.php\/tablon-de-anuncios\/2016\/12\/23\/gimnasia-depende-ti\/","og_site_name":"Dos Columnas","article_publisher":"https:\/\/www.facebook.com\/iicolumnas\/","article_published_time":"2016-12-23T12:07:00+00:00","og_image":[{"width":568,"height":800,"url":"https:\/\/iicolumnas.es\/wp-content\/uploads\/2016\/12\/depende-de-ti-gimnasia.png","type":"image\/png"}],"author":"Juan Alberto Garc\u00eda","twitter_card":"summary_large_image","twitter_creator":"@iicolumnas","twitter_site":"@iicolumnas","twitter_misc":{"Escrito por":"Juan Alberto Garc\u00eda"},"schema":{"@context":"https:\/\/schema.org","@graph":[{"@type":"WebPage","@id":"https:\/\/iicolumnas.es\/index.php\/tablon-de-anuncios\/2016\/12\/23\/gimnasia-depende-ti\/","url":"https:\/\/iicolumnas.es\/index.php\/tablon-de-anuncios\/2016\/12\/23\/gimnasia-depende-ti\/","name":"Gimnasia con depende de t\u00ed - Dos Columnas","isPartOf":{"@id":"https:\/\/iicolumnas.es\/#website"},"primaryImageOfPage":{"@id":"https:\/\/iicolumnas.es\/index.php\/tablon-de-anuncios\/2016\/12\/23\/gimnasia-depende-ti\/#primaryimage"},"image":{"@id":"https:\/\/iicolumnas.es\/index.php\/tablon-de-anuncios\/2016\/12\/23\/gimnasia-depende-ti\/#primaryimage"},"thumbnailUrl":"https:\/\/iicolumnas.es\/wp-content\/uploads\/2016\/12\/depende-de-ti-gimnasia.png","datePublished":"2016-12-23T12:07:00+00:00","author":{"@id":"https:\/\/iicolumnas.es\/#\/schema\/person\/454e592beb5051596092682bc7744870"},"breadcrumb":{"@id":"https:\/\/iicolumnas.es\/index.php\/tablon-de-anuncios\/2016\/12\/23\/gimnasia-depende-ti\/#breadcrumb"},"inLanguage":"es","potentialAction":[{"@type":"ReadAction","target":["https:\/\/iicolumnas.es\/index.php\/tablon-de-anuncios\/2016\/12\/23\/gimnasia-depende-ti\/"]}]},{"@type":"ImageObject","inLanguage":"es","@id":"https:\/\/iicolumnas.es\/index.php\/tablon-de-anuncios\/2016\/12\/23\/gimnasia-depende-ti\/#primaryimage","url":"https:\/\/iicolumnas.es\/wp-content\/uploads\/2016\/12\/depende-de-ti-gimnasia.png","contentUrl":"https:\/\/iicolumnas.es\/wp-content\/uploads\/2016\/12\/depende-de-ti-gimnasia.png","width":568,"height":800},{"@type":"BreadcrumbList","@id":"https:\/\/iicolumnas.es\/index.php\/tablon-de-anuncios\/2016\/12\/23\/gimnasia-depende-ti\/#breadcrumb","itemListElement":[{"@type":"ListItem","position":1,"name":"Portada","item":"https:\/\/iicolumnas.es\/"},{"@type":"ListItem","position":2,"name":"Tabl\u00f3n de Anuncios","item":"https:\/\/iicolumnas.es\/index.php\/category\/tablon-de-anuncios\/"},{"@type":"ListItem","position":3,"name":"Gimnasia con depende de t\u00ed"}]},{"@type":"WebSite","@id":"https:\/\/iicolumnas.es\/#website","url":"https:\/\/iicolumnas.es\/","name":"Dos Columnas","description":"El peri\u00f3dico de la villa de Cantalpino","potentialAction":[{"@type":"SearchAction","target":{"@type":"EntryPoint","urlTemplate":"https:\/\/iicolumnas.es\/?s={search_term_string}"},"query-input":{"@type":"PropertyValueSpecification","valueRequired":true,"valueName":"search_term_string"}}],"inLanguage":"es"},{"@type":"Person","@id":"https:\/\/iicolumnas.es\/#\/schema\/person\/454e592beb5051596092682bc7744870","name":"Juan Alberto Garc\u00eda","image":{"@type":"ImageObject","inLanguage":"es","@id":"https:\/\/iicolumnas.es\/#\/schema\/person\/image\/","url":"https:\/\/secure.gravatar.com\/avatar\/b5e9097f5115a63587d45ece976d47f33159b9258fd778d9fbb56ce1c9d21ca8?s=96&d=mm&r=g","contentUrl":"https:\/\/secure.gravatar.com\/avatar\/b5e9097f5115a63587d45ece976d47f33159b9258fd778d9fbb56ce1c9d21ca8?s=96&d=mm&r=g","caption":"Juan Alberto Garc\u00eda"},"description":"los admin tienen demasiados privilegios sobre otros admin, no crees?","sameAs":["https:\/\/www.linkedin.com\/in\/juan-alberto-garc%C3%ADa-esteban-85389310b"]}]}},"_links":{"self":[{"href":"https:\/\/iicolumnas.es\/index.php\/wp-json\/wp\/v2\/posts\/8214","targetHints":{"allow":["GET"]}}],"collection":[{"href":"https:\/\/iicolumnas.es\/index.php\/wp-json\/wp\/v2\/posts"}],"about":[{"href":"https:\/\/iicolumnas.es\/index.php\/wp-json\/wp\/v2\/types\/post"}],"author":[{"embeddable":true,"href":"https:\/\/iicolumnas.es\/index.php\/wp-json\/wp\/v2\/users\/1"}],"replies":[{"embeddable":true,"href":"https:\/\/iicolumnas.es\/index.php\/wp-json\/wp\/v2\/comments?post=8214"}],"version-history":[{"count":1,"href":"https:\/\/iicolumnas.es\/index.php\/wp-json\/wp\/v2\/posts\/8214\/revisions"}],"predecessor-version":[{"id":8217,"href":"https:\/\/iicolumnas.es\/index.php\/wp-json\/wp\/v2\/posts\/8214\/revisions\/8217"}],"wp:featuredmedia":[{"embeddable":true,"href":"https:\/\/iicolumnas.es\/index.php\/wp-json\/wp\/v2\/media\/8216"}],"wp:attachment":[{"href":"https:\/\/iicolumnas.es\/index.php\/wp-json\/wp\/v2\/media?parent=8214"}],"wp:term":[{"taxonomy":"category","embeddable":true,"href":"https:\/\/iicolumnas.es\/index.php\/wp-json\/wp\/v2\/categories?post=8214"},{"taxonomy":"post_tag","embeddable":true,"href":"https:\/\/iicolumnas.es\/index.php\/wp-json\/wp\/v2\/tags?post=8214"}],"curies":[{"name":"wp","href":"https:\/\/api.w.org\/{rel}","templated":true}]}}