{"id":8213,"date":"2016-12-23T17:40:19","date_gmt":"2016-12-23T17:40:19","guid":{"rendered":"https:\/\/iicolumnas.es\/?p=8213"},"modified":"2016-12-23T17:40:19","modified_gmt":"2016-12-23T17:40:19","slug":"los-alumnos-del-cra-eusebia-palomino-festejan-la-navidad-lo-alto","status":"publish","type":"post","link":"https:\/\/iicolumnas.es\/index.php\/actualidad\/2016\/12\/23\/los-alumnos-del-cra-eusebia-palomino-festejan-la-navidad-lo-alto\/","title":{"rendered":"Los alumnos del CRA Eusebia Palomino festejan la Navidad por todo lo alto"},"content":{"rendered":"<p style=\"text-align: justify;\">El la ma\u00f1ana de ayer, d\u00eda 22 de diciembre, los alumnos del CRA Eusebia Palomino, pertenecientes a los pueblos de Cantalpino y Arabayona, festejaban la llegada de la Navidad con una fiesta llena de <span style=\"color: #33cccc;\"><a style=\"color: #33cccc;\" href=\"https:\/\/iicolumnas.es\/index.php\/actualidad\/2016\/12\/21\/cra-eusebia-palomino-se-prepara-fiesta-navidena\/\">actuaciones<\/a><\/span> en la que derrocharon talento y se vieron arropados por los aplausos de los padres y familiares all\u00ed presentes, los cuales disfrutaron mucho con el acto que da la bienvenida a la Navidad y a\u00a0sus respectivas vacaciones, que se prolongar\u00e1n hasta pasado el d\u00eda de los Reyes Magos.<\/p>\n<p style=\"text-align: justify;\"><img loading=\"lazy\" decoding=\"async\" class=\"alignleft wp-image-8140 size-medium\" src=\"https:\/\/iicolumnas.es\/wp-content\/uploads\/2016\/12\/fiesta-cole-navidad-2016-54-169x300.jpg\" alt=\"fiesta-cole-navidad-2016-54\" width=\"169\" height=\"300\" srcset=\"https:\/\/iicolumnas.es\/wp-content\/uploads\/2016\/12\/fiesta-cole-navidad-2016-54-169x300.jpg 169w, https:\/\/iicolumnas.es\/wp-content\/uploads\/2016\/12\/fiesta-cole-navidad-2016-54.jpg 450w\" sizes=\"auto, (max-width: 169px) 100vw, 169px\" \/>El tel\u00f3n se abr\u00eda en este acto de la mano de unos presentadores de lujo, alumnos de 6\u00ba de primaria de Cantalpino y Arabayona, que durante toda la fiesta dieron paso a la gran variedad de actuaciones que estaban programadas.<\/p>\n<p style=\"text-align: justify;\">Los encargados de \u00abromper el hielo\u00bb fueron los alumnos de infantil, que deleitaron al p\u00fablico entonando canciones navide\u00f1as y un recital de poes\u00eda.<\/p>\n<p style=\"text-align: justify;\">Seguidamente alumnos del centro de Arabayona pusieron un toque de ritmo y positividad con una coreograf\u00eda sobre la canci\u00f3n \u00abMadre tierra\u00bb que hizo que familiares y amigos se animaran a acompa\u00f1arles. Aunque no fue la \u00fanica coreograf\u00eda, tambi\u00e9n prepararon pasos de baile para la canci\u00f3n \u00abLa bicicleta\u00bb entre alumnos de ambos centros.<\/p>\n<p style=\"text-align: justify;\">En esta fiesta navide\u00f1a, como no pod\u00eda ser de otra manera, no han faltado c\u00e1nticos de villancicos, tanto en espa\u00f1ol como en ingl\u00e9s, as\u00ed como los sonidos de la flauta dulce.<\/p>\n<p style=\"text-align: justify;\"><img loading=\"lazy\" decoding=\"async\" class=\"wp-image-8149 size-medium alignright\" src=\"https:\/\/iicolumnas.es\/wp-content\/uploads\/2016\/12\/fiesta-cole-navidad-2016-45-300x169.jpg\" alt=\"fiesta-cole-navidad-2016-45\" width=\"300\" height=\"169\" srcset=\"https:\/\/iicolumnas.es\/wp-content\/uploads\/2016\/12\/fiesta-cole-navidad-2016-45-300x169.jpg 300w, https:\/\/iicolumnas.es\/wp-content\/uploads\/2016\/12\/fiesta-cole-navidad-2016-45.jpg 800w\" sizes=\"auto, (max-width: 300px) 100vw, 300px\" \/>Tambi\u00e9n hubo hueco para el deporte y la destreza con tres actuaciones de acrosport, que hizo que nuestros peque\u00f1os\u00a0mostraran sus habilidades creando figuras en las que el equilibrio y la flexibilidad jugaban un papel importante y seg\u00fan nos informan lo hicieron genial y consiguieron con \u00e9xito las acrobacias\u00a0ensayadas.<\/p>\n<p style=\"text-align: justify;\">Pero encima de las tablas del escenario de nuestro Sal\u00f3n Teatro, una representaci\u00f3n teatral no pod\u00eda faltar, el elenco estaba formado por alumnos del centro cantalpin\u00e9s que sacaron sus dotes de escenificaci\u00f3n con la obra \u00ab\u00bfPorqu\u00e9 se esconde la tortuga?\u00bb.<\/p>\n<p style=\"text-align: justify;\"><img loading=\"lazy\" decoding=\"async\" class=\"wp-image-8156 size-medium alignleft\" src=\"https:\/\/iicolumnas.es\/wp-content\/uploads\/2016\/12\/fiesta-cole-navidad-2016-38-300x169.jpg\" alt=\"fiesta-cole-navidad-2016-38\" width=\"300\" height=\"169\" srcset=\"https:\/\/iicolumnas.es\/wp-content\/uploads\/2016\/12\/fiesta-cole-navidad-2016-38-300x169.jpg 300w, https:\/\/iicolumnas.es\/wp-content\/uploads\/2016\/12\/fiesta-cole-navidad-2016-38.jpg 800w\" sizes=\"auto, (max-width: 300px) 100vw, 300px\" \/>Desde\u00a0Dos Columnas queremos manteros informados de todo lo que ocurre entorno a nuestro pueblo, pero no somos los \u00fanicos que miramos por transmitir informaci\u00f3n, el equipo informativo de \u00abTelediario de Cantalpino\u00bb hizo que todos los presentes estuvieran al tanto de lo que acontece a nuestro alrededor; a nivel internacional nos informaron de la finalizaci\u00f3n de las guerras, el <em>stop<\/em> a la contaminaci\u00f3n o el encuentro de un grupo de mamuts en la taiga siberiana; a nivel nacional el balance de accidentes se queda a cero durante un a\u00f1o y una de las soluciones a nivel m\u00e9dico m\u00e1s buscadas se consigue, la vacuna contra el c\u00e1ncer; y ya a nivel local la aparici\u00f3n de una playa artificial en nuestra villa y en lo deportivo el equipo cantalpin\u00e9s de baloncesto se proclama campe\u00f3n de Espa\u00f1a, estas son algunas de las noticias que dieron el equipo del informativo cantalpin\u00e9s.<\/p>\n<p style=\"text-align: justify;\"><img loading=\"lazy\" decoding=\"async\" class=\"wp-image-8163 size-medium alignright\" src=\"https:\/\/iicolumnas.es\/wp-content\/uploads\/2016\/12\/fiesta-cole-navidad-2016-31-300x169.jpg\" alt=\"fiesta-cole-navidad-2016-31\" width=\"300\" height=\"169\" srcset=\"https:\/\/iicolumnas.es\/wp-content\/uploads\/2016\/12\/fiesta-cole-navidad-2016-31-300x169.jpg 300w, https:\/\/iicolumnas.es\/wp-content\/uploads\/2016\/12\/fiesta-cole-navidad-2016-31.jpg 800w\" sizes=\"auto, (max-width: 300px) 100vw, 300px\" \/>La programaci\u00f3n iba llegando a su fin y para sorpresa de muchos se produjo una visita inesperada de personalidades importantes, entre las que se encontraban: La Pantoja, Messi y Cristiano Ronaldo, Cayetana de Alba y su esposo, Donald Trump y Obama y hasta el mism\u00edsimo Michael Jackson; una visita de lujo con mucha diversi\u00f3n.<\/p>\n<p style=\"text-align: justify;\">Una vez finalizadas las actuaciones todos los ni\u00f1os, ni\u00f1as y profesores se agruparon para protagonizar un flashmob en conjunto con la canci\u00f3n \u00abLa luz que nace en ti\u00bb que puso un broche de oro y alegr\u00eda a la programaci\u00f3n.<\/p>\n<p style=\"text-align: justify;\"><img loading=\"lazy\" decoding=\"async\" class=\"wp-image-8194 size-medium alignleft\" src=\"https:\/\/iicolumnas.es\/wp-content\/uploads\/2016\/12\/fiesta-cole-navidad-2016-56-180x300.jpeg\" alt=\"fiesta-cole-navidad-2016-56\" width=\"180\" height=\"300\" srcset=\"https:\/\/iicolumnas.es\/wp-content\/uploads\/2016\/12\/fiesta-cole-navidad-2016-56-180x300.jpeg 180w, https:\/\/iicolumnas.es\/wp-content\/uploads\/2016\/12\/fiesta-cole-navidad-2016-56.jpeg 480w\" sizes=\"auto, (max-width: 180px) 100vw, 180px\" \/>Pero las visitas y sorpresas no hab\u00edan terminado, todos se quedaron boquiabiertos cuando vieron aparecer a Pap\u00e1 Noel, que hizo un hueco en su ajetreada agenda tras visitar anteriormente la guarder\u00eda de Cantalpino y regalar caramelos a los peques; una vez que Pap\u00e1 Noel se acomod\u00f3 fueron de uno en uno sent\u00e1ndose en su regazo haciendo sus peticiones y preferencias en los regalos que desean recibir por su parte, pero Pap\u00e1 Noel se adelant\u00f3 a sus peticiones y ten\u00eda un regalo para todos ellos, un cucurucho de gominolas obsequio por parte del CRA Eusebia Palomino, as\u00ed como una peonza tradicional obsequio del AMPA que har\u00e1 que se mantenga ese juego tradicional entre los benjamines.<\/p>\n<p style=\"text-align: justify;\">Y para finalizar la gran fiesta, el AMPA y las madres y padres de los alumnos de Arabayona, quisieron poner el broche de oro repartiendo chocolate caliente elaborado por el presidente de la asociaci\u00f3n de mayores, Luis L\u00e1zaro.<\/p>\n<p style=\"text-align: justify;\"><img loading=\"lazy\" decoding=\"async\" class=\"wp-image-8196 size-medium alignright\" src=\"https:\/\/iicolumnas.es\/wp-content\/uploads\/2016\/12\/fiesta-cole-navidad-2016-58-300x169.jpeg\" alt=\"fiesta-cole-navidad-2016-58\" width=\"300\" height=\"169\" srcset=\"https:\/\/iicolumnas.es\/wp-content\/uploads\/2016\/12\/fiesta-cole-navidad-2016-58-300x169.jpeg 300w, https:\/\/iicolumnas.es\/wp-content\/uploads\/2016\/12\/fiesta-cole-navidad-2016-58.jpeg 800w\" sizes=\"auto, (max-width: 300px) 100vw, 300px\" \/>Desde el AMPA quieren agradecer personalmente toda la colaboraci\u00f3n recibida a los padres de los alumnos, Ayuntamiento de Cantalpino, CRA Eusebia Palomino y especialmente a Pap\u00e1 Noel y a Luis por su predisposici\u00f3n para elaborar el chocolate.<\/p>\n<p style=\"text-align: justify;\">Tampoco se quieren olvidar de los verdaderos protagonistas, todos los ni\u00f1os y ni\u00f1as que lo dieron todo en el escenario y que hicieron pasar un rato muy divertido a sus familiares con sus actuaciones.<\/p>\n<p style=\"text-align: justify;\">Ahora toca disfrutar de las merecidas vacaciones \u00a1Feliz Navidad!<\/p>\n<p style=\"text-align: justify;\">Fotograf\u00edas: Espe Mart\u00edn\/Noelia S\u00e1ez<\/p>\n<p style=\"text-align: justify;\"><div id=\"metaslider-id-8201\" style=\"max-width: 1100px; margin: 0 auto;\" class=\"ml-slider-3-104-0 metaslider metaslider-nivo metaslider-8201 ml-slider ms-theme-default\" role=\"region\" aria-label=\"fiesta navidad cole 2016\" data-height=\"700\" data-width=\"1100\">\n    <div id=\"metaslider_container_8201\">\n        <div class='slider-wrapper theme-default'><div class='ribbon'><\/div><div id='metaslider_8201' class='nivoSlider'><img loading=\"lazy\" decoding=\"async\" src=\"https:\/\/iicolumnas.es\/wp-content\/uploads\/2016\/12\/fiesta-cole-navidad-2016-5-707x450.jpg\" height=\"700\" width=\"1100\" alt=\"\" class=\"slider-8201 slide-8189 msDefaultImage\" \/><img loading=\"lazy\" decoding=\"async\" src=\"https:\/\/iicolumnas.es\/wp-content\/uploads\/2016\/12\/fiesta-cole-navidad-2016-35-707x450.jpg\" height=\"700\" width=\"1100\" alt=\"\" class=\"slider-8201 slide-8159 msDefaultImage\" \/><img loading=\"lazy\" decoding=\"async\" src=\"https:\/\/iicolumnas.es\/wp-content\/uploads\/2016\/12\/fiesta-cole-navidad-2016-17-707x450.jpg\" height=\"700\" width=\"1100\" alt=\"\" class=\"slider-8201 slide-8177 msDefaultImage\" \/><img loading=\"lazy\" decoding=\"async\" src=\"https:\/\/iicolumnas.es\/wp-content\/uploads\/2016\/12\/fiesta-cole-navidad-2016-22-707x450.jpg\" height=\"700\" width=\"1100\" alt=\"\" class=\"slider-8201 slide-8172 msDefaultImage\" \/><img loading=\"lazy\" decoding=\"async\" src=\"https:\/\/iicolumnas.es\/wp-content\/uploads\/2016\/12\/fiesta-cole-navidad-2016-42-707x450.jpg\" height=\"700\" width=\"1100\" alt=\"\" class=\"slider-8201 slide-8152 msDefaultImage\" \/><img loading=\"lazy\" decoding=\"async\" src=\"https:\/\/iicolumnas.es\/wp-content\/uploads\/2016\/12\/cole2-707x450.jpeg\" height=\"700\" width=\"1100\" alt=\"\" class=\"slider-8201 slide-8198 msDefaultImage\" \/><img loading=\"lazy\" decoding=\"async\" src=\"https:\/\/iicolumnas.es\/wp-content\/uploads\/2016\/12\/fiesta-cole-navidad-2016-12-707x450.jpg\" height=\"700\" width=\"1100\" alt=\"\" class=\"slider-8201 slide-8182 msDefaultImage\" \/><img loading=\"lazy\" decoding=\"async\" src=\"https:\/\/iicolumnas.es\/wp-content\/uploads\/2016\/12\/fiesta-cole-navidad-2016-59-707x450.jpeg\" height=\"700\" width=\"1100\" alt=\"\" class=\"slider-8201 slide-8197 msDefaultImage\" \/><img loading=\"lazy\" decoding=\"async\" src=\"https:\/\/iicolumnas.es\/wp-content\/uploads\/2016\/12\/fiesta-cole-navidad-2016-49-450x286.jpg\" height=\"700\" width=\"1100\" alt=\"\" class=\"slider-8201 slide-8145 msDefaultImage\" \/><img loading=\"lazy\" decoding=\"async\" src=\"https:\/\/iicolumnas.es\/wp-content\/uploads\/2016\/12\/fiesta-cole-navidad-2016-23-707x450.jpg\" height=\"700\" width=\"1100\" alt=\"\" class=\"slider-8201 slide-8171 msDefaultImage\" \/><img loading=\"lazy\" decoding=\"async\" src=\"https:\/\/iicolumnas.es\/wp-content\/uploads\/2016\/12\/fiesta-cole-navidad-2016-31-707x450.jpg\" height=\"700\" width=\"1100\" alt=\"\" class=\"slider-8201 slide-8163 msDefaultImage\" \/><img loading=\"lazy\" decoding=\"async\" src=\"https:\/\/iicolumnas.es\/wp-content\/uploads\/2016\/12\/fiesta-cole-navidad-2016-28-707x450.jpg\" height=\"700\" width=\"1100\" alt=\"\" class=\"slider-8201 slide-8166 msDefaultImage\" \/><img loading=\"lazy\" decoding=\"async\" src=\"https:\/\/iicolumnas.es\/wp-content\/uploads\/2016\/12\/fiesta-cole-navidad-2016-54-450x286.jpg\" height=\"700\" width=\"1100\" alt=\"\" class=\"slider-8201 slide-8140 msDefaultImage\" \/><img loading=\"lazy\" decoding=\"async\" src=\"https:\/\/iicolumnas.es\/wp-content\/uploads\/2016\/12\/fiesta-cole-navidad-2016-16-707x450.jpg\" height=\"700\" width=\"1100\" alt=\"\" class=\"slider-8201 slide-8178 msDefaultImage\" \/><img loading=\"lazy\" decoding=\"async\" src=\"https:\/\/iicolumnas.es\/wp-content\/uploads\/2016\/12\/fiesta-cole-navidad-2016-30-707x450.jpg\" height=\"700\" width=\"1100\" alt=\"\" class=\"slider-8201 slide-8164 msDefaultImage\" \/><img loading=\"lazy\" decoding=\"async\" src=\"https:\/\/iicolumnas.es\/wp-content\/uploads\/2016\/12\/fiesta-cole-navidad-2016-34-707x450.jpg\" height=\"700\" width=\"1100\" alt=\"\" class=\"slider-8201 slide-8160 msDefaultImage\" \/><img loading=\"lazy\" decoding=\"async\" src=\"https:\/\/iicolumnas.es\/wp-content\/uploads\/2016\/12\/fiesta-cole-navidad-2016-29-707x450.jpg\" height=\"700\" width=\"1100\" alt=\"\" class=\"slider-8201 slide-8165 msDefaultImage\" \/><img loading=\"lazy\" decoding=\"async\" src=\"https:\/\/iicolumnas.es\/wp-content\/uploads\/2016\/12\/fiesta-cole-navidad-2016-53-707x450.jpg\" height=\"700\" width=\"1100\" alt=\"\" class=\"slider-8201 slide-8141 msDefaultImage\" \/><img loading=\"lazy\" decoding=\"async\" src=\"https:\/\/iicolumnas.es\/wp-content\/uploads\/2016\/12\/fiesta-cole-navidad-2016-7-707x450.jpg\" height=\"700\" width=\"1100\" alt=\"\" class=\"slider-8201 slide-8187 msDefaultImage\" \/><img loading=\"lazy\" decoding=\"async\" src=\"https:\/\/iicolumnas.es\/wp-content\/uploads\/2016\/12\/fiesta-cole-navidad-2016-39-450x286.jpg\" height=\"700\" width=\"1100\" alt=\"\" class=\"slider-8201 slide-8155 msDefaultImage\" \/><img loading=\"lazy\" decoding=\"async\" src=\"https:\/\/iicolumnas.es\/wp-content\/uploads\/2016\/12\/fiesta-cole-navidad-2016-48-450x286.jpg\" height=\"700\" width=\"1100\" alt=\"\" class=\"slider-8201 slide-8146 msDefaultImage\" \/><img loading=\"lazy\" decoding=\"async\" src=\"https:\/\/iicolumnas.es\/wp-content\/uploads\/2016\/12\/fiesta-cole-navidad-2016-33-707x450.jpg\" height=\"700\" width=\"1100\" alt=\"\" class=\"slider-8201 slide-8161 msDefaultImage\" \/><img loading=\"lazy\" decoding=\"async\" src=\"https:\/\/iicolumnas.es\/wp-content\/uploads\/2016\/12\/fiesta-cole-navidad-2016-58-707x450.jpeg\" height=\"700\" width=\"1100\" alt=\"\" class=\"slider-8201 slide-8196 msDefaultImage\" \/><img loading=\"lazy\" decoding=\"async\" src=\"https:\/\/iicolumnas.es\/wp-content\/uploads\/2016\/12\/fiesta-cole-navidad-2016-13-707x450.jpg\" height=\"700\" width=\"1100\" alt=\"\" class=\"slider-8201 slide-8181 msDefaultImage\" \/><img loading=\"lazy\" decoding=\"async\" src=\"https:\/\/iicolumnas.es\/wp-content\/uploads\/2016\/12\/fiesta-cole-navidad-2016-24-707x450.jpg\" height=\"700\" width=\"1100\" alt=\"\" class=\"slider-8201 slide-8170 msDefaultImage\" \/><img loading=\"lazy\" decoding=\"async\" src=\"https:\/\/iicolumnas.es\/wp-content\/uploads\/2016\/12\/fiesta-cole-navidad-2016-20-707x450.jpg\" height=\"700\" width=\"1100\" alt=\"\" class=\"slider-8201 slide-8174 msDefaultImage\" \/><img loading=\"lazy\" decoding=\"async\" src=\"https:\/\/iicolumnas.es\/wp-content\/uploads\/2016\/12\/fiesta-cole-navidad-2016-37-450x286.jpg\" height=\"700\" width=\"1100\" alt=\"\" class=\"slider-8201 slide-8157 msDefaultImage\" \/><img loading=\"lazy\" decoding=\"async\" src=\"https:\/\/iicolumnas.es\/wp-content\/uploads\/2016\/12\/fiesta-cole-navidad-2016-19-707x450.jpg\" height=\"700\" width=\"1100\" alt=\"\" class=\"slider-8201 slide-8175 msDefaultImage\" \/><img loading=\"lazy\" decoding=\"async\" src=\"https:\/\/iicolumnas.es\/wp-content\/uploads\/2016\/12\/fiesta-cole-navidad-2016-14-707x450.jpg\" height=\"700\" width=\"1100\" alt=\"\" class=\"slider-8201 slide-8180 msDefaultImage\" \/><img loading=\"lazy\" decoding=\"async\" src=\"https:\/\/iicolumnas.es\/wp-content\/uploads\/2016\/12\/fiesta-cole-navidad-2016-41-707x450.jpg\" height=\"700\" width=\"1100\" alt=\"\" class=\"slider-8201 slide-8153 msDefaultImage\" \/><img loading=\"lazy\" decoding=\"async\" src=\"https:\/\/iicolumnas.es\/wp-content\/uploads\/2016\/12\/fiesta-cole-navidad-2016-43-707x450.jpg\" height=\"700\" width=\"1100\" alt=\"\" class=\"slider-8201 slide-8151 msDefaultImage\" \/><img loading=\"lazy\" decoding=\"async\" src=\"https:\/\/iicolumnas.es\/wp-content\/uploads\/2016\/12\/fiesta-cole-navidad-2016-26-707x450.jpg\" height=\"700\" width=\"1100\" alt=\"\" class=\"slider-8201 slide-8168 msDefaultImage\" \/><img loading=\"lazy\" decoding=\"async\" src=\"https:\/\/iicolumnas.es\/wp-content\/uploads\/2016\/12\/fiesta-cole-navidad-2016-18-707x450.jpg\" height=\"700\" width=\"1100\" alt=\"\" class=\"slider-8201 slide-8176 msDefaultImage\" \/><img loading=\"lazy\" decoding=\"async\" src=\"https:\/\/iicolumnas.es\/wp-content\/uploads\/2016\/12\/fiesta-cole-navidad-2016-27-707x450.jpg\" height=\"700\" width=\"1100\" alt=\"\" class=\"slider-8201 slide-8167 msDefaultImage\" \/><img loading=\"lazy\" decoding=\"async\" src=\"https:\/\/iicolumnas.es\/wp-content\/uploads\/2016\/12\/fiesta-cole-navidad-2016-21-707x450.jpg\" height=\"700\" width=\"1100\" alt=\"\" class=\"slider-8201 slide-8173 msDefaultImage\" \/><img loading=\"lazy\" decoding=\"async\" src=\"https:\/\/iicolumnas.es\/wp-content\/uploads\/2016\/12\/fiesta-cole-navidad-2016-25-707x450.jpg\" height=\"700\" width=\"1100\" alt=\"\" class=\"slider-8201 slide-8169 msDefaultImage\" \/><img loading=\"lazy\" decoding=\"async\" src=\"https:\/\/iicolumnas.es\/wp-content\/uploads\/2016\/12\/fiesta-cole-navidad-2016-46-707x450.jpg\" height=\"700\" width=\"1100\" alt=\"\" class=\"slider-8201 slide-8148 msDefaultImage\" \/><img loading=\"lazy\" decoding=\"async\" src=\"https:\/\/iicolumnas.es\/wp-content\/uploads\/2016\/12\/fiesta-cole-navidad-2016-4-707x450.jpg\" height=\"700\" width=\"1100\" alt=\"\" class=\"slider-8201 slide-8190 msDefaultImage\" \/><img loading=\"lazy\" decoding=\"async\" src=\"https:\/\/iicolumnas.es\/wp-content\/uploads\/2016\/12\/fiesta-cole-navidad-2016-3-707x450.jpg\" height=\"700\" width=\"1100\" alt=\"\" class=\"slider-8201 slide-8191 msDefaultImage\" \/><img loading=\"lazy\" decoding=\"async\" src=\"https:\/\/iicolumnas.es\/wp-content\/uploads\/2016\/12\/fiesta-cole-navidad-2016-45-707x450.jpg\" height=\"700\" width=\"1100\" alt=\"\" class=\"slider-8201 slide-8149 msDefaultImage\" \/><img loading=\"lazy\" decoding=\"async\" src=\"https:\/\/iicolumnas.es\/wp-content\/uploads\/2016\/12\/fiesta-cole-navidad-2016-6-707x450.jpg\" height=\"700\" width=\"1100\" alt=\"\" class=\"slider-8201 slide-8188 msDefaultImage\" \/><img loading=\"lazy\" decoding=\"async\" src=\"https:\/\/iicolumnas.es\/wp-content\/uploads\/2016\/12\/fiesta-cole-navidad-2016-32-707x450.jpg\" height=\"700\" width=\"1100\" alt=\"\" class=\"slider-8201 slide-8162 msDefaultImage\" \/><img loading=\"lazy\" decoding=\"async\" src=\"https:\/\/iicolumnas.es\/wp-content\/uploads\/2016\/12\/fiesta-cole-navidad-2016-47-707x450.jpg\" height=\"700\" width=\"1100\" alt=\"\" class=\"slider-8201 slide-8147 msDefaultImage\" \/><img loading=\"lazy\" decoding=\"async\" src=\"https:\/\/iicolumnas.es\/wp-content\/uploads\/2016\/12\/fiesta-cole-navidad-2016-11-707x450.jpg\" height=\"700\" width=\"1100\" alt=\"\" class=\"slider-8201 slide-8183 msDefaultImage\" \/><img loading=\"lazy\" decoding=\"async\" src=\"https:\/\/iicolumnas.es\/wp-content\/uploads\/2016\/12\/fiesta-cole-navidad-2016-15-707x450.jpg\" height=\"700\" width=\"1100\" alt=\"\" class=\"slider-8201 slide-8179 msDefaultImage\" \/><img loading=\"lazy\" decoding=\"async\" src=\"https:\/\/iicolumnas.es\/wp-content\/uploads\/2016\/12\/fiesta-cole-navidad-2016-50-707x450.jpg\" height=\"700\" width=\"1100\" alt=\"\" class=\"slider-8201 slide-8144 msDefaultImage\" \/><img loading=\"lazy\" decoding=\"async\" src=\"https:\/\/iicolumnas.es\/wp-content\/uploads\/2016\/12\/fiesta-cole-navidad-2016-1-707x450.jpg\" height=\"700\" width=\"1100\" alt=\"\" class=\"slider-8201 slide-8193 msDefaultImage\" \/><img loading=\"lazy\" decoding=\"async\" src=\"https:\/\/iicolumnas.es\/wp-content\/uploads\/2016\/12\/fiesta-cole-navidad-2016-36-707x450.jpg\" height=\"700\" width=\"1100\" alt=\"\" class=\"slider-8201 slide-8158 msDefaultImage\" \/><img loading=\"lazy\" decoding=\"async\" src=\"https:\/\/iicolumnas.es\/wp-content\/uploads\/2016\/12\/fiesta-cole-navidad-2016-9-707x450.jpg\" height=\"700\" width=\"1100\" alt=\"\" class=\"slider-8201 slide-8185 msDefaultImage\" \/><img loading=\"lazy\" decoding=\"async\" src=\"https:\/\/iicolumnas.es\/wp-content\/uploads\/2016\/12\/fiesta-cole-navidad-2016-52-450x286.jpg\" height=\"700\" width=\"1100\" alt=\"\" class=\"slider-8201 slide-8142 msDefaultImage\" \/><img loading=\"lazy\" decoding=\"async\" src=\"https:\/\/iicolumnas.es\/wp-content\/uploads\/2016\/12\/fiesta-cole-navidad-2016-8-707x450.jpg\" height=\"700\" width=\"1100\" alt=\"\" class=\"slider-8201 slide-8186 msDefaultImage\" \/><img loading=\"lazy\" decoding=\"async\" src=\"https:\/\/iicolumnas.es\/wp-content\/uploads\/2016\/12\/fiesta-cole-navidad-2016-2-707x450.jpg\" height=\"700\" width=\"1100\" alt=\"\" class=\"slider-8201 slide-8192 msDefaultImage\" \/><img loading=\"lazy\" decoding=\"async\" src=\"https:\/\/iicolumnas.es\/wp-content\/uploads\/2016\/12\/fiesta-cole-navidad-2016-51-707x450.jpg\" height=\"700\" width=\"1100\" alt=\"\" class=\"slider-8201 slide-8143 msDefaultImage\" \/><img loading=\"lazy\" decoding=\"async\" src=\"https:\/\/iicolumnas.es\/wp-content\/uploads\/2016\/12\/fiesta-cole-navidad-2016-10-707x450.jpg\" height=\"700\" width=\"1100\" alt=\"\" class=\"slider-8201 slide-8184 msDefaultImage\" \/><img loading=\"lazy\" decoding=\"async\" src=\"https:\/\/iicolumnas.es\/wp-content\/uploads\/2016\/12\/fiesta-cole-navidad-2016-38-707x450.jpg\" height=\"700\" width=\"1100\" alt=\"\" class=\"slider-8201 slide-8156 msDefaultImage\" \/><img loading=\"lazy\" decoding=\"async\" src=\"https:\/\/iicolumnas.es\/wp-content\/uploads\/2016\/12\/fiesta-cole-navidad-2016-44-707x450.jpg\" height=\"700\" width=\"1100\" alt=\"\" class=\"slider-8201 slide-8150 msDefaultImage\" \/><img loading=\"lazy\" decoding=\"async\" src=\"https:\/\/iicolumnas.es\/wp-content\/uploads\/2016\/12\/cole-707x450.jpeg\" height=\"700\" width=\"1100\" alt=\"\" class=\"slider-8201 slide-8199 msDefaultImage\" \/><img loading=\"lazy\" decoding=\"async\" src=\"https:\/\/iicolumnas.es\/wp-content\/uploads\/2016\/12\/fiesta-cole-navidad-2016-40-707x450.jpg\" height=\"700\" width=\"1100\" alt=\"\" class=\"slider-8201 slide-8154 msDefaultImage\" \/><\/div><\/div>\n        \n    <\/div>\n<\/div><\/p>\n","protected":false},"excerpt":{"rendered":"<p>El la ma\u00f1ana de ayer, d\u00eda 22 de diciembre, los alumnos del CRA Eusebia Palomino, pertenecientes a los pueblos de Cantalpino y Arabayona, festejaban la llegada de la Navidad con una fiesta llena de&#46;&#46;&#46;<\/p>\n","protected":false},"author":11,"featured_media":8166,"comment_status":"open","ping_status":"open","sticky":false,"template":"","format":"standard","meta":{"footnotes":""},"categories":[1],"tags":[213,1160,1167],"class_list":["post-8213","post","type-post","status-publish","format-standard","has-post-thumbnail","hentry","category-actualidad","tag-cra-eusebia-palomino","tag-fiesta-navidad","tag-navidad"],"yoast_head":"<!-- This site is optimized with the Yoast SEO plugin v26.6 - https:\/\/yoast.com\/wordpress\/plugins\/seo\/ -->\n<title>Los alumnos del CRA Eusebia Palomino festejan la Navidad por todo lo alto - Dos Columnas<\/title>\n<meta name=\"robots\" content=\"index, follow, max-snippet:-1, max-image-preview:large, max-video-preview:-1\" \/>\n<link rel=\"canonical\" href=\"https:\/\/iicolumnas.es\/index.php\/actualidad\/2016\/12\/23\/los-alumnos-del-cra-eusebia-palomino-festejan-la-navidad-lo-alto\/\" \/>\n<meta property=\"og:locale\" content=\"es_ES\" \/>\n<meta property=\"og:type\" content=\"article\" \/>\n<meta property=\"og:title\" content=\"Los alumnos del CRA Eusebia Palomino festejan la Navidad por todo lo alto - Dos Columnas\" \/>\n<meta property=\"og:description\" content=\"El la ma\u00f1ana de ayer, d\u00eda 22 de diciembre, los alumnos del CRA Eusebia Palomino, pertenecientes a los pueblos de Cantalpino y Arabayona, festejaban la llegada de la Navidad con una fiesta llena de&#046;&#046;&#046;\" \/>\n<meta property=\"og:url\" content=\"https:\/\/iicolumnas.es\/index.php\/actualidad\/2016\/12\/23\/los-alumnos-del-cra-eusebia-palomino-festejan-la-navidad-lo-alto\/\" \/>\n<meta property=\"og:site_name\" content=\"Dos Columnas\" \/>\n<meta property=\"article:publisher\" content=\"https:\/\/www.facebook.com\/iicolumnas\/\" \/>\n<meta property=\"article:published_time\" content=\"2016-12-23T17:40:19+00:00\" \/>\n<meta property=\"og:image\" content=\"https:\/\/iicolumnas.es\/wp-content\/uploads\/2016\/12\/fiesta-cole-navidad-2016-28.jpg\" \/>\n\t<meta property=\"og:image:width\" content=\"800\" \/>\n\t<meta property=\"og:image:height\" content=\"450\" \/>\n\t<meta property=\"og:image:type\" content=\"image\/jpeg\" \/>\n<meta name=\"author\" content=\"Elisabeth Herrero\" \/>\n<meta name=\"twitter:card\" content=\"summary_large_image\" \/>\n<meta name=\"twitter:creator\" content=\"@iicolumnas\" \/>\n<meta name=\"twitter:site\" content=\"@iicolumnas\" \/>\n<meta name=\"twitter:label1\" content=\"Escrito por\" \/>\n\t<meta name=\"twitter:data1\" content=\"Elisabeth Herrero\" \/>\n\t<meta name=\"twitter:label2\" content=\"Tiempo de lectura\" \/>\n\t<meta name=\"twitter:data2\" content=\"4 minutos\" \/>\n<script type=\"application\/ld+json\" class=\"yoast-schema-graph\">{\"@context\":\"https:\/\/schema.org\",\"@graph\":[{\"@type\":\"WebPage\",\"@id\":\"https:\/\/iicolumnas.es\/index.php\/actualidad\/2016\/12\/23\/los-alumnos-del-cra-eusebia-palomino-festejan-la-navidad-lo-alto\/\",\"url\":\"https:\/\/iicolumnas.es\/index.php\/actualidad\/2016\/12\/23\/los-alumnos-del-cra-eusebia-palomino-festejan-la-navidad-lo-alto\/\",\"name\":\"Los alumnos del CRA Eusebia Palomino festejan la Navidad por todo lo alto - Dos Columnas\",\"isPartOf\":{\"@id\":\"https:\/\/iicolumnas.es\/#website\"},\"primaryImageOfPage\":{\"@id\":\"https:\/\/iicolumnas.es\/index.php\/actualidad\/2016\/12\/23\/los-alumnos-del-cra-eusebia-palomino-festejan-la-navidad-lo-alto\/#primaryimage\"},\"image\":{\"@id\":\"https:\/\/iicolumnas.es\/index.php\/actualidad\/2016\/12\/23\/los-alumnos-del-cra-eusebia-palomino-festejan-la-navidad-lo-alto\/#primaryimage\"},\"thumbnailUrl\":\"https:\/\/iicolumnas.es\/wp-content\/uploads\/2016\/12\/fiesta-cole-navidad-2016-28.jpg\",\"datePublished\":\"2016-12-23T17:40:19+00:00\",\"author\":{\"@id\":\"https:\/\/iicolumnas.es\/#\/schema\/person\/a7ff663470be5c4a58b4056144602608\"},\"breadcrumb\":{\"@id\":\"https:\/\/iicolumnas.es\/index.php\/actualidad\/2016\/12\/23\/los-alumnos-del-cra-eusebia-palomino-festejan-la-navidad-lo-alto\/#breadcrumb\"},\"inLanguage\":\"es\",\"potentialAction\":[{\"@type\":\"ReadAction\",\"target\":[\"https:\/\/iicolumnas.es\/index.php\/actualidad\/2016\/12\/23\/los-alumnos-del-cra-eusebia-palomino-festejan-la-navidad-lo-alto\/\"]}]},{\"@type\":\"ImageObject\",\"inLanguage\":\"es\",\"@id\":\"https:\/\/iicolumnas.es\/index.php\/actualidad\/2016\/12\/23\/los-alumnos-del-cra-eusebia-palomino-festejan-la-navidad-lo-alto\/#primaryimage\",\"url\":\"https:\/\/iicolumnas.es\/wp-content\/uploads\/2016\/12\/fiesta-cole-navidad-2016-28.jpg\",\"contentUrl\":\"https:\/\/iicolumnas.es\/wp-content\/uploads\/2016\/12\/fiesta-cole-navidad-2016-28.jpg\",\"width\":\"800\",\"height\":\"450\"},{\"@type\":\"BreadcrumbList\",\"@id\":\"https:\/\/iicolumnas.es\/index.php\/actualidad\/2016\/12\/23\/los-alumnos-del-cra-eusebia-palomino-festejan-la-navidad-lo-alto\/#breadcrumb\",\"itemListElement\":[{\"@type\":\"ListItem\",\"position\":1,\"name\":\"Portada\",\"item\":\"https:\/\/iicolumnas.es\/\"},{\"@type\":\"ListItem\",\"position\":2,\"name\":\"Actualidad\",\"item\":\"https:\/\/iicolumnas.es\/index.php\/category\/actualidad\/\"},{\"@type\":\"ListItem\",\"position\":3,\"name\":\"Los alumnos del CRA Eusebia Palomino festejan la Navidad por todo lo alto\"}]},{\"@type\":\"WebSite\",\"@id\":\"https:\/\/iicolumnas.es\/#website\",\"url\":\"https:\/\/iicolumnas.es\/\",\"name\":\"Dos Columnas\",\"description\":\"El peri\u00f3dico de la villa de Cantalpino\",\"potentialAction\":[{\"@type\":\"SearchAction\",\"target\":{\"@type\":\"EntryPoint\",\"urlTemplate\":\"https:\/\/iicolumnas.es\/?s={search_term_string}\"},\"query-input\":{\"@type\":\"PropertyValueSpecification\",\"valueRequired\":true,\"valueName\":\"search_term_string\"}}],\"inLanguage\":\"es\"},{\"@type\":\"Person\",\"@id\":\"https:\/\/iicolumnas.es\/#\/schema\/person\/a7ff663470be5c4a58b4056144602608\",\"name\":\"Elisabeth Herrero\",\"image\":{\"@type\":\"ImageObject\",\"inLanguage\":\"es\",\"@id\":\"https:\/\/iicolumnas.es\/#\/schema\/person\/image\/\",\"url\":\"https:\/\/secure.gravatar.com\/avatar\/940d2d17ae8f8dbc80e004b6d5cf732529898723a62eb676e66b87e474e93db4?s=96&d=mm&r=g\",\"contentUrl\":\"https:\/\/secure.gravatar.com\/avatar\/940d2d17ae8f8dbc80e004b6d5cf732529898723a62eb676e66b87e474e93db4?s=96&d=mm&r=g\",\"caption\":\"Elisabeth Herrero\"}}]}<\/script>\n<!-- \/ Yoast SEO plugin. -->","yoast_head_json":{"title":"Los alumnos del CRA Eusebia Palomino festejan la Navidad por todo lo alto - Dos Columnas","robots":{"index":"index","follow":"follow","max-snippet":"max-snippet:-1","max-image-preview":"max-image-preview:large","max-video-preview":"max-video-preview:-1"},"canonical":"https:\/\/iicolumnas.es\/index.php\/actualidad\/2016\/12\/23\/los-alumnos-del-cra-eusebia-palomino-festejan-la-navidad-lo-alto\/","og_locale":"es_ES","og_type":"article","og_title":"Los alumnos del CRA Eusebia Palomino festejan la Navidad por todo lo alto - Dos Columnas","og_description":"El la ma\u00f1ana de ayer, d\u00eda 22 de diciembre, los alumnos del CRA Eusebia Palomino, pertenecientes a los pueblos de Cantalpino y Arabayona, festejaban la llegada de la Navidad con una fiesta llena de&#46;&#46;&#46;","og_url":"https:\/\/iicolumnas.es\/index.php\/actualidad\/2016\/12\/23\/los-alumnos-del-cra-eusebia-palomino-festejan-la-navidad-lo-alto\/","og_site_name":"Dos Columnas","article_publisher":"https:\/\/www.facebook.com\/iicolumnas\/","article_published_time":"2016-12-23T17:40:19+00:00","og_image":[{"width":800,"height":450,"url":"https:\/\/iicolumnas.es\/wp-content\/uploads\/2016\/12\/fiesta-cole-navidad-2016-28.jpg","type":"image\/jpeg"}],"author":"Elisabeth Herrero","twitter_card":"summary_large_image","twitter_creator":"@iicolumnas","twitter_site":"@iicolumnas","twitter_misc":{"Escrito por":"Elisabeth Herrero","Tiempo de lectura":"4 minutos"},"schema":{"@context":"https:\/\/schema.org","@graph":[{"@type":"WebPage","@id":"https:\/\/iicolumnas.es\/index.php\/actualidad\/2016\/12\/23\/los-alumnos-del-cra-eusebia-palomino-festejan-la-navidad-lo-alto\/","url":"https:\/\/iicolumnas.es\/index.php\/actualidad\/2016\/12\/23\/los-alumnos-del-cra-eusebia-palomino-festejan-la-navidad-lo-alto\/","name":"Los alumnos del CRA Eusebia Palomino festejan la Navidad por todo lo alto - Dos Columnas","isPartOf":{"@id":"https:\/\/iicolumnas.es\/#website"},"primaryImageOfPage":{"@id":"https:\/\/iicolumnas.es\/index.php\/actualidad\/2016\/12\/23\/los-alumnos-del-cra-eusebia-palomino-festejan-la-navidad-lo-alto\/#primaryimage"},"image":{"@id":"https:\/\/iicolumnas.es\/index.php\/actualidad\/2016\/12\/23\/los-alumnos-del-cra-eusebia-palomino-festejan-la-navidad-lo-alto\/#primaryimage"},"thumbnailUrl":"https:\/\/iicolumnas.es\/wp-content\/uploads\/2016\/12\/fiesta-cole-navidad-2016-28.jpg","datePublished":"2016-12-23T17:40:19+00:00","author":{"@id":"https:\/\/iicolumnas.es\/#\/schema\/person\/a7ff663470be5c4a58b4056144602608"},"breadcrumb":{"@id":"https:\/\/iicolumnas.es\/index.php\/actualidad\/2016\/12\/23\/los-alumnos-del-cra-eusebia-palomino-festejan-la-navidad-lo-alto\/#breadcrumb"},"inLanguage":"es","potentialAction":[{"@type":"ReadAction","target":["https:\/\/iicolumnas.es\/index.php\/actualidad\/2016\/12\/23\/los-alumnos-del-cra-eusebia-palomino-festejan-la-navidad-lo-alto\/"]}]},{"@type":"ImageObject","inLanguage":"es","@id":"https:\/\/iicolumnas.es\/index.php\/actualidad\/2016\/12\/23\/los-alumnos-del-cra-eusebia-palomino-festejan-la-navidad-lo-alto\/#primaryimage","url":"https:\/\/iicolumnas.es\/wp-content\/uploads\/2016\/12\/fiesta-cole-navidad-2016-28.jpg","contentUrl":"https:\/\/iicolumnas.es\/wp-content\/uploads\/2016\/12\/fiesta-cole-navidad-2016-28.jpg","width":"800","height":"450"},{"@type":"BreadcrumbList","@id":"https:\/\/iicolumnas.es\/index.php\/actualidad\/2016\/12\/23\/los-alumnos-del-cra-eusebia-palomino-festejan-la-navidad-lo-alto\/#breadcrumb","itemListElement":[{"@type":"ListItem","position":1,"name":"Portada","item":"https:\/\/iicolumnas.es\/"},{"@type":"ListItem","position":2,"name":"Actualidad","item":"https:\/\/iicolumnas.es\/index.php\/category\/actualidad\/"},{"@type":"ListItem","position":3,"name":"Los alumnos del CRA Eusebia Palomino festejan la Navidad por todo lo alto"}]},{"@type":"WebSite","@id":"https:\/\/iicolumnas.es\/#website","url":"https:\/\/iicolumnas.es\/","name":"Dos Columnas","description":"El peri\u00f3dico de la villa de Cantalpino","potentialAction":[{"@type":"SearchAction","target":{"@type":"EntryPoint","urlTemplate":"https:\/\/iicolumnas.es\/?s={search_term_string}"},"query-input":{"@type":"PropertyValueSpecification","valueRequired":true,"valueName":"search_term_string"}}],"inLanguage":"es"},{"@type":"Person","@id":"https:\/\/iicolumnas.es\/#\/schema\/person\/a7ff663470be5c4a58b4056144602608","name":"Elisabeth Herrero","image":{"@type":"ImageObject","inLanguage":"es","@id":"https:\/\/iicolumnas.es\/#\/schema\/person\/image\/","url":"https:\/\/secure.gravatar.com\/avatar\/940d2d17ae8f8dbc80e004b6d5cf732529898723a62eb676e66b87e474e93db4?s=96&d=mm&r=g","contentUrl":"https:\/\/secure.gravatar.com\/avatar\/940d2d17ae8f8dbc80e004b6d5cf732529898723a62eb676e66b87e474e93db4?s=96&d=mm&r=g","caption":"Elisabeth Herrero"}}]}},"_links":{"self":[{"href":"https:\/\/iicolumnas.es\/index.php\/wp-json\/wp\/v2\/posts\/8213","targetHints":{"allow":["GET"]}}],"collection":[{"href":"https:\/\/iicolumnas.es\/index.php\/wp-json\/wp\/v2\/posts"}],"about":[{"href":"https:\/\/iicolumnas.es\/index.php\/wp-json\/wp\/v2\/types\/post"}],"author":[{"embeddable":true,"href":"https:\/\/iicolumnas.es\/index.php\/wp-json\/wp\/v2\/users\/11"}],"replies":[{"embeddable":true,"href":"https:\/\/iicolumnas.es\/index.php\/wp-json\/wp\/v2\/comments?post=8213"}],"version-history":[{"count":13,"href":"https:\/\/iicolumnas.es\/index.php\/wp-json\/wp\/v2\/posts\/8213\/revisions"}],"predecessor-version":[{"id":8237,"href":"https:\/\/iicolumnas.es\/index.php\/wp-json\/wp\/v2\/posts\/8213\/revisions\/8237"}],"wp:featuredmedia":[{"embeddable":true,"href":"https:\/\/iicolumnas.es\/index.php\/wp-json\/wp\/v2\/media\/8166"}],"wp:attachment":[{"href":"https:\/\/iicolumnas.es\/index.php\/wp-json\/wp\/v2\/media?parent=8213"}],"wp:term":[{"taxonomy":"category","embeddable":true,"href":"https:\/\/iicolumnas.es\/index.php\/wp-json\/wp\/v2\/categories?post=8213"},{"taxonomy":"post_tag","embeddable":true,"href":"https:\/\/iicolumnas.es\/index.php\/wp-json\/wp\/v2\/tags?post=8213"}],"curies":[{"name":"wp","href":"https:\/\/api.w.org\/{rel}","templated":true}]}}