{"id":8034,"date":"2016-12-20T14:56:47","date_gmt":"2016-12-20T14:56:47","guid":{"rendered":"https:\/\/iicolumnas.es\/?p=8034"},"modified":"2016-12-20T14:56:47","modified_gmt":"2016-12-20T14:56:47","slug":"exito-la-recogida-comida-juguetes-ropa-organizada-ampa","status":"publish","type":"post","link":"https:\/\/iicolumnas.es\/index.php\/actualidad\/2016\/12\/20\/exito-la-recogida-comida-juguetes-ropa-organizada-ampa\/","title":{"rendered":"\u00c9xito en la recogida de comida, juguetes y ropa organizada por el AMPA"},"content":{"rendered":"<p><img loading=\"lazy\" decoding=\"async\" class=\" wp-image-8036 alignleft\" src=\"https:\/\/iicolumnas.es\/wp-content\/uploads\/2016\/12\/recogida-ampa-2016-2-169x300.jpg\" alt=\"recogida-ampa-2016-2\" width=\"224\" height=\"398\" srcset=\"https:\/\/iicolumnas.es\/wp-content\/uploads\/2016\/12\/recogida-ampa-2016-2-169x300.jpg 169w, https:\/\/iicolumnas.es\/wp-content\/uploads\/2016\/12\/recogida-ampa-2016-2.jpg 450w\" sizes=\"auto, (max-width: 224px) 100vw, 224px\" \/>Como ya anunci\u00e1bamos en\u00a0<span style=\"color: #36cccc;\"><a style=\"color: #36cccc;\" href=\"https:\/\/iicolumnas.es\/index.php\/actualidad\/2016\/12\/14\/solidaridad-deporte-ampa\/\" target=\"_blank\">Solidaridad y deporte en el AMPA<\/a><\/span>\u00a0los pasados d\u00edas 14 y 15 de diciembre el AMPA ha estado recogiendo alimentos, juguetes y ropa para posteriormente poder donarlos a la\u00a0<span class=\"estilo_texto\"><span class=\"estilo_texto\">asociaci\u00f3n adscrita a la <\/span><\/span><span class=\"estilo_texto\"><span class=\"estilo_texto\">Ermita del humilladero<\/span><\/span><span class=\"estilo_texto\"><span class=\"estilo_texto\"> de Pe\u00f1aranda de Bracamonte, la cual se encarga de repartirlos por toda la comarca y de hacer el d\u00eda de reyes un poco m\u00e1s feliz para muchas familias sin recursos.\u00a0<\/span><\/span><\/p>\n<p>Tal y como manifiesta la presidenta Noelia S\u00e1ez la recogida ha sido muy exitosa ya que ha sido abundante especialmente en comida, afirma que \u00abalgunos vecinos compraban directamente comida en la tienda para ayudar en la causa\u00bb. Los d\u00edas de recogida han tenido que ampliar la hora de cierre para permitir a algunos vecinos entregar sus donaciones. Otros han realizado sus donaciones fuera de plazo, pero en estos casos nunca se est\u00e1 fuera de plazo cualquier acto solidario es aceptado en cualquier momento.<\/p>\n<p>Noelia Sa\u00e9z quiere aprovechar este medio para \u00ab<strong>agradecer la solidaridad de todas las familias<\/strong>, ya que en estos tiempos tan complicados algunas hacen grandes esfuerzos\u00bb.<\/p>\n<p>Desde Dos Columnas tambi\u00e9n agradecemos la solidaridad de todos los cantalpineses, y agradecemos tambi\u00e9n algo muy importante, y es que los ni\u00f1os cantalpineses han aprendido que en el mundo hay necesidades y que hay que ayudar en todo lo que sea posible, ya que estas acciones fomentan la solidaridad entre los m\u00e1s peque\u00f1os.<\/p>\n<p>&nbsp;<\/p>\n<p>Fotos: Silvia<\/p>\n\n\t\t<style>\n\t\t\t#gallery-1 {\n\t\t\t\tmargin: auto;\n\t\t\t}\n\t\t\t#gallery-1 .gallery-item {\n\t\t\t\tfloat: left;\n\t\t\t\tmargin-top: 10px;\n\t\t\t\ttext-align: center;\n\t\t\t\twidth: 33%;\n\t\t\t}\n\t\t\t#gallery-1 img {\n\t\t\t\tborder: 2px solid #cfcfcf;\n\t\t\t}\n\t\t\t#gallery-1 .gallery-caption {\n\t\t\t\tmargin-left: 0;\n\t\t\t}\n\t\t\t\/* see gallery_shortcode() in wp-includes\/media.php *\/\n\t\t<\/style>\n\t\t<div id='gallery-1' class='gallery galleryid-8034 gallery-columns-3 gallery-size-large'><dl class='gallery-item'>\n\t\t\t<dt class='gallery-icon landscape'>\n\t\t\t\t<a href='https:\/\/iicolumnas.es\/wp-content\/uploads\/2016\/12\/recogida-ampa-2016-123.jpg' title=\"\" data-rl_title=\"\" class=\"rl-gallery-link\" data-rl_caption=\"\" data-rel=\"lightbox-gallery-1\"><img loading=\"lazy\" decoding=\"async\" width=\"800\" height=\"450\" src=\"https:\/\/iicolumnas.es\/wp-content\/uploads\/2016\/12\/recogida-ampa-2016-123.jpg\" class=\"attachment-large size-large no-lazy\" alt=\"\" srcset=\"https:\/\/iicolumnas.es\/wp-content\/uploads\/2016\/12\/recogida-ampa-2016-123.jpg 800w, https:\/\/iicolumnas.es\/wp-content\/uploads\/2016\/12\/recogida-ampa-2016-123-300x169.jpg 300w\" sizes=\"auto, (max-width: 800px) 100vw, 800px\" \/><\/a>\n\t\t\t<\/dt><\/dl><dl class='gallery-item'>\n\t\t\t<dt class='gallery-icon landscape'>\n\t\t\t\t<a href='https:\/\/iicolumnas.es\/wp-content\/uploads\/2016\/12\/recogida-ampa-2016-7.jpg' title=\"\" data-rl_title=\"\" class=\"rl-gallery-link\" data-rl_caption=\"\" data-rel=\"lightbox-gallery-1\"><img loading=\"lazy\" decoding=\"async\" width=\"800\" height=\"450\" src=\"https:\/\/iicolumnas.es\/wp-content\/uploads\/2016\/12\/recogida-ampa-2016-7.jpg\" class=\"attachment-large size-large no-lazy\" alt=\"\" srcset=\"https:\/\/iicolumnas.es\/wp-content\/uploads\/2016\/12\/recogida-ampa-2016-7.jpg 800w, https:\/\/iicolumnas.es\/wp-content\/uploads\/2016\/12\/recogida-ampa-2016-7-300x169.jpg 300w\" sizes=\"auto, (max-width: 800px) 100vw, 800px\" \/><\/a>\n\t\t\t<\/dt><\/dl><dl class='gallery-item'>\n\t\t\t<dt class='gallery-icon landscape'>\n\t\t\t\t<a href='https:\/\/iicolumnas.es\/wp-content\/uploads\/2016\/12\/recogida-ampa-2016-6.jpg' title=\"\" data-rl_title=\"\" class=\"rl-gallery-link\" data-rl_caption=\"\" data-rel=\"lightbox-gallery-1\"><img loading=\"lazy\" decoding=\"async\" width=\"800\" height=\"450\" src=\"https:\/\/iicolumnas.es\/wp-content\/uploads\/2016\/12\/recogida-ampa-2016-6.jpg\" class=\"attachment-large size-large no-lazy\" alt=\"\" srcset=\"https:\/\/iicolumnas.es\/wp-content\/uploads\/2016\/12\/recogida-ampa-2016-6.jpg 800w, https:\/\/iicolumnas.es\/wp-content\/uploads\/2016\/12\/recogida-ampa-2016-6-300x169.jpg 300w\" sizes=\"auto, (max-width: 800px) 100vw, 800px\" \/><\/a>\n\t\t\t<\/dt><\/dl><br style=\"clear: both\" \/><dl class='gallery-item'>\n\t\t\t<dt class='gallery-icon landscape'>\n\t\t\t\t<a href='https:\/\/iicolumnas.es\/wp-content\/uploads\/2016\/12\/recogida-ampa-2016-5.jpg' title=\"\" data-rl_title=\"\" class=\"rl-gallery-link\" data-rl_caption=\"\" data-rel=\"lightbox-gallery-1\"><img loading=\"lazy\" decoding=\"async\" width=\"800\" height=\"450\" src=\"https:\/\/iicolumnas.es\/wp-content\/uploads\/2016\/12\/recogida-ampa-2016-5.jpg\" class=\"attachment-large size-large no-lazy\" alt=\"\" srcset=\"https:\/\/iicolumnas.es\/wp-content\/uploads\/2016\/12\/recogida-ampa-2016-5.jpg 800w, https:\/\/iicolumnas.es\/wp-content\/uploads\/2016\/12\/recogida-ampa-2016-5-300x169.jpg 300w\" sizes=\"auto, (max-width: 800px) 100vw, 800px\" \/><\/a>\n\t\t\t<\/dt><\/dl><dl class='gallery-item'>\n\t\t\t<dt class='gallery-icon landscape'>\n\t\t\t\t<a href='https:\/\/iicolumnas.es\/wp-content\/uploads\/2016\/12\/recogida-ampa-2016-4.jpg' title=\"\" data-rl_title=\"\" class=\"rl-gallery-link\" data-rl_caption=\"\" data-rel=\"lightbox-gallery-1\"><img loading=\"lazy\" decoding=\"async\" width=\"800\" height=\"450\" src=\"https:\/\/iicolumnas.es\/wp-content\/uploads\/2016\/12\/recogida-ampa-2016-4.jpg\" class=\"attachment-large size-large no-lazy\" alt=\"\" srcset=\"https:\/\/iicolumnas.es\/wp-content\/uploads\/2016\/12\/recogida-ampa-2016-4.jpg 800w, https:\/\/iicolumnas.es\/wp-content\/uploads\/2016\/12\/recogida-ampa-2016-4-300x169.jpg 300w\" sizes=\"auto, (max-width: 800px) 100vw, 800px\" \/><\/a>\n\t\t\t<\/dt><\/dl><dl class='gallery-item'>\n\t\t\t<dt class='gallery-icon landscape'>\n\t\t\t\t<a href='https:\/\/iicolumnas.es\/wp-content\/uploads\/2016\/12\/recogida-ampa-2016-3.jpg' title=\"\" data-rl_title=\"\" class=\"rl-gallery-link\" data-rl_caption=\"\" data-rel=\"lightbox-gallery-1\"><img loading=\"lazy\" decoding=\"async\" width=\"800\" height=\"450\" src=\"https:\/\/iicolumnas.es\/wp-content\/uploads\/2016\/12\/recogida-ampa-2016-3.jpg\" class=\"attachment-large size-large no-lazy\" alt=\"\" srcset=\"https:\/\/iicolumnas.es\/wp-content\/uploads\/2016\/12\/recogida-ampa-2016-3.jpg 800w, https:\/\/iicolumnas.es\/wp-content\/uploads\/2016\/12\/recogida-ampa-2016-3-300x169.jpg 300w\" sizes=\"auto, (max-width: 800px) 100vw, 800px\" \/><\/a>\n\t\t\t<\/dt><\/dl><br style=\"clear: both\" \/><dl class='gallery-item'>\n\t\t\t<dt class='gallery-icon portrait'>\n\t\t\t\t<a href='https:\/\/iicolumnas.es\/wp-content\/uploads\/2016\/12\/recogida-ampa-2016-1.jpg' title=\"\" data-rl_title=\"\" class=\"rl-gallery-link\" data-rl_caption=\"\" data-rel=\"lightbox-gallery-1\"><img loading=\"lazy\" decoding=\"async\" width=\"450\" height=\"800\" src=\"https:\/\/iicolumnas.es\/wp-content\/uploads\/2016\/12\/recogida-ampa-2016-1.jpg\" class=\"attachment-large size-large no-lazy\" alt=\"\" srcset=\"https:\/\/iicolumnas.es\/wp-content\/uploads\/2016\/12\/recogida-ampa-2016-1.jpg 450w, https:\/\/iicolumnas.es\/wp-content\/uploads\/2016\/12\/recogida-ampa-2016-1-169x300.jpg 169w\" sizes=\"auto, (max-width: 450px) 100vw, 450px\" \/><\/a>\n\t\t\t<\/dt><\/dl>\n\t\t\t<br style='clear: both' \/>\n\t\t<\/div>\n\n","protected":false},"excerpt":{"rendered":"<p>Como ya anunci\u00e1bamos en\u00a0Solidaridad y deporte en el AMPA\u00a0los pasados d\u00edas 14 y 15 de diciembre el AMPA ha estado recogiendo alimentos, juguetes y ropa para posteriormente poder donarlos a la\u00a0asociaci\u00f3n adscrita a la&#46;&#46;&#46;<\/p>\n","protected":false},"author":1,"featured_media":8041,"comment_status":"open","ping_status":"open","sticky":false,"template":"","format":"standard","meta":{"footnotes":""},"categories":[1],"tags":[436,1131],"class_list":["post-8034","post","type-post","status-publish","format-standard","has-post-thumbnail","hentry","category-actualidad","tag-ampa","tag-solidaridad"],"yoast_head":"<!-- This site is optimized with the Yoast SEO plugin v26.6 - https:\/\/yoast.com\/wordpress\/plugins\/seo\/ -->\n<title>\u00c9xito en la recogida de comida, juguetes y ropa organizada por el AMPA - Dos Columnas<\/title>\n<meta name=\"robots\" content=\"index, follow, max-snippet:-1, max-image-preview:large, max-video-preview:-1\" \/>\n<link rel=\"canonical\" href=\"https:\/\/iicolumnas.es\/index.php\/actualidad\/2016\/12\/20\/exito-la-recogida-comida-juguetes-ropa-organizada-ampa\/\" \/>\n<meta property=\"og:locale\" content=\"es_ES\" \/>\n<meta property=\"og:type\" content=\"article\" \/>\n<meta property=\"og:title\" content=\"\u00c9xito en la recogida de comida, juguetes y ropa organizada por el AMPA - Dos Columnas\" \/>\n<meta property=\"og:description\" content=\"Como ya anunci\u00e1bamos en\u00a0Solidaridad y deporte en el AMPA\u00a0los pasados d\u00edas 14 y 15 de diciembre el AMPA ha estado recogiendo alimentos, juguetes y ropa para posteriormente poder donarlos a la\u00a0asociaci\u00f3n adscrita a la&#046;&#046;&#046;\" \/>\n<meta property=\"og:url\" content=\"https:\/\/iicolumnas.es\/index.php\/actualidad\/2016\/12\/20\/exito-la-recogida-comida-juguetes-ropa-organizada-ampa\/\" \/>\n<meta property=\"og:site_name\" content=\"Dos Columnas\" \/>\n<meta property=\"article:publisher\" content=\"https:\/\/www.facebook.com\/iicolumnas\/\" \/>\n<meta property=\"article:published_time\" content=\"2016-12-20T14:56:47+00:00\" \/>\n<meta property=\"og:image\" content=\"https:\/\/iicolumnas.es\/wp-content\/uploads\/2016\/12\/recogida-ampa-2016-7.jpg\" \/>\n\t<meta property=\"og:image:width\" content=\"800\" \/>\n\t<meta property=\"og:image:height\" content=\"450\" \/>\n\t<meta property=\"og:image:type\" content=\"image\/jpeg\" \/>\n<meta name=\"author\" content=\"Juan Alberto Garc\u00eda\" \/>\n<meta name=\"twitter:card\" content=\"summary_large_image\" \/>\n<meta name=\"twitter:creator\" content=\"@iicolumnas\" \/>\n<meta name=\"twitter:site\" content=\"@iicolumnas\" \/>\n<meta name=\"twitter:label1\" content=\"Escrito por\" \/>\n\t<meta name=\"twitter:data1\" content=\"Juan Alberto Garc\u00eda\" \/>\n\t<meta name=\"twitter:label2\" content=\"Tiempo de lectura\" \/>\n\t<meta name=\"twitter:data2\" content=\"1 minuto\" \/>\n<script type=\"application\/ld+json\" class=\"yoast-schema-graph\">{\"@context\":\"https:\/\/schema.org\",\"@graph\":[{\"@type\":\"WebPage\",\"@id\":\"https:\/\/iicolumnas.es\/index.php\/actualidad\/2016\/12\/20\/exito-la-recogida-comida-juguetes-ropa-organizada-ampa\/\",\"url\":\"https:\/\/iicolumnas.es\/index.php\/actualidad\/2016\/12\/20\/exito-la-recogida-comida-juguetes-ropa-organizada-ampa\/\",\"name\":\"\u00c9xito en la recogida de comida, juguetes y ropa organizada por el AMPA - Dos Columnas\",\"isPartOf\":{\"@id\":\"https:\/\/iicolumnas.es\/#website\"},\"primaryImageOfPage\":{\"@id\":\"https:\/\/iicolumnas.es\/index.php\/actualidad\/2016\/12\/20\/exito-la-recogida-comida-juguetes-ropa-organizada-ampa\/#primaryimage\"},\"image\":{\"@id\":\"https:\/\/iicolumnas.es\/index.php\/actualidad\/2016\/12\/20\/exito-la-recogida-comida-juguetes-ropa-organizada-ampa\/#primaryimage\"},\"thumbnailUrl\":\"https:\/\/iicolumnas.es\/wp-content\/uploads\/2016\/12\/recogida-ampa-2016-7.jpg\",\"datePublished\":\"2016-12-20T14:56:47+00:00\",\"author\":{\"@id\":\"https:\/\/iicolumnas.es\/#\/schema\/person\/454e592beb5051596092682bc7744870\"},\"breadcrumb\":{\"@id\":\"https:\/\/iicolumnas.es\/index.php\/actualidad\/2016\/12\/20\/exito-la-recogida-comida-juguetes-ropa-organizada-ampa\/#breadcrumb\"},\"inLanguage\":\"es\",\"potentialAction\":[{\"@type\":\"ReadAction\",\"target\":[\"https:\/\/iicolumnas.es\/index.php\/actualidad\/2016\/12\/20\/exito-la-recogida-comida-juguetes-ropa-organizada-ampa\/\"]}]},{\"@type\":\"ImageObject\",\"inLanguage\":\"es\",\"@id\":\"https:\/\/iicolumnas.es\/index.php\/actualidad\/2016\/12\/20\/exito-la-recogida-comida-juguetes-ropa-organizada-ampa\/#primaryimage\",\"url\":\"https:\/\/iicolumnas.es\/wp-content\/uploads\/2016\/12\/recogida-ampa-2016-7.jpg\",\"contentUrl\":\"https:\/\/iicolumnas.es\/wp-content\/uploads\/2016\/12\/recogida-ampa-2016-7.jpg\",\"width\":\"800\",\"height\":\"450\"},{\"@type\":\"BreadcrumbList\",\"@id\":\"https:\/\/iicolumnas.es\/index.php\/actualidad\/2016\/12\/20\/exito-la-recogida-comida-juguetes-ropa-organizada-ampa\/#breadcrumb\",\"itemListElement\":[{\"@type\":\"ListItem\",\"position\":1,\"name\":\"Portada\",\"item\":\"https:\/\/iicolumnas.es\/\"},{\"@type\":\"ListItem\",\"position\":2,\"name\":\"Actualidad\",\"item\":\"https:\/\/iicolumnas.es\/index.php\/category\/actualidad\/\"},{\"@type\":\"ListItem\",\"position\":3,\"name\":\"\u00c9xito en la recogida de comida, juguetes y ropa organizada por el AMPA\"}]},{\"@type\":\"WebSite\",\"@id\":\"https:\/\/iicolumnas.es\/#website\",\"url\":\"https:\/\/iicolumnas.es\/\",\"name\":\"Dos Columnas\",\"description\":\"El peri\u00f3dico de la villa de Cantalpino\",\"potentialAction\":[{\"@type\":\"SearchAction\",\"target\":{\"@type\":\"EntryPoint\",\"urlTemplate\":\"https:\/\/iicolumnas.es\/?s={search_term_string}\"},\"query-input\":{\"@type\":\"PropertyValueSpecification\",\"valueRequired\":true,\"valueName\":\"search_term_string\"}}],\"inLanguage\":\"es\"},{\"@type\":\"Person\",\"@id\":\"https:\/\/iicolumnas.es\/#\/schema\/person\/454e592beb5051596092682bc7744870\",\"name\":\"Juan Alberto Garc\u00eda\",\"image\":{\"@type\":\"ImageObject\",\"inLanguage\":\"es\",\"@id\":\"https:\/\/iicolumnas.es\/#\/schema\/person\/image\/\",\"url\":\"https:\/\/secure.gravatar.com\/avatar\/b5e9097f5115a63587d45ece976d47f33159b9258fd778d9fbb56ce1c9d21ca8?s=96&d=mm&r=g\",\"contentUrl\":\"https:\/\/secure.gravatar.com\/avatar\/b5e9097f5115a63587d45ece976d47f33159b9258fd778d9fbb56ce1c9d21ca8?s=96&d=mm&r=g\",\"caption\":\"Juan Alberto Garc\u00eda\"},\"description\":\"los admin tienen demasiados privilegios sobre otros admin, no crees?\",\"sameAs\":[\"https:\/\/www.linkedin.com\/in\/juan-alberto-garc%C3%ADa-esteban-85389310b\"]}]}<\/script>\n<!-- \/ Yoast SEO plugin. -->","yoast_head_json":{"title":"\u00c9xito en la recogida de comida, juguetes y ropa organizada por el AMPA - Dos Columnas","robots":{"index":"index","follow":"follow","max-snippet":"max-snippet:-1","max-image-preview":"max-image-preview:large","max-video-preview":"max-video-preview:-1"},"canonical":"https:\/\/iicolumnas.es\/index.php\/actualidad\/2016\/12\/20\/exito-la-recogida-comida-juguetes-ropa-organizada-ampa\/","og_locale":"es_ES","og_type":"article","og_title":"\u00c9xito en la recogida de comida, juguetes y ropa organizada por el AMPA - Dos Columnas","og_description":"Como ya anunci\u00e1bamos en\u00a0Solidaridad y deporte en el AMPA\u00a0los pasados d\u00edas 14 y 15 de diciembre el AMPA ha estado recogiendo alimentos, juguetes y ropa para posteriormente poder donarlos a la\u00a0asociaci\u00f3n adscrita a la&#46;&#46;&#46;","og_url":"https:\/\/iicolumnas.es\/index.php\/actualidad\/2016\/12\/20\/exito-la-recogida-comida-juguetes-ropa-organizada-ampa\/","og_site_name":"Dos Columnas","article_publisher":"https:\/\/www.facebook.com\/iicolumnas\/","article_published_time":"2016-12-20T14:56:47+00:00","og_image":[{"width":800,"height":450,"url":"https:\/\/iicolumnas.es\/wp-content\/uploads\/2016\/12\/recogida-ampa-2016-7.jpg","type":"image\/jpeg"}],"author":"Juan Alberto Garc\u00eda","twitter_card":"summary_large_image","twitter_creator":"@iicolumnas","twitter_site":"@iicolumnas","twitter_misc":{"Escrito por":"Juan Alberto Garc\u00eda","Tiempo de lectura":"1 minuto"},"schema":{"@context":"https:\/\/schema.org","@graph":[{"@type":"WebPage","@id":"https:\/\/iicolumnas.es\/index.php\/actualidad\/2016\/12\/20\/exito-la-recogida-comida-juguetes-ropa-organizada-ampa\/","url":"https:\/\/iicolumnas.es\/index.php\/actualidad\/2016\/12\/20\/exito-la-recogida-comida-juguetes-ropa-organizada-ampa\/","name":"\u00c9xito en la recogida de comida, juguetes y ropa organizada por el AMPA - Dos Columnas","isPartOf":{"@id":"https:\/\/iicolumnas.es\/#website"},"primaryImageOfPage":{"@id":"https:\/\/iicolumnas.es\/index.php\/actualidad\/2016\/12\/20\/exito-la-recogida-comida-juguetes-ropa-organizada-ampa\/#primaryimage"},"image":{"@id":"https:\/\/iicolumnas.es\/index.php\/actualidad\/2016\/12\/20\/exito-la-recogida-comida-juguetes-ropa-organizada-ampa\/#primaryimage"},"thumbnailUrl":"https:\/\/iicolumnas.es\/wp-content\/uploads\/2016\/12\/recogida-ampa-2016-7.jpg","datePublished":"2016-12-20T14:56:47+00:00","author":{"@id":"https:\/\/iicolumnas.es\/#\/schema\/person\/454e592beb5051596092682bc7744870"},"breadcrumb":{"@id":"https:\/\/iicolumnas.es\/index.php\/actualidad\/2016\/12\/20\/exito-la-recogida-comida-juguetes-ropa-organizada-ampa\/#breadcrumb"},"inLanguage":"es","potentialAction":[{"@type":"ReadAction","target":["https:\/\/iicolumnas.es\/index.php\/actualidad\/2016\/12\/20\/exito-la-recogida-comida-juguetes-ropa-organizada-ampa\/"]}]},{"@type":"ImageObject","inLanguage":"es","@id":"https:\/\/iicolumnas.es\/index.php\/actualidad\/2016\/12\/20\/exito-la-recogida-comida-juguetes-ropa-organizada-ampa\/#primaryimage","url":"https:\/\/iicolumnas.es\/wp-content\/uploads\/2016\/12\/recogida-ampa-2016-7.jpg","contentUrl":"https:\/\/iicolumnas.es\/wp-content\/uploads\/2016\/12\/recogida-ampa-2016-7.jpg","width":"800","height":"450"},{"@type":"BreadcrumbList","@id":"https:\/\/iicolumnas.es\/index.php\/actualidad\/2016\/12\/20\/exito-la-recogida-comida-juguetes-ropa-organizada-ampa\/#breadcrumb","itemListElement":[{"@type":"ListItem","position":1,"name":"Portada","item":"https:\/\/iicolumnas.es\/"},{"@type":"ListItem","position":2,"name":"Actualidad","item":"https:\/\/iicolumnas.es\/index.php\/category\/actualidad\/"},{"@type":"ListItem","position":3,"name":"\u00c9xito en la recogida de comida, juguetes y ropa organizada por el AMPA"}]},{"@type":"WebSite","@id":"https:\/\/iicolumnas.es\/#website","url":"https:\/\/iicolumnas.es\/","name":"Dos Columnas","description":"El peri\u00f3dico de la villa de Cantalpino","potentialAction":[{"@type":"SearchAction","target":{"@type":"EntryPoint","urlTemplate":"https:\/\/iicolumnas.es\/?s={search_term_string}"},"query-input":{"@type":"PropertyValueSpecification","valueRequired":true,"valueName":"search_term_string"}}],"inLanguage":"es"},{"@type":"Person","@id":"https:\/\/iicolumnas.es\/#\/schema\/person\/454e592beb5051596092682bc7744870","name":"Juan Alberto Garc\u00eda","image":{"@type":"ImageObject","inLanguage":"es","@id":"https:\/\/iicolumnas.es\/#\/schema\/person\/image\/","url":"https:\/\/secure.gravatar.com\/avatar\/b5e9097f5115a63587d45ece976d47f33159b9258fd778d9fbb56ce1c9d21ca8?s=96&d=mm&r=g","contentUrl":"https:\/\/secure.gravatar.com\/avatar\/b5e9097f5115a63587d45ece976d47f33159b9258fd778d9fbb56ce1c9d21ca8?s=96&d=mm&r=g","caption":"Juan Alberto Garc\u00eda"},"description":"los admin tienen demasiados privilegios sobre otros admin, no crees?","sameAs":["https:\/\/www.linkedin.com\/in\/juan-alberto-garc%C3%ADa-esteban-85389310b"]}]}},"_links":{"self":[{"href":"https:\/\/iicolumnas.es\/index.php\/wp-json\/wp\/v2\/posts\/8034","targetHints":{"allow":["GET"]}}],"collection":[{"href":"https:\/\/iicolumnas.es\/index.php\/wp-json\/wp\/v2\/posts"}],"about":[{"href":"https:\/\/iicolumnas.es\/index.php\/wp-json\/wp\/v2\/types\/post"}],"author":[{"embeddable":true,"href":"https:\/\/iicolumnas.es\/index.php\/wp-json\/wp\/v2\/users\/1"}],"replies":[{"embeddable":true,"href":"https:\/\/iicolumnas.es\/index.php\/wp-json\/wp\/v2\/comments?post=8034"}],"version-history":[{"count":5,"href":"https:\/\/iicolumnas.es\/index.php\/wp-json\/wp\/v2\/posts\/8034\/revisions"}],"predecessor-version":[{"id":8096,"href":"https:\/\/iicolumnas.es\/index.php\/wp-json\/wp\/v2\/posts\/8034\/revisions\/8096"}],"wp:featuredmedia":[{"embeddable":true,"href":"https:\/\/iicolumnas.es\/index.php\/wp-json\/wp\/v2\/media\/8041"}],"wp:attachment":[{"href":"https:\/\/iicolumnas.es\/index.php\/wp-json\/wp\/v2\/media?parent=8034"}],"wp:term":[{"taxonomy":"category","embeddable":true,"href":"https:\/\/iicolumnas.es\/index.php\/wp-json\/wp\/v2\/categories?post=8034"},{"taxonomy":"post_tag","embeddable":true,"href":"https:\/\/iicolumnas.es\/index.php\/wp-json\/wp\/v2\/tags?post=8034"}],"curies":[{"name":"wp","href":"https:\/\/api.w.org\/{rel}","templated":true}]}}