{"id":7832,"date":"2016-11-19T13:46:22","date_gmt":"2016-11-19T13:46:22","guid":{"rendered":"https:\/\/iicolumnas.es\/?p=7832"},"modified":"2016-11-19T13:46:22","modified_gmt":"2016-11-19T13:46:22","slug":"convocada-reunion-informativa-la-obtencion-las-casas-proteccion-oficial","status":"publish","type":"post","link":"https:\/\/iicolumnas.es\/index.php\/actualidad\/2016\/11\/19\/convocada-reunion-informativa-la-obtencion-las-casas-proteccion-oficial\/","title":{"rendered":"Convocada reuni\u00f3n informativa para la obtenci\u00f3n de las casas de protecci\u00f3n oficial"},"content":{"rendered":"<p>El pr\u00f3ximo 25 de noviembre se informar\u00e1 de las peculiaridades de cada una de estas 8 viviendas de protecci\u00f3n oficial localizadas 4 de ellas en la calle\u00a0Pe\u00f1aranda y \u00a0las otras 4 en la calle Bolos Primera.<\/p>\n<p>La reuni\u00f3n se realizar\u00e1 en las propias casas a las 11 de la ma\u00f1ana donde asistir\u00e1n\u00a0t\u00e9cnicos de la Junta de Castilla y Le\u00f3n y representantes del Ayuntamiento por la colaboraci\u00f3n de la instituci\u00f3n municipal en el desarrollo de su construcci\u00f3n.<\/p>\n<p>Una vivienda se considera protegida cuando la comunidad aut\u00f3noma en la que se encuentra verifica que cumple una serie de caracter\u00edsticas sobre dimensiones m\u00e1ximas y precio m\u00e1ximo (de venta o renta), por medio de la \u201ccalificaci\u00f3n provisional\u201d del Proyecto y posterior \u201ccalificaci\u00f3n definitiva\u201d de la vivienda terminada. A cambio el promotor obtiene del estado y las comunidades aut\u00f3nomas una serie de ayudas que compensan la limitaci\u00f3n de precio m\u00e1ximo al que se pueden vender o alquilar.<\/p>\n<p>El precio de la vivienda protegida ser\u00e1, por tanto, inferior a la vivienda libre pero a cambio tendr\u00e1 una serie de limitaciones: deber\u00e1n destinarse a vivienda habitual y permanente de familias con ingresos inferiores a una cantidad determinada, teniendo regulado su uso durante todo el tiempo que dure el r\u00e9gimen de protecci\u00f3n.<\/p>\n<p>Las casas\u00a0se pondr\u00e1n pr\u00f3ximamente a la venta y debido al exceso de demanda y escasa oferta se realiza una selecci\u00f3n para su adquisici\u00f3n donde hay que cumplir los siguientes requisitos (ver enlace):<\/p>\n<p><span style=\"color: #36cccc;\"><a style=\"color: #36cccc;\" href=\"http:\/\/www.vivienda.jcyl.es\/web\/jcyl\/OficinaVivienda\/es\/Plantilla100\/1258120699332\/_\/_\/_\" target=\"_blank\">Requisitos a cumplir<\/a><\/span><\/p>\n<p>Para una mayor informaci\u00f3n sobre VPO :<\/p>\n<p><span style=\"color: #36cccc;\"><a style=\"color: #36cccc;\" href=\"https:\/\/www.idealista.com\/news\/inmobiliario\/vivienda\/2009\/10\/21\/110162-vpo-y-viviendas-protegidas-guia-con-todo-lo-que-necesitas-saber\" target=\"_blank\">Guia viviendas de protecci\u00f3n oficial<\/a><\/span><\/p>\n<div id=\"metaslider-id-7839\" style=\"max-width: 800px; margin: 0 auto;\" class=\"ml-slider-3-104-0 metaslider metaslider-nivo metaslider-7839 ml-slider ms-theme-default\" role=\"region\" aria-label=\"casas proteccion oficial\" data-height=\"600\" data-width=\"800\">\n    <div id=\"metaslider_container_7839\">\n        <div class='slider-wrapper theme-default'><div class='ribbon'><\/div><div id='metaslider_7839' class='nivoSlider'><img loading=\"lazy\" decoding=\"async\" src=\"https:\/\/iicolumnas.es\/wp-content\/uploads\/2016\/11\/casas-proteccion-oficial-33.jpg\" height=\"600\" width=\"800\" alt=\"\" class=\"slider-7839 slide-7847 msDefaultImage\" \/><img loading=\"lazy\" decoding=\"async\" src=\"https:\/\/iicolumnas.es\/wp-content\/uploads\/2016\/11\/casas-proteccion-oficial-05.jpg\" height=\"600\" width=\"800\" alt=\"\" class=\"slider-7839 slide-7841 msDefaultImage\" \/><img loading=\"lazy\" decoding=\"async\" src=\"https:\/\/iicolumnas.es\/wp-content\/uploads\/2016\/11\/casas-proteccion-oficial-26.jpg\" height=\"600\" width=\"800\" alt=\"\" class=\"slider-7839 slide-7845 msDefaultImage\" \/><img loading=\"lazy\" decoding=\"async\" src=\"https:\/\/iicolumnas.es\/wp-content\/uploads\/2016\/11\/casas-proteccion-oficial-24.jpg\" height=\"600\" width=\"800\" alt=\"\" class=\"slider-7839 slide-7844 msDefaultImage\" \/><img loading=\"lazy\" decoding=\"async\" src=\"https:\/\/iicolumnas.es\/wp-content\/uploads\/2016\/11\/casas-proteccion-oficial-01.jpg\" height=\"600\" width=\"800\" alt=\"\" class=\"slider-7839 slide-7840 msDefaultImage\" \/><img loading=\"lazy\" decoding=\"async\" src=\"https:\/\/iicolumnas.es\/wp-content\/uploads\/2016\/11\/casas-proteccion-oficial-13.jpg\" height=\"600\" width=\"800\" alt=\"\" class=\"slider-7839 slide-7843 msDefaultImage\" \/><img loading=\"lazy\" decoding=\"async\" src=\"https:\/\/iicolumnas.es\/wp-content\/uploads\/2016\/11\/casas-proteccion-oficial-58.jpg\" height=\"600\" width=\"800\" alt=\"\" class=\"slider-7839 slide-7849 msDefaultImage\" \/><img loading=\"lazy\" decoding=\"async\" src=\"https:\/\/iicolumnas.es\/wp-content\/uploads\/2016\/11\/casas-proteccion-oficial-11.jpg\" height=\"600\" width=\"800\" alt=\"\" class=\"slider-7839 slide-7842 msDefaultImage\" \/><img loading=\"lazy\" decoding=\"async\" src=\"https:\/\/iicolumnas.es\/wp-content\/uploads\/2016\/11\/casas-proteccion-oficial-28.jpg\" height=\"600\" width=\"800\" alt=\"\" class=\"slider-7839 slide-7846 msDefaultImage\" \/><img loading=\"lazy\" decoding=\"async\" src=\"https:\/\/iicolumnas.es\/wp-content\/uploads\/2016\/11\/casas-proteccion-oficial-40.jpg\" height=\"600\" width=\"800\" alt=\"\" class=\"slider-7839 slide-7848 msDefaultImage\" \/><\/div><\/div>\n        \n    <\/div>\n<\/div>\n","protected":false},"excerpt":{"rendered":"<p>El pr\u00f3ximo 25 de noviembre se informar\u00e1 de las peculiaridades de cada una de estas 8 viviendas de protecci\u00f3n oficial localizadas 4 de ellas en la calle\u00a0Pe\u00f1aranda y \u00a0las otras 4 en la calle&#46;&#46;&#46;<\/p>\n","protected":false},"author":15,"featured_media":7853,"comment_status":"open","ping_status":"open","sticky":false,"template":"","format":"standard","meta":{"footnotes":""},"categories":[1],"tags":[1140,1139,1138],"class_list":["post-7832","post","type-post","status-publish","format-standard","has-post-thumbnail","hentry","category-actualidad","tag-noviembre-2016","tag-proteccion-oficial","tag-vpo"],"yoast_head":"<!-- This site is optimized with the Yoast SEO plugin v26.6 - https:\/\/yoast.com\/wordpress\/plugins\/seo\/ -->\n<title>Convocada reuni\u00f3n informativa para la obtenci\u00f3n de las casas de protecci\u00f3n oficial - Dos Columnas<\/title>\n<meta name=\"robots\" content=\"index, follow, max-snippet:-1, max-image-preview:large, max-video-preview:-1\" \/>\n<link rel=\"canonical\" href=\"https:\/\/iicolumnas.es\/index.php\/actualidad\/2016\/11\/19\/convocada-reunion-informativa-la-obtencion-las-casas-proteccion-oficial\/\" \/>\n<meta property=\"og:locale\" content=\"es_ES\" \/>\n<meta property=\"og:type\" content=\"article\" \/>\n<meta property=\"og:title\" content=\"Convocada reuni\u00f3n informativa para la obtenci\u00f3n de las casas de protecci\u00f3n oficial - Dos Columnas\" \/>\n<meta property=\"og:description\" content=\"El pr\u00f3ximo 25 de noviembre se informar\u00e1 de las peculiaridades de cada una de estas 8 viviendas de protecci\u00f3n oficial localizadas 4 de ellas en la calle\u00a0Pe\u00f1aranda y \u00a0las otras 4 en la calle&#046;&#046;&#046;\" \/>\n<meta property=\"og:url\" content=\"https:\/\/iicolumnas.es\/index.php\/actualidad\/2016\/11\/19\/convocada-reunion-informativa-la-obtencion-las-casas-proteccion-oficial\/\" \/>\n<meta property=\"og:site_name\" content=\"Dos Columnas\" \/>\n<meta property=\"article:publisher\" content=\"https:\/\/www.facebook.com\/iicolumnas\/\" \/>\n<meta property=\"article:published_time\" content=\"2016-11-19T13:46:22+00:00\" \/>\n<meta property=\"og:image\" content=\"https:\/\/iicolumnas.es\/wp-content\/uploads\/2016\/11\/cassas.jpg\" \/>\n\t<meta property=\"og:image:width\" content=\"222\" \/>\n\t<meta property=\"og:image:height\" content=\"227\" \/>\n\t<meta property=\"og:image:type\" content=\"image\/jpeg\" \/>\n<meta name=\"author\" content=\"Jonathan Mart\u00edn\" \/>\n<meta name=\"twitter:card\" content=\"summary_large_image\" \/>\n<meta name=\"twitter:creator\" content=\"@iicolumnas\" \/>\n<meta name=\"twitter:site\" content=\"@iicolumnas\" \/>\n<meta name=\"twitter:label1\" content=\"Escrito por\" \/>\n\t<meta name=\"twitter:data1\" content=\"Jonathan Mart\u00edn\" \/>\n\t<meta name=\"twitter:label2\" content=\"Tiempo de lectura\" \/>\n\t<meta name=\"twitter:data2\" content=\"1 minuto\" \/>\n<script type=\"application\/ld+json\" class=\"yoast-schema-graph\">{\"@context\":\"https:\/\/schema.org\",\"@graph\":[{\"@type\":\"WebPage\",\"@id\":\"https:\/\/iicolumnas.es\/index.php\/actualidad\/2016\/11\/19\/convocada-reunion-informativa-la-obtencion-las-casas-proteccion-oficial\/\",\"url\":\"https:\/\/iicolumnas.es\/index.php\/actualidad\/2016\/11\/19\/convocada-reunion-informativa-la-obtencion-las-casas-proteccion-oficial\/\",\"name\":\"Convocada reuni\u00f3n informativa para la obtenci\u00f3n de las casas de protecci\u00f3n oficial - Dos Columnas\",\"isPartOf\":{\"@id\":\"https:\/\/iicolumnas.es\/#website\"},\"primaryImageOfPage\":{\"@id\":\"https:\/\/iicolumnas.es\/index.php\/actualidad\/2016\/11\/19\/convocada-reunion-informativa-la-obtencion-las-casas-proteccion-oficial\/#primaryimage\"},\"image\":{\"@id\":\"https:\/\/iicolumnas.es\/index.php\/actualidad\/2016\/11\/19\/convocada-reunion-informativa-la-obtencion-las-casas-proteccion-oficial\/#primaryimage\"},\"thumbnailUrl\":\"https:\/\/iicolumnas.es\/wp-content\/uploads\/2016\/11\/cassas.jpg\",\"datePublished\":\"2016-11-19T13:46:22+00:00\",\"author\":{\"@id\":\"https:\/\/iicolumnas.es\/#\/schema\/person\/9454e693a00b654499448fce52078962\"},\"breadcrumb\":{\"@id\":\"https:\/\/iicolumnas.es\/index.php\/actualidad\/2016\/11\/19\/convocada-reunion-informativa-la-obtencion-las-casas-proteccion-oficial\/#breadcrumb\"},\"inLanguage\":\"es\",\"potentialAction\":[{\"@type\":\"ReadAction\",\"target\":[\"https:\/\/iicolumnas.es\/index.php\/actualidad\/2016\/11\/19\/convocada-reunion-informativa-la-obtencion-las-casas-proteccion-oficial\/\"]}]},{\"@type\":\"ImageObject\",\"inLanguage\":\"es\",\"@id\":\"https:\/\/iicolumnas.es\/index.php\/actualidad\/2016\/11\/19\/convocada-reunion-informativa-la-obtencion-las-casas-proteccion-oficial\/#primaryimage\",\"url\":\"https:\/\/iicolumnas.es\/wp-content\/uploads\/2016\/11\/cassas.jpg\",\"contentUrl\":\"https:\/\/iicolumnas.es\/wp-content\/uploads\/2016\/11\/cassas.jpg\",\"width\":222,\"height\":227},{\"@type\":\"BreadcrumbList\",\"@id\":\"https:\/\/iicolumnas.es\/index.php\/actualidad\/2016\/11\/19\/convocada-reunion-informativa-la-obtencion-las-casas-proteccion-oficial\/#breadcrumb\",\"itemListElement\":[{\"@type\":\"ListItem\",\"position\":1,\"name\":\"Portada\",\"item\":\"https:\/\/iicolumnas.es\/\"},{\"@type\":\"ListItem\",\"position\":2,\"name\":\"Actualidad\",\"item\":\"https:\/\/iicolumnas.es\/index.php\/category\/actualidad\/\"},{\"@type\":\"ListItem\",\"position\":3,\"name\":\"Convocada reuni\u00f3n informativa para la obtenci\u00f3n de las casas de protecci\u00f3n oficial\"}]},{\"@type\":\"WebSite\",\"@id\":\"https:\/\/iicolumnas.es\/#website\",\"url\":\"https:\/\/iicolumnas.es\/\",\"name\":\"Dos Columnas\",\"description\":\"El peri\u00f3dico de la villa de Cantalpino\",\"potentialAction\":[{\"@type\":\"SearchAction\",\"target\":{\"@type\":\"EntryPoint\",\"urlTemplate\":\"https:\/\/iicolumnas.es\/?s={search_term_string}\"},\"query-input\":{\"@type\":\"PropertyValueSpecification\",\"valueRequired\":true,\"valueName\":\"search_term_string\"}}],\"inLanguage\":\"es\"},{\"@type\":\"Person\",\"@id\":\"https:\/\/iicolumnas.es\/#\/schema\/person\/9454e693a00b654499448fce52078962\",\"name\":\"Jonathan Mart\u00edn\",\"image\":{\"@type\":\"ImageObject\",\"inLanguage\":\"es\",\"@id\":\"https:\/\/iicolumnas.es\/#\/schema\/person\/image\/\",\"url\":\"https:\/\/secure.gravatar.com\/avatar\/8f84b73d8cfcbec514e94597235e91417ea919340a79e734ab4f39abe5099950?s=96&d=mm&r=g\",\"contentUrl\":\"https:\/\/secure.gravatar.com\/avatar\/8f84b73d8cfcbec514e94597235e91417ea919340a79e734ab4f39abe5099950?s=96&d=mm&r=g\",\"caption\":\"Jonathan Mart\u00edn\"}}]}<\/script>\n<!-- \/ Yoast SEO plugin. -->","yoast_head_json":{"title":"Convocada reuni\u00f3n informativa para la obtenci\u00f3n de las casas de protecci\u00f3n oficial - Dos Columnas","robots":{"index":"index","follow":"follow","max-snippet":"max-snippet:-1","max-image-preview":"max-image-preview:large","max-video-preview":"max-video-preview:-1"},"canonical":"https:\/\/iicolumnas.es\/index.php\/actualidad\/2016\/11\/19\/convocada-reunion-informativa-la-obtencion-las-casas-proteccion-oficial\/","og_locale":"es_ES","og_type":"article","og_title":"Convocada reuni\u00f3n informativa para la obtenci\u00f3n de las casas de protecci\u00f3n oficial - Dos Columnas","og_description":"El pr\u00f3ximo 25 de noviembre se informar\u00e1 de las peculiaridades de cada una de estas 8 viviendas de protecci\u00f3n oficial localizadas 4 de ellas en la calle\u00a0Pe\u00f1aranda y \u00a0las otras 4 en la calle&#46;&#46;&#46;","og_url":"https:\/\/iicolumnas.es\/index.php\/actualidad\/2016\/11\/19\/convocada-reunion-informativa-la-obtencion-las-casas-proteccion-oficial\/","og_site_name":"Dos Columnas","article_publisher":"https:\/\/www.facebook.com\/iicolumnas\/","article_published_time":"2016-11-19T13:46:22+00:00","og_image":[{"width":222,"height":227,"url":"https:\/\/iicolumnas.es\/wp-content\/uploads\/2016\/11\/cassas.jpg","type":"image\/jpeg"}],"author":"Jonathan Mart\u00edn","twitter_card":"summary_large_image","twitter_creator":"@iicolumnas","twitter_site":"@iicolumnas","twitter_misc":{"Escrito por":"Jonathan Mart\u00edn","Tiempo de lectura":"1 minuto"},"schema":{"@context":"https:\/\/schema.org","@graph":[{"@type":"WebPage","@id":"https:\/\/iicolumnas.es\/index.php\/actualidad\/2016\/11\/19\/convocada-reunion-informativa-la-obtencion-las-casas-proteccion-oficial\/","url":"https:\/\/iicolumnas.es\/index.php\/actualidad\/2016\/11\/19\/convocada-reunion-informativa-la-obtencion-las-casas-proteccion-oficial\/","name":"Convocada reuni\u00f3n informativa para la obtenci\u00f3n de las casas de protecci\u00f3n oficial - Dos Columnas","isPartOf":{"@id":"https:\/\/iicolumnas.es\/#website"},"primaryImageOfPage":{"@id":"https:\/\/iicolumnas.es\/index.php\/actualidad\/2016\/11\/19\/convocada-reunion-informativa-la-obtencion-las-casas-proteccion-oficial\/#primaryimage"},"image":{"@id":"https:\/\/iicolumnas.es\/index.php\/actualidad\/2016\/11\/19\/convocada-reunion-informativa-la-obtencion-las-casas-proteccion-oficial\/#primaryimage"},"thumbnailUrl":"https:\/\/iicolumnas.es\/wp-content\/uploads\/2016\/11\/cassas.jpg","datePublished":"2016-11-19T13:46:22+00:00","author":{"@id":"https:\/\/iicolumnas.es\/#\/schema\/person\/9454e693a00b654499448fce52078962"},"breadcrumb":{"@id":"https:\/\/iicolumnas.es\/index.php\/actualidad\/2016\/11\/19\/convocada-reunion-informativa-la-obtencion-las-casas-proteccion-oficial\/#breadcrumb"},"inLanguage":"es","potentialAction":[{"@type":"ReadAction","target":["https:\/\/iicolumnas.es\/index.php\/actualidad\/2016\/11\/19\/convocada-reunion-informativa-la-obtencion-las-casas-proteccion-oficial\/"]}]},{"@type":"ImageObject","inLanguage":"es","@id":"https:\/\/iicolumnas.es\/index.php\/actualidad\/2016\/11\/19\/convocada-reunion-informativa-la-obtencion-las-casas-proteccion-oficial\/#primaryimage","url":"https:\/\/iicolumnas.es\/wp-content\/uploads\/2016\/11\/cassas.jpg","contentUrl":"https:\/\/iicolumnas.es\/wp-content\/uploads\/2016\/11\/cassas.jpg","width":222,"height":227},{"@type":"BreadcrumbList","@id":"https:\/\/iicolumnas.es\/index.php\/actualidad\/2016\/11\/19\/convocada-reunion-informativa-la-obtencion-las-casas-proteccion-oficial\/#breadcrumb","itemListElement":[{"@type":"ListItem","position":1,"name":"Portada","item":"https:\/\/iicolumnas.es\/"},{"@type":"ListItem","position":2,"name":"Actualidad","item":"https:\/\/iicolumnas.es\/index.php\/category\/actualidad\/"},{"@type":"ListItem","position":3,"name":"Convocada reuni\u00f3n informativa para la obtenci\u00f3n de las casas de protecci\u00f3n oficial"}]},{"@type":"WebSite","@id":"https:\/\/iicolumnas.es\/#website","url":"https:\/\/iicolumnas.es\/","name":"Dos Columnas","description":"El peri\u00f3dico de la villa de Cantalpino","potentialAction":[{"@type":"SearchAction","target":{"@type":"EntryPoint","urlTemplate":"https:\/\/iicolumnas.es\/?s={search_term_string}"},"query-input":{"@type":"PropertyValueSpecification","valueRequired":true,"valueName":"search_term_string"}}],"inLanguage":"es"},{"@type":"Person","@id":"https:\/\/iicolumnas.es\/#\/schema\/person\/9454e693a00b654499448fce52078962","name":"Jonathan Mart\u00edn","image":{"@type":"ImageObject","inLanguage":"es","@id":"https:\/\/iicolumnas.es\/#\/schema\/person\/image\/","url":"https:\/\/secure.gravatar.com\/avatar\/8f84b73d8cfcbec514e94597235e91417ea919340a79e734ab4f39abe5099950?s=96&d=mm&r=g","contentUrl":"https:\/\/secure.gravatar.com\/avatar\/8f84b73d8cfcbec514e94597235e91417ea919340a79e734ab4f39abe5099950?s=96&d=mm&r=g","caption":"Jonathan Mart\u00edn"}}]}},"_links":{"self":[{"href":"https:\/\/iicolumnas.es\/index.php\/wp-json\/wp\/v2\/posts\/7832","targetHints":{"allow":["GET"]}}],"collection":[{"href":"https:\/\/iicolumnas.es\/index.php\/wp-json\/wp\/v2\/posts"}],"about":[{"href":"https:\/\/iicolumnas.es\/index.php\/wp-json\/wp\/v2\/types\/post"}],"author":[{"embeddable":true,"href":"https:\/\/iicolumnas.es\/index.php\/wp-json\/wp\/v2\/users\/15"}],"replies":[{"embeddable":true,"href":"https:\/\/iicolumnas.es\/index.php\/wp-json\/wp\/v2\/comments?post=7832"}],"version-history":[{"count":10,"href":"https:\/\/iicolumnas.es\/index.php\/wp-json\/wp\/v2\/posts\/7832\/revisions"}],"predecessor-version":[{"id":7855,"href":"https:\/\/iicolumnas.es\/index.php\/wp-json\/wp\/v2\/posts\/7832\/revisions\/7855"}],"wp:featuredmedia":[{"embeddable":true,"href":"https:\/\/iicolumnas.es\/index.php\/wp-json\/wp\/v2\/media\/7853"}],"wp:attachment":[{"href":"https:\/\/iicolumnas.es\/index.php\/wp-json\/wp\/v2\/media?parent=7832"}],"wp:term":[{"taxonomy":"category","embeddable":true,"href":"https:\/\/iicolumnas.es\/index.php\/wp-json\/wp\/v2\/categories?post=7832"},{"taxonomy":"post_tag","embeddable":true,"href":"https:\/\/iicolumnas.es\/index.php\/wp-json\/wp\/v2\/tags?post=7832"}],"curies":[{"name":"wp","href":"https:\/\/api.w.org\/{rel}","templated":true}]}}