{"id":7479,"date":"2016-10-21T06:23:39","date_gmt":"2016-10-21T06:23:39","guid":{"rendered":"https:\/\/iicolumnas.es\/?p=7479"},"modified":"2016-10-21T06:26:43","modified_gmt":"2016-10-21T06:26:43","slug":"subasta-arrendamiento-parcelas-municipales","status":"publish","type":"post","link":"https:\/\/iicolumnas.es\/index.php\/actualidad\/2016\/10\/21\/subasta-arrendamiento-parcelas-municipales\/","title":{"rendered":"Subasta para el arrendamiento de parcelas municipales"},"content":{"rendered":"<p>El Ayuntamiento de Cantalpino convoca una subasta para el arrendamiento de las fincas que se encuentran en la imagen del final.<\/p>\n<p>El arrendamiento las parcelas numero 1 y las de los pol\u00edgonos 50, 507, 508 y 509 se arrendar\u00e1n por un a\u00f1o, el resto de parcelas ser\u00e1n arrendadas por 5 a\u00f1os.<\/p>\n<p>Para poder participar en el arrendamiento es necesario ser agricultor activo con explotaci\u00f3n en Cantalpino y encontrarse al corriente de las obligaciones fiscales tanto con la Seguridad Social como con el Ayuntamiento de Cantalpino.<\/p>\n<p>La subasta se realizar\u00e1 el d\u00eda 27 de octubre a las 12:30 horas en el consistorio local. Esta seguir\u00e1 un sistema de pujas entre las personas presentes. Para poder participar es necesaria una acreditaci\u00f3n que podr\u00e1 ser recogida en el Ayuntamiento en los d\u00edas anteriores.<\/p>\n<p><img loading=\"lazy\" decoding=\"async\" class=\" wp-image-7480 aligncenter\" src=\"https:\/\/iicolumnas.es\/wp-content\/uploads\/2016\/10\/arrendamiento-parcelas-ayuntamiento-216x300.png\" alt=\"arrendamiento-parcelas-ayuntamiento\" width=\"580\" height=\"806\" srcset=\"https:\/\/iicolumnas.es\/wp-content\/uploads\/2016\/10\/arrendamiento-parcelas-ayuntamiento-216x300.png 216w, https:\/\/iicolumnas.es\/wp-content\/uploads\/2016\/10\/arrendamiento-parcelas-ayuntamiento.png 575w\" sizes=\"auto, (max-width: 580px) 100vw, 580px\" \/><\/p>\n","protected":false},"excerpt":{"rendered":"<p>El Ayuntamiento de Cantalpino convoca una subasta para el arrendamiento de las fincas que se encuentran en la imagen del final. El arrendamiento las parcelas numero 1 y las de los pol\u00edgonos 50, 507,&#46;&#46;&#46;<\/p>\n","protected":false},"author":1,"featured_media":7480,"comment_status":"open","ping_status":"open","sticky":false,"template":"","format":"standard","meta":{"footnotes":""},"categories":[1,203],"tags":[1102,1101],"class_list":["post-7479","post","type-post","status-publish","format-standard","has-post-thumbnail","hentry","category-actualidad","category-tablon-de-anuncios","tag-parcelas-municipales","tag-subasta"],"yoast_head":"<!-- This site is optimized with the Yoast SEO plugin v26.6 - https:\/\/yoast.com\/wordpress\/plugins\/seo\/ -->\n<title>Subasta para el arrendamiento de parcelas municipales - Dos Columnas<\/title>\n<meta name=\"robots\" content=\"index, follow, max-snippet:-1, max-image-preview:large, max-video-preview:-1\" \/>\n<link rel=\"canonical\" href=\"https:\/\/iicolumnas.es\/index.php\/actualidad\/2016\/10\/21\/subasta-arrendamiento-parcelas-municipales\/\" \/>\n<meta property=\"og:locale\" content=\"es_ES\" \/>\n<meta property=\"og:type\" content=\"article\" \/>\n<meta property=\"og:title\" content=\"Subasta para el arrendamiento de parcelas municipales - Dos Columnas\" \/>\n<meta property=\"og:description\" content=\"El Ayuntamiento de Cantalpino convoca una subasta para el arrendamiento de las fincas que se encuentran en la imagen del final. El arrendamiento las parcelas numero 1 y las de los pol\u00edgonos 50, 507,&#046;&#046;&#046;\" \/>\n<meta property=\"og:url\" content=\"https:\/\/iicolumnas.es\/index.php\/actualidad\/2016\/10\/21\/subasta-arrendamiento-parcelas-municipales\/\" \/>\n<meta property=\"og:site_name\" content=\"Dos Columnas\" \/>\n<meta property=\"article:publisher\" content=\"https:\/\/www.facebook.com\/iicolumnas\/\" \/>\n<meta property=\"article:published_time\" content=\"2016-10-21T06:23:39+00:00\" \/>\n<meta property=\"article:modified_time\" content=\"2016-10-21T06:26:43+00:00\" \/>\n<meta property=\"og:image\" content=\"https:\/\/iicolumnas.es\/wp-content\/uploads\/2016\/10\/arrendamiento-parcelas-ayuntamiento.png\" \/>\n\t<meta property=\"og:image:width\" content=\"575\" \/>\n\t<meta property=\"og:image:height\" content=\"800\" \/>\n\t<meta property=\"og:image:type\" content=\"image\/png\" \/>\n<meta name=\"author\" content=\"Juan Alberto Garc\u00eda\" \/>\n<meta name=\"twitter:card\" content=\"summary_large_image\" \/>\n<meta name=\"twitter:creator\" content=\"@iicolumnas\" \/>\n<meta name=\"twitter:site\" content=\"@iicolumnas\" \/>\n<meta name=\"twitter:label1\" content=\"Escrito por\" \/>\n\t<meta name=\"twitter:data1\" content=\"Juan Alberto Garc\u00eda\" \/>\n\t<meta name=\"twitter:label2\" content=\"Tiempo de lectura\" \/>\n\t<meta name=\"twitter:data2\" content=\"1 minuto\" \/>\n<script type=\"application\/ld+json\" class=\"yoast-schema-graph\">{\"@context\":\"https:\/\/schema.org\",\"@graph\":[{\"@type\":\"WebPage\",\"@id\":\"https:\/\/iicolumnas.es\/index.php\/actualidad\/2016\/10\/21\/subasta-arrendamiento-parcelas-municipales\/\",\"url\":\"https:\/\/iicolumnas.es\/index.php\/actualidad\/2016\/10\/21\/subasta-arrendamiento-parcelas-municipales\/\",\"name\":\"Subasta para el arrendamiento de parcelas municipales - Dos Columnas\",\"isPartOf\":{\"@id\":\"https:\/\/iicolumnas.es\/#website\"},\"primaryImageOfPage\":{\"@id\":\"https:\/\/iicolumnas.es\/index.php\/actualidad\/2016\/10\/21\/subasta-arrendamiento-parcelas-municipales\/#primaryimage\"},\"image\":{\"@id\":\"https:\/\/iicolumnas.es\/index.php\/actualidad\/2016\/10\/21\/subasta-arrendamiento-parcelas-municipales\/#primaryimage\"},\"thumbnailUrl\":\"https:\/\/iicolumnas.es\/wp-content\/uploads\/2016\/10\/arrendamiento-parcelas-ayuntamiento.png\",\"datePublished\":\"2016-10-21T06:23:39+00:00\",\"dateModified\":\"2016-10-21T06:26:43+00:00\",\"author\":{\"@id\":\"https:\/\/iicolumnas.es\/#\/schema\/person\/454e592beb5051596092682bc7744870\"},\"breadcrumb\":{\"@id\":\"https:\/\/iicolumnas.es\/index.php\/actualidad\/2016\/10\/21\/subasta-arrendamiento-parcelas-municipales\/#breadcrumb\"},\"inLanguage\":\"es\",\"potentialAction\":[{\"@type\":\"ReadAction\",\"target\":[\"https:\/\/iicolumnas.es\/index.php\/actualidad\/2016\/10\/21\/subasta-arrendamiento-parcelas-municipales\/\"]}]},{\"@type\":\"ImageObject\",\"inLanguage\":\"es\",\"@id\":\"https:\/\/iicolumnas.es\/index.php\/actualidad\/2016\/10\/21\/subasta-arrendamiento-parcelas-municipales\/#primaryimage\",\"url\":\"https:\/\/iicolumnas.es\/wp-content\/uploads\/2016\/10\/arrendamiento-parcelas-ayuntamiento.png\",\"contentUrl\":\"https:\/\/iicolumnas.es\/wp-content\/uploads\/2016\/10\/arrendamiento-parcelas-ayuntamiento.png\",\"width\":575,\"height\":800},{\"@type\":\"BreadcrumbList\",\"@id\":\"https:\/\/iicolumnas.es\/index.php\/actualidad\/2016\/10\/21\/subasta-arrendamiento-parcelas-municipales\/#breadcrumb\",\"itemListElement\":[{\"@type\":\"ListItem\",\"position\":1,\"name\":\"Portada\",\"item\":\"https:\/\/iicolumnas.es\/\"},{\"@type\":\"ListItem\",\"position\":2,\"name\":\"Actualidad\",\"item\":\"https:\/\/iicolumnas.es\/index.php\/category\/actualidad\/\"},{\"@type\":\"ListItem\",\"position\":3,\"name\":\"Subasta para el arrendamiento de parcelas municipales\"}]},{\"@type\":\"WebSite\",\"@id\":\"https:\/\/iicolumnas.es\/#website\",\"url\":\"https:\/\/iicolumnas.es\/\",\"name\":\"Dos Columnas\",\"description\":\"El peri\u00f3dico de la villa de Cantalpino\",\"potentialAction\":[{\"@type\":\"SearchAction\",\"target\":{\"@type\":\"EntryPoint\",\"urlTemplate\":\"https:\/\/iicolumnas.es\/?s={search_term_string}\"},\"query-input\":{\"@type\":\"PropertyValueSpecification\",\"valueRequired\":true,\"valueName\":\"search_term_string\"}}],\"inLanguage\":\"es\"},{\"@type\":\"Person\",\"@id\":\"https:\/\/iicolumnas.es\/#\/schema\/person\/454e592beb5051596092682bc7744870\",\"name\":\"Juan Alberto Garc\u00eda\",\"image\":{\"@type\":\"ImageObject\",\"inLanguage\":\"es\",\"@id\":\"https:\/\/iicolumnas.es\/#\/schema\/person\/image\/\",\"url\":\"https:\/\/secure.gravatar.com\/avatar\/b5e9097f5115a63587d45ece976d47f33159b9258fd778d9fbb56ce1c9d21ca8?s=96&d=mm&r=g\",\"contentUrl\":\"https:\/\/secure.gravatar.com\/avatar\/b5e9097f5115a63587d45ece976d47f33159b9258fd778d9fbb56ce1c9d21ca8?s=96&d=mm&r=g\",\"caption\":\"Juan Alberto Garc\u00eda\"},\"description\":\"los admin tienen demasiados privilegios sobre otros admin, no crees?\",\"sameAs\":[\"https:\/\/www.linkedin.com\/in\/juan-alberto-garc%C3%ADa-esteban-85389310b\"]}]}<\/script>\n<!-- \/ Yoast SEO plugin. -->","yoast_head_json":{"title":"Subasta para el arrendamiento de parcelas municipales - Dos Columnas","robots":{"index":"index","follow":"follow","max-snippet":"max-snippet:-1","max-image-preview":"max-image-preview:large","max-video-preview":"max-video-preview:-1"},"canonical":"https:\/\/iicolumnas.es\/index.php\/actualidad\/2016\/10\/21\/subasta-arrendamiento-parcelas-municipales\/","og_locale":"es_ES","og_type":"article","og_title":"Subasta para el arrendamiento de parcelas municipales - Dos Columnas","og_description":"El Ayuntamiento de Cantalpino convoca una subasta para el arrendamiento de las fincas que se encuentran en la imagen del final. El arrendamiento las parcelas numero 1 y las de los pol\u00edgonos 50, 507,&#46;&#46;&#46;","og_url":"https:\/\/iicolumnas.es\/index.php\/actualidad\/2016\/10\/21\/subasta-arrendamiento-parcelas-municipales\/","og_site_name":"Dos Columnas","article_publisher":"https:\/\/www.facebook.com\/iicolumnas\/","article_published_time":"2016-10-21T06:23:39+00:00","article_modified_time":"2016-10-21T06:26:43+00:00","og_image":[{"width":575,"height":800,"url":"https:\/\/iicolumnas.es\/wp-content\/uploads\/2016\/10\/arrendamiento-parcelas-ayuntamiento.png","type":"image\/png"}],"author":"Juan Alberto Garc\u00eda","twitter_card":"summary_large_image","twitter_creator":"@iicolumnas","twitter_site":"@iicolumnas","twitter_misc":{"Escrito por":"Juan Alberto Garc\u00eda","Tiempo de lectura":"1 minuto"},"schema":{"@context":"https:\/\/schema.org","@graph":[{"@type":"WebPage","@id":"https:\/\/iicolumnas.es\/index.php\/actualidad\/2016\/10\/21\/subasta-arrendamiento-parcelas-municipales\/","url":"https:\/\/iicolumnas.es\/index.php\/actualidad\/2016\/10\/21\/subasta-arrendamiento-parcelas-municipales\/","name":"Subasta para el arrendamiento de parcelas municipales - Dos Columnas","isPartOf":{"@id":"https:\/\/iicolumnas.es\/#website"},"primaryImageOfPage":{"@id":"https:\/\/iicolumnas.es\/index.php\/actualidad\/2016\/10\/21\/subasta-arrendamiento-parcelas-municipales\/#primaryimage"},"image":{"@id":"https:\/\/iicolumnas.es\/index.php\/actualidad\/2016\/10\/21\/subasta-arrendamiento-parcelas-municipales\/#primaryimage"},"thumbnailUrl":"https:\/\/iicolumnas.es\/wp-content\/uploads\/2016\/10\/arrendamiento-parcelas-ayuntamiento.png","datePublished":"2016-10-21T06:23:39+00:00","dateModified":"2016-10-21T06:26:43+00:00","author":{"@id":"https:\/\/iicolumnas.es\/#\/schema\/person\/454e592beb5051596092682bc7744870"},"breadcrumb":{"@id":"https:\/\/iicolumnas.es\/index.php\/actualidad\/2016\/10\/21\/subasta-arrendamiento-parcelas-municipales\/#breadcrumb"},"inLanguage":"es","potentialAction":[{"@type":"ReadAction","target":["https:\/\/iicolumnas.es\/index.php\/actualidad\/2016\/10\/21\/subasta-arrendamiento-parcelas-municipales\/"]}]},{"@type":"ImageObject","inLanguage":"es","@id":"https:\/\/iicolumnas.es\/index.php\/actualidad\/2016\/10\/21\/subasta-arrendamiento-parcelas-municipales\/#primaryimage","url":"https:\/\/iicolumnas.es\/wp-content\/uploads\/2016\/10\/arrendamiento-parcelas-ayuntamiento.png","contentUrl":"https:\/\/iicolumnas.es\/wp-content\/uploads\/2016\/10\/arrendamiento-parcelas-ayuntamiento.png","width":575,"height":800},{"@type":"BreadcrumbList","@id":"https:\/\/iicolumnas.es\/index.php\/actualidad\/2016\/10\/21\/subasta-arrendamiento-parcelas-municipales\/#breadcrumb","itemListElement":[{"@type":"ListItem","position":1,"name":"Portada","item":"https:\/\/iicolumnas.es\/"},{"@type":"ListItem","position":2,"name":"Actualidad","item":"https:\/\/iicolumnas.es\/index.php\/category\/actualidad\/"},{"@type":"ListItem","position":3,"name":"Subasta para el arrendamiento de parcelas municipales"}]},{"@type":"WebSite","@id":"https:\/\/iicolumnas.es\/#website","url":"https:\/\/iicolumnas.es\/","name":"Dos Columnas","description":"El peri\u00f3dico de la villa de Cantalpino","potentialAction":[{"@type":"SearchAction","target":{"@type":"EntryPoint","urlTemplate":"https:\/\/iicolumnas.es\/?s={search_term_string}"},"query-input":{"@type":"PropertyValueSpecification","valueRequired":true,"valueName":"search_term_string"}}],"inLanguage":"es"},{"@type":"Person","@id":"https:\/\/iicolumnas.es\/#\/schema\/person\/454e592beb5051596092682bc7744870","name":"Juan Alberto Garc\u00eda","image":{"@type":"ImageObject","inLanguage":"es","@id":"https:\/\/iicolumnas.es\/#\/schema\/person\/image\/","url":"https:\/\/secure.gravatar.com\/avatar\/b5e9097f5115a63587d45ece976d47f33159b9258fd778d9fbb56ce1c9d21ca8?s=96&d=mm&r=g","contentUrl":"https:\/\/secure.gravatar.com\/avatar\/b5e9097f5115a63587d45ece976d47f33159b9258fd778d9fbb56ce1c9d21ca8?s=96&d=mm&r=g","caption":"Juan Alberto Garc\u00eda"},"description":"los admin tienen demasiados privilegios sobre otros admin, no crees?","sameAs":["https:\/\/www.linkedin.com\/in\/juan-alberto-garc%C3%ADa-esteban-85389310b"]}]}},"_links":{"self":[{"href":"https:\/\/iicolumnas.es\/index.php\/wp-json\/wp\/v2\/posts\/7479","targetHints":{"allow":["GET"]}}],"collection":[{"href":"https:\/\/iicolumnas.es\/index.php\/wp-json\/wp\/v2\/posts"}],"about":[{"href":"https:\/\/iicolumnas.es\/index.php\/wp-json\/wp\/v2\/types\/post"}],"author":[{"embeddable":true,"href":"https:\/\/iicolumnas.es\/index.php\/wp-json\/wp\/v2\/users\/1"}],"replies":[{"embeddable":true,"href":"https:\/\/iicolumnas.es\/index.php\/wp-json\/wp\/v2\/comments?post=7479"}],"version-history":[{"count":5,"href":"https:\/\/iicolumnas.es\/index.php\/wp-json\/wp\/v2\/posts\/7479\/revisions"}],"predecessor-version":[{"id":7485,"href":"https:\/\/iicolumnas.es\/index.php\/wp-json\/wp\/v2\/posts\/7479\/revisions\/7485"}],"wp:featuredmedia":[{"embeddable":true,"href":"https:\/\/iicolumnas.es\/index.php\/wp-json\/wp\/v2\/media\/7480"}],"wp:attachment":[{"href":"https:\/\/iicolumnas.es\/index.php\/wp-json\/wp\/v2\/media?parent=7479"}],"wp:term":[{"taxonomy":"category","embeddable":true,"href":"https:\/\/iicolumnas.es\/index.php\/wp-json\/wp\/v2\/categories?post=7479"},{"taxonomy":"post_tag","embeddable":true,"href":"https:\/\/iicolumnas.es\/index.php\/wp-json\/wp\/v2\/tags?post=7479"}],"curies":[{"name":"wp","href":"https:\/\/api.w.org\/{rel}","templated":true}]}}