{"id":7457,"date":"2016-10-14T18:31:57","date_gmt":"2016-10-14T18:31:57","guid":{"rendered":"https:\/\/iicolumnas.es\/?p=7457"},"modified":"2016-10-14T18:37:56","modified_gmt":"2016-10-14T18:37:56","slug":"feliz-cumpleanos-rocio","status":"publish","type":"post","link":"https:\/\/iicolumnas.es\/index.php\/celebraciones\/2016\/10\/14\/feliz-cumpleanos-rocio\/","title":{"rendered":"\u00a1Feliz cumplea\u00f1os Rocio!"},"content":{"rendered":"<p style=\"text-align: justify;\">Esta felicitaci\u00f3n est\u00e1 escrita de una manera especial por parte de uno de los miembros que lo forman , que como podr\u00edas imaginar,\u00a0en este 14 de octubre tu hermana no iba a dejar pasar el dedicarte unas palabras por aqu\u00ed.<\/p>\n<p style=\"text-align: justify;\"><img loading=\"lazy\" decoding=\"async\" class=\"wp-image-7460 alignleft\" src=\"https:\/\/iicolumnas.es\/wp-content\/uploads\/2016\/10\/cumple-tofu-3-300x199.jpg\" alt=\"cumple-tofu-3\" width=\"356\" height=\"234\" \/>Cada 14 de octubre de una manera u otra espero con ansia el momento de desearte un feliz d\u00eda y hacer lo posible por darte un abrazo, porque tu bien sabes que nos hiciste llegar la tormenta, pero como dice el dicho, la calma llega despu\u00e9s y s\u00f3lo el verte sonreir ya es una calma para todos los que te rodeamos.<\/p>\n<p style=\"text-align: justify;\">Ahora mismo tenemos una bonita relaci\u00f3n de hermanas (aunque lo nuestro nos ha costado jeje), cada momento juntas supone felicidad y complicidad y no lo cambio por nada del mundo, estoy muy orgullosa de tenerte como hermana. Ya sabes que yo pienso que las cosas pasan por algo y el porque de todo lo pasado ya lo he encontrado. Te deseo lo mejor, porque te lo mereces y espero que nunca se te borre la sonrisa de la cara y que tu locura nos haga sonre\u00edr siempre a todos. Espero verte cumplir muchos a\u00f1os m\u00e1s, \u00a1te quiero sister!<\/p>\n<p style=\"text-align: justify;\">A esta felicitaci\u00f3n tambi\u00e9n se suman Papa y Mama que saben perfectamente de lo que hablo anteriormente jejej pero sabes que te quieren much\u00edsimo y que siempre lo dan todo por tu felicidad y la m\u00eda. \u00a1Feliz cumplea\u00f1os bicho!<\/p>\n<p style=\"text-align: justify;\"><img loading=\"lazy\" decoding=\"async\" class=\"aligncenter size-full wp-image-7461\" src=\"https:\/\/iicolumnas.es\/wp-content\/uploads\/2016\/10\/cumple-tofu-6.jpg\" alt=\"cumple-tofu-6\" width=\"800\" height=\"450\" srcset=\"https:\/\/iicolumnas.es\/wp-content\/uploads\/2016\/10\/cumple-tofu-6.jpg 800w, https:\/\/iicolumnas.es\/wp-content\/uploads\/2016\/10\/cumple-tofu-6-300x169.jpg 300w\" sizes=\"auto, (max-width: 800px) 100vw, 800px\" \/><\/p>\n<p style=\"text-align: justify;\"><img loading=\"lazy\" decoding=\"async\" class=\"wp-image-7465 size-medium alignright\" src=\"https:\/\/iicolumnas.es\/wp-content\/uploads\/2016\/10\/cumple-tofu7-300x256.jpg\" alt=\"cumple-tofu7\" width=\"300\" height=\"256\" srcset=\"https:\/\/iicolumnas.es\/wp-content\/uploads\/2016\/10\/cumple-tofu7-300x256.jpg 300w, https:\/\/iicolumnas.es\/wp-content\/uploads\/2016\/10\/cumple-tofu7.jpg 800w\" sizes=\"auto, (max-width: 300px) 100vw, 300px\" \/>Y por \u00faltimo tu \u00abchata\u00bb tampoco quer\u00eda faltar y quiere desearte un feliz d\u00eda y espera y desea que sean muchos\u00a0cumplea\u00f1os los que pod\u00e1is celebrar juntas, junto a los gatusos. Te desea lo mejor tu compa\u00f1era de vida, Maitane. \u00a1Te quiero!<\/p>\n","protected":false},"excerpt":{"rendered":"<p>Esta felicitaci\u00f3n est\u00e1 escrita de una manera especial por parte de uno de los miembros que lo forman , que como podr\u00edas imaginar,\u00a0en este 14 de octubre tu hermana no iba a dejar pasar&#46;&#46;&#46;<\/p>\n","protected":false},"author":11,"featured_media":7463,"comment_status":"open","ping_status":"open","sticky":false,"template":"","format":"standard","meta":{"footnotes":""},"categories":[16,88],"tags":[1098],"class_list":["post-7457","post","type-post","status-publish","format-standard","has-post-thumbnail","hentry","category-celebraciones","category-cumpleanos","tag-cumpleanos-octubre"],"yoast_head":"<!-- This site is optimized with the Yoast SEO plugin v26.6 - https:\/\/yoast.com\/wordpress\/plugins\/seo\/ -->\n<title>\u00a1Feliz cumplea\u00f1os Rocio! - Dos Columnas<\/title>\n<meta name=\"robots\" content=\"index, follow, max-snippet:-1, max-image-preview:large, max-video-preview:-1\" \/>\n<link rel=\"canonical\" href=\"https:\/\/iicolumnas.es\/index.php\/celebraciones\/2016\/10\/14\/feliz-cumpleanos-rocio\/\" \/>\n<meta property=\"og:locale\" content=\"es_ES\" \/>\n<meta property=\"og:type\" content=\"article\" \/>\n<meta property=\"og:title\" content=\"\u00a1Feliz cumplea\u00f1os Rocio! - Dos Columnas\" \/>\n<meta property=\"og:description\" content=\"Esta felicitaci\u00f3n est\u00e1 escrita de una manera especial por parte de uno de los miembros que lo forman , que como podr\u00edas imaginar,\u00a0en este 14 de octubre tu hermana no iba a dejar pasar&#046;&#046;&#046;\" \/>\n<meta property=\"og:url\" content=\"https:\/\/iicolumnas.es\/index.php\/celebraciones\/2016\/10\/14\/feliz-cumpleanos-rocio\/\" \/>\n<meta property=\"og:site_name\" content=\"Dos Columnas\" \/>\n<meta property=\"article:publisher\" content=\"https:\/\/www.facebook.com\/iicolumnas\/\" \/>\n<meta property=\"article:published_time\" content=\"2016-10-14T18:31:57+00:00\" \/>\n<meta property=\"article:modified_time\" content=\"2016-10-14T18:37:56+00:00\" \/>\n<meta property=\"og:image\" content=\"https:\/\/iicolumnas.es\/wp-content\/uploads\/2016\/10\/cumple-toofu-8.jpg\" \/>\n\t<meta property=\"og:image:width\" content=\"800\" \/>\n\t<meta property=\"og:image:height\" content=\"450\" \/>\n\t<meta property=\"og:image:type\" content=\"image\/jpeg\" \/>\n<meta name=\"author\" content=\"Elisabeth Herrero\" \/>\n<meta name=\"twitter:card\" content=\"summary_large_image\" \/>\n<meta name=\"twitter:creator\" content=\"@iicolumnas\" \/>\n<meta name=\"twitter:site\" content=\"@iicolumnas\" \/>\n<meta name=\"twitter:label1\" content=\"Escrito por\" \/>\n\t<meta name=\"twitter:data1\" content=\"Elisabeth Herrero\" \/>\n\t<meta name=\"twitter:label2\" content=\"Tiempo de lectura\" \/>\n\t<meta name=\"twitter:data2\" content=\"1 minuto\" \/>\n<script type=\"application\/ld+json\" class=\"yoast-schema-graph\">{\"@context\":\"https:\/\/schema.org\",\"@graph\":[{\"@type\":\"WebPage\",\"@id\":\"https:\/\/iicolumnas.es\/index.php\/celebraciones\/2016\/10\/14\/feliz-cumpleanos-rocio\/\",\"url\":\"https:\/\/iicolumnas.es\/index.php\/celebraciones\/2016\/10\/14\/feliz-cumpleanos-rocio\/\",\"name\":\"\u00a1Feliz cumplea\u00f1os Rocio! - Dos Columnas\",\"isPartOf\":{\"@id\":\"https:\/\/iicolumnas.es\/#website\"},\"primaryImageOfPage\":{\"@id\":\"https:\/\/iicolumnas.es\/index.php\/celebraciones\/2016\/10\/14\/feliz-cumpleanos-rocio\/#primaryimage\"},\"image\":{\"@id\":\"https:\/\/iicolumnas.es\/index.php\/celebraciones\/2016\/10\/14\/feliz-cumpleanos-rocio\/#primaryimage\"},\"thumbnailUrl\":\"https:\/\/iicolumnas.es\/wp-content\/uploads\/2016\/10\/cumple-toofu-8.jpg\",\"datePublished\":\"2016-10-14T18:31:57+00:00\",\"dateModified\":\"2016-10-14T18:37:56+00:00\",\"author\":{\"@id\":\"https:\/\/iicolumnas.es\/#\/schema\/person\/a7ff663470be5c4a58b4056144602608\"},\"breadcrumb\":{\"@id\":\"https:\/\/iicolumnas.es\/index.php\/celebraciones\/2016\/10\/14\/feliz-cumpleanos-rocio\/#breadcrumb\"},\"inLanguage\":\"es\",\"potentialAction\":[{\"@type\":\"ReadAction\",\"target\":[\"https:\/\/iicolumnas.es\/index.php\/celebraciones\/2016\/10\/14\/feliz-cumpleanos-rocio\/\"]}]},{\"@type\":\"ImageObject\",\"inLanguage\":\"es\",\"@id\":\"https:\/\/iicolumnas.es\/index.php\/celebraciones\/2016\/10\/14\/feliz-cumpleanos-rocio\/#primaryimage\",\"url\":\"https:\/\/iicolumnas.es\/wp-content\/uploads\/2016\/10\/cumple-toofu-8.jpg\",\"contentUrl\":\"https:\/\/iicolumnas.es\/wp-content\/uploads\/2016\/10\/cumple-toofu-8.jpg\",\"width\":800,\"height\":450},{\"@type\":\"BreadcrumbList\",\"@id\":\"https:\/\/iicolumnas.es\/index.php\/celebraciones\/2016\/10\/14\/feliz-cumpleanos-rocio\/#breadcrumb\",\"itemListElement\":[{\"@type\":\"ListItem\",\"position\":1,\"name\":\"Portada\",\"item\":\"https:\/\/iicolumnas.es\/\"},{\"@type\":\"ListItem\",\"position\":2,\"name\":\"Celebraciones\",\"item\":\"https:\/\/iicolumnas.es\/index.php\/category\/celebraciones\/\"},{\"@type\":\"ListItem\",\"position\":3,\"name\":\"\u00a1Feliz cumplea\u00f1os Rocio!\"}]},{\"@type\":\"WebSite\",\"@id\":\"https:\/\/iicolumnas.es\/#website\",\"url\":\"https:\/\/iicolumnas.es\/\",\"name\":\"Dos Columnas\",\"description\":\"El peri\u00f3dico de la villa de Cantalpino\",\"potentialAction\":[{\"@type\":\"SearchAction\",\"target\":{\"@type\":\"EntryPoint\",\"urlTemplate\":\"https:\/\/iicolumnas.es\/?s={search_term_string}\"},\"query-input\":{\"@type\":\"PropertyValueSpecification\",\"valueRequired\":true,\"valueName\":\"search_term_string\"}}],\"inLanguage\":\"es\"},{\"@type\":\"Person\",\"@id\":\"https:\/\/iicolumnas.es\/#\/schema\/person\/a7ff663470be5c4a58b4056144602608\",\"name\":\"Elisabeth Herrero\",\"image\":{\"@type\":\"ImageObject\",\"inLanguage\":\"es\",\"@id\":\"https:\/\/iicolumnas.es\/#\/schema\/person\/image\/\",\"url\":\"https:\/\/secure.gravatar.com\/avatar\/940d2d17ae8f8dbc80e004b6d5cf732529898723a62eb676e66b87e474e93db4?s=96&d=mm&r=g\",\"contentUrl\":\"https:\/\/secure.gravatar.com\/avatar\/940d2d17ae8f8dbc80e004b6d5cf732529898723a62eb676e66b87e474e93db4?s=96&d=mm&r=g\",\"caption\":\"Elisabeth Herrero\"}}]}<\/script>\n<!-- \/ Yoast SEO plugin. -->","yoast_head_json":{"title":"\u00a1Feliz cumplea\u00f1os Rocio! - Dos Columnas","robots":{"index":"index","follow":"follow","max-snippet":"max-snippet:-1","max-image-preview":"max-image-preview:large","max-video-preview":"max-video-preview:-1"},"canonical":"https:\/\/iicolumnas.es\/index.php\/celebraciones\/2016\/10\/14\/feliz-cumpleanos-rocio\/","og_locale":"es_ES","og_type":"article","og_title":"\u00a1Feliz cumplea\u00f1os Rocio! - Dos Columnas","og_description":"Esta felicitaci\u00f3n est\u00e1 escrita de una manera especial por parte de uno de los miembros que lo forman , que como podr\u00edas imaginar,\u00a0en este 14 de octubre tu hermana no iba a dejar pasar&#46;&#46;&#46;","og_url":"https:\/\/iicolumnas.es\/index.php\/celebraciones\/2016\/10\/14\/feliz-cumpleanos-rocio\/","og_site_name":"Dos Columnas","article_publisher":"https:\/\/www.facebook.com\/iicolumnas\/","article_published_time":"2016-10-14T18:31:57+00:00","article_modified_time":"2016-10-14T18:37:56+00:00","og_image":[{"width":800,"height":450,"url":"https:\/\/iicolumnas.es\/wp-content\/uploads\/2016\/10\/cumple-toofu-8.jpg","type":"image\/jpeg"}],"author":"Elisabeth Herrero","twitter_card":"summary_large_image","twitter_creator":"@iicolumnas","twitter_site":"@iicolumnas","twitter_misc":{"Escrito por":"Elisabeth Herrero","Tiempo de lectura":"1 minuto"},"schema":{"@context":"https:\/\/schema.org","@graph":[{"@type":"WebPage","@id":"https:\/\/iicolumnas.es\/index.php\/celebraciones\/2016\/10\/14\/feliz-cumpleanos-rocio\/","url":"https:\/\/iicolumnas.es\/index.php\/celebraciones\/2016\/10\/14\/feliz-cumpleanos-rocio\/","name":"\u00a1Feliz cumplea\u00f1os Rocio! - Dos Columnas","isPartOf":{"@id":"https:\/\/iicolumnas.es\/#website"},"primaryImageOfPage":{"@id":"https:\/\/iicolumnas.es\/index.php\/celebraciones\/2016\/10\/14\/feliz-cumpleanos-rocio\/#primaryimage"},"image":{"@id":"https:\/\/iicolumnas.es\/index.php\/celebraciones\/2016\/10\/14\/feliz-cumpleanos-rocio\/#primaryimage"},"thumbnailUrl":"https:\/\/iicolumnas.es\/wp-content\/uploads\/2016\/10\/cumple-toofu-8.jpg","datePublished":"2016-10-14T18:31:57+00:00","dateModified":"2016-10-14T18:37:56+00:00","author":{"@id":"https:\/\/iicolumnas.es\/#\/schema\/person\/a7ff663470be5c4a58b4056144602608"},"breadcrumb":{"@id":"https:\/\/iicolumnas.es\/index.php\/celebraciones\/2016\/10\/14\/feliz-cumpleanos-rocio\/#breadcrumb"},"inLanguage":"es","potentialAction":[{"@type":"ReadAction","target":["https:\/\/iicolumnas.es\/index.php\/celebraciones\/2016\/10\/14\/feliz-cumpleanos-rocio\/"]}]},{"@type":"ImageObject","inLanguage":"es","@id":"https:\/\/iicolumnas.es\/index.php\/celebraciones\/2016\/10\/14\/feliz-cumpleanos-rocio\/#primaryimage","url":"https:\/\/iicolumnas.es\/wp-content\/uploads\/2016\/10\/cumple-toofu-8.jpg","contentUrl":"https:\/\/iicolumnas.es\/wp-content\/uploads\/2016\/10\/cumple-toofu-8.jpg","width":800,"height":450},{"@type":"BreadcrumbList","@id":"https:\/\/iicolumnas.es\/index.php\/celebraciones\/2016\/10\/14\/feliz-cumpleanos-rocio\/#breadcrumb","itemListElement":[{"@type":"ListItem","position":1,"name":"Portada","item":"https:\/\/iicolumnas.es\/"},{"@type":"ListItem","position":2,"name":"Celebraciones","item":"https:\/\/iicolumnas.es\/index.php\/category\/celebraciones\/"},{"@type":"ListItem","position":3,"name":"\u00a1Feliz cumplea\u00f1os Rocio!"}]},{"@type":"WebSite","@id":"https:\/\/iicolumnas.es\/#website","url":"https:\/\/iicolumnas.es\/","name":"Dos Columnas","description":"El peri\u00f3dico de la villa de Cantalpino","potentialAction":[{"@type":"SearchAction","target":{"@type":"EntryPoint","urlTemplate":"https:\/\/iicolumnas.es\/?s={search_term_string}"},"query-input":{"@type":"PropertyValueSpecification","valueRequired":true,"valueName":"search_term_string"}}],"inLanguage":"es"},{"@type":"Person","@id":"https:\/\/iicolumnas.es\/#\/schema\/person\/a7ff663470be5c4a58b4056144602608","name":"Elisabeth Herrero","image":{"@type":"ImageObject","inLanguage":"es","@id":"https:\/\/iicolumnas.es\/#\/schema\/person\/image\/","url":"https:\/\/secure.gravatar.com\/avatar\/940d2d17ae8f8dbc80e004b6d5cf732529898723a62eb676e66b87e474e93db4?s=96&d=mm&r=g","contentUrl":"https:\/\/secure.gravatar.com\/avatar\/940d2d17ae8f8dbc80e004b6d5cf732529898723a62eb676e66b87e474e93db4?s=96&d=mm&r=g","caption":"Elisabeth Herrero"}}]}},"_links":{"self":[{"href":"https:\/\/iicolumnas.es\/index.php\/wp-json\/wp\/v2\/posts\/7457","targetHints":{"allow":["GET"]}}],"collection":[{"href":"https:\/\/iicolumnas.es\/index.php\/wp-json\/wp\/v2\/posts"}],"about":[{"href":"https:\/\/iicolumnas.es\/index.php\/wp-json\/wp\/v2\/types\/post"}],"author":[{"embeddable":true,"href":"https:\/\/iicolumnas.es\/index.php\/wp-json\/wp\/v2\/users\/11"}],"replies":[{"embeddable":true,"href":"https:\/\/iicolumnas.es\/index.php\/wp-json\/wp\/v2\/comments?post=7457"}],"version-history":[{"count":5,"href":"https:\/\/iicolumnas.es\/index.php\/wp-json\/wp\/v2\/posts\/7457\/revisions"}],"predecessor-version":[{"id":7467,"href":"https:\/\/iicolumnas.es\/index.php\/wp-json\/wp\/v2\/posts\/7457\/revisions\/7467"}],"wp:featuredmedia":[{"embeddable":true,"href":"https:\/\/iicolumnas.es\/index.php\/wp-json\/wp\/v2\/media\/7463"}],"wp:attachment":[{"href":"https:\/\/iicolumnas.es\/index.php\/wp-json\/wp\/v2\/media?parent=7457"}],"wp:term":[{"taxonomy":"category","embeddable":true,"href":"https:\/\/iicolumnas.es\/index.php\/wp-json\/wp\/v2\/categories?post=7457"},{"taxonomy":"post_tag","embeddable":true,"href":"https:\/\/iicolumnas.es\/index.php\/wp-json\/wp\/v2\/tags?post=7457"}],"curies":[{"name":"wp","href":"https:\/\/api.w.org\/{rel}","templated":true}]}}