{"id":734,"date":"2016-03-05T21:44:19","date_gmt":"2016-03-05T21:44:19","guid":{"rendered":"https:\/\/iicolumnas.es\/?p=734"},"modified":"2016-03-24T11:56:33","modified_gmt":"2016-03-24T11:56:33","slug":"devotos-sevillanos-visitan-cantalpino-para-conocer-el-lugar-donde-nacio-la-beata-eusebia-palomino","status":"publish","type":"post","link":"https:\/\/iicolumnas.es\/index.php\/actualidad\/2016\/03\/05\/devotos-sevillanos-visitan-cantalpino-para-conocer-el-lugar-donde-nacio-la-beata-eusebia-palomino\/","title":{"rendered":"Devotos sevillanos visitan Cantalpino para conocer el lugar donde naci\u00f3 la Beata Eusebia Palomino."},"content":{"rendered":"<p style=\"text-align: justify;\"><img loading=\"lazy\" decoding=\"async\" class=\"size-medium wp-image-737 alignleft\" src=\"https:\/\/iicolumnas.es\/wp-content\/uploads\/2016\/03\/visita-familia-sevilla-169x300.jpg\" alt=\"visita familia sevilla\" width=\"169\" height=\"300\" srcset=\"https:\/\/iicolumnas.es\/wp-content\/uploads\/2016\/03\/visita-familia-sevilla-169x300.jpg 169w, https:\/\/iicolumnas.es\/wp-content\/uploads\/2016\/03\/visita-familia-sevilla-576x1024.jpg 576w, https:\/\/iicolumnas.es\/wp-content\/uploads\/2016\/03\/visita-familia-sevilla.jpg 1377w\" sizes=\"auto, (max-width: 169px) 100vw, 169px\" \/>Las familias San Garrido y Montero Garrido, procedentes de Sevilla han visitado hoy nuestro pueblo como acci\u00f3n de gracias.<\/p>\n<p style=\"text-align: justify;\">Todo empez\u00f3 cuando uno de los miembros de la familia enferm\u00f3 de leucemia; r\u00e1pidamente uno de los familiares, gran devoto de la Beata Eusebia Palomino y fiel seguidor de la futura Santa, <em>\u201cacude cada primeros de mes a hacer una visita a la capilla de Valverde del Camino\u201d <\/em>declaraba su esposa; encomend\u00f3 la enfermedad de su sobrina a nuestra paisana, prometiendo a cambio, que si sal\u00eda del trance que supon\u00eda la enfermedad, toda la familia viajar\u00eda a Cantalpino, su villa natal y conocer as\u00ed su humilde hogar. <em>\u201cParece mentira, con los tiempos que corremos ahora la gran pobreza y humildad en la que viv\u00eda Sor Eusebia\u201d<\/em> declaraba una de las visitantes m\u00e1s longevas de la familia.<\/p>\n<p style=\"text-align: justify;\">Y es que hasta Cantalpino han venido cuatro generaciones de esta familia a dar las gracias a la Beata Eusebia Palomino, una vez superada esa dura enfermedad. Han visitado la casa y plazuela donde jugaba Sor Eusebia, han recorrido sus calles y hemos podido charlar con ellos durante su visita a la Iglesia parroquial la cual han catalogado de \u201cgrandiosa y hermosa\u201d y han querido aportar su granito de arena haciendo un donativo para las obras de restauraci\u00f3n del tejado. Mil gracias familia.<\/p>\n<p style=\"text-align: justify;\">Despu\u00e9s de dedicar la ma\u00f1ana a Cantalpino, quer\u00edan aprovechar su estancia en Salamanca para intentar visitar la \u201cHabitaci\u00f3n museo\u201d que ocupo Sor Eusebia durante su estancia en el colegio salesiano y conocer otros lugares emblem\u00e1ticos de la ciudad como la Catedral.<\/p>\n<p style=\"text-align: justify;\">Muchas gracias familia por dedicarnos un poquito de vuestro tiempo y esperamos que teng\u00e1is un buen viaje de regreso a vuestra tierra. Seguro que la Beata Eusebia Palomino os acompa\u00f1a en el camino.<\/p>\n","protected":false},"excerpt":{"rendered":"<p>Las familias San Garrido y Montero Garrido, procedentes de Sevilla han visitado hoy nuestro pueblo como acci\u00f3n de gracias. Todo empez\u00f3 cuando uno de los miembros de la familia enferm\u00f3 de leucemia; r\u00e1pidamente uno&#46;&#46;&#46;<\/p>\n","protected":false},"author":13,"featured_media":737,"comment_status":"open","ping_status":"open","sticky":false,"template":"","format":"standard","meta":{"footnotes":""},"categories":[1],"tags":[25],"class_list":["post-734","post","type-post","status-publish","format-standard","has-post-thumbnail","hentry","category-actualidad","tag-sor-eusebia"],"yoast_head":"<!-- This site is optimized with the Yoast SEO plugin v26.6 - https:\/\/yoast.com\/wordpress\/plugins\/seo\/ -->\n<title>Devotos sevillanos visitan Cantalpino para conocer el lugar donde naci\u00f3 la Beata Eusebia Palomino. - Dos Columnas<\/title>\n<meta name=\"robots\" content=\"index, follow, max-snippet:-1, max-image-preview:large, max-video-preview:-1\" \/>\n<link rel=\"canonical\" href=\"https:\/\/iicolumnas.es\/index.php\/actualidad\/2016\/03\/05\/devotos-sevillanos-visitan-cantalpino-para-conocer-el-lugar-donde-nacio-la-beata-eusebia-palomino\/\" \/>\n<meta property=\"og:locale\" content=\"es_ES\" \/>\n<meta property=\"og:type\" content=\"article\" \/>\n<meta property=\"og:title\" content=\"Devotos sevillanos visitan Cantalpino para conocer el lugar donde naci\u00f3 la Beata Eusebia Palomino. - Dos Columnas\" \/>\n<meta property=\"og:description\" content=\"Las familias San Garrido y Montero Garrido, procedentes de Sevilla han visitado hoy nuestro pueblo como acci\u00f3n de gracias. Todo empez\u00f3 cuando uno de los miembros de la familia enferm\u00f3 de leucemia; r\u00e1pidamente uno&#046;&#046;&#046;\" \/>\n<meta property=\"og:url\" content=\"https:\/\/iicolumnas.es\/index.php\/actualidad\/2016\/03\/05\/devotos-sevillanos-visitan-cantalpino-para-conocer-el-lugar-donde-nacio-la-beata-eusebia-palomino\/\" \/>\n<meta property=\"og:site_name\" content=\"Dos Columnas\" \/>\n<meta property=\"article:publisher\" content=\"https:\/\/www.facebook.com\/iicolumnas\/\" \/>\n<meta property=\"article:published_time\" content=\"2016-03-05T21:44:19+00:00\" \/>\n<meta property=\"article:modified_time\" content=\"2016-03-24T11:56:33+00:00\" \/>\n<meta property=\"og:image\" content=\"https:\/\/iicolumnas.es\/wp-content\/uploads\/2016\/03\/visita-familia-sevilla.jpg\" \/>\n\t<meta property=\"og:image:width\" content=\"1377\" \/>\n\t<meta property=\"og:image:height\" content=\"2448\" \/>\n\t<meta property=\"og:image:type\" content=\"image\/jpeg\" \/>\n<meta name=\"author\" content=\"Luc\u00eda Mart\u00edn\" \/>\n<meta name=\"twitter:card\" content=\"summary_large_image\" \/>\n<meta name=\"twitter:creator\" content=\"@iicolumnas\" \/>\n<meta name=\"twitter:site\" content=\"@iicolumnas\" \/>\n<meta name=\"twitter:label1\" content=\"Escrito por\" \/>\n\t<meta name=\"twitter:data1\" content=\"Luc\u00eda Mart\u00edn\" \/>\n\t<meta name=\"twitter:label2\" content=\"Tiempo de lectura\" \/>\n\t<meta name=\"twitter:data2\" content=\"2 minutos\" \/>\n<script type=\"application\/ld+json\" class=\"yoast-schema-graph\">{\"@context\":\"https:\/\/schema.org\",\"@graph\":[{\"@type\":\"WebPage\",\"@id\":\"https:\/\/iicolumnas.es\/index.php\/actualidad\/2016\/03\/05\/devotos-sevillanos-visitan-cantalpino-para-conocer-el-lugar-donde-nacio-la-beata-eusebia-palomino\/\",\"url\":\"https:\/\/iicolumnas.es\/index.php\/actualidad\/2016\/03\/05\/devotos-sevillanos-visitan-cantalpino-para-conocer-el-lugar-donde-nacio-la-beata-eusebia-palomino\/\",\"name\":\"Devotos sevillanos visitan Cantalpino para conocer el lugar donde naci\u00f3 la Beata Eusebia Palomino. - Dos Columnas\",\"isPartOf\":{\"@id\":\"https:\/\/iicolumnas.es\/#website\"},\"primaryImageOfPage\":{\"@id\":\"https:\/\/iicolumnas.es\/index.php\/actualidad\/2016\/03\/05\/devotos-sevillanos-visitan-cantalpino-para-conocer-el-lugar-donde-nacio-la-beata-eusebia-palomino\/#primaryimage\"},\"image\":{\"@id\":\"https:\/\/iicolumnas.es\/index.php\/actualidad\/2016\/03\/05\/devotos-sevillanos-visitan-cantalpino-para-conocer-el-lugar-donde-nacio-la-beata-eusebia-palomino\/#primaryimage\"},\"thumbnailUrl\":\"https:\/\/iicolumnas.es\/wp-content\/uploads\/2016\/03\/visita-familia-sevilla.jpg\",\"datePublished\":\"2016-03-05T21:44:19+00:00\",\"dateModified\":\"2016-03-24T11:56:33+00:00\",\"author\":{\"@id\":\"https:\/\/iicolumnas.es\/#\/schema\/person\/d0b468295022f1c525f1f08174e5094e\"},\"breadcrumb\":{\"@id\":\"https:\/\/iicolumnas.es\/index.php\/actualidad\/2016\/03\/05\/devotos-sevillanos-visitan-cantalpino-para-conocer-el-lugar-donde-nacio-la-beata-eusebia-palomino\/#breadcrumb\"},\"inLanguage\":\"es\",\"potentialAction\":[{\"@type\":\"ReadAction\",\"target\":[\"https:\/\/iicolumnas.es\/index.php\/actualidad\/2016\/03\/05\/devotos-sevillanos-visitan-cantalpino-para-conocer-el-lugar-donde-nacio-la-beata-eusebia-palomino\/\"]}]},{\"@type\":\"ImageObject\",\"inLanguage\":\"es\",\"@id\":\"https:\/\/iicolumnas.es\/index.php\/actualidad\/2016\/03\/05\/devotos-sevillanos-visitan-cantalpino-para-conocer-el-lugar-donde-nacio-la-beata-eusebia-palomino\/#primaryimage\",\"url\":\"https:\/\/iicolumnas.es\/wp-content\/uploads\/2016\/03\/visita-familia-sevilla.jpg\",\"contentUrl\":\"https:\/\/iicolumnas.es\/wp-content\/uploads\/2016\/03\/visita-familia-sevilla.jpg\",\"width\":\"1377\",\"height\":\"2448\"},{\"@type\":\"BreadcrumbList\",\"@id\":\"https:\/\/iicolumnas.es\/index.php\/actualidad\/2016\/03\/05\/devotos-sevillanos-visitan-cantalpino-para-conocer-el-lugar-donde-nacio-la-beata-eusebia-palomino\/#breadcrumb\",\"itemListElement\":[{\"@type\":\"ListItem\",\"position\":1,\"name\":\"Portada\",\"item\":\"https:\/\/iicolumnas.es\/\"},{\"@type\":\"ListItem\",\"position\":2,\"name\":\"Actualidad\",\"item\":\"https:\/\/iicolumnas.es\/index.php\/category\/actualidad\/\"},{\"@type\":\"ListItem\",\"position\":3,\"name\":\"Devotos sevillanos visitan Cantalpino para conocer el lugar donde naci\u00f3 la Beata Eusebia Palomino.\"}]},{\"@type\":\"WebSite\",\"@id\":\"https:\/\/iicolumnas.es\/#website\",\"url\":\"https:\/\/iicolumnas.es\/\",\"name\":\"Dos Columnas\",\"description\":\"El peri\u00f3dico de la villa de Cantalpino\",\"potentialAction\":[{\"@type\":\"SearchAction\",\"target\":{\"@type\":\"EntryPoint\",\"urlTemplate\":\"https:\/\/iicolumnas.es\/?s={search_term_string}\"},\"query-input\":{\"@type\":\"PropertyValueSpecification\",\"valueRequired\":true,\"valueName\":\"search_term_string\"}}],\"inLanguage\":\"es\"},{\"@type\":\"Person\",\"@id\":\"https:\/\/iicolumnas.es\/#\/schema\/person\/d0b468295022f1c525f1f08174e5094e\",\"name\":\"Luc\u00eda Mart\u00edn\",\"image\":{\"@type\":\"ImageObject\",\"inLanguage\":\"es\",\"@id\":\"https:\/\/iicolumnas.es\/#\/schema\/person\/image\/\",\"url\":\"https:\/\/secure.gravatar.com\/avatar\/93fc1f88b1a03f8c364002e3c0eeaed8496b37404ac5fb74c332af7fc73d81f9?s=96&d=mm&r=g\",\"contentUrl\":\"https:\/\/secure.gravatar.com\/avatar\/93fc1f88b1a03f8c364002e3c0eeaed8496b37404ac5fb74c332af7fc73d81f9?s=96&d=mm&r=g\",\"caption\":\"Luc\u00eda Mart\u00edn\"}}]}<\/script>\n<!-- \/ Yoast SEO plugin. -->","yoast_head_json":{"title":"Devotos sevillanos visitan Cantalpino para conocer el lugar donde naci\u00f3 la Beata Eusebia Palomino. - Dos Columnas","robots":{"index":"index","follow":"follow","max-snippet":"max-snippet:-1","max-image-preview":"max-image-preview:large","max-video-preview":"max-video-preview:-1"},"canonical":"https:\/\/iicolumnas.es\/index.php\/actualidad\/2016\/03\/05\/devotos-sevillanos-visitan-cantalpino-para-conocer-el-lugar-donde-nacio-la-beata-eusebia-palomino\/","og_locale":"es_ES","og_type":"article","og_title":"Devotos sevillanos visitan Cantalpino para conocer el lugar donde naci\u00f3 la Beata Eusebia Palomino. - Dos Columnas","og_description":"Las familias San Garrido y Montero Garrido, procedentes de Sevilla han visitado hoy nuestro pueblo como acci\u00f3n de gracias. Todo empez\u00f3 cuando uno de los miembros de la familia enferm\u00f3 de leucemia; r\u00e1pidamente uno&#46;&#46;&#46;","og_url":"https:\/\/iicolumnas.es\/index.php\/actualidad\/2016\/03\/05\/devotos-sevillanos-visitan-cantalpino-para-conocer-el-lugar-donde-nacio-la-beata-eusebia-palomino\/","og_site_name":"Dos Columnas","article_publisher":"https:\/\/www.facebook.com\/iicolumnas\/","article_published_time":"2016-03-05T21:44:19+00:00","article_modified_time":"2016-03-24T11:56:33+00:00","og_image":[{"width":1377,"height":2448,"url":"https:\/\/iicolumnas.es\/wp-content\/uploads\/2016\/03\/visita-familia-sevilla.jpg","type":"image\/jpeg"}],"author":"Luc\u00eda Mart\u00edn","twitter_card":"summary_large_image","twitter_creator":"@iicolumnas","twitter_site":"@iicolumnas","twitter_misc":{"Escrito por":"Luc\u00eda Mart\u00edn","Tiempo de lectura":"2 minutos"},"schema":{"@context":"https:\/\/schema.org","@graph":[{"@type":"WebPage","@id":"https:\/\/iicolumnas.es\/index.php\/actualidad\/2016\/03\/05\/devotos-sevillanos-visitan-cantalpino-para-conocer-el-lugar-donde-nacio-la-beata-eusebia-palomino\/","url":"https:\/\/iicolumnas.es\/index.php\/actualidad\/2016\/03\/05\/devotos-sevillanos-visitan-cantalpino-para-conocer-el-lugar-donde-nacio-la-beata-eusebia-palomino\/","name":"Devotos sevillanos visitan Cantalpino para conocer el lugar donde naci\u00f3 la Beata Eusebia Palomino. - Dos Columnas","isPartOf":{"@id":"https:\/\/iicolumnas.es\/#website"},"primaryImageOfPage":{"@id":"https:\/\/iicolumnas.es\/index.php\/actualidad\/2016\/03\/05\/devotos-sevillanos-visitan-cantalpino-para-conocer-el-lugar-donde-nacio-la-beata-eusebia-palomino\/#primaryimage"},"image":{"@id":"https:\/\/iicolumnas.es\/index.php\/actualidad\/2016\/03\/05\/devotos-sevillanos-visitan-cantalpino-para-conocer-el-lugar-donde-nacio-la-beata-eusebia-palomino\/#primaryimage"},"thumbnailUrl":"https:\/\/iicolumnas.es\/wp-content\/uploads\/2016\/03\/visita-familia-sevilla.jpg","datePublished":"2016-03-05T21:44:19+00:00","dateModified":"2016-03-24T11:56:33+00:00","author":{"@id":"https:\/\/iicolumnas.es\/#\/schema\/person\/d0b468295022f1c525f1f08174e5094e"},"breadcrumb":{"@id":"https:\/\/iicolumnas.es\/index.php\/actualidad\/2016\/03\/05\/devotos-sevillanos-visitan-cantalpino-para-conocer-el-lugar-donde-nacio-la-beata-eusebia-palomino\/#breadcrumb"},"inLanguage":"es","potentialAction":[{"@type":"ReadAction","target":["https:\/\/iicolumnas.es\/index.php\/actualidad\/2016\/03\/05\/devotos-sevillanos-visitan-cantalpino-para-conocer-el-lugar-donde-nacio-la-beata-eusebia-palomino\/"]}]},{"@type":"ImageObject","inLanguage":"es","@id":"https:\/\/iicolumnas.es\/index.php\/actualidad\/2016\/03\/05\/devotos-sevillanos-visitan-cantalpino-para-conocer-el-lugar-donde-nacio-la-beata-eusebia-palomino\/#primaryimage","url":"https:\/\/iicolumnas.es\/wp-content\/uploads\/2016\/03\/visita-familia-sevilla.jpg","contentUrl":"https:\/\/iicolumnas.es\/wp-content\/uploads\/2016\/03\/visita-familia-sevilla.jpg","width":"1377","height":"2448"},{"@type":"BreadcrumbList","@id":"https:\/\/iicolumnas.es\/index.php\/actualidad\/2016\/03\/05\/devotos-sevillanos-visitan-cantalpino-para-conocer-el-lugar-donde-nacio-la-beata-eusebia-palomino\/#breadcrumb","itemListElement":[{"@type":"ListItem","position":1,"name":"Portada","item":"https:\/\/iicolumnas.es\/"},{"@type":"ListItem","position":2,"name":"Actualidad","item":"https:\/\/iicolumnas.es\/index.php\/category\/actualidad\/"},{"@type":"ListItem","position":3,"name":"Devotos sevillanos visitan Cantalpino para conocer el lugar donde naci\u00f3 la Beata Eusebia Palomino."}]},{"@type":"WebSite","@id":"https:\/\/iicolumnas.es\/#website","url":"https:\/\/iicolumnas.es\/","name":"Dos Columnas","description":"El peri\u00f3dico de la villa de Cantalpino","potentialAction":[{"@type":"SearchAction","target":{"@type":"EntryPoint","urlTemplate":"https:\/\/iicolumnas.es\/?s={search_term_string}"},"query-input":{"@type":"PropertyValueSpecification","valueRequired":true,"valueName":"search_term_string"}}],"inLanguage":"es"},{"@type":"Person","@id":"https:\/\/iicolumnas.es\/#\/schema\/person\/d0b468295022f1c525f1f08174e5094e","name":"Luc\u00eda Mart\u00edn","image":{"@type":"ImageObject","inLanguage":"es","@id":"https:\/\/iicolumnas.es\/#\/schema\/person\/image\/","url":"https:\/\/secure.gravatar.com\/avatar\/93fc1f88b1a03f8c364002e3c0eeaed8496b37404ac5fb74c332af7fc73d81f9?s=96&d=mm&r=g","contentUrl":"https:\/\/secure.gravatar.com\/avatar\/93fc1f88b1a03f8c364002e3c0eeaed8496b37404ac5fb74c332af7fc73d81f9?s=96&d=mm&r=g","caption":"Luc\u00eda Mart\u00edn"}}]}},"_links":{"self":[{"href":"https:\/\/iicolumnas.es\/index.php\/wp-json\/wp\/v2\/posts\/734","targetHints":{"allow":["GET"]}}],"collection":[{"href":"https:\/\/iicolumnas.es\/index.php\/wp-json\/wp\/v2\/posts"}],"about":[{"href":"https:\/\/iicolumnas.es\/index.php\/wp-json\/wp\/v2\/types\/post"}],"author":[{"embeddable":true,"href":"https:\/\/iicolumnas.es\/index.php\/wp-json\/wp\/v2\/users\/13"}],"replies":[{"embeddable":true,"href":"https:\/\/iicolumnas.es\/index.php\/wp-json\/wp\/v2\/comments?post=734"}],"version-history":[{"count":0,"href":"https:\/\/iicolumnas.es\/index.php\/wp-json\/wp\/v2\/posts\/734\/revisions"}],"wp:featuredmedia":[{"embeddable":true,"href":"https:\/\/iicolumnas.es\/index.php\/wp-json\/wp\/v2\/media\/737"}],"wp:attachment":[{"href":"https:\/\/iicolumnas.es\/index.php\/wp-json\/wp\/v2\/media?parent=734"}],"wp:term":[{"taxonomy":"category","embeddable":true,"href":"https:\/\/iicolumnas.es\/index.php\/wp-json\/wp\/v2\/categories?post=734"},{"taxonomy":"post_tag","embeddable":true,"href":"https:\/\/iicolumnas.es\/index.php\/wp-json\/wp\/v2\/tags?post=734"}],"curies":[{"name":"wp","href":"https:\/\/api.w.org\/{rel}","templated":true}]}}