{"id":7335,"date":"2016-09-23T22:35:56","date_gmt":"2016-09-23T22:35:56","guid":{"rendered":"https:\/\/iicolumnas.es\/?p=7335"},"modified":"2016-09-23T22:35:56","modified_gmt":"2016-09-23T22:35:56","slug":"ecubus-ciudad-salamanca-arranca-la-temporada-cargo-del-cantalpines-alberto-martin","status":"publish","type":"post","link":"https:\/\/iicolumnas.es\/index.php\/deportes\/2016\/09\/23\/ecubus-ciudad-salamanca-arranca-la-temporada-cargo-del-cantalpines-alberto-martin\/","title":{"rendered":"Ecubus Ciudad de Salamanca arranca la temporada a cargo del cantalpin\u00e9s Alberto Mart\u00edn"},"content":{"rendered":"<div id=\"attachment_7333\" style=\"width: 210px\" class=\"wp-caption alignleft\"><img loading=\"lazy\" decoding=\"async\" aria-describedby=\"caption-attachment-7333\" class=\"wp-image-7333 size-medium\" src=\"https:\/\/iicolumnas.es\/wp-content\/uploads\/2016\/09\/balonmano-castro-1-200x300.jpg\" alt=\"balonmano castro 1\" width=\"200\" height=\"300\" srcset=\"https:\/\/iicolumnas.es\/wp-content\/uploads\/2016\/09\/balonmano-castro-1-200x300.jpg 200w, https:\/\/iicolumnas.es\/wp-content\/uploads\/2016\/09\/balonmano-castro-1.jpg 534w\" sizes=\"auto, (max-width: 200px) 100vw, 200px\" \/><p id=\"caption-attachment-7333\" class=\"wp-caption-text\">Alberto Mart\u00edn, entrenador.<\/p><\/div>\n<p style=\"text-align: justify;\">El equipo de balonmano salmantino, Ecubus Ciudad de Salamanca, arranca la temporada a los mandos del entrenador cantalpin\u00e9s Alberto Mart\u00edn Castro, estrenando la categor\u00eda de bronce tras el reciente ascenso\u00a0a Primera Divisi\u00f3n Nacional, ya que la pasada temporada el equipo charro permanec\u00eda en Segunda Divisi\u00f3n.<\/p>\n<p style=\"text-align: justify;\">El ascenso ha tra\u00eddo consigo ciertos cambios en la plantilla perdiendo cinco de sus jugadores referentes, que han suplido con jugadores del mismo nivel, chavales j\u00f3venes que compaginan este deporte con trabajo y estudios.<\/p>\n<p style=\"text-align: justify;\">La pretemporada de este equipo renovado, ha transcurrido con el factor de la mala suerte en\u00a0lo que a bajas se refiere, ha tenido cinco ausencias, de las cuales cuatro de ellas son de larga duraci\u00f3n, en su mayor\u00eda por problemas \u00f3seos, pero este factor no ha podido suprimir la ilusi\u00f3n y las ganas con las que El Ecubus comienza esta nueva etapa.<\/p>\n<div id=\"attachment_7330\" style=\"width: 310px\" class=\"wp-caption alignright\"><img loading=\"lazy\" decoding=\"async\" aria-describedby=\"caption-attachment-7330\" class=\"wp-image-7330 size-medium\" src=\"https:\/\/iicolumnas.es\/wp-content\/uploads\/2016\/09\/balonmano-castro-4-300x300.jpg\" alt=\"balonmano castro 4\" width=\"300\" height=\"300\" srcset=\"https:\/\/iicolumnas.es\/wp-content\/uploads\/2016\/09\/balonmano-castro-4-300x300.jpg 300w, https:\/\/iicolumnas.es\/wp-content\/uploads\/2016\/09\/balonmano-castro-4-150x150.jpg 150w, https:\/\/iicolumnas.es\/wp-content\/uploads\/2016\/09\/balonmano-castro-4-160x160.jpg 160w, https:\/\/iicolumnas.es\/wp-content\/uploads\/2016\/09\/balonmano-castro-4-320x320.jpg 320w, https:\/\/iicolumnas.es\/wp-content\/uploads\/2016\/09\/balonmano-castro-4.jpg 720w\" sizes=\"auto, (max-width: 300px) 100vw, 300px\" \/><p id=\"caption-attachment-7330\" class=\"wp-caption-text\">Momento de la celebraci\u00f3n del ascenso a Primera Divisi\u00f3n<\/p><\/div>\n<p style=\"text-align: justify;\">Alberto Mart\u00edn destaca como objetivo principal para esta nueva temporada la permanencia en Primera Divesi\u00f3n y afirma que \u00abtenemos un equipo competitivo y con muchas ganas que nos dar\u00e1 una buena temporada, pero somos conscientes de que somos novatos y el claro objetivo es permanecer en Primera\u00bb.<\/p>\n<p style=\"text-align: justify;\">El debut tendr\u00e1 lugar este s\u00e1bado d\u00eda 24, a las 19:30 en el pabell\u00f3n local R\u00edo Tormes, donde se enfrentar\u00e1n al equipo Universidad de Valladolid. Para este inicio liguero, Alberto Mart\u00edn ha convodado a los catorce jugadores del primer equipo y dos j\u00f3venes del equipo\u00a0juvenil; el propio entrenador nos comenta que \u00aben el equipo apostamos mucho por la cantera y por eso contamos con jugadores de categor\u00edas inferiores\u00bb.<\/p>\n<p style=\"text-align: justify;\">El equipo visitante, Universidad de Valladolid, llega a la ciudad charra como favorito, pero el ambiente que se prevee en el R\u00edo Tormes ayudar\u00e1 a nuestros jugadores a luchar por la victoria en un partido que no ser\u00e1 nada f\u00e1cil.<img loading=\"lazy\" decoding=\"async\" class=\"wp-image-7331 size-medium alignleft\" src=\"https:\/\/iicolumnas.es\/wp-content\/uploads\/2016\/09\/balonmano-castro-3-300x225.jpg\" alt=\"balonmano castro 3\" width=\"300\" height=\"225\" srcset=\"https:\/\/iicolumnas.es\/wp-content\/uploads\/2016\/09\/balonmano-castro-3-300x225.jpg 300w, https:\/\/iicolumnas.es\/wp-content\/uploads\/2016\/09\/balonmano-castro-3.jpg 800w\" sizes=\"auto, (max-width: 300px) 100vw, 300px\" \/><\/p>\n<p style=\"text-align: justify;\">Hasta el momento hay unas 800 entradas vendidas, lo que refleja que Salamanca est\u00e1 incrementando su n\u00famero de aficionados al balonmano, entre los espectadores que se dar\u00e1n cita en las gradas se encontrar\u00e1n todos los integrantes del equipo de f\u00fatbol Unionistas de Salamanca CF.<\/p>\n<p style=\"text-align: justify;\">Nuestro paisano, quiere aprovechar\u00a0el peri\u00f3dico Dos Columnas para invitar a todos los lectores a asistir al debut y disfrutar de una tarde de balonmano, as\u00ed como a que os anim\u00e9is a haceros socios.<\/p>\n<p style=\"text-align: justify;\">Desde Dos Columnas te deseamos mucha suerte en esta nueva andadura, esperando que la temporada os traiga buenos resultados.<\/p>\n<div id=\"attachment_7332\" style=\"width: 810px\" class=\"wp-caption aligncenter\"><img loading=\"lazy\" decoding=\"async\" aria-describedby=\"caption-attachment-7332\" class=\"wp-image-7332 size-full\" src=\"https:\/\/iicolumnas.es\/wp-content\/uploads\/2016\/09\/balonmano-castro-2.jpg\" alt=\"balonmano castro 2\" width=\"800\" height=\"534\" srcset=\"https:\/\/iicolumnas.es\/wp-content\/uploads\/2016\/09\/balonmano-castro-2.jpg 800w, https:\/\/iicolumnas.es\/wp-content\/uploads\/2016\/09\/balonmano-castro-2-300x200.jpg 300w\" sizes=\"auto, (max-width: 800px) 100vw, 800px\" \/><p id=\"caption-attachment-7332\" class=\"wp-caption-text\">La plantilla al completo con Alberto Mart\u00edn a la cabeza.<\/p><\/div>\n","protected":false},"excerpt":{"rendered":"<p>El equipo de balonmano salmantino, Ecubus Ciudad de Salamanca, arranca la temporada a los mandos del entrenador cantalpin\u00e9s Alberto Mart\u00edn Castro, estrenando la categor\u00eda de bronce tras el reciente ascenso\u00a0a Primera Divisi\u00f3n Nacional, ya&#46;&#46;&#46;<\/p>\n","protected":false},"author":11,"featured_media":7332,"comment_status":"open","ping_status":"open","sticky":false,"template":"","format":"standard","meta":{"footnotes":""},"categories":[20],"tags":[1082,1080,1081],"class_list":["post-7335","post","type-post","status-publish","format-standard","has-post-thumbnail","hentry","category-deportes","tag-alberto-martin","tag-balonmano","tag-ecubus-ciudad-de-salamanca"],"yoast_head":"<!-- This site is optimized with the Yoast SEO plugin v26.6 - https:\/\/yoast.com\/wordpress\/plugins\/seo\/ -->\n<title>Ecubus Ciudad de Salamanca arranca la temporada a cargo del cantalpin\u00e9s Alberto Mart\u00edn - Dos Columnas<\/title>\n<meta name=\"robots\" content=\"index, follow, max-snippet:-1, max-image-preview:large, max-video-preview:-1\" \/>\n<link rel=\"canonical\" href=\"https:\/\/iicolumnas.es\/index.php\/deportes\/2016\/09\/23\/ecubus-ciudad-salamanca-arranca-la-temporada-cargo-del-cantalpines-alberto-martin\/\" \/>\n<meta property=\"og:locale\" content=\"es_ES\" \/>\n<meta property=\"og:type\" content=\"article\" \/>\n<meta property=\"og:title\" content=\"Ecubus Ciudad de Salamanca arranca la temporada a cargo del cantalpin\u00e9s Alberto Mart\u00edn - Dos Columnas\" \/>\n<meta property=\"og:description\" content=\"El equipo de balonmano salmantino, Ecubus Ciudad de Salamanca, arranca la temporada a los mandos del entrenador cantalpin\u00e9s Alberto Mart\u00edn Castro, estrenando la categor\u00eda de bronce tras el reciente ascenso\u00a0a Primera Divisi\u00f3n Nacional, ya&#046;&#046;&#046;\" \/>\n<meta property=\"og:url\" content=\"https:\/\/iicolumnas.es\/index.php\/deportes\/2016\/09\/23\/ecubus-ciudad-salamanca-arranca-la-temporada-cargo-del-cantalpines-alberto-martin\/\" \/>\n<meta property=\"og:site_name\" content=\"Dos Columnas\" \/>\n<meta property=\"article:publisher\" content=\"https:\/\/www.facebook.com\/iicolumnas\/\" \/>\n<meta property=\"article:published_time\" content=\"2016-09-23T22:35:56+00:00\" \/>\n<meta property=\"og:image\" content=\"https:\/\/iicolumnas.es\/wp-content\/uploads\/2016\/09\/balonmano-castro-2.jpg\" \/>\n\t<meta property=\"og:image:width\" content=\"800\" \/>\n\t<meta property=\"og:image:height\" content=\"534\" \/>\n\t<meta property=\"og:image:type\" content=\"image\/jpeg\" \/>\n<meta name=\"author\" content=\"Elisabeth Herrero\" \/>\n<meta name=\"twitter:card\" content=\"summary_large_image\" \/>\n<meta name=\"twitter:creator\" content=\"@iicolumnas\" \/>\n<meta name=\"twitter:site\" content=\"@iicolumnas\" \/>\n<meta name=\"twitter:label1\" content=\"Escrito por\" \/>\n\t<meta name=\"twitter:data1\" content=\"Elisabeth Herrero\" \/>\n\t<meta name=\"twitter:label2\" content=\"Tiempo de lectura\" \/>\n\t<meta name=\"twitter:data2\" content=\"2 minutos\" \/>\n<script type=\"application\/ld+json\" class=\"yoast-schema-graph\">{\"@context\":\"https:\/\/schema.org\",\"@graph\":[{\"@type\":\"WebPage\",\"@id\":\"https:\/\/iicolumnas.es\/index.php\/deportes\/2016\/09\/23\/ecubus-ciudad-salamanca-arranca-la-temporada-cargo-del-cantalpines-alberto-martin\/\",\"url\":\"https:\/\/iicolumnas.es\/index.php\/deportes\/2016\/09\/23\/ecubus-ciudad-salamanca-arranca-la-temporada-cargo-del-cantalpines-alberto-martin\/\",\"name\":\"Ecubus Ciudad de Salamanca arranca la temporada a cargo del cantalpin\u00e9s Alberto Mart\u00edn - Dos Columnas\",\"isPartOf\":{\"@id\":\"https:\/\/iicolumnas.es\/#website\"},\"primaryImageOfPage\":{\"@id\":\"https:\/\/iicolumnas.es\/index.php\/deportes\/2016\/09\/23\/ecubus-ciudad-salamanca-arranca-la-temporada-cargo-del-cantalpines-alberto-martin\/#primaryimage\"},\"image\":{\"@id\":\"https:\/\/iicolumnas.es\/index.php\/deportes\/2016\/09\/23\/ecubus-ciudad-salamanca-arranca-la-temporada-cargo-del-cantalpines-alberto-martin\/#primaryimage\"},\"thumbnailUrl\":\"https:\/\/iicolumnas.es\/wp-content\/uploads\/2016\/09\/balonmano-castro-2.jpg\",\"datePublished\":\"2016-09-23T22:35:56+00:00\",\"author\":{\"@id\":\"https:\/\/iicolumnas.es\/#\/schema\/person\/a7ff663470be5c4a58b4056144602608\"},\"breadcrumb\":{\"@id\":\"https:\/\/iicolumnas.es\/index.php\/deportes\/2016\/09\/23\/ecubus-ciudad-salamanca-arranca-la-temporada-cargo-del-cantalpines-alberto-martin\/#breadcrumb\"},\"inLanguage\":\"es\",\"potentialAction\":[{\"@type\":\"ReadAction\",\"target\":[\"https:\/\/iicolumnas.es\/index.php\/deportes\/2016\/09\/23\/ecubus-ciudad-salamanca-arranca-la-temporada-cargo-del-cantalpines-alberto-martin\/\"]}]},{\"@type\":\"ImageObject\",\"inLanguage\":\"es\",\"@id\":\"https:\/\/iicolumnas.es\/index.php\/deportes\/2016\/09\/23\/ecubus-ciudad-salamanca-arranca-la-temporada-cargo-del-cantalpines-alberto-martin\/#primaryimage\",\"url\":\"https:\/\/iicolumnas.es\/wp-content\/uploads\/2016\/09\/balonmano-castro-2.jpg\",\"contentUrl\":\"https:\/\/iicolumnas.es\/wp-content\/uploads\/2016\/09\/balonmano-castro-2.jpg\",\"width\":\"800\",\"height\":\"534\"},{\"@type\":\"BreadcrumbList\",\"@id\":\"https:\/\/iicolumnas.es\/index.php\/deportes\/2016\/09\/23\/ecubus-ciudad-salamanca-arranca-la-temporada-cargo-del-cantalpines-alberto-martin\/#breadcrumb\",\"itemListElement\":[{\"@type\":\"ListItem\",\"position\":1,\"name\":\"Portada\",\"item\":\"https:\/\/iicolumnas.es\/\"},{\"@type\":\"ListItem\",\"position\":2,\"name\":\"Deportes\",\"item\":\"https:\/\/iicolumnas.es\/index.php\/category\/deportes\/\"},{\"@type\":\"ListItem\",\"position\":3,\"name\":\"Ecubus Ciudad de Salamanca arranca la temporada a cargo del cantalpin\u00e9s Alberto Mart\u00edn\"}]},{\"@type\":\"WebSite\",\"@id\":\"https:\/\/iicolumnas.es\/#website\",\"url\":\"https:\/\/iicolumnas.es\/\",\"name\":\"Dos Columnas\",\"description\":\"El peri\u00f3dico de la villa de Cantalpino\",\"potentialAction\":[{\"@type\":\"SearchAction\",\"target\":{\"@type\":\"EntryPoint\",\"urlTemplate\":\"https:\/\/iicolumnas.es\/?s={search_term_string}\"},\"query-input\":{\"@type\":\"PropertyValueSpecification\",\"valueRequired\":true,\"valueName\":\"search_term_string\"}}],\"inLanguage\":\"es\"},{\"@type\":\"Person\",\"@id\":\"https:\/\/iicolumnas.es\/#\/schema\/person\/a7ff663470be5c4a58b4056144602608\",\"name\":\"Elisabeth Herrero\",\"image\":{\"@type\":\"ImageObject\",\"inLanguage\":\"es\",\"@id\":\"https:\/\/iicolumnas.es\/#\/schema\/person\/image\/\",\"url\":\"https:\/\/secure.gravatar.com\/avatar\/940d2d17ae8f8dbc80e004b6d5cf732529898723a62eb676e66b87e474e93db4?s=96&d=mm&r=g\",\"contentUrl\":\"https:\/\/secure.gravatar.com\/avatar\/940d2d17ae8f8dbc80e004b6d5cf732529898723a62eb676e66b87e474e93db4?s=96&d=mm&r=g\",\"caption\":\"Elisabeth Herrero\"}}]}<\/script>\n<!-- \/ Yoast SEO plugin. -->","yoast_head_json":{"title":"Ecubus Ciudad de Salamanca arranca la temporada a cargo del cantalpin\u00e9s Alberto Mart\u00edn - Dos Columnas","robots":{"index":"index","follow":"follow","max-snippet":"max-snippet:-1","max-image-preview":"max-image-preview:large","max-video-preview":"max-video-preview:-1"},"canonical":"https:\/\/iicolumnas.es\/index.php\/deportes\/2016\/09\/23\/ecubus-ciudad-salamanca-arranca-la-temporada-cargo-del-cantalpines-alberto-martin\/","og_locale":"es_ES","og_type":"article","og_title":"Ecubus Ciudad de Salamanca arranca la temporada a cargo del cantalpin\u00e9s Alberto Mart\u00edn - Dos Columnas","og_description":"El equipo de balonmano salmantino, Ecubus Ciudad de Salamanca, arranca la temporada a los mandos del entrenador cantalpin\u00e9s Alberto Mart\u00edn Castro, estrenando la categor\u00eda de bronce tras el reciente ascenso\u00a0a Primera Divisi\u00f3n Nacional, ya&#46;&#46;&#46;","og_url":"https:\/\/iicolumnas.es\/index.php\/deportes\/2016\/09\/23\/ecubus-ciudad-salamanca-arranca-la-temporada-cargo-del-cantalpines-alberto-martin\/","og_site_name":"Dos Columnas","article_publisher":"https:\/\/www.facebook.com\/iicolumnas\/","article_published_time":"2016-09-23T22:35:56+00:00","og_image":[{"width":800,"height":534,"url":"https:\/\/iicolumnas.es\/wp-content\/uploads\/2016\/09\/balonmano-castro-2.jpg","type":"image\/jpeg"}],"author":"Elisabeth Herrero","twitter_card":"summary_large_image","twitter_creator":"@iicolumnas","twitter_site":"@iicolumnas","twitter_misc":{"Escrito por":"Elisabeth Herrero","Tiempo de lectura":"2 minutos"},"schema":{"@context":"https:\/\/schema.org","@graph":[{"@type":"WebPage","@id":"https:\/\/iicolumnas.es\/index.php\/deportes\/2016\/09\/23\/ecubus-ciudad-salamanca-arranca-la-temporada-cargo-del-cantalpines-alberto-martin\/","url":"https:\/\/iicolumnas.es\/index.php\/deportes\/2016\/09\/23\/ecubus-ciudad-salamanca-arranca-la-temporada-cargo-del-cantalpines-alberto-martin\/","name":"Ecubus Ciudad de Salamanca arranca la temporada a cargo del cantalpin\u00e9s Alberto Mart\u00edn - Dos Columnas","isPartOf":{"@id":"https:\/\/iicolumnas.es\/#website"},"primaryImageOfPage":{"@id":"https:\/\/iicolumnas.es\/index.php\/deportes\/2016\/09\/23\/ecubus-ciudad-salamanca-arranca-la-temporada-cargo-del-cantalpines-alberto-martin\/#primaryimage"},"image":{"@id":"https:\/\/iicolumnas.es\/index.php\/deportes\/2016\/09\/23\/ecubus-ciudad-salamanca-arranca-la-temporada-cargo-del-cantalpines-alberto-martin\/#primaryimage"},"thumbnailUrl":"https:\/\/iicolumnas.es\/wp-content\/uploads\/2016\/09\/balonmano-castro-2.jpg","datePublished":"2016-09-23T22:35:56+00:00","author":{"@id":"https:\/\/iicolumnas.es\/#\/schema\/person\/a7ff663470be5c4a58b4056144602608"},"breadcrumb":{"@id":"https:\/\/iicolumnas.es\/index.php\/deportes\/2016\/09\/23\/ecubus-ciudad-salamanca-arranca-la-temporada-cargo-del-cantalpines-alberto-martin\/#breadcrumb"},"inLanguage":"es","potentialAction":[{"@type":"ReadAction","target":["https:\/\/iicolumnas.es\/index.php\/deportes\/2016\/09\/23\/ecubus-ciudad-salamanca-arranca-la-temporada-cargo-del-cantalpines-alberto-martin\/"]}]},{"@type":"ImageObject","inLanguage":"es","@id":"https:\/\/iicolumnas.es\/index.php\/deportes\/2016\/09\/23\/ecubus-ciudad-salamanca-arranca-la-temporada-cargo-del-cantalpines-alberto-martin\/#primaryimage","url":"https:\/\/iicolumnas.es\/wp-content\/uploads\/2016\/09\/balonmano-castro-2.jpg","contentUrl":"https:\/\/iicolumnas.es\/wp-content\/uploads\/2016\/09\/balonmano-castro-2.jpg","width":"800","height":"534"},{"@type":"BreadcrumbList","@id":"https:\/\/iicolumnas.es\/index.php\/deportes\/2016\/09\/23\/ecubus-ciudad-salamanca-arranca-la-temporada-cargo-del-cantalpines-alberto-martin\/#breadcrumb","itemListElement":[{"@type":"ListItem","position":1,"name":"Portada","item":"https:\/\/iicolumnas.es\/"},{"@type":"ListItem","position":2,"name":"Deportes","item":"https:\/\/iicolumnas.es\/index.php\/category\/deportes\/"},{"@type":"ListItem","position":3,"name":"Ecubus Ciudad de Salamanca arranca la temporada a cargo del cantalpin\u00e9s Alberto Mart\u00edn"}]},{"@type":"WebSite","@id":"https:\/\/iicolumnas.es\/#website","url":"https:\/\/iicolumnas.es\/","name":"Dos Columnas","description":"El peri\u00f3dico de la villa de Cantalpino","potentialAction":[{"@type":"SearchAction","target":{"@type":"EntryPoint","urlTemplate":"https:\/\/iicolumnas.es\/?s={search_term_string}"},"query-input":{"@type":"PropertyValueSpecification","valueRequired":true,"valueName":"search_term_string"}}],"inLanguage":"es"},{"@type":"Person","@id":"https:\/\/iicolumnas.es\/#\/schema\/person\/a7ff663470be5c4a58b4056144602608","name":"Elisabeth Herrero","image":{"@type":"ImageObject","inLanguage":"es","@id":"https:\/\/iicolumnas.es\/#\/schema\/person\/image\/","url":"https:\/\/secure.gravatar.com\/avatar\/940d2d17ae8f8dbc80e004b6d5cf732529898723a62eb676e66b87e474e93db4?s=96&d=mm&r=g","contentUrl":"https:\/\/secure.gravatar.com\/avatar\/940d2d17ae8f8dbc80e004b6d5cf732529898723a62eb676e66b87e474e93db4?s=96&d=mm&r=g","caption":"Elisabeth Herrero"}}]}},"_links":{"self":[{"href":"https:\/\/iicolumnas.es\/index.php\/wp-json\/wp\/v2\/posts\/7335","targetHints":{"allow":["GET"]}}],"collection":[{"href":"https:\/\/iicolumnas.es\/index.php\/wp-json\/wp\/v2\/posts"}],"about":[{"href":"https:\/\/iicolumnas.es\/index.php\/wp-json\/wp\/v2\/types\/post"}],"author":[{"embeddable":true,"href":"https:\/\/iicolumnas.es\/index.php\/wp-json\/wp\/v2\/users\/11"}],"replies":[{"embeddable":true,"href":"https:\/\/iicolumnas.es\/index.php\/wp-json\/wp\/v2\/comments?post=7335"}],"version-history":[{"count":10,"href":"https:\/\/iicolumnas.es\/index.php\/wp-json\/wp\/v2\/posts\/7335\/revisions"}],"predecessor-version":[{"id":7346,"href":"https:\/\/iicolumnas.es\/index.php\/wp-json\/wp\/v2\/posts\/7335\/revisions\/7346"}],"wp:featuredmedia":[{"embeddable":true,"href":"https:\/\/iicolumnas.es\/index.php\/wp-json\/wp\/v2\/media\/7332"}],"wp:attachment":[{"href":"https:\/\/iicolumnas.es\/index.php\/wp-json\/wp\/v2\/media?parent=7335"}],"wp:term":[{"taxonomy":"category","embeddable":true,"href":"https:\/\/iicolumnas.es\/index.php\/wp-json\/wp\/v2\/categories?post=7335"},{"taxonomy":"post_tag","embeddable":true,"href":"https:\/\/iicolumnas.es\/index.php\/wp-json\/wp\/v2\/tags?post=7335"}],"curies":[{"name":"wp","href":"https:\/\/api.w.org\/{rel}","templated":true}]}}