{"id":7323,"date":"2016-09-23T21:00:37","date_gmt":"2016-09-23T21:00:37","guid":{"rendered":"https:\/\/iicolumnas.es\/?p=7323"},"modified":"2016-09-23T21:00:37","modified_gmt":"2016-09-23T21:00:37","slug":"feliz-cumpleanos-marcos","status":"publish","type":"post","link":"https:\/\/iicolumnas.es\/index.php\/celebraciones\/cumpleanos\/2016\/09\/23\/feliz-cumpleanos-marcos\/","title":{"rendered":"\u00a1Feliz cumplea\u00f1os Marcos!"},"content":{"rendered":"<p>Hoy felicitamos al peque\u00f1o de la pe\u00f1a, a \u00faltima hora como todo en este humilde club de lectores, pero m\u00e1s vale tarde que nunca, adem\u00e1s, muchas veces hemos demostrado que las cosas improvisadas se nos dan mejor. Sabemos que te gustan la feas (seguro que alguna se da por aludida&#8230;) y que eres una de esas personas de risa f\u00e1cil a la que todo le hace gracia. Queremos que sigas haciendo y diciendo todas esas tonter\u00edas con las que nos re\u00edmos tanto. Seguro que te has pasado el d\u00eda haciendo el gato a todos los que te han felicitado. Disfruta de los 22 y p\u00f3rtate bien&#8230;<\/p>\n<p>Nos gustar\u00eda acabar con una frase de \u00abMarge Simpson\u00bb que dice: \u00a1que va a drogarlo!<\/p>\n<div class=\"video-container\"><iframe loading=\"lazy\" title=\"Que va a drogarlo\" width=\"500\" height=\"375\" src=\"https:\/\/www.youtube.com\/embed\/dN0gvBb8qyE?feature=oembed&#038;wmode=opaque\" frameborder=\"0\" allow=\"accelerometer; autoplay; clipboard-write; encrypted-media; gyroscope; picture-in-picture; web-share\" referrerpolicy=\"strict-origin-when-cross-origin\" allowfullscreen><\/iframe><\/div>\n<p>&nbsp;<\/p>\n\n\t\t<style>\n\t\t\t#gallery-1 {\n\t\t\t\tmargin: auto;\n\t\t\t}\n\t\t\t#gallery-1 .gallery-item {\n\t\t\t\tfloat: left;\n\t\t\t\tmargin-top: 10px;\n\t\t\t\ttext-align: center;\n\t\t\t\twidth: 50%;\n\t\t\t}\n\t\t\t#gallery-1 img {\n\t\t\t\tborder: 2px solid #cfcfcf;\n\t\t\t}\n\t\t\t#gallery-1 .gallery-caption {\n\t\t\t\tmargin-left: 0;\n\t\t\t}\n\t\t\t\/* see gallery_shortcode() in wp-includes\/media.php *\/\n\t\t<\/style>\n\t\t<div id='gallery-1' class='gallery galleryid-7323 gallery-columns-2 gallery-size-large'><dl class='gallery-item'>\n\t\t\t<dt class='gallery-icon landscape'>\n\t\t\t\t<a href='https:\/\/iicolumnas.es\/wp-content\/uploads\/2016\/09\/cumple_marcos_s16-2.jpeg' title=\"\" data-rl_title=\"\" class=\"rl-gallery-link\" data-rl_caption=\"\" data-rel=\"lightbox-gallery-1\"><img loading=\"lazy\" decoding=\"async\" width=\"800\" height=\"600\" src=\"https:\/\/iicolumnas.es\/wp-content\/uploads\/2016\/09\/cumple_marcos_s16-2.jpeg\" class=\"attachment-large size-large no-lazy\" alt=\"\" srcset=\"https:\/\/iicolumnas.es\/wp-content\/uploads\/2016\/09\/cumple_marcos_s16-2.jpeg 800w, https:\/\/iicolumnas.es\/wp-content\/uploads\/2016\/09\/cumple_marcos_s16-2-300x225.jpeg 300w\" sizes=\"auto, (max-width: 800px) 100vw, 800px\" \/><\/a>\n\t\t\t<\/dt><\/dl><dl class='gallery-item'>\n\t\t\t<dt class='gallery-icon landscape'>\n\t\t\t\t<a href='https:\/\/iicolumnas.es\/wp-content\/uploads\/2016\/09\/cumple_marcos_s16-3.jpg' title=\"\" data-rl_title=\"\" class=\"rl-gallery-link\" data-rl_caption=\"\" data-rel=\"lightbox-gallery-1\"><img loading=\"lazy\" decoding=\"async\" width=\"800\" height=\"450\" src=\"https:\/\/iicolumnas.es\/wp-content\/uploads\/2016\/09\/cumple_marcos_s16-3.jpg\" class=\"attachment-large size-large no-lazy\" alt=\"\" srcset=\"https:\/\/iicolumnas.es\/wp-content\/uploads\/2016\/09\/cumple_marcos_s16-3.jpg 800w, https:\/\/iicolumnas.es\/wp-content\/uploads\/2016\/09\/cumple_marcos_s16-3-300x169.jpg 300w\" sizes=\"auto, (max-width: 800px) 100vw, 800px\" \/><\/a>\n\t\t\t<\/dt><\/dl><br style=\"clear: both\" \/><dl class='gallery-item'>\n\t\t\t<dt class='gallery-icon landscape'>\n\t\t\t\t<a href='https:\/\/iicolumnas.es\/wp-content\/uploads\/2016\/09\/cumple_marcos_s16-4.jpeg' title=\"\" data-rl_title=\"\" class=\"rl-gallery-link\" data-rl_caption=\"\" data-rel=\"lightbox-gallery-1\"><img loading=\"lazy\" decoding=\"async\" width=\"800\" height=\"450\" src=\"https:\/\/iicolumnas.es\/wp-content\/uploads\/2016\/09\/cumple_marcos_s16-4.jpeg\" class=\"attachment-large size-large no-lazy\" alt=\"\" srcset=\"https:\/\/iicolumnas.es\/wp-content\/uploads\/2016\/09\/cumple_marcos_s16-4.jpeg 800w, https:\/\/iicolumnas.es\/wp-content\/uploads\/2016\/09\/cumple_marcos_s16-4-300x169.jpeg 300w\" sizes=\"auto, (max-width: 800px) 100vw, 800px\" \/><\/a>\n\t\t\t<\/dt><\/dl><dl class='gallery-item'>\n\t\t\t<dt class='gallery-icon landscape'>\n\t\t\t\t<a href='https:\/\/iicolumnas.es\/wp-content\/uploads\/2016\/09\/cumple_marcos_s16-5.jpeg' title=\"\" data-rl_title=\"\" class=\"rl-gallery-link\" data-rl_caption=\"\" data-rel=\"lightbox-gallery-1\"><img loading=\"lazy\" decoding=\"async\" width=\"800\" height=\"600\" src=\"https:\/\/iicolumnas.es\/wp-content\/uploads\/2016\/09\/cumple_marcos_s16-5.jpeg\" class=\"attachment-large size-large no-lazy\" alt=\"\" srcset=\"https:\/\/iicolumnas.es\/wp-content\/uploads\/2016\/09\/cumple_marcos_s16-5.jpeg 800w, https:\/\/iicolumnas.es\/wp-content\/uploads\/2016\/09\/cumple_marcos_s16-5-300x225.jpeg 300w\" sizes=\"auto, (max-width: 800px) 100vw, 800px\" \/><\/a>\n\t\t\t<\/dt><\/dl><br style=\"clear: both\" \/>\n\t\t<\/div>\n\n<p>&nbsp;<\/p>\n","protected":false},"excerpt":{"rendered":"<p>Hoy felicitamos al peque\u00f1o de la pe\u00f1a, a \u00faltima hora como todo en este humilde club de lectores, pero m\u00e1s vale tarde que nunca, adem\u00e1s, muchas veces hemos demostrado que las cosas improvisadas se&#46;&#46;&#46;<\/p>\n","protected":false},"author":1,"featured_media":7328,"comment_status":"open","ping_status":"open","sticky":false,"template":"","format":"standard","meta":{"footnotes":""},"categories":[88],"tags":[],"class_list":["post-7323","post","type-post","status-publish","format-standard","has-post-thumbnail","hentry","category-cumpleanos"],"yoast_head":"<!-- This site is optimized with the Yoast SEO plugin v26.6 - https:\/\/yoast.com\/wordpress\/plugins\/seo\/ -->\n<title>\u00a1Feliz cumplea\u00f1os Marcos! - Dos Columnas<\/title>\n<meta name=\"robots\" content=\"index, follow, max-snippet:-1, max-image-preview:large, max-video-preview:-1\" \/>\n<link rel=\"canonical\" href=\"https:\/\/iicolumnas.es\/index.php\/celebraciones\/cumpleanos\/2016\/09\/23\/feliz-cumpleanos-marcos\/\" \/>\n<meta property=\"og:locale\" content=\"es_ES\" \/>\n<meta property=\"og:type\" content=\"article\" \/>\n<meta property=\"og:title\" content=\"\u00a1Feliz cumplea\u00f1os Marcos! - Dos Columnas\" \/>\n<meta property=\"og:description\" content=\"Hoy felicitamos al peque\u00f1o de la pe\u00f1a, a \u00faltima hora como todo en este humilde club de lectores, pero m\u00e1s vale tarde que nunca, adem\u00e1s, muchas veces hemos demostrado que las cosas improvisadas se&#046;&#046;&#046;\" \/>\n<meta property=\"og:url\" content=\"https:\/\/iicolumnas.es\/index.php\/celebraciones\/cumpleanos\/2016\/09\/23\/feliz-cumpleanos-marcos\/\" \/>\n<meta property=\"og:site_name\" content=\"Dos Columnas\" \/>\n<meta property=\"article:publisher\" content=\"https:\/\/www.facebook.com\/iicolumnas\/\" \/>\n<meta property=\"article:published_time\" content=\"2016-09-23T21:00:37+00:00\" \/>\n<meta property=\"og:image\" content=\"https:\/\/iicolumnas.es\/wp-content\/uploads\/2016\/09\/cumple_marcos_s16.jpg\" \/>\n\t<meta property=\"og:image:width\" content=\"588\" \/>\n\t<meta property=\"og:image:height\" content=\"589\" \/>\n\t<meta property=\"og:image:type\" content=\"image\/jpeg\" \/>\n<meta name=\"author\" content=\"Juan Alberto Garc\u00eda\" \/>\n<meta name=\"twitter:card\" content=\"summary_large_image\" \/>\n<meta name=\"twitter:creator\" content=\"@iicolumnas\" \/>\n<meta name=\"twitter:site\" content=\"@iicolumnas\" \/>\n<meta name=\"twitter:label1\" content=\"Escrito por\" \/>\n\t<meta name=\"twitter:data1\" content=\"Juan Alberto Garc\u00eda\" \/>\n\t<meta name=\"twitter:label2\" content=\"Tiempo de lectura\" \/>\n\t<meta name=\"twitter:data2\" content=\"1 minuto\" \/>\n<script type=\"application\/ld+json\" class=\"yoast-schema-graph\">{\"@context\":\"https:\/\/schema.org\",\"@graph\":[{\"@type\":\"WebPage\",\"@id\":\"https:\/\/iicolumnas.es\/index.php\/celebraciones\/cumpleanos\/2016\/09\/23\/feliz-cumpleanos-marcos\/\",\"url\":\"https:\/\/iicolumnas.es\/index.php\/celebraciones\/cumpleanos\/2016\/09\/23\/feliz-cumpleanos-marcos\/\",\"name\":\"\u00a1Feliz cumplea\u00f1os Marcos! - Dos Columnas\",\"isPartOf\":{\"@id\":\"https:\/\/iicolumnas.es\/#website\"},\"primaryImageOfPage\":{\"@id\":\"https:\/\/iicolumnas.es\/index.php\/celebraciones\/cumpleanos\/2016\/09\/23\/feliz-cumpleanos-marcos\/#primaryimage\"},\"image\":{\"@id\":\"https:\/\/iicolumnas.es\/index.php\/celebraciones\/cumpleanos\/2016\/09\/23\/feliz-cumpleanos-marcos\/#primaryimage\"},\"thumbnailUrl\":\"https:\/\/iicolumnas.es\/wp-content\/uploads\/2016\/09\/cumple_marcos_s16.jpg\",\"datePublished\":\"2016-09-23T21:00:37+00:00\",\"author\":{\"@id\":\"https:\/\/iicolumnas.es\/#\/schema\/person\/454e592beb5051596092682bc7744870\"},\"breadcrumb\":{\"@id\":\"https:\/\/iicolumnas.es\/index.php\/celebraciones\/cumpleanos\/2016\/09\/23\/feliz-cumpleanos-marcos\/#breadcrumb\"},\"inLanguage\":\"es\",\"potentialAction\":[{\"@type\":\"ReadAction\",\"target\":[\"https:\/\/iicolumnas.es\/index.php\/celebraciones\/cumpleanos\/2016\/09\/23\/feliz-cumpleanos-marcos\/\"]}]},{\"@type\":\"ImageObject\",\"inLanguage\":\"es\",\"@id\":\"https:\/\/iicolumnas.es\/index.php\/celebraciones\/cumpleanos\/2016\/09\/23\/feliz-cumpleanos-marcos\/#primaryimage\",\"url\":\"https:\/\/iicolumnas.es\/wp-content\/uploads\/2016\/09\/cumple_marcos_s16.jpg\",\"contentUrl\":\"https:\/\/iicolumnas.es\/wp-content\/uploads\/2016\/09\/cumple_marcos_s16.jpg\",\"width\":\"588\",\"height\":\"589\"},{\"@type\":\"BreadcrumbList\",\"@id\":\"https:\/\/iicolumnas.es\/index.php\/celebraciones\/cumpleanos\/2016\/09\/23\/feliz-cumpleanos-marcos\/#breadcrumb\",\"itemListElement\":[{\"@type\":\"ListItem\",\"position\":1,\"name\":\"Portada\",\"item\":\"https:\/\/iicolumnas.es\/\"},{\"@type\":\"ListItem\",\"position\":2,\"name\":\"Celebraciones\",\"item\":\"https:\/\/iicolumnas.es\/index.php\/category\/celebraciones\/\"},{\"@type\":\"ListItem\",\"position\":3,\"name\":\"Cumplea\u00f1os\",\"item\":\"https:\/\/iicolumnas.es\/index.php\/category\/celebraciones\/cumpleanos\/\"},{\"@type\":\"ListItem\",\"position\":4,\"name\":\"\u00a1Feliz cumplea\u00f1os Marcos!\"}]},{\"@type\":\"WebSite\",\"@id\":\"https:\/\/iicolumnas.es\/#website\",\"url\":\"https:\/\/iicolumnas.es\/\",\"name\":\"Dos Columnas\",\"description\":\"El peri\u00f3dico de la villa de Cantalpino\",\"potentialAction\":[{\"@type\":\"SearchAction\",\"target\":{\"@type\":\"EntryPoint\",\"urlTemplate\":\"https:\/\/iicolumnas.es\/?s={search_term_string}\"},\"query-input\":{\"@type\":\"PropertyValueSpecification\",\"valueRequired\":true,\"valueName\":\"search_term_string\"}}],\"inLanguage\":\"es\"},{\"@type\":\"Person\",\"@id\":\"https:\/\/iicolumnas.es\/#\/schema\/person\/454e592beb5051596092682bc7744870\",\"name\":\"Juan Alberto Garc\u00eda\",\"image\":{\"@type\":\"ImageObject\",\"inLanguage\":\"es\",\"@id\":\"https:\/\/iicolumnas.es\/#\/schema\/person\/image\/\",\"url\":\"https:\/\/secure.gravatar.com\/avatar\/b5e9097f5115a63587d45ece976d47f33159b9258fd778d9fbb56ce1c9d21ca8?s=96&d=mm&r=g\",\"contentUrl\":\"https:\/\/secure.gravatar.com\/avatar\/b5e9097f5115a63587d45ece976d47f33159b9258fd778d9fbb56ce1c9d21ca8?s=96&d=mm&r=g\",\"caption\":\"Juan Alberto Garc\u00eda\"},\"description\":\"los admin tienen demasiados privilegios sobre otros admin, no crees?\",\"sameAs\":[\"https:\/\/www.linkedin.com\/in\/juan-alberto-garc%C3%ADa-esteban-85389310b\"]}]}<\/script>\n<!-- \/ Yoast SEO plugin. -->","yoast_head_json":{"title":"\u00a1Feliz cumplea\u00f1os Marcos! - Dos Columnas","robots":{"index":"index","follow":"follow","max-snippet":"max-snippet:-1","max-image-preview":"max-image-preview:large","max-video-preview":"max-video-preview:-1"},"canonical":"https:\/\/iicolumnas.es\/index.php\/celebraciones\/cumpleanos\/2016\/09\/23\/feliz-cumpleanos-marcos\/","og_locale":"es_ES","og_type":"article","og_title":"\u00a1Feliz cumplea\u00f1os Marcos! - Dos Columnas","og_description":"Hoy felicitamos al peque\u00f1o de la pe\u00f1a, a \u00faltima hora como todo en este humilde club de lectores, pero m\u00e1s vale tarde que nunca, adem\u00e1s, muchas veces hemos demostrado que las cosas improvisadas se&#46;&#46;&#46;","og_url":"https:\/\/iicolumnas.es\/index.php\/celebraciones\/cumpleanos\/2016\/09\/23\/feliz-cumpleanos-marcos\/","og_site_name":"Dos Columnas","article_publisher":"https:\/\/www.facebook.com\/iicolumnas\/","article_published_time":"2016-09-23T21:00:37+00:00","og_image":[{"width":588,"height":589,"url":"https:\/\/iicolumnas.es\/wp-content\/uploads\/2016\/09\/cumple_marcos_s16.jpg","type":"image\/jpeg"}],"author":"Juan Alberto Garc\u00eda","twitter_card":"summary_large_image","twitter_creator":"@iicolumnas","twitter_site":"@iicolumnas","twitter_misc":{"Escrito por":"Juan Alberto Garc\u00eda","Tiempo de lectura":"1 minuto"},"schema":{"@context":"https:\/\/schema.org","@graph":[{"@type":"WebPage","@id":"https:\/\/iicolumnas.es\/index.php\/celebraciones\/cumpleanos\/2016\/09\/23\/feliz-cumpleanos-marcos\/","url":"https:\/\/iicolumnas.es\/index.php\/celebraciones\/cumpleanos\/2016\/09\/23\/feliz-cumpleanos-marcos\/","name":"\u00a1Feliz cumplea\u00f1os Marcos! - Dos Columnas","isPartOf":{"@id":"https:\/\/iicolumnas.es\/#website"},"primaryImageOfPage":{"@id":"https:\/\/iicolumnas.es\/index.php\/celebraciones\/cumpleanos\/2016\/09\/23\/feliz-cumpleanos-marcos\/#primaryimage"},"image":{"@id":"https:\/\/iicolumnas.es\/index.php\/celebraciones\/cumpleanos\/2016\/09\/23\/feliz-cumpleanos-marcos\/#primaryimage"},"thumbnailUrl":"https:\/\/iicolumnas.es\/wp-content\/uploads\/2016\/09\/cumple_marcos_s16.jpg","datePublished":"2016-09-23T21:00:37+00:00","author":{"@id":"https:\/\/iicolumnas.es\/#\/schema\/person\/454e592beb5051596092682bc7744870"},"breadcrumb":{"@id":"https:\/\/iicolumnas.es\/index.php\/celebraciones\/cumpleanos\/2016\/09\/23\/feliz-cumpleanos-marcos\/#breadcrumb"},"inLanguage":"es","potentialAction":[{"@type":"ReadAction","target":["https:\/\/iicolumnas.es\/index.php\/celebraciones\/cumpleanos\/2016\/09\/23\/feliz-cumpleanos-marcos\/"]}]},{"@type":"ImageObject","inLanguage":"es","@id":"https:\/\/iicolumnas.es\/index.php\/celebraciones\/cumpleanos\/2016\/09\/23\/feliz-cumpleanos-marcos\/#primaryimage","url":"https:\/\/iicolumnas.es\/wp-content\/uploads\/2016\/09\/cumple_marcos_s16.jpg","contentUrl":"https:\/\/iicolumnas.es\/wp-content\/uploads\/2016\/09\/cumple_marcos_s16.jpg","width":"588","height":"589"},{"@type":"BreadcrumbList","@id":"https:\/\/iicolumnas.es\/index.php\/celebraciones\/cumpleanos\/2016\/09\/23\/feliz-cumpleanos-marcos\/#breadcrumb","itemListElement":[{"@type":"ListItem","position":1,"name":"Portada","item":"https:\/\/iicolumnas.es\/"},{"@type":"ListItem","position":2,"name":"Celebraciones","item":"https:\/\/iicolumnas.es\/index.php\/category\/celebraciones\/"},{"@type":"ListItem","position":3,"name":"Cumplea\u00f1os","item":"https:\/\/iicolumnas.es\/index.php\/category\/celebraciones\/cumpleanos\/"},{"@type":"ListItem","position":4,"name":"\u00a1Feliz cumplea\u00f1os Marcos!"}]},{"@type":"WebSite","@id":"https:\/\/iicolumnas.es\/#website","url":"https:\/\/iicolumnas.es\/","name":"Dos Columnas","description":"El peri\u00f3dico de la villa de Cantalpino","potentialAction":[{"@type":"SearchAction","target":{"@type":"EntryPoint","urlTemplate":"https:\/\/iicolumnas.es\/?s={search_term_string}"},"query-input":{"@type":"PropertyValueSpecification","valueRequired":true,"valueName":"search_term_string"}}],"inLanguage":"es"},{"@type":"Person","@id":"https:\/\/iicolumnas.es\/#\/schema\/person\/454e592beb5051596092682bc7744870","name":"Juan Alberto Garc\u00eda","image":{"@type":"ImageObject","inLanguage":"es","@id":"https:\/\/iicolumnas.es\/#\/schema\/person\/image\/","url":"https:\/\/secure.gravatar.com\/avatar\/b5e9097f5115a63587d45ece976d47f33159b9258fd778d9fbb56ce1c9d21ca8?s=96&d=mm&r=g","contentUrl":"https:\/\/secure.gravatar.com\/avatar\/b5e9097f5115a63587d45ece976d47f33159b9258fd778d9fbb56ce1c9d21ca8?s=96&d=mm&r=g","caption":"Juan Alberto Garc\u00eda"},"description":"los admin tienen demasiados privilegios sobre otros admin, no crees?","sameAs":["https:\/\/www.linkedin.com\/in\/juan-alberto-garc%C3%ADa-esteban-85389310b"]}]}},"_links":{"self":[{"href":"https:\/\/iicolumnas.es\/index.php\/wp-json\/wp\/v2\/posts\/7323","targetHints":{"allow":["GET"]}}],"collection":[{"href":"https:\/\/iicolumnas.es\/index.php\/wp-json\/wp\/v2\/posts"}],"about":[{"href":"https:\/\/iicolumnas.es\/index.php\/wp-json\/wp\/v2\/types\/post"}],"author":[{"embeddable":true,"href":"https:\/\/iicolumnas.es\/index.php\/wp-json\/wp\/v2\/users\/1"}],"replies":[{"embeddable":true,"href":"https:\/\/iicolumnas.es\/index.php\/wp-json\/wp\/v2\/comments?post=7323"}],"version-history":[{"count":1,"href":"https:\/\/iicolumnas.es\/index.php\/wp-json\/wp\/v2\/posts\/7323\/revisions"}],"predecessor-version":[{"id":7329,"href":"https:\/\/iicolumnas.es\/index.php\/wp-json\/wp\/v2\/posts\/7323\/revisions\/7329"}],"wp:featuredmedia":[{"embeddable":true,"href":"https:\/\/iicolumnas.es\/index.php\/wp-json\/wp\/v2\/media\/7328"}],"wp:attachment":[{"href":"https:\/\/iicolumnas.es\/index.php\/wp-json\/wp\/v2\/media?parent=7323"}],"wp:term":[{"taxonomy":"category","embeddable":true,"href":"https:\/\/iicolumnas.es\/index.php\/wp-json\/wp\/v2\/categories?post=7323"},{"taxonomy":"post_tag","embeddable":true,"href":"https:\/\/iicolumnas.es\/index.php\/wp-json\/wp\/v2\/tags?post=7323"}],"curies":[{"name":"wp","href":"https:\/\/api.w.org\/{rel}","templated":true}]}}