{"id":7211,"date":"2016-09-09T20:49:19","date_gmt":"2016-09-09T20:49:19","guid":{"rendered":"https:\/\/iicolumnas.es\/?p=7211"},"modified":"2016-09-10T10:51:58","modified_gmt":"2016-09-10T10:51:58","slug":"cantalpines-ismael-martin-vuelve-triunfar-la-glorieta","status":"publish","type":"post","link":"https:\/\/iicolumnas.es\/index.php\/actualidad\/2016\/09\/09\/cantalpines-ismael-martin-vuelve-triunfar-la-glorieta\/","title":{"rendered":"El cantalpin\u00e9s Ismael Mart\u00edn vuelve a triunfar en La Glorieta"},"content":{"rendered":"<p>&nbsp;<\/p>\n<p style=\"text-align: justify;\"><img loading=\"lazy\" decoding=\"async\" class=\"alignright wp-image-7215 size-medium\" src=\"https:\/\/iicolumnas.es\/wp-content\/uploads\/2016\/09\/isma-torero-glorieta-2016-5-300x225.jpg\" alt=\"img_20160909_160458\" width=\"300\" height=\"225\" srcset=\"https:\/\/iicolumnas.es\/wp-content\/uploads\/2016\/09\/isma-torero-glorieta-2016-5-300x225.jpg 300w, https:\/\/iicolumnas.es\/wp-content\/uploads\/2016\/09\/isma-torero-glorieta-2016-5.jpg 800w\" sizes=\"auto, (max-width: 300px) 100vw, 300px\" \/>Por tercer a\u00f1o consecutivo, el cantalpin\u00e9s Ismael Mart\u00edn participa en el Tentadero P\u00fablico organizado por la Escuela salmantina de Tauromaquia y la empresa taurina de los Hermanos Chopera con motivo de las Ferias y Fiestas de Salamanca.<\/p>\n<p style=\"text-align: justify;\">Jueves 8 de septiembre, despu\u00e9s del tradicional desenjaule, junto con 16 compa\u00f1eros y acompa\u00f1ados de los profesores Jos\u00e9 Ignacio S\u00e1nchez y Jos\u00e9 Ram\u00f3n Mart\u00edn, Ismael sali\u00f3 al coso taurino de la Glorieta para hacer el que ya sea su tercer pase\u00edllo en La Glorieta y pese a tripitir confesaba que estaba <em>\u00abemocionado y \u00a0con muchos nervios\u00bb<\/em><\/p>\n<p style=\"text-align: justify;\">El cantalpin\u00e9s protagoniz\u00f3 un improvisado \u00abmano a mano\u00bb de dos tandas por cabeza junto a su compa\u00f1ero Manuel Tabernero en la cual Ismael demostr\u00f3 pura rabia sostenida sobre la mano derecha junto con unos pases de pecho que provocaban unanimidad y esto hizo que el p\u00fablico del coso salmantino estallara en aplausos.<\/p>\n<p style=\"text-align: justify;\">Al finalizar la faena, la cual brindo a Chopera, preguntamos a Mart\u00edn como se hab\u00eda sentido en su tercera tarde en la Plaza de Toros salmantina \u00a0<em>\u00abhe disfrutado de la tarde, estaba nervioso, siempre hay nervios\u00bb<\/em> y respecto al ganado <em>\u00abla vaca ha sido un poco peque\u00f1a para mi, he toreado algunas m\u00e1s grandes, pero es la que me ha tocado\u00bb.<\/em><\/p>\n<p style=\"text-align: justify;\">Media entrada en La Glorieta para disfrutar de este Tentadero Publico de la Escuela de Tauromaquia en la que no faltaron caras cantalpinesas, algunas de ellas poni\u00e9ndose en contacto con la familia para comunicarles lo mucho que les hab\u00eda gustado su faena, y que le trasmiti\u00e9ramos sus felicitaciones. Una de ellas dice:<em> \u00bb Por favor, le das la enhorabuena a Ismael, le he visto y ha estado muy bien. Con mucho valor, estilo y arte. A mi los festejos taurinos me gustan cuando ves que ponen ganas. Mi marido que entiende m\u00e1s dice que Ismael llegar\u00e1 lejos si no se\u00a0desv\u00eda, va con\u00a0mucha seguridad, sabiendo lo que hace y como lo hace para ser tan peque\u00f1o. Los compa\u00f1eros que estaban con \u00e9l estaban pendientes de lo que\u00a0dec\u00eda\u00a0el chico que estaba con ellos, pero Isma se luci\u00f3 el s\u00f3lo en el medio de la plaza.\u00a0Es muy joven y va por buen camino&#8230;.\u00bb<\/em><\/p>\n<p style=\"text-align: justify;\">Desde aqu\u00ed le trasmitimos a Ismael, las felicitaciones de los aficionados cantalpineses y le deseamos muchas tardes de triunfo no solo en La Glorieta, sino en cualquier coso que pise y que siga trabajando duro para poder llegar lejos.<\/p>\n\n\t\t<style>\n\t\t\t#gallery-1 {\n\t\t\t\tmargin: auto;\n\t\t\t}\n\t\t\t#gallery-1 .gallery-item {\n\t\t\t\tfloat: left;\n\t\t\t\tmargin-top: 10px;\n\t\t\t\ttext-align: center;\n\t\t\t\twidth: 33%;\n\t\t\t}\n\t\t\t#gallery-1 img {\n\t\t\t\tborder: 2px solid #cfcfcf;\n\t\t\t}\n\t\t\t#gallery-1 .gallery-caption {\n\t\t\t\tmargin-left: 0;\n\t\t\t}\n\t\t\t\/* see gallery_shortcode() in wp-includes\/media.php *\/\n\t\t<\/style>\n\t\t<div id='gallery-1' class='gallery galleryid-7211 gallery-columns-3 gallery-size-large'><dl class='gallery-item'>\n\t\t\t<dt class='gallery-icon landscape'>\n\t\t\t\t<a href='https:\/\/iicolumnas.es\/wp-content\/uploads\/2016\/09\/isma-torero-glorieta-2016-6.jpg' title=\"\" data-rl_title=\"\" class=\"rl-gallery-link\" data-rl_caption=\"\" data-rel=\"lightbox-gallery-1\"><img loading=\"lazy\" decoding=\"async\" width=\"640\" height=\"640\" src=\"https:\/\/iicolumnas.es\/wp-content\/uploads\/2016\/09\/isma-torero-glorieta-2016-6.jpg\" class=\"attachment-large size-large no-lazy\" alt=\"\" aria-describedby=\"gallery-1-7213\" srcset=\"https:\/\/iicolumnas.es\/wp-content\/uploads\/2016\/09\/isma-torero-glorieta-2016-6.jpg 640w, https:\/\/iicolumnas.es\/wp-content\/uploads\/2016\/09\/isma-torero-glorieta-2016-6-150x150.jpg 150w, https:\/\/iicolumnas.es\/wp-content\/uploads\/2016\/09\/isma-torero-glorieta-2016-6-300x300.jpg 300w, https:\/\/iicolumnas.es\/wp-content\/uploads\/2016\/09\/isma-torero-glorieta-2016-6-160x160.jpg 160w, https:\/\/iicolumnas.es\/wp-content\/uploads\/2016\/09\/isma-torero-glorieta-2016-6-320x320.jpg 320w\" sizes=\"auto, (max-width: 640px) 100vw, 640px\" \/><\/a>\n\t\t\t<\/dt>\n\t\t\t\t<dd class='wp-caption-text gallery-caption' id='gallery-1-7213'>\n\t\t\t\tCollage creado por el propio Ismael Martin de su faena en La Glorieta\n\t\t\t\t<\/dd><\/dl><dl class='gallery-item'>\n\t\t\t<dt class='gallery-icon landscape'>\n\t\t\t\t<a href='https:\/\/iicolumnas.es\/wp-content\/uploads\/2016\/09\/isma-torero-glorieta-2016.jpg' title=\"\" data-rl_title=\"\" class=\"rl-gallery-link\" data-rl_caption=\"\" data-rel=\"lightbox-gallery-1\"><img loading=\"lazy\" decoding=\"async\" width=\"582\" height=\"417\" src=\"https:\/\/iicolumnas.es\/wp-content\/uploads\/2016\/09\/isma-torero-glorieta-2016.jpg\" class=\"attachment-large size-large no-lazy\" alt=\"\" srcset=\"https:\/\/iicolumnas.es\/wp-content\/uploads\/2016\/09\/isma-torero-glorieta-2016.jpg 582w, https:\/\/iicolumnas.es\/wp-content\/uploads\/2016\/09\/isma-torero-glorieta-2016-300x215.jpg 300w\" sizes=\"auto, (max-width: 582px) 100vw, 582px\" \/><\/a>\n\t\t\t<\/dt><\/dl><dl class='gallery-item'>\n\t\t\t<dt class='gallery-icon landscape'>\n\t\t\t\t<a href='https:\/\/iicolumnas.es\/wp-content\/uploads\/2016\/09\/isma-torero-glorieta-2016-1.jpg' title=\"\" data-rl_title=\"\" class=\"rl-gallery-link\" data-rl_caption=\"\" data-rel=\"lightbox-gallery-1\"><img loading=\"lazy\" decoding=\"async\" width=\"800\" height=\"450\" src=\"https:\/\/iicolumnas.es\/wp-content\/uploads\/2016\/09\/isma-torero-glorieta-2016-1.jpg\" class=\"attachment-large size-large no-lazy\" alt=\"\" aria-describedby=\"gallery-1-7220\" srcset=\"https:\/\/iicolumnas.es\/wp-content\/uploads\/2016\/09\/isma-torero-glorieta-2016-1.jpg 800w, https:\/\/iicolumnas.es\/wp-content\/uploads\/2016\/09\/isma-torero-glorieta-2016-1-300x169.jpg 300w\" sizes=\"auto, (max-width: 800px) 100vw, 800px\" \/><\/a>\n\t\t\t<\/dt>\n\t\t\t\t<dd class='wp-caption-text gallery-caption' id='gallery-1-7220'>\n\t\t\t\tFaena de Ismael Martin\n\t\t\t\t<\/dd><\/dl><br style=\"clear: both\" \/><dl class='gallery-item'>\n\t\t\t<dt class='gallery-icon landscape'>\n\t\t\t\t<a href='https:\/\/iicolumnas.es\/wp-content\/uploads\/2016\/09\/isma-torero-glorieta-2016-2.jpg' title=\"\" data-rl_title=\"\" class=\"rl-gallery-link\" data-rl_caption=\"\" data-rel=\"lightbox-gallery-1\"><img loading=\"lazy\" decoding=\"async\" width=\"800\" height=\"450\" src=\"https:\/\/iicolumnas.es\/wp-content\/uploads\/2016\/09\/isma-torero-glorieta-2016-2.jpg\" class=\"attachment-large size-large no-lazy\" alt=\"\" aria-describedby=\"gallery-1-7219\" srcset=\"https:\/\/iicolumnas.es\/wp-content\/uploads\/2016\/09\/isma-torero-glorieta-2016-2.jpg 800w, https:\/\/iicolumnas.es\/wp-content\/uploads\/2016\/09\/isma-torero-glorieta-2016-2-300x169.jpg 300w\" sizes=\"auto, (max-width: 800px) 100vw, 800px\" \/><\/a>\n\t\t\t<\/dt>\n\t\t\t\t<dd class='wp-caption-text gallery-caption' id='gallery-1-7219'>\n\t\t\t\tFaena de Ismael Martin\n\t\t\t\t<\/dd><\/dl><dl class='gallery-item'>\n\t\t\t<dt class='gallery-icon landscape'>\n\t\t\t\t<a href='https:\/\/iicolumnas.es\/wp-content\/uploads\/2016\/09\/isma-torero-glorieta-2016-3.jpg' title=\"\" data-rl_title=\"\" class=\"rl-gallery-link\" data-rl_caption=\"\" data-rel=\"lightbox-gallery-1\"><img loading=\"lazy\" decoding=\"async\" width=\"800\" height=\"450\" src=\"https:\/\/iicolumnas.es\/wp-content\/uploads\/2016\/09\/isma-torero-glorieta-2016-3.jpg\" class=\"attachment-large size-large no-lazy\" alt=\"\" srcset=\"https:\/\/iicolumnas.es\/wp-content\/uploads\/2016\/09\/isma-torero-glorieta-2016-3.jpg 800w, https:\/\/iicolumnas.es\/wp-content\/uploads\/2016\/09\/isma-torero-glorieta-2016-3-300x169.jpg 300w\" sizes=\"auto, (max-width: 800px) 100vw, 800px\" \/><\/a>\n\t\t\t<\/dt><\/dl><dl class='gallery-item'>\n\t\t\t<dt class='gallery-icon landscape'>\n\t\t\t\t<a href='https:\/\/iicolumnas.es\/wp-content\/uploads\/2016\/09\/isma-torero-glorieta-2016-4.jpg' title=\"\" data-rl_title=\"\" class=\"rl-gallery-link\" data-rl_caption=\"\" data-rel=\"lightbox-gallery-1\"><img loading=\"lazy\" decoding=\"async\" width=\"800\" height=\"450\" src=\"https:\/\/iicolumnas.es\/wp-content\/uploads\/2016\/09\/isma-torero-glorieta-2016-4.jpg\" class=\"attachment-large size-large no-lazy\" alt=\"\" srcset=\"https:\/\/iicolumnas.es\/wp-content\/uploads\/2016\/09\/isma-torero-glorieta-2016-4.jpg 800w, https:\/\/iicolumnas.es\/wp-content\/uploads\/2016\/09\/isma-torero-glorieta-2016-4-300x169.jpg 300w\" sizes=\"auto, (max-width: 800px) 100vw, 800px\" \/><\/a>\n\t\t\t<\/dt><\/dl><br style=\"clear: both\" \/>\n\t\t<\/div>\n\n<p style=\"text-align: justify;\">Fotos del montaje: Adrian Mart\u00edn<span style=\"color: #36cccc;\"> <a style=\"color: #36cccc;\" href=\"http:\/\/salamancartvaldia.es\/\" target=\"_blank\">SalamancaRTVAldia<\/a><\/span>.<\/p>\n<p style=\"text-align: justify;\">Video de la primera aparici\u00f3n de Ismael Mart\u00edn en La Glorieta.<\/p>\n<div class=\"video-container\"><iframe loading=\"lazy\" title=\"El ni\u00f1o de cantalpino.tentadero la glorieta.\" width=\"500\" height=\"281\" src=\"https:\/\/www.youtube.com\/embed\/H3k4qAd_Ess?feature=oembed&#038;wmode=opaque\" frameborder=\"0\" allow=\"accelerometer; autoplay; clipboard-write; encrypted-media; gyroscope; picture-in-picture; web-share\" referrerpolicy=\"strict-origin-when-cross-origin\" allowfullscreen><\/iframe><\/div>\n<p>&nbsp;<\/p>\n<p><a href=\"https:\/\/youtu.be\/84P3BQa4mds\" data-rel=\"lightbox-video-0\">https:\/\/youtu.be\/84P3BQa4mds<\/a><\/p>\n","protected":false},"excerpt":{"rendered":"<p>&nbsp; Por tercer a\u00f1o consecutivo, el cantalpin\u00e9s Ismael Mart\u00edn participa en el Tentadero P\u00fablico organizado por la Escuela salmantina de Tauromaquia y la empresa taurina de los Hermanos Chopera con motivo de las Ferias&#46;&#46;&#46;<\/p>\n","protected":false},"author":13,"featured_media":7213,"comment_status":"open","ping_status":"open","sticky":false,"template":"","format":"standard","meta":{"footnotes":""},"categories":[1],"tags":[313,333,1064,1065],"class_list":["post-7211","post","type-post","status-publish","format-standard","has-post-thumbnail","hentry","category-actualidad","tag-cantalpines","tag-cantalpineses","tag-ismael-martin","tag-la-glorieta"],"yoast_head":"<!-- This site is optimized with the Yoast SEO plugin v26.6 - https:\/\/yoast.com\/wordpress\/plugins\/seo\/ -->\n<title>El cantalpin\u00e9s Ismael Mart\u00edn vuelve a triunfar en La Glorieta - Dos Columnas<\/title>\n<meta name=\"robots\" content=\"index, follow, max-snippet:-1, max-image-preview:large, max-video-preview:-1\" \/>\n<link rel=\"canonical\" href=\"https:\/\/iicolumnas.es\/index.php\/actualidad\/2016\/09\/09\/cantalpines-ismael-martin-vuelve-triunfar-la-glorieta\/\" \/>\n<meta property=\"og:locale\" content=\"es_ES\" \/>\n<meta property=\"og:type\" content=\"article\" \/>\n<meta property=\"og:title\" content=\"El cantalpin\u00e9s Ismael Mart\u00edn vuelve a triunfar en La Glorieta - Dos Columnas\" \/>\n<meta property=\"og:description\" content=\"&nbsp; Por tercer a\u00f1o consecutivo, el cantalpin\u00e9s Ismael Mart\u00edn participa en el Tentadero P\u00fablico organizado por la Escuela salmantina de Tauromaquia y la empresa taurina de los Hermanos Chopera con motivo de las Ferias&#046;&#046;&#046;\" \/>\n<meta property=\"og:url\" content=\"https:\/\/iicolumnas.es\/index.php\/actualidad\/2016\/09\/09\/cantalpines-ismael-martin-vuelve-triunfar-la-glorieta\/\" \/>\n<meta property=\"og:site_name\" content=\"Dos Columnas\" \/>\n<meta property=\"article:publisher\" content=\"https:\/\/www.facebook.com\/iicolumnas\/\" \/>\n<meta property=\"article:published_time\" content=\"2016-09-09T20:49:19+00:00\" \/>\n<meta property=\"article:modified_time\" content=\"2016-09-10T10:51:58+00:00\" \/>\n<meta property=\"og:image\" content=\"https:\/\/iicolumnas.es\/wp-content\/uploads\/2016\/09\/isma-torero-glorieta-2016-6.jpg\" \/>\n\t<meta property=\"og:image:width\" content=\"640\" \/>\n\t<meta property=\"og:image:height\" content=\"640\" \/>\n\t<meta property=\"og:image:type\" content=\"image\/jpeg\" \/>\n<meta name=\"author\" content=\"Luc\u00eda Mart\u00edn\" \/>\n<meta name=\"twitter:card\" content=\"summary_large_image\" \/>\n<meta name=\"twitter:creator\" content=\"@iicolumnas\" \/>\n<meta name=\"twitter:site\" content=\"@iicolumnas\" \/>\n<meta name=\"twitter:label1\" content=\"Escrito por\" \/>\n\t<meta name=\"twitter:data1\" content=\"Luc\u00eda Mart\u00edn\" \/>\n\t<meta name=\"twitter:label2\" content=\"Tiempo de lectura\" \/>\n\t<meta name=\"twitter:data2\" content=\"2 minutos\" \/>\n<script type=\"application\/ld+json\" class=\"yoast-schema-graph\">{\"@context\":\"https:\/\/schema.org\",\"@graph\":[{\"@type\":\"WebPage\",\"@id\":\"https:\/\/iicolumnas.es\/index.php\/actualidad\/2016\/09\/09\/cantalpines-ismael-martin-vuelve-triunfar-la-glorieta\/\",\"url\":\"https:\/\/iicolumnas.es\/index.php\/actualidad\/2016\/09\/09\/cantalpines-ismael-martin-vuelve-triunfar-la-glorieta\/\",\"name\":\"El cantalpin\u00e9s Ismael Mart\u00edn vuelve a triunfar en La Glorieta - Dos Columnas\",\"isPartOf\":{\"@id\":\"https:\/\/iicolumnas.es\/#website\"},\"primaryImageOfPage\":{\"@id\":\"https:\/\/iicolumnas.es\/index.php\/actualidad\/2016\/09\/09\/cantalpines-ismael-martin-vuelve-triunfar-la-glorieta\/#primaryimage\"},\"image\":{\"@id\":\"https:\/\/iicolumnas.es\/index.php\/actualidad\/2016\/09\/09\/cantalpines-ismael-martin-vuelve-triunfar-la-glorieta\/#primaryimage\"},\"thumbnailUrl\":\"https:\/\/iicolumnas.es\/wp-content\/uploads\/2016\/09\/isma-torero-glorieta-2016-6.jpg\",\"datePublished\":\"2016-09-09T20:49:19+00:00\",\"dateModified\":\"2016-09-10T10:51:58+00:00\",\"author\":{\"@id\":\"https:\/\/iicolumnas.es\/#\/schema\/person\/d0b468295022f1c525f1f08174e5094e\"},\"breadcrumb\":{\"@id\":\"https:\/\/iicolumnas.es\/index.php\/actualidad\/2016\/09\/09\/cantalpines-ismael-martin-vuelve-triunfar-la-glorieta\/#breadcrumb\"},\"inLanguage\":\"es\",\"potentialAction\":[{\"@type\":\"ReadAction\",\"target\":[\"https:\/\/iicolumnas.es\/index.php\/actualidad\/2016\/09\/09\/cantalpines-ismael-martin-vuelve-triunfar-la-glorieta\/\"]}]},{\"@type\":\"ImageObject\",\"inLanguage\":\"es\",\"@id\":\"https:\/\/iicolumnas.es\/index.php\/actualidad\/2016\/09\/09\/cantalpines-ismael-martin-vuelve-triunfar-la-glorieta\/#primaryimage\",\"url\":\"https:\/\/iicolumnas.es\/wp-content\/uploads\/2016\/09\/isma-torero-glorieta-2016-6.jpg\",\"contentUrl\":\"https:\/\/iicolumnas.es\/wp-content\/uploads\/2016\/09\/isma-torero-glorieta-2016-6.jpg\",\"width\":\"640\",\"height\":\"640\",\"caption\":\"Collage creado por el propio Ismael Martin de su faena en La Glorieta\"},{\"@type\":\"BreadcrumbList\",\"@id\":\"https:\/\/iicolumnas.es\/index.php\/actualidad\/2016\/09\/09\/cantalpines-ismael-martin-vuelve-triunfar-la-glorieta\/#breadcrumb\",\"itemListElement\":[{\"@type\":\"ListItem\",\"position\":1,\"name\":\"Portada\",\"item\":\"https:\/\/iicolumnas.es\/\"},{\"@type\":\"ListItem\",\"position\":2,\"name\":\"Actualidad\",\"item\":\"https:\/\/iicolumnas.es\/index.php\/category\/actualidad\/\"},{\"@type\":\"ListItem\",\"position\":3,\"name\":\"El cantalpin\u00e9s Ismael Mart\u00edn vuelve a triunfar en La Glorieta\"}]},{\"@type\":\"WebSite\",\"@id\":\"https:\/\/iicolumnas.es\/#website\",\"url\":\"https:\/\/iicolumnas.es\/\",\"name\":\"Dos Columnas\",\"description\":\"El peri\u00f3dico de la villa de Cantalpino\",\"potentialAction\":[{\"@type\":\"SearchAction\",\"target\":{\"@type\":\"EntryPoint\",\"urlTemplate\":\"https:\/\/iicolumnas.es\/?s={search_term_string}\"},\"query-input\":{\"@type\":\"PropertyValueSpecification\",\"valueRequired\":true,\"valueName\":\"search_term_string\"}}],\"inLanguage\":\"es\"},{\"@type\":\"Person\",\"@id\":\"https:\/\/iicolumnas.es\/#\/schema\/person\/d0b468295022f1c525f1f08174e5094e\",\"name\":\"Luc\u00eda Mart\u00edn\",\"image\":{\"@type\":\"ImageObject\",\"inLanguage\":\"es\",\"@id\":\"https:\/\/iicolumnas.es\/#\/schema\/person\/image\/\",\"url\":\"https:\/\/secure.gravatar.com\/avatar\/93fc1f88b1a03f8c364002e3c0eeaed8496b37404ac5fb74c332af7fc73d81f9?s=96&d=mm&r=g\",\"contentUrl\":\"https:\/\/secure.gravatar.com\/avatar\/93fc1f88b1a03f8c364002e3c0eeaed8496b37404ac5fb74c332af7fc73d81f9?s=96&d=mm&r=g\",\"caption\":\"Luc\u00eda Mart\u00edn\"}}]}<\/script>\n<!-- \/ Yoast SEO plugin. -->","yoast_head_json":{"title":"El cantalpin\u00e9s Ismael Mart\u00edn vuelve a triunfar en La Glorieta - Dos Columnas","robots":{"index":"index","follow":"follow","max-snippet":"max-snippet:-1","max-image-preview":"max-image-preview:large","max-video-preview":"max-video-preview:-1"},"canonical":"https:\/\/iicolumnas.es\/index.php\/actualidad\/2016\/09\/09\/cantalpines-ismael-martin-vuelve-triunfar-la-glorieta\/","og_locale":"es_ES","og_type":"article","og_title":"El cantalpin\u00e9s Ismael Mart\u00edn vuelve a triunfar en La Glorieta - Dos Columnas","og_description":"&nbsp; Por tercer a\u00f1o consecutivo, el cantalpin\u00e9s Ismael Mart\u00edn participa en el Tentadero P\u00fablico organizado por la Escuela salmantina de Tauromaquia y la empresa taurina de los Hermanos Chopera con motivo de las Ferias&#46;&#46;&#46;","og_url":"https:\/\/iicolumnas.es\/index.php\/actualidad\/2016\/09\/09\/cantalpines-ismael-martin-vuelve-triunfar-la-glorieta\/","og_site_name":"Dos Columnas","article_publisher":"https:\/\/www.facebook.com\/iicolumnas\/","article_published_time":"2016-09-09T20:49:19+00:00","article_modified_time":"2016-09-10T10:51:58+00:00","og_image":[{"width":640,"height":640,"url":"https:\/\/iicolumnas.es\/wp-content\/uploads\/2016\/09\/isma-torero-glorieta-2016-6.jpg","type":"image\/jpeg"}],"author":"Luc\u00eda Mart\u00edn","twitter_card":"summary_large_image","twitter_creator":"@iicolumnas","twitter_site":"@iicolumnas","twitter_misc":{"Escrito por":"Luc\u00eda Mart\u00edn","Tiempo de lectura":"2 minutos"},"schema":{"@context":"https:\/\/schema.org","@graph":[{"@type":"WebPage","@id":"https:\/\/iicolumnas.es\/index.php\/actualidad\/2016\/09\/09\/cantalpines-ismael-martin-vuelve-triunfar-la-glorieta\/","url":"https:\/\/iicolumnas.es\/index.php\/actualidad\/2016\/09\/09\/cantalpines-ismael-martin-vuelve-triunfar-la-glorieta\/","name":"El cantalpin\u00e9s Ismael Mart\u00edn vuelve a triunfar en La Glorieta - Dos Columnas","isPartOf":{"@id":"https:\/\/iicolumnas.es\/#website"},"primaryImageOfPage":{"@id":"https:\/\/iicolumnas.es\/index.php\/actualidad\/2016\/09\/09\/cantalpines-ismael-martin-vuelve-triunfar-la-glorieta\/#primaryimage"},"image":{"@id":"https:\/\/iicolumnas.es\/index.php\/actualidad\/2016\/09\/09\/cantalpines-ismael-martin-vuelve-triunfar-la-glorieta\/#primaryimage"},"thumbnailUrl":"https:\/\/iicolumnas.es\/wp-content\/uploads\/2016\/09\/isma-torero-glorieta-2016-6.jpg","datePublished":"2016-09-09T20:49:19+00:00","dateModified":"2016-09-10T10:51:58+00:00","author":{"@id":"https:\/\/iicolumnas.es\/#\/schema\/person\/d0b468295022f1c525f1f08174e5094e"},"breadcrumb":{"@id":"https:\/\/iicolumnas.es\/index.php\/actualidad\/2016\/09\/09\/cantalpines-ismael-martin-vuelve-triunfar-la-glorieta\/#breadcrumb"},"inLanguage":"es","potentialAction":[{"@type":"ReadAction","target":["https:\/\/iicolumnas.es\/index.php\/actualidad\/2016\/09\/09\/cantalpines-ismael-martin-vuelve-triunfar-la-glorieta\/"]}]},{"@type":"ImageObject","inLanguage":"es","@id":"https:\/\/iicolumnas.es\/index.php\/actualidad\/2016\/09\/09\/cantalpines-ismael-martin-vuelve-triunfar-la-glorieta\/#primaryimage","url":"https:\/\/iicolumnas.es\/wp-content\/uploads\/2016\/09\/isma-torero-glorieta-2016-6.jpg","contentUrl":"https:\/\/iicolumnas.es\/wp-content\/uploads\/2016\/09\/isma-torero-glorieta-2016-6.jpg","width":"640","height":"640","caption":"Collage creado por el propio Ismael Martin de su faena en La Glorieta"},{"@type":"BreadcrumbList","@id":"https:\/\/iicolumnas.es\/index.php\/actualidad\/2016\/09\/09\/cantalpines-ismael-martin-vuelve-triunfar-la-glorieta\/#breadcrumb","itemListElement":[{"@type":"ListItem","position":1,"name":"Portada","item":"https:\/\/iicolumnas.es\/"},{"@type":"ListItem","position":2,"name":"Actualidad","item":"https:\/\/iicolumnas.es\/index.php\/category\/actualidad\/"},{"@type":"ListItem","position":3,"name":"El cantalpin\u00e9s Ismael Mart\u00edn vuelve a triunfar en La Glorieta"}]},{"@type":"WebSite","@id":"https:\/\/iicolumnas.es\/#website","url":"https:\/\/iicolumnas.es\/","name":"Dos Columnas","description":"El peri\u00f3dico de la villa de Cantalpino","potentialAction":[{"@type":"SearchAction","target":{"@type":"EntryPoint","urlTemplate":"https:\/\/iicolumnas.es\/?s={search_term_string}"},"query-input":{"@type":"PropertyValueSpecification","valueRequired":true,"valueName":"search_term_string"}}],"inLanguage":"es"},{"@type":"Person","@id":"https:\/\/iicolumnas.es\/#\/schema\/person\/d0b468295022f1c525f1f08174e5094e","name":"Luc\u00eda Mart\u00edn","image":{"@type":"ImageObject","inLanguage":"es","@id":"https:\/\/iicolumnas.es\/#\/schema\/person\/image\/","url":"https:\/\/secure.gravatar.com\/avatar\/93fc1f88b1a03f8c364002e3c0eeaed8496b37404ac5fb74c332af7fc73d81f9?s=96&d=mm&r=g","contentUrl":"https:\/\/secure.gravatar.com\/avatar\/93fc1f88b1a03f8c364002e3c0eeaed8496b37404ac5fb74c332af7fc73d81f9?s=96&d=mm&r=g","caption":"Luc\u00eda Mart\u00edn"}}]}},"_links":{"self":[{"href":"https:\/\/iicolumnas.es\/index.php\/wp-json\/wp\/v2\/posts\/7211","targetHints":{"allow":["GET"]}}],"collection":[{"href":"https:\/\/iicolumnas.es\/index.php\/wp-json\/wp\/v2\/posts"}],"about":[{"href":"https:\/\/iicolumnas.es\/index.php\/wp-json\/wp\/v2\/types\/post"}],"author":[{"embeddable":true,"href":"https:\/\/iicolumnas.es\/index.php\/wp-json\/wp\/v2\/users\/13"}],"replies":[{"embeddable":true,"href":"https:\/\/iicolumnas.es\/index.php\/wp-json\/wp\/v2\/comments?post=7211"}],"version-history":[{"count":11,"href":"https:\/\/iicolumnas.es\/index.php\/wp-json\/wp\/v2\/posts\/7211\/revisions"}],"predecessor-version":[{"id":7230,"href":"https:\/\/iicolumnas.es\/index.php\/wp-json\/wp\/v2\/posts\/7211\/revisions\/7230"}],"wp:featuredmedia":[{"embeddable":true,"href":"https:\/\/iicolumnas.es\/index.php\/wp-json\/wp\/v2\/media\/7213"}],"wp:attachment":[{"href":"https:\/\/iicolumnas.es\/index.php\/wp-json\/wp\/v2\/media?parent=7211"}],"wp:term":[{"taxonomy":"category","embeddable":true,"href":"https:\/\/iicolumnas.es\/index.php\/wp-json\/wp\/v2\/categories?post=7211"},{"taxonomy":"post_tag","embeddable":true,"href":"https:\/\/iicolumnas.es\/index.php\/wp-json\/wp\/v2\/tags?post=7211"}],"curies":[{"name":"wp","href":"https:\/\/api.w.org\/{rel}","templated":true}]}}