{"id":7079,"date":"2016-09-01T06:48:28","date_gmt":"2016-09-01T06:48:28","guid":{"rendered":"https:\/\/iicolumnas.es\/?p=7079"},"modified":"2016-09-01T19:28:24","modified_gmt":"2016-09-01T19:28:24","slug":"la-junta-castilla-leon-obispado-afrontaran-coste-las-reformas-la-iglesia-cantalpino","status":"publish","type":"post","link":"https:\/\/iicolumnas.es\/index.php\/actualidad\/2016\/09\/01\/la-junta-castilla-leon-obispado-afrontaran-coste-las-reformas-la-iglesia-cantalpino\/","title":{"rendered":"La Junta de Castilla y Le\u00f3n y el Obispado afrontar\u00e1n el coste de las reformas de la iglesia de Cantalpino"},"content":{"rendered":"<p>La Junta de Castilla y Le\u00f3n y el Obispado se har\u00e1n cargo del coste de las reformas del techo de la iglesia de Cantalpino que desde hace meses presenta un gran deterioro con innumerables goteras. El presupuesto ronda cerca de los 120.000 euros.<\/p>\n<p>La Junta de Castilla y Le\u00f3n asumir\u00e1 el 60 por ciento del coste que se destinar\u00e1 al arreglo de la nave central, mientras que el Obispado de Salamanca se har\u00e1 cargo de un 40 por ciento que se utilizar\u00e1 para el arreglo de las zonas laterales del tejado.<\/p>\n<p>Las obras se prev\u00e9 que comenzar\u00e1n en septiembre, ya que es necesario que comiencen cuanto antes para evitar un deterioro mayor de uno de los mayores monumentos cantalpineses.<\/p>\n<p>Desde Dos Columnas agradecemos a todas las personas que han hecho un gran esfuerzo por que el arreglo de nuestra preciada iglesia se haga posible. Tampoco nos olvidamos de todas las personas que han realizado su donativo, ya haya sido de forma p\u00fablica o de forma an\u00f3nima.<\/p>\n<div id=\"metaslider-id-7095\" style=\"max-width: 800px; margin: 0 auto;\" class=\"ml-slider-3-104-0 metaslider metaslider-nivo metaslider-7095 ml-slider ms-theme-default\" role=\"region\" aria-label=\"goteras iglesia\" data-height=\"600\" data-width=\"800\">\n    <div id=\"metaslider_container_7095\">\n        <div class='slider-wrapper theme-default'><div class='ribbon'><\/div><div id='metaslider_7095' class='nivoSlider'><img loading=\"lazy\" decoding=\"async\" src=\"https:\/\/iicolumnas.es\/wp-content\/uploads\/2016\/08\/goteras-iglesia-3-600x450.jpg\" height=\"600\" width=\"800\" title=\"goteras iglesia\" alt=\"goteras iglesia\" class=\"slider-7095 slide-7083 msDefaultImage\" \/><img loading=\"lazy\" decoding=\"async\" src=\"https:\/\/iicolumnas.es\/wp-content\/uploads\/2016\/08\/goteras-iglesia-12-600x450.jpg\" height=\"600\" width=\"800\" title=\"goteras iglesia\" alt=\"goteras iglesia\" class=\"slider-7095 slide-7092 msDefaultImage\" \/><img loading=\"lazy\" decoding=\"async\" src=\"https:\/\/iicolumnas.es\/wp-content\/uploads\/2016\/08\/goteras-iglesia-5-600x450.jpg\" height=\"600\" width=\"800\" title=\"goteras iglesia\" alt=\"goteras iglesia\" class=\"slider-7095 slide-7085 msDefaultImage\" \/><img loading=\"lazy\" decoding=\"async\" src=\"https:\/\/iicolumnas.es\/wp-content\/uploads\/2016\/08\/goteras-iglesia-6-600x450.jpg\" height=\"600\" width=\"800\" title=\"goteras iglesia\" alt=\"goteras iglesia\" class=\"slider-7095 slide-7086 msDefaultImage\" \/><img loading=\"lazy\" decoding=\"async\" src=\"https:\/\/iicolumnas.es\/wp-content\/uploads\/2016\/08\/goteras-iglesia-1-600x450.jpg\" height=\"600\" width=\"800\" title=\"goteras iglesia\" alt=\"goteras iglesia\" class=\"slider-7095 slide-7081 msDefaultImage\" \/><img loading=\"lazy\" decoding=\"async\" src=\"https:\/\/iicolumnas.es\/wp-content\/uploads\/2016\/08\/goteras-iglesia-14-600x450.jpg\" height=\"600\" width=\"800\" title=\"goteras iglesia\" alt=\"goteras iglesia\" class=\"slider-7095 slide-7094 msDefaultImage\" \/><img loading=\"lazy\" decoding=\"async\" src=\"https:\/\/iicolumnas.es\/wp-content\/uploads\/2016\/08\/goteras-iglesia-2-450x337.jpg\" height=\"600\" width=\"800\" title=\"goteras iglesia\" alt=\"goteras iglesia\" class=\"slider-7095 slide-7082 msDefaultImage\" \/><img loading=\"lazy\" decoding=\"async\" src=\"https:\/\/iicolumnas.es\/wp-content\/uploads\/2016\/08\/goteras-iglesia-10-450x337.jpg\" height=\"600\" width=\"800\" title=\"goteras iglesia\" alt=\"goteras iglesia\" class=\"slider-7095 slide-7090 msDefaultImage\" \/><img loading=\"lazy\" decoding=\"async\" src=\"https:\/\/iicolumnas.es\/wp-content\/uploads\/2016\/08\/goteras-iglesia-8-600x450.jpg\" height=\"600\" width=\"800\" title=\"goteras iglesia\" alt=\"goteras iglesia\" class=\"slider-7095 slide-7088 msDefaultImage\" \/><img loading=\"lazy\" decoding=\"async\" src=\"https:\/\/iicolumnas.es\/wp-content\/uploads\/2016\/08\/goteras-iglesia-11-600x450.jpg\" height=\"600\" width=\"800\" title=\"goteras iglesia\" alt=\"goteras iglesia\" class=\"slider-7095 slide-7091 msDefaultImage\" \/><img loading=\"lazy\" decoding=\"async\" src=\"https:\/\/iicolumnas.es\/wp-content\/uploads\/2016\/08\/goteras-iglesia-9-600x450.jpg\" height=\"600\" width=\"800\" title=\"goteras iglesia\" alt=\"goteras iglesia\" class=\"slider-7095 slide-7089 msDefaultImage\" \/><img loading=\"lazy\" decoding=\"async\" src=\"https:\/\/iicolumnas.es\/wp-content\/uploads\/2016\/08\/goteras-iglesia-13-600x450.jpg\" height=\"600\" width=\"800\" title=\"goteras iglesia\" alt=\"goteras iglesia\" class=\"slider-7095 slide-7093 msDefaultImage\" \/><img loading=\"lazy\" decoding=\"async\" src=\"https:\/\/iicolumnas.es\/wp-content\/uploads\/2016\/08\/goteras-iglesia-4-600x450.jpg\" height=\"600\" width=\"800\" title=\"goteras iglesia\" alt=\"goteras iglesia\" class=\"slider-7095 slide-7084 msDefaultImage\" \/><img loading=\"lazy\" decoding=\"async\" src=\"https:\/\/iicolumnas.es\/wp-content\/uploads\/2016\/08\/goteras-iglesia-7-600x450.jpg\" height=\"600\" width=\"800\" title=\"goteras iglesia\" alt=\"goteras iglesia\" class=\"slider-7095 slide-7087 msDefaultImage\" \/><\/div><\/div>\n        \n    <\/div>\n<\/div>\n","protected":false},"excerpt":{"rendered":"<p>La Junta de Castilla y Le\u00f3n y el Obispado se har\u00e1n cargo del coste de las reformas del techo de la iglesia de Cantalpino que desde hace meses presenta un gran deterioro con innumerables&#46;&#46;&#46;<\/p>\n","protected":false},"author":1,"featured_media":7094,"comment_status":"open","ping_status":"open","sticky":false,"template":"","format":"standard","meta":{"footnotes":""},"categories":[1],"tags":[1043,432,1044],"class_list":["post-7079","post","type-post","status-publish","format-standard","has-post-thumbnail","hentry","category-actualidad","tag-goteras","tag-iglesia-cantalpino","tag-reparacion"],"yoast_head":"<!-- This site is optimized with the Yoast SEO plugin v26.6 - https:\/\/yoast.com\/wordpress\/plugins\/seo\/ -->\n<title>La Junta de Castilla y Le\u00f3n y el Obispado afrontar\u00e1n el coste de las reformas de la iglesia de Cantalpino - Dos Columnas<\/title>\n<meta name=\"robots\" content=\"index, follow, max-snippet:-1, max-image-preview:large, max-video-preview:-1\" \/>\n<link rel=\"canonical\" href=\"https:\/\/iicolumnas.es\/index.php\/actualidad\/2016\/09\/01\/la-junta-castilla-leon-obispado-afrontaran-coste-las-reformas-la-iglesia-cantalpino\/\" \/>\n<meta property=\"og:locale\" content=\"es_ES\" \/>\n<meta property=\"og:type\" content=\"article\" \/>\n<meta property=\"og:title\" content=\"La Junta de Castilla y Le\u00f3n y el Obispado afrontar\u00e1n el coste de las reformas de la iglesia de Cantalpino - Dos Columnas\" \/>\n<meta property=\"og:description\" content=\"La Junta de Castilla y Le\u00f3n y el Obispado se har\u00e1n cargo del coste de las reformas del techo de la iglesia de Cantalpino que desde hace meses presenta un gran deterioro con innumerables&#046;&#046;&#046;\" \/>\n<meta property=\"og:url\" content=\"https:\/\/iicolumnas.es\/index.php\/actualidad\/2016\/09\/01\/la-junta-castilla-leon-obispado-afrontaran-coste-las-reformas-la-iglesia-cantalpino\/\" \/>\n<meta property=\"og:site_name\" content=\"Dos Columnas\" \/>\n<meta property=\"article:publisher\" content=\"https:\/\/www.facebook.com\/iicolumnas\/\" \/>\n<meta property=\"article:published_time\" content=\"2016-09-01T06:48:28+00:00\" \/>\n<meta property=\"article:modified_time\" content=\"2016-09-01T19:28:24+00:00\" \/>\n<meta property=\"og:image\" content=\"https:\/\/iicolumnas.es\/wp-content\/uploads\/2016\/08\/goteras-iglesia-14.jpg\" \/>\n\t<meta property=\"og:image:width\" content=\"800\" \/>\n\t<meta property=\"og:image:height\" content=\"450\" \/>\n\t<meta property=\"og:image:type\" content=\"image\/jpeg\" \/>\n<meta name=\"author\" content=\"Juan Alberto Garc\u00eda\" \/>\n<meta name=\"twitter:card\" content=\"summary_large_image\" \/>\n<meta name=\"twitter:creator\" content=\"@iicolumnas\" \/>\n<meta name=\"twitter:site\" content=\"@iicolumnas\" \/>\n<meta name=\"twitter:label1\" content=\"Escrito por\" \/>\n\t<meta name=\"twitter:data1\" content=\"Juan Alberto Garc\u00eda\" \/>\n\t<meta name=\"twitter:label2\" content=\"Tiempo de lectura\" \/>\n\t<meta name=\"twitter:data2\" content=\"1 minuto\" \/>\n<script type=\"application\/ld+json\" class=\"yoast-schema-graph\">{\"@context\":\"https:\/\/schema.org\",\"@graph\":[{\"@type\":\"WebPage\",\"@id\":\"https:\/\/iicolumnas.es\/index.php\/actualidad\/2016\/09\/01\/la-junta-castilla-leon-obispado-afrontaran-coste-las-reformas-la-iglesia-cantalpino\/\",\"url\":\"https:\/\/iicolumnas.es\/index.php\/actualidad\/2016\/09\/01\/la-junta-castilla-leon-obispado-afrontaran-coste-las-reformas-la-iglesia-cantalpino\/\",\"name\":\"La Junta de Castilla y Le\u00f3n y el Obispado afrontar\u00e1n el coste de las reformas de la iglesia de Cantalpino - Dos Columnas\",\"isPartOf\":{\"@id\":\"https:\/\/iicolumnas.es\/#website\"},\"primaryImageOfPage\":{\"@id\":\"https:\/\/iicolumnas.es\/index.php\/actualidad\/2016\/09\/01\/la-junta-castilla-leon-obispado-afrontaran-coste-las-reformas-la-iglesia-cantalpino\/#primaryimage\"},\"image\":{\"@id\":\"https:\/\/iicolumnas.es\/index.php\/actualidad\/2016\/09\/01\/la-junta-castilla-leon-obispado-afrontaran-coste-las-reformas-la-iglesia-cantalpino\/#primaryimage\"},\"thumbnailUrl\":\"https:\/\/iicolumnas.es\/wp-content\/uploads\/2016\/08\/goteras-iglesia-14.jpg\",\"datePublished\":\"2016-09-01T06:48:28+00:00\",\"dateModified\":\"2016-09-01T19:28:24+00:00\",\"author\":{\"@id\":\"https:\/\/iicolumnas.es\/#\/schema\/person\/454e592beb5051596092682bc7744870\"},\"breadcrumb\":{\"@id\":\"https:\/\/iicolumnas.es\/index.php\/actualidad\/2016\/09\/01\/la-junta-castilla-leon-obispado-afrontaran-coste-las-reformas-la-iglesia-cantalpino\/#breadcrumb\"},\"inLanguage\":\"es\",\"potentialAction\":[{\"@type\":\"ReadAction\",\"target\":[\"https:\/\/iicolumnas.es\/index.php\/actualidad\/2016\/09\/01\/la-junta-castilla-leon-obispado-afrontaran-coste-las-reformas-la-iglesia-cantalpino\/\"]}]},{\"@type\":\"ImageObject\",\"inLanguage\":\"es\",\"@id\":\"https:\/\/iicolumnas.es\/index.php\/actualidad\/2016\/09\/01\/la-junta-castilla-leon-obispado-afrontaran-coste-las-reformas-la-iglesia-cantalpino\/#primaryimage\",\"url\":\"https:\/\/iicolumnas.es\/wp-content\/uploads\/2016\/08\/goteras-iglesia-14.jpg\",\"contentUrl\":\"https:\/\/iicolumnas.es\/wp-content\/uploads\/2016\/08\/goteras-iglesia-14.jpg\",\"width\":\"800\",\"height\":\"450\",\"caption\":\"goteras iglesia\"},{\"@type\":\"BreadcrumbList\",\"@id\":\"https:\/\/iicolumnas.es\/index.php\/actualidad\/2016\/09\/01\/la-junta-castilla-leon-obispado-afrontaran-coste-las-reformas-la-iglesia-cantalpino\/#breadcrumb\",\"itemListElement\":[{\"@type\":\"ListItem\",\"position\":1,\"name\":\"Portada\",\"item\":\"https:\/\/iicolumnas.es\/\"},{\"@type\":\"ListItem\",\"position\":2,\"name\":\"Actualidad\",\"item\":\"https:\/\/iicolumnas.es\/index.php\/category\/actualidad\/\"},{\"@type\":\"ListItem\",\"position\":3,\"name\":\"La Junta de Castilla y Le\u00f3n y el Obispado afrontar\u00e1n el coste de las reformas de la iglesia de Cantalpino\"}]},{\"@type\":\"WebSite\",\"@id\":\"https:\/\/iicolumnas.es\/#website\",\"url\":\"https:\/\/iicolumnas.es\/\",\"name\":\"Dos Columnas\",\"description\":\"El peri\u00f3dico de la villa de Cantalpino\",\"potentialAction\":[{\"@type\":\"SearchAction\",\"target\":{\"@type\":\"EntryPoint\",\"urlTemplate\":\"https:\/\/iicolumnas.es\/?s={search_term_string}\"},\"query-input\":{\"@type\":\"PropertyValueSpecification\",\"valueRequired\":true,\"valueName\":\"search_term_string\"}}],\"inLanguage\":\"es\"},{\"@type\":\"Person\",\"@id\":\"https:\/\/iicolumnas.es\/#\/schema\/person\/454e592beb5051596092682bc7744870\",\"name\":\"Juan Alberto Garc\u00eda\",\"image\":{\"@type\":\"ImageObject\",\"inLanguage\":\"es\",\"@id\":\"https:\/\/iicolumnas.es\/#\/schema\/person\/image\/\",\"url\":\"https:\/\/secure.gravatar.com\/avatar\/b5e9097f5115a63587d45ece976d47f33159b9258fd778d9fbb56ce1c9d21ca8?s=96&d=mm&r=g\",\"contentUrl\":\"https:\/\/secure.gravatar.com\/avatar\/b5e9097f5115a63587d45ece976d47f33159b9258fd778d9fbb56ce1c9d21ca8?s=96&d=mm&r=g\",\"caption\":\"Juan Alberto Garc\u00eda\"},\"description\":\"los admin tienen demasiados privilegios sobre otros admin, no crees?\",\"sameAs\":[\"https:\/\/www.linkedin.com\/in\/juan-alberto-garc%C3%ADa-esteban-85389310b\"]}]}<\/script>\n<!-- \/ Yoast SEO plugin. -->","yoast_head_json":{"title":"La Junta de Castilla y Le\u00f3n y el Obispado afrontar\u00e1n el coste de las reformas de la iglesia de Cantalpino - Dos Columnas","robots":{"index":"index","follow":"follow","max-snippet":"max-snippet:-1","max-image-preview":"max-image-preview:large","max-video-preview":"max-video-preview:-1"},"canonical":"https:\/\/iicolumnas.es\/index.php\/actualidad\/2016\/09\/01\/la-junta-castilla-leon-obispado-afrontaran-coste-las-reformas-la-iglesia-cantalpino\/","og_locale":"es_ES","og_type":"article","og_title":"La Junta de Castilla y Le\u00f3n y el Obispado afrontar\u00e1n el coste de las reformas de la iglesia de Cantalpino - Dos Columnas","og_description":"La Junta de Castilla y Le\u00f3n y el Obispado se har\u00e1n cargo del coste de las reformas del techo de la iglesia de Cantalpino que desde hace meses presenta un gran deterioro con innumerables&#46;&#46;&#46;","og_url":"https:\/\/iicolumnas.es\/index.php\/actualidad\/2016\/09\/01\/la-junta-castilla-leon-obispado-afrontaran-coste-las-reformas-la-iglesia-cantalpino\/","og_site_name":"Dos Columnas","article_publisher":"https:\/\/www.facebook.com\/iicolumnas\/","article_published_time":"2016-09-01T06:48:28+00:00","article_modified_time":"2016-09-01T19:28:24+00:00","og_image":[{"width":800,"height":450,"url":"https:\/\/iicolumnas.es\/wp-content\/uploads\/2016\/08\/goteras-iglesia-14.jpg","type":"image\/jpeg"}],"author":"Juan Alberto Garc\u00eda","twitter_card":"summary_large_image","twitter_creator":"@iicolumnas","twitter_site":"@iicolumnas","twitter_misc":{"Escrito por":"Juan Alberto Garc\u00eda","Tiempo de lectura":"1 minuto"},"schema":{"@context":"https:\/\/schema.org","@graph":[{"@type":"WebPage","@id":"https:\/\/iicolumnas.es\/index.php\/actualidad\/2016\/09\/01\/la-junta-castilla-leon-obispado-afrontaran-coste-las-reformas-la-iglesia-cantalpino\/","url":"https:\/\/iicolumnas.es\/index.php\/actualidad\/2016\/09\/01\/la-junta-castilla-leon-obispado-afrontaran-coste-las-reformas-la-iglesia-cantalpino\/","name":"La Junta de Castilla y Le\u00f3n y el Obispado afrontar\u00e1n el coste de las reformas de la iglesia de Cantalpino - Dos Columnas","isPartOf":{"@id":"https:\/\/iicolumnas.es\/#website"},"primaryImageOfPage":{"@id":"https:\/\/iicolumnas.es\/index.php\/actualidad\/2016\/09\/01\/la-junta-castilla-leon-obispado-afrontaran-coste-las-reformas-la-iglesia-cantalpino\/#primaryimage"},"image":{"@id":"https:\/\/iicolumnas.es\/index.php\/actualidad\/2016\/09\/01\/la-junta-castilla-leon-obispado-afrontaran-coste-las-reformas-la-iglesia-cantalpino\/#primaryimage"},"thumbnailUrl":"https:\/\/iicolumnas.es\/wp-content\/uploads\/2016\/08\/goteras-iglesia-14.jpg","datePublished":"2016-09-01T06:48:28+00:00","dateModified":"2016-09-01T19:28:24+00:00","author":{"@id":"https:\/\/iicolumnas.es\/#\/schema\/person\/454e592beb5051596092682bc7744870"},"breadcrumb":{"@id":"https:\/\/iicolumnas.es\/index.php\/actualidad\/2016\/09\/01\/la-junta-castilla-leon-obispado-afrontaran-coste-las-reformas-la-iglesia-cantalpino\/#breadcrumb"},"inLanguage":"es","potentialAction":[{"@type":"ReadAction","target":["https:\/\/iicolumnas.es\/index.php\/actualidad\/2016\/09\/01\/la-junta-castilla-leon-obispado-afrontaran-coste-las-reformas-la-iglesia-cantalpino\/"]}]},{"@type":"ImageObject","inLanguage":"es","@id":"https:\/\/iicolumnas.es\/index.php\/actualidad\/2016\/09\/01\/la-junta-castilla-leon-obispado-afrontaran-coste-las-reformas-la-iglesia-cantalpino\/#primaryimage","url":"https:\/\/iicolumnas.es\/wp-content\/uploads\/2016\/08\/goteras-iglesia-14.jpg","contentUrl":"https:\/\/iicolumnas.es\/wp-content\/uploads\/2016\/08\/goteras-iglesia-14.jpg","width":"800","height":"450","caption":"goteras iglesia"},{"@type":"BreadcrumbList","@id":"https:\/\/iicolumnas.es\/index.php\/actualidad\/2016\/09\/01\/la-junta-castilla-leon-obispado-afrontaran-coste-las-reformas-la-iglesia-cantalpino\/#breadcrumb","itemListElement":[{"@type":"ListItem","position":1,"name":"Portada","item":"https:\/\/iicolumnas.es\/"},{"@type":"ListItem","position":2,"name":"Actualidad","item":"https:\/\/iicolumnas.es\/index.php\/category\/actualidad\/"},{"@type":"ListItem","position":3,"name":"La Junta de Castilla y Le\u00f3n y el Obispado afrontar\u00e1n el coste de las reformas de la iglesia de Cantalpino"}]},{"@type":"WebSite","@id":"https:\/\/iicolumnas.es\/#website","url":"https:\/\/iicolumnas.es\/","name":"Dos Columnas","description":"El peri\u00f3dico de la villa de Cantalpino","potentialAction":[{"@type":"SearchAction","target":{"@type":"EntryPoint","urlTemplate":"https:\/\/iicolumnas.es\/?s={search_term_string}"},"query-input":{"@type":"PropertyValueSpecification","valueRequired":true,"valueName":"search_term_string"}}],"inLanguage":"es"},{"@type":"Person","@id":"https:\/\/iicolumnas.es\/#\/schema\/person\/454e592beb5051596092682bc7744870","name":"Juan Alberto Garc\u00eda","image":{"@type":"ImageObject","inLanguage":"es","@id":"https:\/\/iicolumnas.es\/#\/schema\/person\/image\/","url":"https:\/\/secure.gravatar.com\/avatar\/b5e9097f5115a63587d45ece976d47f33159b9258fd778d9fbb56ce1c9d21ca8?s=96&d=mm&r=g","contentUrl":"https:\/\/secure.gravatar.com\/avatar\/b5e9097f5115a63587d45ece976d47f33159b9258fd778d9fbb56ce1c9d21ca8?s=96&d=mm&r=g","caption":"Juan Alberto Garc\u00eda"},"description":"los admin tienen demasiados privilegios sobre otros admin, no crees?","sameAs":["https:\/\/www.linkedin.com\/in\/juan-alberto-garc%C3%ADa-esteban-85389310b"]}]}},"_links":{"self":[{"href":"https:\/\/iicolumnas.es\/index.php\/wp-json\/wp\/v2\/posts\/7079","targetHints":{"allow":["GET"]}}],"collection":[{"href":"https:\/\/iicolumnas.es\/index.php\/wp-json\/wp\/v2\/posts"}],"about":[{"href":"https:\/\/iicolumnas.es\/index.php\/wp-json\/wp\/v2\/types\/post"}],"author":[{"embeddable":true,"href":"https:\/\/iicolumnas.es\/index.php\/wp-json\/wp\/v2\/users\/1"}],"replies":[{"embeddable":true,"href":"https:\/\/iicolumnas.es\/index.php\/wp-json\/wp\/v2\/comments?post=7079"}],"version-history":[{"count":0,"href":"https:\/\/iicolumnas.es\/index.php\/wp-json\/wp\/v2\/posts\/7079\/revisions"}],"wp:featuredmedia":[{"embeddable":true,"href":"https:\/\/iicolumnas.es\/index.php\/wp-json\/wp\/v2\/media\/7094"}],"wp:attachment":[{"href":"https:\/\/iicolumnas.es\/index.php\/wp-json\/wp\/v2\/media?parent=7079"}],"wp:term":[{"taxonomy":"category","embeddable":true,"href":"https:\/\/iicolumnas.es\/index.php\/wp-json\/wp\/v2\/categories?post=7079"},{"taxonomy":"post_tag","embeddable":true,"href":"https:\/\/iicolumnas.es\/index.php\/wp-json\/wp\/v2\/tags?post=7079"}],"curies":[{"name":"wp","href":"https:\/\/api.w.org\/{rel}","templated":true}]}}