{"id":7023,"date":"2016-08-26T13:25:43","date_gmt":"2016-08-26T13:25:43","guid":{"rendered":"https:\/\/iicolumnas.es\/?p=7023"},"modified":"2016-08-26T13:25:43","modified_gmt":"2016-08-26T13:25:43","slug":"la-plaza-madrid-cambia-nombre-plaza-lirio","status":"publish","type":"post","link":"https:\/\/iicolumnas.es\/index.php\/actualidad\/2016\/08\/26\/la-plaza-madrid-cambia-nombre-plaza-lirio\/","title":{"rendered":"La Plaza Madrid cambia su nombre a Plaza de Lirio"},"content":{"rendered":"<p style=\"text-align: justify;\"><img loading=\"lazy\" decoding=\"async\" class=\"wp-image-7026 size-medium alignleft\" src=\"https:\/\/iicolumnas.es\/wp-content\/uploads\/2016\/08\/plaza-lirio-1-300x225.jpg\" alt=\"plaza-lirio-1\" width=\"300\" height=\"225\" srcset=\"https:\/\/iicolumnas.es\/wp-content\/uploads\/2016\/08\/plaza-lirio-1-300x225.jpg 300w, https:\/\/iicolumnas.es\/wp-content\/uploads\/2016\/08\/plaza-lirio-1.jpg 800w\" sizes=\"auto, (max-width: 300px) 100vw, 300px\" \/>El Ayuntamiento de Cantalpino ha cambiado el nombre a la plaza, anteriormente, denominada Madrid por el de <strong>Plaza de Lirio,\u00a0<\/strong>en honor al vecino Agapito Lirio Garc\u00eda Hidalgo que vive en una de la casas aleda\u00f1as.<\/p>\n<p style=\"text-align: justify;\">Cuenta Agapito que el proceso de cambio comenz\u00f3 cuando Don Vicente era alcalde; un d\u00eda en el que Lirio ten\u00eda pintura de sobra decidi\u00f3 emplearla para reparar algunos de los desperfectos de la fuente y de la farola, Don Vicente lo vi\u00f3 y se mostr\u00f3 agradecido.<\/p>\n<p style=\"text-align: justify;\">Otra de la causas por las que se ha cambiado el nombre es debido a que mucha gente al preguntar por la guarder\u00eda, ubicada en dicha plaza, recib\u00eda la respuesta de los vecinos\u00a0de la localidad\u00a0direccion\u00e1ndola\u00a0como la \u00abplazuela de Lirio\u00bb, lo que ocasionaba a la gente que no es de Cantalpino un grave problema, porque no encontraban la plaza.<\/p>\n<p style=\"text-align: justify;\">Agapito se muestra muy agradecido por que la plaza donde vive reciba su segundo nombre, puesto por su madre debido a una bonita afici\u00f3n de poner a todos sus hijos nombres de flor.<\/p>\n<p style=\"text-align: justify;\">A principios de esta semana, se coloc\u00f3 la placa con el nuevo nombre que se le ha otorgado a esta plaza conocida por todos los cantalpineses como tal.<\/p>\n<p style=\"text-align: justify;\"><img loading=\"lazy\" decoding=\"async\" class=\"aligncenter size-full wp-image-7027\" src=\"https:\/\/iicolumnas.es\/wp-content\/uploads\/2016\/08\/plaza-lirio-2.jpg\" alt=\"plaza-lirio-2\" width=\"800\" height=\"600\" srcset=\"https:\/\/iicolumnas.es\/wp-content\/uploads\/2016\/08\/plaza-lirio-2.jpg 800w, https:\/\/iicolumnas.es\/wp-content\/uploads\/2016\/08\/plaza-lirio-2-300x225.jpg 300w\" sizes=\"auto, (max-width: 800px) 100vw, 800px\" \/><\/p>\n<p style=\"text-align: justify;\"><img loading=\"lazy\" decoding=\"async\" class=\"aligncenter size-full wp-image-7047\" src=\"https:\/\/iicolumnas.es\/wp-content\/uploads\/2016\/08\/plaza-lirio-12.jpg\" alt=\"plaza lirio 1\" width=\"800\" height=\"450\" srcset=\"https:\/\/iicolumnas.es\/wp-content\/uploads\/2016\/08\/plaza-lirio-12.jpg 800w, https:\/\/iicolumnas.es\/wp-content\/uploads\/2016\/08\/plaza-lirio-12-300x169.jpg 300w\" sizes=\"auto, (max-width: 800px) 100vw, 800px\" \/><\/p>\n<p style=\"text-align: justify;\"><img loading=\"lazy\" decoding=\"async\" class=\"aligncenter size-full wp-image-7048\" src=\"https:\/\/iicolumnas.es\/wp-content\/uploads\/2016\/08\/plaza-lirio-22.jpg\" alt=\"plaza lirio 2\" width=\"800\" height=\"450\" srcset=\"https:\/\/iicolumnas.es\/wp-content\/uploads\/2016\/08\/plaza-lirio-22.jpg 800w, https:\/\/iicolumnas.es\/wp-content\/uploads\/2016\/08\/plaza-lirio-22-300x169.jpg 300w\" sizes=\"auto, (max-width: 800px) 100vw, 800px\" \/><\/p>\n<p>&nbsp;<\/p>\n<p>&nbsp;<\/p>\n","protected":false},"excerpt":{"rendered":"<p>El Ayuntamiento de Cantalpino ha cambiado el nombre a la plaza, anteriormente, denominada Madrid por el de Plaza de Lirio,\u00a0en honor al vecino Agapito Lirio Garc\u00eda Hidalgo que vive en una de la casas&#46;&#46;&#46;<\/p>\n","protected":false},"author":1,"featured_media":7026,"comment_status":"open","ping_status":"open","sticky":false,"template":"","format":"standard","meta":{"footnotes":""},"categories":[1],"tags":[1033,1032],"class_list":["post-7023","post","type-post","status-publish","format-standard","has-post-thumbnail","hentry","category-actualidad","tag-plaza-de-lirio","tag-plaza-madrid"],"yoast_head":"<!-- This site is optimized with the Yoast SEO plugin v26.6 - https:\/\/yoast.com\/wordpress\/plugins\/seo\/ -->\n<title>La Plaza Madrid cambia su nombre a Plaza de Lirio - Dos Columnas<\/title>\n<meta name=\"robots\" content=\"index, follow, max-snippet:-1, max-image-preview:large, max-video-preview:-1\" \/>\n<link rel=\"canonical\" href=\"https:\/\/iicolumnas.es\/index.php\/actualidad\/2016\/08\/26\/la-plaza-madrid-cambia-nombre-plaza-lirio\/\" \/>\n<meta property=\"og:locale\" content=\"es_ES\" \/>\n<meta property=\"og:type\" content=\"article\" \/>\n<meta property=\"og:title\" content=\"La Plaza Madrid cambia su nombre a Plaza de Lirio - Dos Columnas\" \/>\n<meta property=\"og:description\" content=\"El Ayuntamiento de Cantalpino ha cambiado el nombre a la plaza, anteriormente, denominada Madrid por el de Plaza de Lirio,\u00a0en honor al vecino Agapito Lirio Garc\u00eda Hidalgo que vive en una de la casas&#046;&#046;&#046;\" \/>\n<meta property=\"og:url\" content=\"https:\/\/iicolumnas.es\/index.php\/actualidad\/2016\/08\/26\/la-plaza-madrid-cambia-nombre-plaza-lirio\/\" \/>\n<meta property=\"og:site_name\" content=\"Dos Columnas\" \/>\n<meta property=\"article:publisher\" content=\"https:\/\/www.facebook.com\/iicolumnas\/\" \/>\n<meta property=\"article:published_time\" content=\"2016-08-26T13:25:43+00:00\" \/>\n<meta property=\"og:image\" content=\"https:\/\/iicolumnas.es\/wp-content\/uploads\/2016\/08\/plaza-lirio-1.jpg\" \/>\n\t<meta property=\"og:image:width\" content=\"800\" \/>\n\t<meta property=\"og:image:height\" content=\"600\" \/>\n\t<meta property=\"og:image:type\" content=\"image\/jpeg\" \/>\n<meta name=\"author\" content=\"Juan Alberto Garc\u00eda\" \/>\n<meta name=\"twitter:card\" content=\"summary_large_image\" \/>\n<meta name=\"twitter:creator\" content=\"@iicolumnas\" \/>\n<meta name=\"twitter:site\" content=\"@iicolumnas\" \/>\n<meta name=\"twitter:label1\" content=\"Escrito por\" \/>\n\t<meta name=\"twitter:data1\" content=\"Juan Alberto Garc\u00eda\" \/>\n\t<meta name=\"twitter:label2\" content=\"Tiempo de lectura\" \/>\n\t<meta name=\"twitter:data2\" content=\"1 minuto\" \/>\n<script type=\"application\/ld+json\" class=\"yoast-schema-graph\">{\"@context\":\"https:\/\/schema.org\",\"@graph\":[{\"@type\":\"WebPage\",\"@id\":\"https:\/\/iicolumnas.es\/index.php\/actualidad\/2016\/08\/26\/la-plaza-madrid-cambia-nombre-plaza-lirio\/\",\"url\":\"https:\/\/iicolumnas.es\/index.php\/actualidad\/2016\/08\/26\/la-plaza-madrid-cambia-nombre-plaza-lirio\/\",\"name\":\"La Plaza Madrid cambia su nombre a Plaza de Lirio - Dos Columnas\",\"isPartOf\":{\"@id\":\"https:\/\/iicolumnas.es\/#website\"},\"primaryImageOfPage\":{\"@id\":\"https:\/\/iicolumnas.es\/index.php\/actualidad\/2016\/08\/26\/la-plaza-madrid-cambia-nombre-plaza-lirio\/#primaryimage\"},\"image\":{\"@id\":\"https:\/\/iicolumnas.es\/index.php\/actualidad\/2016\/08\/26\/la-plaza-madrid-cambia-nombre-plaza-lirio\/#primaryimage\"},\"thumbnailUrl\":\"https:\/\/iicolumnas.es\/wp-content\/uploads\/2016\/08\/plaza-lirio-1.jpg\",\"datePublished\":\"2016-08-26T13:25:43+00:00\",\"author\":{\"@id\":\"https:\/\/iicolumnas.es\/#\/schema\/person\/454e592beb5051596092682bc7744870\"},\"breadcrumb\":{\"@id\":\"https:\/\/iicolumnas.es\/index.php\/actualidad\/2016\/08\/26\/la-plaza-madrid-cambia-nombre-plaza-lirio\/#breadcrumb\"},\"inLanguage\":\"es\",\"potentialAction\":[{\"@type\":\"ReadAction\",\"target\":[\"https:\/\/iicolumnas.es\/index.php\/actualidad\/2016\/08\/26\/la-plaza-madrid-cambia-nombre-plaza-lirio\/\"]}]},{\"@type\":\"ImageObject\",\"inLanguage\":\"es\",\"@id\":\"https:\/\/iicolumnas.es\/index.php\/actualidad\/2016\/08\/26\/la-plaza-madrid-cambia-nombre-plaza-lirio\/#primaryimage\",\"url\":\"https:\/\/iicolumnas.es\/wp-content\/uploads\/2016\/08\/plaza-lirio-1.jpg\",\"contentUrl\":\"https:\/\/iicolumnas.es\/wp-content\/uploads\/2016\/08\/plaza-lirio-1.jpg\",\"width\":\"800\",\"height\":\"600\"},{\"@type\":\"BreadcrumbList\",\"@id\":\"https:\/\/iicolumnas.es\/index.php\/actualidad\/2016\/08\/26\/la-plaza-madrid-cambia-nombre-plaza-lirio\/#breadcrumb\",\"itemListElement\":[{\"@type\":\"ListItem\",\"position\":1,\"name\":\"Portada\",\"item\":\"https:\/\/iicolumnas.es\/\"},{\"@type\":\"ListItem\",\"position\":2,\"name\":\"Actualidad\",\"item\":\"https:\/\/iicolumnas.es\/index.php\/category\/actualidad\/\"},{\"@type\":\"ListItem\",\"position\":3,\"name\":\"La Plaza Madrid cambia su nombre a Plaza de Lirio\"}]},{\"@type\":\"WebSite\",\"@id\":\"https:\/\/iicolumnas.es\/#website\",\"url\":\"https:\/\/iicolumnas.es\/\",\"name\":\"Dos Columnas\",\"description\":\"El peri\u00f3dico de la villa de Cantalpino\",\"potentialAction\":[{\"@type\":\"SearchAction\",\"target\":{\"@type\":\"EntryPoint\",\"urlTemplate\":\"https:\/\/iicolumnas.es\/?s={search_term_string}\"},\"query-input\":{\"@type\":\"PropertyValueSpecification\",\"valueRequired\":true,\"valueName\":\"search_term_string\"}}],\"inLanguage\":\"es\"},{\"@type\":\"Person\",\"@id\":\"https:\/\/iicolumnas.es\/#\/schema\/person\/454e592beb5051596092682bc7744870\",\"name\":\"Juan Alberto Garc\u00eda\",\"image\":{\"@type\":\"ImageObject\",\"inLanguage\":\"es\",\"@id\":\"https:\/\/iicolumnas.es\/#\/schema\/person\/image\/\",\"url\":\"https:\/\/secure.gravatar.com\/avatar\/b5e9097f5115a63587d45ece976d47f33159b9258fd778d9fbb56ce1c9d21ca8?s=96&d=mm&r=g\",\"contentUrl\":\"https:\/\/secure.gravatar.com\/avatar\/b5e9097f5115a63587d45ece976d47f33159b9258fd778d9fbb56ce1c9d21ca8?s=96&d=mm&r=g\",\"caption\":\"Juan Alberto Garc\u00eda\"},\"description\":\"los admin tienen demasiados privilegios sobre otros admin, no crees?\",\"sameAs\":[\"https:\/\/www.linkedin.com\/in\/juan-alberto-garc%C3%ADa-esteban-85389310b\"]}]}<\/script>\n<!-- \/ Yoast SEO plugin. -->","yoast_head_json":{"title":"La Plaza Madrid cambia su nombre a Plaza de Lirio - Dos Columnas","robots":{"index":"index","follow":"follow","max-snippet":"max-snippet:-1","max-image-preview":"max-image-preview:large","max-video-preview":"max-video-preview:-1"},"canonical":"https:\/\/iicolumnas.es\/index.php\/actualidad\/2016\/08\/26\/la-plaza-madrid-cambia-nombre-plaza-lirio\/","og_locale":"es_ES","og_type":"article","og_title":"La Plaza Madrid cambia su nombre a Plaza de Lirio - Dos Columnas","og_description":"El Ayuntamiento de Cantalpino ha cambiado el nombre a la plaza, anteriormente, denominada Madrid por el de Plaza de Lirio,\u00a0en honor al vecino Agapito Lirio Garc\u00eda Hidalgo que vive en una de la casas&#46;&#46;&#46;","og_url":"https:\/\/iicolumnas.es\/index.php\/actualidad\/2016\/08\/26\/la-plaza-madrid-cambia-nombre-plaza-lirio\/","og_site_name":"Dos Columnas","article_publisher":"https:\/\/www.facebook.com\/iicolumnas\/","article_published_time":"2016-08-26T13:25:43+00:00","og_image":[{"width":800,"height":600,"url":"https:\/\/iicolumnas.es\/wp-content\/uploads\/2016\/08\/plaza-lirio-1.jpg","type":"image\/jpeg"}],"author":"Juan Alberto Garc\u00eda","twitter_card":"summary_large_image","twitter_creator":"@iicolumnas","twitter_site":"@iicolumnas","twitter_misc":{"Escrito por":"Juan Alberto Garc\u00eda","Tiempo de lectura":"1 minuto"},"schema":{"@context":"https:\/\/schema.org","@graph":[{"@type":"WebPage","@id":"https:\/\/iicolumnas.es\/index.php\/actualidad\/2016\/08\/26\/la-plaza-madrid-cambia-nombre-plaza-lirio\/","url":"https:\/\/iicolumnas.es\/index.php\/actualidad\/2016\/08\/26\/la-plaza-madrid-cambia-nombre-plaza-lirio\/","name":"La Plaza Madrid cambia su nombre a Plaza de Lirio - Dos Columnas","isPartOf":{"@id":"https:\/\/iicolumnas.es\/#website"},"primaryImageOfPage":{"@id":"https:\/\/iicolumnas.es\/index.php\/actualidad\/2016\/08\/26\/la-plaza-madrid-cambia-nombre-plaza-lirio\/#primaryimage"},"image":{"@id":"https:\/\/iicolumnas.es\/index.php\/actualidad\/2016\/08\/26\/la-plaza-madrid-cambia-nombre-plaza-lirio\/#primaryimage"},"thumbnailUrl":"https:\/\/iicolumnas.es\/wp-content\/uploads\/2016\/08\/plaza-lirio-1.jpg","datePublished":"2016-08-26T13:25:43+00:00","author":{"@id":"https:\/\/iicolumnas.es\/#\/schema\/person\/454e592beb5051596092682bc7744870"},"breadcrumb":{"@id":"https:\/\/iicolumnas.es\/index.php\/actualidad\/2016\/08\/26\/la-plaza-madrid-cambia-nombre-plaza-lirio\/#breadcrumb"},"inLanguage":"es","potentialAction":[{"@type":"ReadAction","target":["https:\/\/iicolumnas.es\/index.php\/actualidad\/2016\/08\/26\/la-plaza-madrid-cambia-nombre-plaza-lirio\/"]}]},{"@type":"ImageObject","inLanguage":"es","@id":"https:\/\/iicolumnas.es\/index.php\/actualidad\/2016\/08\/26\/la-plaza-madrid-cambia-nombre-plaza-lirio\/#primaryimage","url":"https:\/\/iicolumnas.es\/wp-content\/uploads\/2016\/08\/plaza-lirio-1.jpg","contentUrl":"https:\/\/iicolumnas.es\/wp-content\/uploads\/2016\/08\/plaza-lirio-1.jpg","width":"800","height":"600"},{"@type":"BreadcrumbList","@id":"https:\/\/iicolumnas.es\/index.php\/actualidad\/2016\/08\/26\/la-plaza-madrid-cambia-nombre-plaza-lirio\/#breadcrumb","itemListElement":[{"@type":"ListItem","position":1,"name":"Portada","item":"https:\/\/iicolumnas.es\/"},{"@type":"ListItem","position":2,"name":"Actualidad","item":"https:\/\/iicolumnas.es\/index.php\/category\/actualidad\/"},{"@type":"ListItem","position":3,"name":"La Plaza Madrid cambia su nombre a Plaza de Lirio"}]},{"@type":"WebSite","@id":"https:\/\/iicolumnas.es\/#website","url":"https:\/\/iicolumnas.es\/","name":"Dos Columnas","description":"El peri\u00f3dico de la villa de Cantalpino","potentialAction":[{"@type":"SearchAction","target":{"@type":"EntryPoint","urlTemplate":"https:\/\/iicolumnas.es\/?s={search_term_string}"},"query-input":{"@type":"PropertyValueSpecification","valueRequired":true,"valueName":"search_term_string"}}],"inLanguage":"es"},{"@type":"Person","@id":"https:\/\/iicolumnas.es\/#\/schema\/person\/454e592beb5051596092682bc7744870","name":"Juan Alberto Garc\u00eda","image":{"@type":"ImageObject","inLanguage":"es","@id":"https:\/\/iicolumnas.es\/#\/schema\/person\/image\/","url":"https:\/\/secure.gravatar.com\/avatar\/b5e9097f5115a63587d45ece976d47f33159b9258fd778d9fbb56ce1c9d21ca8?s=96&d=mm&r=g","contentUrl":"https:\/\/secure.gravatar.com\/avatar\/b5e9097f5115a63587d45ece976d47f33159b9258fd778d9fbb56ce1c9d21ca8?s=96&d=mm&r=g","caption":"Juan Alberto Garc\u00eda"},"description":"los admin tienen demasiados privilegios sobre otros admin, no crees?","sameAs":["https:\/\/www.linkedin.com\/in\/juan-alberto-garc%C3%ADa-esteban-85389310b"]}]}},"_links":{"self":[{"href":"https:\/\/iicolumnas.es\/index.php\/wp-json\/wp\/v2\/posts\/7023","targetHints":{"allow":["GET"]}}],"collection":[{"href":"https:\/\/iicolumnas.es\/index.php\/wp-json\/wp\/v2\/posts"}],"about":[{"href":"https:\/\/iicolumnas.es\/index.php\/wp-json\/wp\/v2\/types\/post"}],"author":[{"embeddable":true,"href":"https:\/\/iicolumnas.es\/index.php\/wp-json\/wp\/v2\/users\/1"}],"replies":[{"embeddable":true,"href":"https:\/\/iicolumnas.es\/index.php\/wp-json\/wp\/v2\/comments?post=7023"}],"version-history":[{"count":0,"href":"https:\/\/iicolumnas.es\/index.php\/wp-json\/wp\/v2\/posts\/7023\/revisions"}],"wp:featuredmedia":[{"embeddable":true,"href":"https:\/\/iicolumnas.es\/index.php\/wp-json\/wp\/v2\/media\/7026"}],"wp:attachment":[{"href":"https:\/\/iicolumnas.es\/index.php\/wp-json\/wp\/v2\/media?parent=7023"}],"wp:term":[{"taxonomy":"category","embeddable":true,"href":"https:\/\/iicolumnas.es\/index.php\/wp-json\/wp\/v2\/categories?post=7023"},{"taxonomy":"post_tag","embeddable":true,"href":"https:\/\/iicolumnas.es\/index.php\/wp-json\/wp\/v2\/tags?post=7023"}],"curies":[{"name":"wp","href":"https:\/\/api.w.org\/{rel}","templated":true}]}}