{"id":7004,"date":"2016-08-25T18:52:25","date_gmt":"2016-08-25T18:52:25","guid":{"rendered":"https:\/\/iicolumnas.es\/?p=7004"},"modified":"2016-08-25T19:22:28","modified_gmt":"2016-08-25T19:22:28","slug":"parapentista-sorprende-los-banistas-las-piscinas-cantalpino","status":"publish","type":"post","link":"https:\/\/iicolumnas.es\/index.php\/actualidad\/2016\/08\/25\/parapentista-sorprende-los-banistas-las-piscinas-cantalpino\/","title":{"rendered":"Un parapentista sorprende a los ba\u00f1istas de las piscinas de Cantalpino"},"content":{"rendered":"<p style=\"text-align: justify;\">Pasadas las 19:00 h de la tarde de este 25 de agosto, un parapentista de origen polaco sorprend\u00eda a los ba\u00f1istas que se encontraban en las Piscinas Municipales de Cantalpino combatiendo esta ola de calor que azota a nuestro pa\u00eds.<\/p>\n<p style=\"text-align: justify;\">Tras avisar de su presencia, saludando varias veces desde las alturas, este simp\u00e1tico parapentista aterrizaba con su parapente en las tierras aleda\u00f1as a las Piscinas Municipales, creando una gran expectaci\u00f3n, sobre todo entre los m\u00e1s peque\u00f1os, que enseguida salieron a recibirle y se acercaron a curiosear.<\/p>\n<p style=\"text-align: justify;\">Este aficionado al parapente ha planeado 70 km desde Piedrahita, pueblo perteneciente a la provincia de \u00c1vila y desde el cual los aficionados a este deporte pueden practicarlo y les permite sentir la sensaci\u00f3n de volar, al menos, durante una hora; pero va m\u00e1s all\u00e1 porque llegan a celebrarse campeonatos nacionales en la villa abulense. No es la primera vez que un parapentista se tira desde Piedrahita y acaba su viaje en nuestra villa, pero como menos ha dejado en la tarde de hoy una an\u00e9cdota divertida que recordar de este verano 2016.<\/p>\n<p style=\"text-align: justify;\">Todos los ni\u00f1os all\u00ed presentes le rodearon e interactuaron con el, mostr\u00e1ndose simp\u00e1tico y amable con todos ellos, llegando incluso a inmortalizar el momento con una foto grupal que, seguro, incluir\u00e1n\u00a0en el \u00e1lbum de recuerdos de este verano.<\/p>\n<p style=\"text-align: center;\">\u00a0<div id=\"metaslider-id-7018\" style=\"max-width: 1000px; margin: 0 auto;\" class=\"ml-slider-3-104-0 metaslider metaslider-nivo metaslider-7018 ml-slider ms-theme-default\" role=\"region\" aria-label=\"Parapente\" data-height=\"800\" data-width=\"1000\">\n    <div id=\"metaslider_container_7018\">\n        <div class='slider-wrapper theme-default'><div class='ribbon'><\/div><div id='metaslider_7018' class='nivoSlider'><img loading=\"lazy\" decoding=\"async\" src=\"https:\/\/iicolumnas.es\/wp-content\/uploads\/2016\/08\/parapente-5-562x450.jpg\" height=\"800\" width=\"1000\" alt=\"\" class=\"slider-7018 slide-7013 msDefaultImage\" \/><img loading=\"lazy\" decoding=\"async\" src=\"https:\/\/iicolumnas.es\/wp-content\/uploads\/2016\/08\/parapente-7-562x450.jpg\" height=\"800\" width=\"1000\" alt=\"\" class=\"slider-7018 slide-7011 msDefaultImage\" \/><img loading=\"lazy\" decoding=\"async\" src=\"https:\/\/iicolumnas.es\/wp-content\/uploads\/2016\/08\/parapente-6-562x450.jpg\" height=\"800\" width=\"1000\" alt=\"\" class=\"slider-7018 slide-7012 msDefaultImage\" \/><img loading=\"lazy\" decoding=\"async\" src=\"https:\/\/iicolumnas.es\/wp-content\/uploads\/2016\/08\/parapente-8-562x450.jpg\" height=\"800\" width=\"1000\" alt=\"\" class=\"slider-7018 slide-7010 msDefaultImage\" \/><img loading=\"lazy\" decoding=\"async\" src=\"https:\/\/iicolumnas.es\/wp-content\/uploads\/2016\/08\/parapente-2-562x450.jpg\" height=\"800\" width=\"1000\" alt=\"\" class=\"slider-7018 slide-7016 msDefaultImage\" \/><img loading=\"lazy\" decoding=\"async\" src=\"https:\/\/iicolumnas.es\/wp-content\/uploads\/2016\/08\/parapente-4-562x450.jpg\" height=\"800\" width=\"1000\" alt=\"\" class=\"slider-7018 slide-7014 msDefaultImage\" \/><img loading=\"lazy\" decoding=\"async\" src=\"https:\/\/iicolumnas.es\/wp-content\/uploads\/2016\/08\/parapente-3-562x450.jpg\" height=\"800\" width=\"1000\" alt=\"\" class=\"slider-7018 slide-7015 msDefaultImage\" \/><img loading=\"lazy\" decoding=\"async\" src=\"https:\/\/iicolumnas.es\/wp-content\/uploads\/2016\/08\/parapente-1-562x450.jpg\" height=\"800\" width=\"1000\" alt=\"\" class=\"slider-7018 slide-7017 msDefaultImage\" \/><\/div><\/div>\n        \n    <\/div>\n<\/div><\/p>\n<p style=\"text-align: right;\">Fotos cedidas por David Mart\u00edn Castro<\/p>\n","protected":false},"excerpt":{"rendered":"<p>Pasadas las 19:00 h de la tarde de este 25 de agosto, un parapentista de origen polaco sorprend\u00eda a los ba\u00f1istas que se encontraban en las Piscinas Municipales de Cantalpino combatiendo esta ola de&#46;&#46;&#46;<\/p>\n","protected":false},"author":11,"featured_media":7015,"comment_status":"open","ping_status":"open","sticky":false,"template":"","format":"standard","meta":{"footnotes":""},"categories":[1],"tags":[1029,1028,364],"class_list":["post-7004","post","type-post","status-publish","format-standard","has-post-thumbnail","hentry","category-actualidad","tag-parapente","tag-parapentista","tag-piscinas"],"yoast_head":"<!-- This site is optimized with the Yoast SEO plugin v26.6 - https:\/\/yoast.com\/wordpress\/plugins\/seo\/ -->\n<title>Un parapentista sorprende a los ba\u00f1istas de las piscinas de Cantalpino - Dos Columnas<\/title>\n<meta name=\"robots\" content=\"index, follow, max-snippet:-1, max-image-preview:large, max-video-preview:-1\" \/>\n<link rel=\"canonical\" href=\"https:\/\/iicolumnas.es\/index.php\/actualidad\/2016\/08\/25\/parapentista-sorprende-los-banistas-las-piscinas-cantalpino\/\" \/>\n<meta property=\"og:locale\" content=\"es_ES\" \/>\n<meta property=\"og:type\" content=\"article\" \/>\n<meta property=\"og:title\" content=\"Un parapentista sorprende a los ba\u00f1istas de las piscinas de Cantalpino - Dos Columnas\" \/>\n<meta property=\"og:description\" content=\"Pasadas las 19:00 h de la tarde de este 25 de agosto, un parapentista de origen polaco sorprend\u00eda a los ba\u00f1istas que se encontraban en las Piscinas Municipales de Cantalpino combatiendo esta ola de&#046;&#046;&#046;\" \/>\n<meta property=\"og:url\" content=\"https:\/\/iicolumnas.es\/index.php\/actualidad\/2016\/08\/25\/parapentista-sorprende-los-banistas-las-piscinas-cantalpino\/\" \/>\n<meta property=\"og:site_name\" content=\"Dos Columnas\" \/>\n<meta property=\"article:publisher\" content=\"https:\/\/www.facebook.com\/iicolumnas\/\" \/>\n<meta property=\"article:published_time\" content=\"2016-08-25T18:52:25+00:00\" \/>\n<meta property=\"article:modified_time\" content=\"2016-08-25T19:22:28+00:00\" \/>\n<meta property=\"og:image\" content=\"https:\/\/iicolumnas.es\/wp-content\/uploads\/2016\/08\/parapente-3.jpg\" \/>\n\t<meta property=\"og:image:width\" content=\"800\" \/>\n\t<meta property=\"og:image:height\" content=\"450\" \/>\n\t<meta property=\"og:image:type\" content=\"image\/jpeg\" \/>\n<meta name=\"author\" content=\"Elisabeth Herrero\" \/>\n<meta name=\"twitter:card\" content=\"summary_large_image\" \/>\n<meta name=\"twitter:creator\" content=\"@iicolumnas\" \/>\n<meta name=\"twitter:site\" content=\"@iicolumnas\" \/>\n<meta name=\"twitter:label1\" content=\"Escrito por\" \/>\n\t<meta name=\"twitter:data1\" content=\"Elisabeth Herrero\" \/>\n\t<meta name=\"twitter:label2\" content=\"Tiempo de lectura\" \/>\n\t<meta name=\"twitter:data2\" content=\"1 minuto\" \/>\n<script type=\"application\/ld+json\" class=\"yoast-schema-graph\">{\"@context\":\"https:\/\/schema.org\",\"@graph\":[{\"@type\":\"WebPage\",\"@id\":\"https:\/\/iicolumnas.es\/index.php\/actualidad\/2016\/08\/25\/parapentista-sorprende-los-banistas-las-piscinas-cantalpino\/\",\"url\":\"https:\/\/iicolumnas.es\/index.php\/actualidad\/2016\/08\/25\/parapentista-sorprende-los-banistas-las-piscinas-cantalpino\/\",\"name\":\"Un parapentista sorprende a los ba\u00f1istas de las piscinas de Cantalpino - Dos Columnas\",\"isPartOf\":{\"@id\":\"https:\/\/iicolumnas.es\/#website\"},\"primaryImageOfPage\":{\"@id\":\"https:\/\/iicolumnas.es\/index.php\/actualidad\/2016\/08\/25\/parapentista-sorprende-los-banistas-las-piscinas-cantalpino\/#primaryimage\"},\"image\":{\"@id\":\"https:\/\/iicolumnas.es\/index.php\/actualidad\/2016\/08\/25\/parapentista-sorprende-los-banistas-las-piscinas-cantalpino\/#primaryimage\"},\"thumbnailUrl\":\"https:\/\/iicolumnas.es\/wp-content\/uploads\/2016\/08\/parapente-3.jpg\",\"datePublished\":\"2016-08-25T18:52:25+00:00\",\"dateModified\":\"2016-08-25T19:22:28+00:00\",\"author\":{\"@id\":\"https:\/\/iicolumnas.es\/#\/schema\/person\/a7ff663470be5c4a58b4056144602608\"},\"breadcrumb\":{\"@id\":\"https:\/\/iicolumnas.es\/index.php\/actualidad\/2016\/08\/25\/parapentista-sorprende-los-banistas-las-piscinas-cantalpino\/#breadcrumb\"},\"inLanguage\":\"es\",\"potentialAction\":[{\"@type\":\"ReadAction\",\"target\":[\"https:\/\/iicolumnas.es\/index.php\/actualidad\/2016\/08\/25\/parapentista-sorprende-los-banistas-las-piscinas-cantalpino\/\"]}]},{\"@type\":\"ImageObject\",\"inLanguage\":\"es\",\"@id\":\"https:\/\/iicolumnas.es\/index.php\/actualidad\/2016\/08\/25\/parapentista-sorprende-los-banistas-las-piscinas-cantalpino\/#primaryimage\",\"url\":\"https:\/\/iicolumnas.es\/wp-content\/uploads\/2016\/08\/parapente-3.jpg\",\"contentUrl\":\"https:\/\/iicolumnas.es\/wp-content\/uploads\/2016\/08\/parapente-3.jpg\",\"width\":\"800\",\"height\":\"450\"},{\"@type\":\"BreadcrumbList\",\"@id\":\"https:\/\/iicolumnas.es\/index.php\/actualidad\/2016\/08\/25\/parapentista-sorprende-los-banistas-las-piscinas-cantalpino\/#breadcrumb\",\"itemListElement\":[{\"@type\":\"ListItem\",\"position\":1,\"name\":\"Portada\",\"item\":\"https:\/\/iicolumnas.es\/\"},{\"@type\":\"ListItem\",\"position\":2,\"name\":\"Actualidad\",\"item\":\"https:\/\/iicolumnas.es\/index.php\/category\/actualidad\/\"},{\"@type\":\"ListItem\",\"position\":3,\"name\":\"Un parapentista sorprende a los ba\u00f1istas de las piscinas de Cantalpino\"}]},{\"@type\":\"WebSite\",\"@id\":\"https:\/\/iicolumnas.es\/#website\",\"url\":\"https:\/\/iicolumnas.es\/\",\"name\":\"Dos Columnas\",\"description\":\"El peri\u00f3dico de la villa de Cantalpino\",\"potentialAction\":[{\"@type\":\"SearchAction\",\"target\":{\"@type\":\"EntryPoint\",\"urlTemplate\":\"https:\/\/iicolumnas.es\/?s={search_term_string}\"},\"query-input\":{\"@type\":\"PropertyValueSpecification\",\"valueRequired\":true,\"valueName\":\"search_term_string\"}}],\"inLanguage\":\"es\"},{\"@type\":\"Person\",\"@id\":\"https:\/\/iicolumnas.es\/#\/schema\/person\/a7ff663470be5c4a58b4056144602608\",\"name\":\"Elisabeth Herrero\",\"image\":{\"@type\":\"ImageObject\",\"inLanguage\":\"es\",\"@id\":\"https:\/\/iicolumnas.es\/#\/schema\/person\/image\/\",\"url\":\"https:\/\/secure.gravatar.com\/avatar\/940d2d17ae8f8dbc80e004b6d5cf732529898723a62eb676e66b87e474e93db4?s=96&d=mm&r=g\",\"contentUrl\":\"https:\/\/secure.gravatar.com\/avatar\/940d2d17ae8f8dbc80e004b6d5cf732529898723a62eb676e66b87e474e93db4?s=96&d=mm&r=g\",\"caption\":\"Elisabeth Herrero\"}}]}<\/script>\n<!-- \/ Yoast SEO plugin. -->","yoast_head_json":{"title":"Un parapentista sorprende a los ba\u00f1istas de las piscinas de Cantalpino - Dos Columnas","robots":{"index":"index","follow":"follow","max-snippet":"max-snippet:-1","max-image-preview":"max-image-preview:large","max-video-preview":"max-video-preview:-1"},"canonical":"https:\/\/iicolumnas.es\/index.php\/actualidad\/2016\/08\/25\/parapentista-sorprende-los-banistas-las-piscinas-cantalpino\/","og_locale":"es_ES","og_type":"article","og_title":"Un parapentista sorprende a los ba\u00f1istas de las piscinas de Cantalpino - Dos Columnas","og_description":"Pasadas las 19:00 h de la tarde de este 25 de agosto, un parapentista de origen polaco sorprend\u00eda a los ba\u00f1istas que se encontraban en las Piscinas Municipales de Cantalpino combatiendo esta ola de&#46;&#46;&#46;","og_url":"https:\/\/iicolumnas.es\/index.php\/actualidad\/2016\/08\/25\/parapentista-sorprende-los-banistas-las-piscinas-cantalpino\/","og_site_name":"Dos Columnas","article_publisher":"https:\/\/www.facebook.com\/iicolumnas\/","article_published_time":"2016-08-25T18:52:25+00:00","article_modified_time":"2016-08-25T19:22:28+00:00","og_image":[{"width":800,"height":450,"url":"https:\/\/iicolumnas.es\/wp-content\/uploads\/2016\/08\/parapente-3.jpg","type":"image\/jpeg"}],"author":"Elisabeth Herrero","twitter_card":"summary_large_image","twitter_creator":"@iicolumnas","twitter_site":"@iicolumnas","twitter_misc":{"Escrito por":"Elisabeth Herrero","Tiempo de lectura":"1 minuto"},"schema":{"@context":"https:\/\/schema.org","@graph":[{"@type":"WebPage","@id":"https:\/\/iicolumnas.es\/index.php\/actualidad\/2016\/08\/25\/parapentista-sorprende-los-banistas-las-piscinas-cantalpino\/","url":"https:\/\/iicolumnas.es\/index.php\/actualidad\/2016\/08\/25\/parapentista-sorprende-los-banistas-las-piscinas-cantalpino\/","name":"Un parapentista sorprende a los ba\u00f1istas de las piscinas de Cantalpino - Dos Columnas","isPartOf":{"@id":"https:\/\/iicolumnas.es\/#website"},"primaryImageOfPage":{"@id":"https:\/\/iicolumnas.es\/index.php\/actualidad\/2016\/08\/25\/parapentista-sorprende-los-banistas-las-piscinas-cantalpino\/#primaryimage"},"image":{"@id":"https:\/\/iicolumnas.es\/index.php\/actualidad\/2016\/08\/25\/parapentista-sorprende-los-banistas-las-piscinas-cantalpino\/#primaryimage"},"thumbnailUrl":"https:\/\/iicolumnas.es\/wp-content\/uploads\/2016\/08\/parapente-3.jpg","datePublished":"2016-08-25T18:52:25+00:00","dateModified":"2016-08-25T19:22:28+00:00","author":{"@id":"https:\/\/iicolumnas.es\/#\/schema\/person\/a7ff663470be5c4a58b4056144602608"},"breadcrumb":{"@id":"https:\/\/iicolumnas.es\/index.php\/actualidad\/2016\/08\/25\/parapentista-sorprende-los-banistas-las-piscinas-cantalpino\/#breadcrumb"},"inLanguage":"es","potentialAction":[{"@type":"ReadAction","target":["https:\/\/iicolumnas.es\/index.php\/actualidad\/2016\/08\/25\/parapentista-sorprende-los-banistas-las-piscinas-cantalpino\/"]}]},{"@type":"ImageObject","inLanguage":"es","@id":"https:\/\/iicolumnas.es\/index.php\/actualidad\/2016\/08\/25\/parapentista-sorprende-los-banistas-las-piscinas-cantalpino\/#primaryimage","url":"https:\/\/iicolumnas.es\/wp-content\/uploads\/2016\/08\/parapente-3.jpg","contentUrl":"https:\/\/iicolumnas.es\/wp-content\/uploads\/2016\/08\/parapente-3.jpg","width":"800","height":"450"},{"@type":"BreadcrumbList","@id":"https:\/\/iicolumnas.es\/index.php\/actualidad\/2016\/08\/25\/parapentista-sorprende-los-banistas-las-piscinas-cantalpino\/#breadcrumb","itemListElement":[{"@type":"ListItem","position":1,"name":"Portada","item":"https:\/\/iicolumnas.es\/"},{"@type":"ListItem","position":2,"name":"Actualidad","item":"https:\/\/iicolumnas.es\/index.php\/category\/actualidad\/"},{"@type":"ListItem","position":3,"name":"Un parapentista sorprende a los ba\u00f1istas de las piscinas de Cantalpino"}]},{"@type":"WebSite","@id":"https:\/\/iicolumnas.es\/#website","url":"https:\/\/iicolumnas.es\/","name":"Dos Columnas","description":"El peri\u00f3dico de la villa de Cantalpino","potentialAction":[{"@type":"SearchAction","target":{"@type":"EntryPoint","urlTemplate":"https:\/\/iicolumnas.es\/?s={search_term_string}"},"query-input":{"@type":"PropertyValueSpecification","valueRequired":true,"valueName":"search_term_string"}}],"inLanguage":"es"},{"@type":"Person","@id":"https:\/\/iicolumnas.es\/#\/schema\/person\/a7ff663470be5c4a58b4056144602608","name":"Elisabeth Herrero","image":{"@type":"ImageObject","inLanguage":"es","@id":"https:\/\/iicolumnas.es\/#\/schema\/person\/image\/","url":"https:\/\/secure.gravatar.com\/avatar\/940d2d17ae8f8dbc80e004b6d5cf732529898723a62eb676e66b87e474e93db4?s=96&d=mm&r=g","contentUrl":"https:\/\/secure.gravatar.com\/avatar\/940d2d17ae8f8dbc80e004b6d5cf732529898723a62eb676e66b87e474e93db4?s=96&d=mm&r=g","caption":"Elisabeth Herrero"}}]}},"_links":{"self":[{"href":"https:\/\/iicolumnas.es\/index.php\/wp-json\/wp\/v2\/posts\/7004","targetHints":{"allow":["GET"]}}],"collection":[{"href":"https:\/\/iicolumnas.es\/index.php\/wp-json\/wp\/v2\/posts"}],"about":[{"href":"https:\/\/iicolumnas.es\/index.php\/wp-json\/wp\/v2\/types\/post"}],"author":[{"embeddable":true,"href":"https:\/\/iicolumnas.es\/index.php\/wp-json\/wp\/v2\/users\/11"}],"replies":[{"embeddable":true,"href":"https:\/\/iicolumnas.es\/index.php\/wp-json\/wp\/v2\/comments?post=7004"}],"version-history":[{"count":0,"href":"https:\/\/iicolumnas.es\/index.php\/wp-json\/wp\/v2\/posts\/7004\/revisions"}],"wp:featuredmedia":[{"embeddable":true,"href":"https:\/\/iicolumnas.es\/index.php\/wp-json\/wp\/v2\/media\/7015"}],"wp:attachment":[{"href":"https:\/\/iicolumnas.es\/index.php\/wp-json\/wp\/v2\/media?parent=7004"}],"wp:term":[{"taxonomy":"category","embeddable":true,"href":"https:\/\/iicolumnas.es\/index.php\/wp-json\/wp\/v2\/categories?post=7004"},{"taxonomy":"post_tag","embeddable":true,"href":"https:\/\/iicolumnas.es\/index.php\/wp-json\/wp\/v2\/tags?post=7004"}],"curies":[{"name":"wp","href":"https:\/\/api.w.org\/{rel}","templated":true}]}}