{"id":6994,"date":"2016-08-24T10:55:14","date_gmt":"2016-08-24T10:55:14","guid":{"rendered":"https:\/\/iicolumnas.es\/?p=6994"},"modified":"2016-08-24T10:55:14","modified_gmt":"2016-08-24T10:55:14","slug":"pregon-las-fiestas-2016-cargo-fernando-vazquez-mourelo","status":"publish","type":"post","link":"https:\/\/iicolumnas.es\/index.php\/colaboraciones\/2016\/08\/24\/pregon-las-fiestas-2016-cargo-fernando-vazquez-mourelo\/","title":{"rendered":"Preg\u00f3n de las fiestas 2016 a cargo de Fernando Vazquez Mourelo"},"content":{"rendered":"<p>Hubo un tiempo en que yo tambi\u00e9n fui un joven de fiesta en mi pueblo, all\u00e1 en el Bierzo, que deseaba que empezasen las fiestas que tra\u00edan consigo la emoci\u00f3n de la noche,\u00a0 el ruido y la libertad de ir de aqu\u00ed para all\u00e1 hasta que saliese el sol.<\/p>\n<p>Las fiestas tra\u00edan tambi\u00e9n a los amigos, a los forasteros, a los familiares que se hab\u00edan ido a trabajar a Francia , Suiza , Alemania, \u00a0Madrid o Bilbao \u00a0y tambi\u00e9n a los estudiantes que estaban en otras provincias.<\/p>\n<p>Las fiestas supon\u00edan el regreso de aquellos a los que ech\u00e1bamos de menos y tambi\u00e9n el m\u00e1gico momento del a\u00f1o en el que nos convert\u00edamos en orgullosos gu\u00edas para aquellos amigos a los que invit\u00e1bamos a conocer nuestro pueblo en fiestas, las mejores fiestas del mundo en el mejor pueblo del mundo.<\/p>\n<p>Gracias por dejarme ser vuestro invitado, gracias por permitirme conocer las fiestas de mis alumnos y alumnas de Cantalpino, las que ellos y ellas viven como las mejores fiestas del mundo en el mejor pueblo del mundo, gracias.<\/p>\n<p>Este preg\u00f3n, como no podr\u00eda ser de otro modo, va dedicado a vosotros y vosotras, a todos los j\u00f3venes de Cantalpino que han pasado por el IES Senara, a todos los que est\u00e1n siguiendo sus estudios en el instituto actualmente, a todos los que est\u00e1n por llegar. A vosotros.<\/p>\n<p>El primer alumno que me habl\u00f3 de Cantalpino se llamaba Norberto ,el \u00faltimo alumno con el que habl\u00e9 de Cantalpino se llama Benito, entre ellos dos, han pasado decenas de chicos y chicas que nos han hablado de su pueblo, en los pasillos del instituto, en las clases, en los patios, siempre con orgullo, con humor y con inteligencia.<\/p>\n<p>Vosotros y vosotras, alumnos y alumnas de Cantalpino nos ense\u00f1\u00e1is en el instituto lo mejor de vuestro pueblo, el orgullo de ser de aqu\u00ed, y lo hac\u00e9is con ese sentido del humor \u00a0que ten\u00e9is, que s\u00f3lo entendemos los que hemos nacido y vivido en un pueblo.<\/p>\n<p>Simpat\u00eda y orgullo son vuestra tarjeta de visita y yo quiero daros las gracias en nombre del instituto por ense\u00f1arnos a estar orgullosos de lo que somos y de hacerlo compartiendo con nosotros vuestra alegr\u00eda incansable.<\/p>\n<p>Cantalpino, ten\u00e9is unos j\u00f3venes llenos de energ\u00eda, leales, transparentes, firmes como el \u00e1rbol de vuestro escudo, protectores como los lobos que os representan, os lo dice alguien que les conoce bien, sentiros orgullosos de ellos y de ellas; pues de aqu\u00ed han salido algunos y algunas de los alumnos y alumnas m\u00e1s brillante del IES Senara que van por el mundo contando que especial y \u00fanico es su pueblo, ponedlos en valor, son vuestro legado, son vuestros mejores anfitriones.<\/p>\n<p>Por \u00faltimo, gracias por el gesto que hab\u00e9is tenido al permitirme ser vuestro pregonero y quiero, si me permit\u00eds que dedique tambi\u00e9n este preg\u00f3n a la\u00a0 familia Hierro, a Manuel y Montse Hierro compa\u00f1eros incansables de la Nieblate\u00e1tro.<\/p>\n<p>Gracias al Ayuntamiento, a Elena.<\/p>\n<p>Disfrutad del ruido, de la libertad y de las emociones de las fiesta hasta que salga el sol y \u00a1\u00a1\u00a1\u00a1viva Cantalpino!!!!<\/p>\n<p style=\"text-align: right;\"><strong>Fernando Vazquez Mourelo<\/strong><\/p>\n","protected":false},"excerpt":{"rendered":"<p>Hubo un tiempo en que yo tambi\u00e9n fui un joven de fiesta en mi pueblo, all\u00e1 en el Bierzo, que deseaba que empezasen las fiestas que tra\u00edan consigo la emoci\u00f3n de la noche,\u00a0 el&#46;&#46;&#46;<\/p>\n","protected":false},"author":1,"featured_media":5350,"comment_status":"open","ping_status":"open","sticky":false,"template":"","format":"standard","meta":{"footnotes":""},"categories":[3],"tags":[1025,943,1024],"class_list":["post-6994","post","type-post","status-publish","format-standard","has-post-thumbnail","hentry","category-colaboraciones","tag-fernando-vazquez-mourelo","tag-fiestas-2016","tag-pregon-2016"],"yoast_head":"<!-- This site is optimized with the Yoast SEO plugin v26.6 - https:\/\/yoast.com\/wordpress\/plugins\/seo\/ -->\n<title>Preg\u00f3n de las fiestas 2016 a cargo de Fernando Vazquez Mourelo - Dos Columnas<\/title>\n<meta name=\"robots\" content=\"index, follow, max-snippet:-1, max-image-preview:large, max-video-preview:-1\" \/>\n<link rel=\"canonical\" href=\"https:\/\/iicolumnas.es\/index.php\/colaboraciones\/2016\/08\/24\/pregon-las-fiestas-2016-cargo-fernando-vazquez-mourelo\/\" \/>\n<meta property=\"og:locale\" content=\"es_ES\" \/>\n<meta property=\"og:type\" content=\"article\" \/>\n<meta property=\"og:title\" content=\"Preg\u00f3n de las fiestas 2016 a cargo de Fernando Vazquez Mourelo - Dos Columnas\" \/>\n<meta property=\"og:description\" content=\"Hubo un tiempo en que yo tambi\u00e9n fui un joven de fiesta en mi pueblo, all\u00e1 en el Bierzo, que deseaba que empezasen las fiestas que tra\u00edan consigo la emoci\u00f3n de la noche,\u00a0 el&#046;&#046;&#046;\" \/>\n<meta property=\"og:url\" content=\"https:\/\/iicolumnas.es\/index.php\/colaboraciones\/2016\/08\/24\/pregon-las-fiestas-2016-cargo-fernando-vazquez-mourelo\/\" \/>\n<meta property=\"og:site_name\" content=\"Dos Columnas\" \/>\n<meta property=\"article:publisher\" content=\"https:\/\/www.facebook.com\/iicolumnas\/\" \/>\n<meta property=\"article:published_time\" content=\"2016-08-24T10:55:14+00:00\" \/>\n<meta property=\"og:image\" content=\"https:\/\/iicolumnas.es\/wp-content\/uploads\/2016\/08\/fernando_vazquez_mourelo.jpg\" \/>\n\t<meta property=\"og:image:width\" content=\"373\" \/>\n\t<meta property=\"og:image:height\" content=\"334\" \/>\n\t<meta property=\"og:image:type\" content=\"image\/jpeg\" \/>\n<meta name=\"author\" content=\"Juan Alberto Garc\u00eda\" \/>\n<meta name=\"twitter:card\" content=\"summary_large_image\" \/>\n<meta name=\"twitter:creator\" content=\"@iicolumnas\" \/>\n<meta name=\"twitter:site\" content=\"@iicolumnas\" \/>\n<meta name=\"twitter:label1\" content=\"Escrito por\" \/>\n\t<meta name=\"twitter:data1\" content=\"Juan Alberto Garc\u00eda\" \/>\n\t<meta name=\"twitter:label2\" content=\"Tiempo de lectura\" \/>\n\t<meta name=\"twitter:data2\" content=\"3 minutos\" \/>\n<script type=\"application\/ld+json\" class=\"yoast-schema-graph\">{\"@context\":\"https:\/\/schema.org\",\"@graph\":[{\"@type\":\"WebPage\",\"@id\":\"https:\/\/iicolumnas.es\/index.php\/colaboraciones\/2016\/08\/24\/pregon-las-fiestas-2016-cargo-fernando-vazquez-mourelo\/\",\"url\":\"https:\/\/iicolumnas.es\/index.php\/colaboraciones\/2016\/08\/24\/pregon-las-fiestas-2016-cargo-fernando-vazquez-mourelo\/\",\"name\":\"Preg\u00f3n de las fiestas 2016 a cargo de Fernando Vazquez Mourelo - Dos Columnas\",\"isPartOf\":{\"@id\":\"https:\/\/iicolumnas.es\/#website\"},\"primaryImageOfPage\":{\"@id\":\"https:\/\/iicolumnas.es\/index.php\/colaboraciones\/2016\/08\/24\/pregon-las-fiestas-2016-cargo-fernando-vazquez-mourelo\/#primaryimage\"},\"image\":{\"@id\":\"https:\/\/iicolumnas.es\/index.php\/colaboraciones\/2016\/08\/24\/pregon-las-fiestas-2016-cargo-fernando-vazquez-mourelo\/#primaryimage\"},\"thumbnailUrl\":\"https:\/\/iicolumnas.es\/wp-content\/uploads\/2016\/08\/fernando_vazquez_mourelo.jpg\",\"datePublished\":\"2016-08-24T10:55:14+00:00\",\"author\":{\"@id\":\"https:\/\/iicolumnas.es\/#\/schema\/person\/454e592beb5051596092682bc7744870\"},\"breadcrumb\":{\"@id\":\"https:\/\/iicolumnas.es\/index.php\/colaboraciones\/2016\/08\/24\/pregon-las-fiestas-2016-cargo-fernando-vazquez-mourelo\/#breadcrumb\"},\"inLanguage\":\"es\",\"potentialAction\":[{\"@type\":\"ReadAction\",\"target\":[\"https:\/\/iicolumnas.es\/index.php\/colaboraciones\/2016\/08\/24\/pregon-las-fiestas-2016-cargo-fernando-vazquez-mourelo\/\"]}]},{\"@type\":\"ImageObject\",\"inLanguage\":\"es\",\"@id\":\"https:\/\/iicolumnas.es\/index.php\/colaboraciones\/2016\/08\/24\/pregon-las-fiestas-2016-cargo-fernando-vazquez-mourelo\/#primaryimage\",\"url\":\"https:\/\/iicolumnas.es\/wp-content\/uploads\/2016\/08\/fernando_vazquez_mourelo.jpg\",\"contentUrl\":\"https:\/\/iicolumnas.es\/wp-content\/uploads\/2016\/08\/fernando_vazquez_mourelo.jpg\",\"width\":\"373\",\"height\":\"334\"},{\"@type\":\"BreadcrumbList\",\"@id\":\"https:\/\/iicolumnas.es\/index.php\/colaboraciones\/2016\/08\/24\/pregon-las-fiestas-2016-cargo-fernando-vazquez-mourelo\/#breadcrumb\",\"itemListElement\":[{\"@type\":\"ListItem\",\"position\":1,\"name\":\"Portada\",\"item\":\"https:\/\/iicolumnas.es\/\"},{\"@type\":\"ListItem\",\"position\":2,\"name\":\"Colaboraciones\",\"item\":\"https:\/\/iicolumnas.es\/index.php\/category\/colaboraciones\/\"},{\"@type\":\"ListItem\",\"position\":3,\"name\":\"Preg\u00f3n de las fiestas 2016 a cargo de Fernando Vazquez Mourelo\"}]},{\"@type\":\"WebSite\",\"@id\":\"https:\/\/iicolumnas.es\/#website\",\"url\":\"https:\/\/iicolumnas.es\/\",\"name\":\"Dos Columnas\",\"description\":\"El peri\u00f3dico de la villa de Cantalpino\",\"potentialAction\":[{\"@type\":\"SearchAction\",\"target\":{\"@type\":\"EntryPoint\",\"urlTemplate\":\"https:\/\/iicolumnas.es\/?s={search_term_string}\"},\"query-input\":{\"@type\":\"PropertyValueSpecification\",\"valueRequired\":true,\"valueName\":\"search_term_string\"}}],\"inLanguage\":\"es\"},{\"@type\":\"Person\",\"@id\":\"https:\/\/iicolumnas.es\/#\/schema\/person\/454e592beb5051596092682bc7744870\",\"name\":\"Juan Alberto Garc\u00eda\",\"image\":{\"@type\":\"ImageObject\",\"inLanguage\":\"es\",\"@id\":\"https:\/\/iicolumnas.es\/#\/schema\/person\/image\/\",\"url\":\"https:\/\/secure.gravatar.com\/avatar\/b5e9097f5115a63587d45ece976d47f33159b9258fd778d9fbb56ce1c9d21ca8?s=96&d=mm&r=g\",\"contentUrl\":\"https:\/\/secure.gravatar.com\/avatar\/b5e9097f5115a63587d45ece976d47f33159b9258fd778d9fbb56ce1c9d21ca8?s=96&d=mm&r=g\",\"caption\":\"Juan Alberto Garc\u00eda\"},\"description\":\"los admin tienen demasiados privilegios sobre otros admin, no crees?\",\"sameAs\":[\"https:\/\/www.linkedin.com\/in\/juan-alberto-garc%C3%ADa-esteban-85389310b\"]}]}<\/script>\n<!-- \/ Yoast SEO plugin. -->","yoast_head_json":{"title":"Preg\u00f3n de las fiestas 2016 a cargo de Fernando Vazquez Mourelo - Dos Columnas","robots":{"index":"index","follow":"follow","max-snippet":"max-snippet:-1","max-image-preview":"max-image-preview:large","max-video-preview":"max-video-preview:-1"},"canonical":"https:\/\/iicolumnas.es\/index.php\/colaboraciones\/2016\/08\/24\/pregon-las-fiestas-2016-cargo-fernando-vazquez-mourelo\/","og_locale":"es_ES","og_type":"article","og_title":"Preg\u00f3n de las fiestas 2016 a cargo de Fernando Vazquez Mourelo - Dos Columnas","og_description":"Hubo un tiempo en que yo tambi\u00e9n fui un joven de fiesta en mi pueblo, all\u00e1 en el Bierzo, que deseaba que empezasen las fiestas que tra\u00edan consigo la emoci\u00f3n de la noche,\u00a0 el&#46;&#46;&#46;","og_url":"https:\/\/iicolumnas.es\/index.php\/colaboraciones\/2016\/08\/24\/pregon-las-fiestas-2016-cargo-fernando-vazquez-mourelo\/","og_site_name":"Dos Columnas","article_publisher":"https:\/\/www.facebook.com\/iicolumnas\/","article_published_time":"2016-08-24T10:55:14+00:00","og_image":[{"width":373,"height":334,"url":"https:\/\/iicolumnas.es\/wp-content\/uploads\/2016\/08\/fernando_vazquez_mourelo.jpg","type":"image\/jpeg"}],"author":"Juan Alberto Garc\u00eda","twitter_card":"summary_large_image","twitter_creator":"@iicolumnas","twitter_site":"@iicolumnas","twitter_misc":{"Escrito por":"Juan Alberto Garc\u00eda","Tiempo de lectura":"3 minutos"},"schema":{"@context":"https:\/\/schema.org","@graph":[{"@type":"WebPage","@id":"https:\/\/iicolumnas.es\/index.php\/colaboraciones\/2016\/08\/24\/pregon-las-fiestas-2016-cargo-fernando-vazquez-mourelo\/","url":"https:\/\/iicolumnas.es\/index.php\/colaboraciones\/2016\/08\/24\/pregon-las-fiestas-2016-cargo-fernando-vazquez-mourelo\/","name":"Preg\u00f3n de las fiestas 2016 a cargo de Fernando Vazquez Mourelo - Dos Columnas","isPartOf":{"@id":"https:\/\/iicolumnas.es\/#website"},"primaryImageOfPage":{"@id":"https:\/\/iicolumnas.es\/index.php\/colaboraciones\/2016\/08\/24\/pregon-las-fiestas-2016-cargo-fernando-vazquez-mourelo\/#primaryimage"},"image":{"@id":"https:\/\/iicolumnas.es\/index.php\/colaboraciones\/2016\/08\/24\/pregon-las-fiestas-2016-cargo-fernando-vazquez-mourelo\/#primaryimage"},"thumbnailUrl":"https:\/\/iicolumnas.es\/wp-content\/uploads\/2016\/08\/fernando_vazquez_mourelo.jpg","datePublished":"2016-08-24T10:55:14+00:00","author":{"@id":"https:\/\/iicolumnas.es\/#\/schema\/person\/454e592beb5051596092682bc7744870"},"breadcrumb":{"@id":"https:\/\/iicolumnas.es\/index.php\/colaboraciones\/2016\/08\/24\/pregon-las-fiestas-2016-cargo-fernando-vazquez-mourelo\/#breadcrumb"},"inLanguage":"es","potentialAction":[{"@type":"ReadAction","target":["https:\/\/iicolumnas.es\/index.php\/colaboraciones\/2016\/08\/24\/pregon-las-fiestas-2016-cargo-fernando-vazquez-mourelo\/"]}]},{"@type":"ImageObject","inLanguage":"es","@id":"https:\/\/iicolumnas.es\/index.php\/colaboraciones\/2016\/08\/24\/pregon-las-fiestas-2016-cargo-fernando-vazquez-mourelo\/#primaryimage","url":"https:\/\/iicolumnas.es\/wp-content\/uploads\/2016\/08\/fernando_vazquez_mourelo.jpg","contentUrl":"https:\/\/iicolumnas.es\/wp-content\/uploads\/2016\/08\/fernando_vazquez_mourelo.jpg","width":"373","height":"334"},{"@type":"BreadcrumbList","@id":"https:\/\/iicolumnas.es\/index.php\/colaboraciones\/2016\/08\/24\/pregon-las-fiestas-2016-cargo-fernando-vazquez-mourelo\/#breadcrumb","itemListElement":[{"@type":"ListItem","position":1,"name":"Portada","item":"https:\/\/iicolumnas.es\/"},{"@type":"ListItem","position":2,"name":"Colaboraciones","item":"https:\/\/iicolumnas.es\/index.php\/category\/colaboraciones\/"},{"@type":"ListItem","position":3,"name":"Preg\u00f3n de las fiestas 2016 a cargo de Fernando Vazquez Mourelo"}]},{"@type":"WebSite","@id":"https:\/\/iicolumnas.es\/#website","url":"https:\/\/iicolumnas.es\/","name":"Dos Columnas","description":"El peri\u00f3dico de la villa de Cantalpino","potentialAction":[{"@type":"SearchAction","target":{"@type":"EntryPoint","urlTemplate":"https:\/\/iicolumnas.es\/?s={search_term_string}"},"query-input":{"@type":"PropertyValueSpecification","valueRequired":true,"valueName":"search_term_string"}}],"inLanguage":"es"},{"@type":"Person","@id":"https:\/\/iicolumnas.es\/#\/schema\/person\/454e592beb5051596092682bc7744870","name":"Juan Alberto Garc\u00eda","image":{"@type":"ImageObject","inLanguage":"es","@id":"https:\/\/iicolumnas.es\/#\/schema\/person\/image\/","url":"https:\/\/secure.gravatar.com\/avatar\/b5e9097f5115a63587d45ece976d47f33159b9258fd778d9fbb56ce1c9d21ca8?s=96&d=mm&r=g","contentUrl":"https:\/\/secure.gravatar.com\/avatar\/b5e9097f5115a63587d45ece976d47f33159b9258fd778d9fbb56ce1c9d21ca8?s=96&d=mm&r=g","caption":"Juan Alberto Garc\u00eda"},"description":"los admin tienen demasiados privilegios sobre otros admin, no crees?","sameAs":["https:\/\/www.linkedin.com\/in\/juan-alberto-garc%C3%ADa-esteban-85389310b"]}]}},"_links":{"self":[{"href":"https:\/\/iicolumnas.es\/index.php\/wp-json\/wp\/v2\/posts\/6994","targetHints":{"allow":["GET"]}}],"collection":[{"href":"https:\/\/iicolumnas.es\/index.php\/wp-json\/wp\/v2\/posts"}],"about":[{"href":"https:\/\/iicolumnas.es\/index.php\/wp-json\/wp\/v2\/types\/post"}],"author":[{"embeddable":true,"href":"https:\/\/iicolumnas.es\/index.php\/wp-json\/wp\/v2\/users\/1"}],"replies":[{"embeddable":true,"href":"https:\/\/iicolumnas.es\/index.php\/wp-json\/wp\/v2\/comments?post=6994"}],"version-history":[{"count":0,"href":"https:\/\/iicolumnas.es\/index.php\/wp-json\/wp\/v2\/posts\/6994\/revisions"}],"wp:featuredmedia":[{"embeddable":true,"href":"https:\/\/iicolumnas.es\/index.php\/wp-json\/wp\/v2\/media\/5350"}],"wp:attachment":[{"href":"https:\/\/iicolumnas.es\/index.php\/wp-json\/wp\/v2\/media?parent=6994"}],"wp:term":[{"taxonomy":"category","embeddable":true,"href":"https:\/\/iicolumnas.es\/index.php\/wp-json\/wp\/v2\/categories?post=6994"},{"taxonomy":"post_tag","embeddable":true,"href":"https:\/\/iicolumnas.es\/index.php\/wp-json\/wp\/v2\/tags?post=6994"}],"curies":[{"name":"wp","href":"https:\/\/api.w.org\/{rel}","templated":true}]}}