{"id":5986,"date":"2016-08-12T18:42:32","date_gmt":"2016-08-12T18:42:32","guid":{"rendered":"https:\/\/iicolumnas.es\/?p=5986"},"modified":"2016-08-12T18:42:32","modified_gmt":"2016-08-12T18:42:32","slug":"desparpajo-salero-predominaron-pese-la-bajada-las-temperaturas","status":"publish","type":"post","link":"https:\/\/iicolumnas.es\/index.php\/actualidad\/2016\/08\/12\/desparpajo-salero-predominaron-pese-la-bajada-las-temperaturas\/","title":{"rendered":"Desparpajo y salero predominaron pese a la bajada de las temperaturas"},"content":{"rendered":"<p style=\"text-align: justify;\">Pese a que el tiempo no acompa\u00f1aba,el martes 9 de agosto a las 10:30 de la noche, dentro de la programaci\u00f3n previa a las fiestas grandes de Cantalpino, los grupos de baile cantalpines caldearon el ambiente con su desparpajo y salero. En primer lugar los peque\u00f1os del grupo de Baile Moderno de Cantalpino, quienes despu\u00e9s de ejercer de jurado en la gymkana de pe\u00f1as del pasado s\u00e1bado demostraron todo lo que saben hacer cuando la m\u00fasica comienza a sonar. Seguidamente el grupo de sevillanas \u00abEntre tacones y volantes\u00bb hizo lo propio y demostr\u00f3 que aunque somos de tierras charras (bueno no todas, que Vane es andaluza) llevan el salero andaluz en sus pies. Una vez m\u00e1s ambos grupos hicieron disfrutar al pueblo cantalpines y a todos sus visitantes en estas fechas.<\/p>\n<p style=\"text-align: center;\"><div id=\"metaslider-id-5973\" style=\"max-width: 800px; margin: 0 auto;\" class=\"ml-slider-3-104-0 metaslider metaslider-nivo metaslider-5973 ml-slider ms-theme-default\" role=\"region\" aria-label=\"Sevillanas agosto\" data-height=\"600\" data-width=\"800\">\n    <div id=\"metaslider_container_5973\">\n        <div class='slider-wrapper theme-default'><div class='ribbon'><\/div><div id='metaslider_5973' class='nivoSlider'><img loading=\"lazy\" decoding=\"async\" src=\"https:\/\/iicolumnas.es\/wp-content\/uploads\/2016\/08\/bailes-agosto-1016-7-600x450.jpg\" height=\"600\" width=\"800\" title=\"Sevillanas y baile moderno agosto 2016\" alt=\"Sevillanas y baile moderno agosto 2016\" class=\"slider-5973 slide-5902 msDefaultImage\" \/><img loading=\"lazy\" decoding=\"async\" src=\"https:\/\/iicolumnas.es\/wp-content\/uploads\/2016\/08\/bailes-agosto-1016-9-600x450.jpg\" height=\"600\" width=\"800\" title=\"Sevillanas y baile moderno agosto 2016\" alt=\"Sevillanas y baile moderno agosto 2016\" class=\"slider-5973 slide-5899 msDefaultImage\" \/><img loading=\"lazy\" decoding=\"async\" src=\"https:\/\/iicolumnas.es\/wp-content\/uploads\/2016\/08\/bailes-agosto-1016-2.jpg\" height=\"600\" width=\"800\" title=\"Sevillanas y baile moderno agosto 2016\" alt=\"Sevillanas y baile moderno agosto 2016\" class=\"slider-5973 slide-5910 msDefaultImage\" \/><img loading=\"lazy\" decoding=\"async\" src=\"https:\/\/iicolumnas.es\/wp-content\/uploads\/2016\/08\/bailes-agosto-1016-7-2-600x450.jpg\" height=\"600\" width=\"800\" title=\"Sevillanas y baile moderno agosto 2016\" alt=\"Sevillanas y baile moderno agosto 2016\" class=\"slider-5973 slide-5903 msDefaultImage\" \/><img loading=\"lazy\" decoding=\"async\" src=\"https:\/\/iicolumnas.es\/wp-content\/uploads\/2016\/08\/bailes-agosto-1016-3.jpg\" height=\"600\" width=\"800\" title=\"Sevillanas y baile moderno agosto 2016\" alt=\"Sevillanas y baile moderno agosto 2016\" class=\"slider-5973 slide-5909 msDefaultImage\" \/><img loading=\"lazy\" decoding=\"async\" src=\"https:\/\/iicolumnas.es\/wp-content\/uploads\/2016\/08\/bailes-agosto-1016-8-600x450.jpg\" height=\"600\" width=\"800\" title=\"Sevillanas y baile moderno agosto 2016\" alt=\"Sevillanas y baile moderno agosto 2016\" class=\"slider-5973 slide-5901 msDefaultImage\" \/><img loading=\"lazy\" decoding=\"async\" src=\"https:\/\/iicolumnas.es\/wp-content\/uploads\/2016\/08\/bailes-agosto-1016.jpg\" height=\"600\" width=\"800\" title=\"Sevillanas y baile moderno agosto 2016\" alt=\"Sevillanas y baile moderno agosto 2016\" class=\"slider-5973 slide-5911 msDefaultImage\" \/><img loading=\"lazy\" decoding=\"async\" src=\"https:\/\/iicolumnas.es\/wp-content\/uploads\/2016\/08\/bailes-agosto-1016-4-600x450.jpg\" height=\"600\" width=\"800\" title=\"Sevillanas y baile moderno agosto 2016\" alt=\"Sevillanas y baile moderno agosto 2016\" class=\"slider-5973 slide-5908 msDefaultImage\" \/><img loading=\"lazy\" decoding=\"async\" src=\"https:\/\/iicolumnas.es\/wp-content\/uploads\/2016\/08\/bailes-agosto-1016-10-600x450.jpg\" height=\"600\" width=\"800\" title=\"Sevillanas y baile moderno agosto 2016\" alt=\"Sevillanas y baile moderno agosto 2016\" class=\"slider-5973 slide-5898 msDefaultImage\" \/><img loading=\"lazy\" decoding=\"async\" src=\"https:\/\/iicolumnas.es\/wp-content\/uploads\/2016\/08\/bailes-agosto-1016-6-600x450.jpg\" height=\"600\" width=\"800\" title=\"Sevillanas y baile moderno agosto 2016\" alt=\"Sevillanas y baile moderno agosto 2016\" class=\"slider-5973 slide-5905 msDefaultImage\" \/><img loading=\"lazy\" decoding=\"async\" src=\"https:\/\/iicolumnas.es\/wp-content\/uploads\/2016\/08\/bailes-agosto-1016-11-640x480.jpg\" height=\"600\" width=\"800\" title=\"Sevillanas y baile moderno agosto 2016\" alt=\"Sevillanas y baile moderno agosto 2016\" class=\"slider-5973 slide-5896 msDefaultImage\" \/><img loading=\"lazy\" decoding=\"async\" src=\"https:\/\/iicolumnas.es\/wp-content\/uploads\/2016\/08\/bailes-agosto-1016-5-600x450.jpg\" height=\"600\" width=\"800\" title=\"Sevillanas y baile moderno agosto 2016\" alt=\"Sevillanas y baile moderno agosto 2016\" class=\"slider-5973 slide-5906 msDefaultImage\" \/><\/div><\/div>\n        \n    <\/div>\n<\/div><\/p>\n","protected":false},"excerpt":{"rendered":"<p>Pese a que el tiempo no acompa\u00f1aba,el martes 9 de agosto a las 10:30 de la noche, dentro de la programaci\u00f3n previa a las fiestas grandes de Cantalpino, los grupos de baile cantalpines caldearon&#46;&#46;&#46;<\/p>\n","protected":false},"author":13,"featured_media":5909,"comment_status":"open","ping_status":"open","sticky":false,"template":"","format":"standard","meta":{"footnotes":""},"categories":[1],"tags":[975,313,976,974],"class_list":["post-5986","post","type-post","status-publish","format-standard","has-post-thumbnail","hentry","category-actualidad","tag-baile-moderno","tag-cantalpines","tag-catalpino","tag-entre-tacones-y-bolantes"],"yoast_head":"<!-- This site is optimized with the Yoast SEO plugin v26.6 - https:\/\/yoast.com\/wordpress\/plugins\/seo\/ -->\n<title>Desparpajo y salero predominaron pese a la bajada de las temperaturas - Dos Columnas<\/title>\n<meta name=\"robots\" content=\"index, follow, max-snippet:-1, max-image-preview:large, max-video-preview:-1\" \/>\n<link rel=\"canonical\" href=\"https:\/\/iicolumnas.es\/index.php\/actualidad\/2016\/08\/12\/desparpajo-salero-predominaron-pese-la-bajada-las-temperaturas\/\" \/>\n<meta property=\"og:locale\" content=\"es_ES\" \/>\n<meta property=\"og:type\" content=\"article\" \/>\n<meta property=\"og:title\" content=\"Desparpajo y salero predominaron pese a la bajada de las temperaturas - Dos Columnas\" \/>\n<meta property=\"og:description\" content=\"Pese a que el tiempo no acompa\u00f1aba,el martes 9 de agosto a las 10:30 de la noche, dentro de la programaci\u00f3n previa a las fiestas grandes de Cantalpino, los grupos de baile cantalpines caldearon&#046;&#046;&#046;\" \/>\n<meta property=\"og:url\" content=\"https:\/\/iicolumnas.es\/index.php\/actualidad\/2016\/08\/12\/desparpajo-salero-predominaron-pese-la-bajada-las-temperaturas\/\" \/>\n<meta property=\"og:site_name\" content=\"Dos Columnas\" \/>\n<meta property=\"article:publisher\" content=\"https:\/\/www.facebook.com\/iicolumnas\/\" \/>\n<meta property=\"article:published_time\" content=\"2016-08-12T18:42:32+00:00\" \/>\n<meta property=\"og:image\" content=\"https:\/\/iicolumnas.es\/wp-content\/uploads\/2016\/08\/bailes-agosto-1016-3.jpg\" \/>\n\t<meta property=\"og:image:width\" content=\"800\" \/>\n\t<meta property=\"og:image:height\" content=\"600\" \/>\n\t<meta property=\"og:image:type\" content=\"image\/jpeg\" \/>\n<meta name=\"author\" content=\"Luc\u00eda Mart\u00edn\" \/>\n<meta name=\"twitter:card\" content=\"summary_large_image\" \/>\n<meta name=\"twitter:creator\" content=\"@iicolumnas\" \/>\n<meta name=\"twitter:site\" content=\"@iicolumnas\" \/>\n<meta name=\"twitter:label1\" content=\"Escrito por\" \/>\n\t<meta name=\"twitter:data1\" content=\"Luc\u00eda Mart\u00edn\" \/>\n\t<meta name=\"twitter:label2\" content=\"Tiempo de lectura\" \/>\n\t<meta name=\"twitter:data2\" content=\"1 minuto\" \/>\n<script type=\"application\/ld+json\" class=\"yoast-schema-graph\">{\"@context\":\"https:\/\/schema.org\",\"@graph\":[{\"@type\":\"WebPage\",\"@id\":\"https:\/\/iicolumnas.es\/index.php\/actualidad\/2016\/08\/12\/desparpajo-salero-predominaron-pese-la-bajada-las-temperaturas\/\",\"url\":\"https:\/\/iicolumnas.es\/index.php\/actualidad\/2016\/08\/12\/desparpajo-salero-predominaron-pese-la-bajada-las-temperaturas\/\",\"name\":\"Desparpajo y salero predominaron pese a la bajada de las temperaturas - Dos Columnas\",\"isPartOf\":{\"@id\":\"https:\/\/iicolumnas.es\/#website\"},\"primaryImageOfPage\":{\"@id\":\"https:\/\/iicolumnas.es\/index.php\/actualidad\/2016\/08\/12\/desparpajo-salero-predominaron-pese-la-bajada-las-temperaturas\/#primaryimage\"},\"image\":{\"@id\":\"https:\/\/iicolumnas.es\/index.php\/actualidad\/2016\/08\/12\/desparpajo-salero-predominaron-pese-la-bajada-las-temperaturas\/#primaryimage\"},\"thumbnailUrl\":\"https:\/\/iicolumnas.es\/wp-content\/uploads\/2016\/08\/bailes-agosto-1016-3.jpg\",\"datePublished\":\"2016-08-12T18:42:32+00:00\",\"author\":{\"@id\":\"https:\/\/iicolumnas.es\/#\/schema\/person\/d0b468295022f1c525f1f08174e5094e\"},\"breadcrumb\":{\"@id\":\"https:\/\/iicolumnas.es\/index.php\/actualidad\/2016\/08\/12\/desparpajo-salero-predominaron-pese-la-bajada-las-temperaturas\/#breadcrumb\"},\"inLanguage\":\"es\",\"potentialAction\":[{\"@type\":\"ReadAction\",\"target\":[\"https:\/\/iicolumnas.es\/index.php\/actualidad\/2016\/08\/12\/desparpajo-salero-predominaron-pese-la-bajada-las-temperaturas\/\"]}]},{\"@type\":\"ImageObject\",\"inLanguage\":\"es\",\"@id\":\"https:\/\/iicolumnas.es\/index.php\/actualidad\/2016\/08\/12\/desparpajo-salero-predominaron-pese-la-bajada-las-temperaturas\/#primaryimage\",\"url\":\"https:\/\/iicolumnas.es\/wp-content\/uploads\/2016\/08\/bailes-agosto-1016-3.jpg\",\"contentUrl\":\"https:\/\/iicolumnas.es\/wp-content\/uploads\/2016\/08\/bailes-agosto-1016-3.jpg\",\"width\":\"800\",\"height\":\"600\",\"caption\":\"Sevillanas y baile moderno agosto 2016\"},{\"@type\":\"BreadcrumbList\",\"@id\":\"https:\/\/iicolumnas.es\/index.php\/actualidad\/2016\/08\/12\/desparpajo-salero-predominaron-pese-la-bajada-las-temperaturas\/#breadcrumb\",\"itemListElement\":[{\"@type\":\"ListItem\",\"position\":1,\"name\":\"Portada\",\"item\":\"https:\/\/iicolumnas.es\/\"},{\"@type\":\"ListItem\",\"position\":2,\"name\":\"Actualidad\",\"item\":\"https:\/\/iicolumnas.es\/index.php\/category\/actualidad\/\"},{\"@type\":\"ListItem\",\"position\":3,\"name\":\"Desparpajo y salero predominaron pese a la bajada de las temperaturas\"}]},{\"@type\":\"WebSite\",\"@id\":\"https:\/\/iicolumnas.es\/#website\",\"url\":\"https:\/\/iicolumnas.es\/\",\"name\":\"Dos Columnas\",\"description\":\"El peri\u00f3dico de la villa de Cantalpino\",\"potentialAction\":[{\"@type\":\"SearchAction\",\"target\":{\"@type\":\"EntryPoint\",\"urlTemplate\":\"https:\/\/iicolumnas.es\/?s={search_term_string}\"},\"query-input\":{\"@type\":\"PropertyValueSpecification\",\"valueRequired\":true,\"valueName\":\"search_term_string\"}}],\"inLanguage\":\"es\"},{\"@type\":\"Person\",\"@id\":\"https:\/\/iicolumnas.es\/#\/schema\/person\/d0b468295022f1c525f1f08174e5094e\",\"name\":\"Luc\u00eda Mart\u00edn\",\"image\":{\"@type\":\"ImageObject\",\"inLanguage\":\"es\",\"@id\":\"https:\/\/iicolumnas.es\/#\/schema\/person\/image\/\",\"url\":\"https:\/\/secure.gravatar.com\/avatar\/93fc1f88b1a03f8c364002e3c0eeaed8496b37404ac5fb74c332af7fc73d81f9?s=96&d=mm&r=g\",\"contentUrl\":\"https:\/\/secure.gravatar.com\/avatar\/93fc1f88b1a03f8c364002e3c0eeaed8496b37404ac5fb74c332af7fc73d81f9?s=96&d=mm&r=g\",\"caption\":\"Luc\u00eda Mart\u00edn\"}}]}<\/script>\n<!-- \/ Yoast SEO plugin. -->","yoast_head_json":{"title":"Desparpajo y salero predominaron pese a la bajada de las temperaturas - Dos Columnas","robots":{"index":"index","follow":"follow","max-snippet":"max-snippet:-1","max-image-preview":"max-image-preview:large","max-video-preview":"max-video-preview:-1"},"canonical":"https:\/\/iicolumnas.es\/index.php\/actualidad\/2016\/08\/12\/desparpajo-salero-predominaron-pese-la-bajada-las-temperaturas\/","og_locale":"es_ES","og_type":"article","og_title":"Desparpajo y salero predominaron pese a la bajada de las temperaturas - Dos Columnas","og_description":"Pese a que el tiempo no acompa\u00f1aba,el martes 9 de agosto a las 10:30 de la noche, dentro de la programaci\u00f3n previa a las fiestas grandes de Cantalpino, los grupos de baile cantalpines caldearon&#46;&#46;&#46;","og_url":"https:\/\/iicolumnas.es\/index.php\/actualidad\/2016\/08\/12\/desparpajo-salero-predominaron-pese-la-bajada-las-temperaturas\/","og_site_name":"Dos Columnas","article_publisher":"https:\/\/www.facebook.com\/iicolumnas\/","article_published_time":"2016-08-12T18:42:32+00:00","og_image":[{"width":800,"height":600,"url":"https:\/\/iicolumnas.es\/wp-content\/uploads\/2016\/08\/bailes-agosto-1016-3.jpg","type":"image\/jpeg"}],"author":"Luc\u00eda Mart\u00edn","twitter_card":"summary_large_image","twitter_creator":"@iicolumnas","twitter_site":"@iicolumnas","twitter_misc":{"Escrito por":"Luc\u00eda Mart\u00edn","Tiempo de lectura":"1 minuto"},"schema":{"@context":"https:\/\/schema.org","@graph":[{"@type":"WebPage","@id":"https:\/\/iicolumnas.es\/index.php\/actualidad\/2016\/08\/12\/desparpajo-salero-predominaron-pese-la-bajada-las-temperaturas\/","url":"https:\/\/iicolumnas.es\/index.php\/actualidad\/2016\/08\/12\/desparpajo-salero-predominaron-pese-la-bajada-las-temperaturas\/","name":"Desparpajo y salero predominaron pese a la bajada de las temperaturas - Dos Columnas","isPartOf":{"@id":"https:\/\/iicolumnas.es\/#website"},"primaryImageOfPage":{"@id":"https:\/\/iicolumnas.es\/index.php\/actualidad\/2016\/08\/12\/desparpajo-salero-predominaron-pese-la-bajada-las-temperaturas\/#primaryimage"},"image":{"@id":"https:\/\/iicolumnas.es\/index.php\/actualidad\/2016\/08\/12\/desparpajo-salero-predominaron-pese-la-bajada-las-temperaturas\/#primaryimage"},"thumbnailUrl":"https:\/\/iicolumnas.es\/wp-content\/uploads\/2016\/08\/bailes-agosto-1016-3.jpg","datePublished":"2016-08-12T18:42:32+00:00","author":{"@id":"https:\/\/iicolumnas.es\/#\/schema\/person\/d0b468295022f1c525f1f08174e5094e"},"breadcrumb":{"@id":"https:\/\/iicolumnas.es\/index.php\/actualidad\/2016\/08\/12\/desparpajo-salero-predominaron-pese-la-bajada-las-temperaturas\/#breadcrumb"},"inLanguage":"es","potentialAction":[{"@type":"ReadAction","target":["https:\/\/iicolumnas.es\/index.php\/actualidad\/2016\/08\/12\/desparpajo-salero-predominaron-pese-la-bajada-las-temperaturas\/"]}]},{"@type":"ImageObject","inLanguage":"es","@id":"https:\/\/iicolumnas.es\/index.php\/actualidad\/2016\/08\/12\/desparpajo-salero-predominaron-pese-la-bajada-las-temperaturas\/#primaryimage","url":"https:\/\/iicolumnas.es\/wp-content\/uploads\/2016\/08\/bailes-agosto-1016-3.jpg","contentUrl":"https:\/\/iicolumnas.es\/wp-content\/uploads\/2016\/08\/bailes-agosto-1016-3.jpg","width":"800","height":"600","caption":"Sevillanas y baile moderno agosto 2016"},{"@type":"BreadcrumbList","@id":"https:\/\/iicolumnas.es\/index.php\/actualidad\/2016\/08\/12\/desparpajo-salero-predominaron-pese-la-bajada-las-temperaturas\/#breadcrumb","itemListElement":[{"@type":"ListItem","position":1,"name":"Portada","item":"https:\/\/iicolumnas.es\/"},{"@type":"ListItem","position":2,"name":"Actualidad","item":"https:\/\/iicolumnas.es\/index.php\/category\/actualidad\/"},{"@type":"ListItem","position":3,"name":"Desparpajo y salero predominaron pese a la bajada de las temperaturas"}]},{"@type":"WebSite","@id":"https:\/\/iicolumnas.es\/#website","url":"https:\/\/iicolumnas.es\/","name":"Dos Columnas","description":"El peri\u00f3dico de la villa de Cantalpino","potentialAction":[{"@type":"SearchAction","target":{"@type":"EntryPoint","urlTemplate":"https:\/\/iicolumnas.es\/?s={search_term_string}"},"query-input":{"@type":"PropertyValueSpecification","valueRequired":true,"valueName":"search_term_string"}}],"inLanguage":"es"},{"@type":"Person","@id":"https:\/\/iicolumnas.es\/#\/schema\/person\/d0b468295022f1c525f1f08174e5094e","name":"Luc\u00eda Mart\u00edn","image":{"@type":"ImageObject","inLanguage":"es","@id":"https:\/\/iicolumnas.es\/#\/schema\/person\/image\/","url":"https:\/\/secure.gravatar.com\/avatar\/93fc1f88b1a03f8c364002e3c0eeaed8496b37404ac5fb74c332af7fc73d81f9?s=96&d=mm&r=g","contentUrl":"https:\/\/secure.gravatar.com\/avatar\/93fc1f88b1a03f8c364002e3c0eeaed8496b37404ac5fb74c332af7fc73d81f9?s=96&d=mm&r=g","caption":"Luc\u00eda Mart\u00edn"}}]}},"_links":{"self":[{"href":"https:\/\/iicolumnas.es\/index.php\/wp-json\/wp\/v2\/posts\/5986","targetHints":{"allow":["GET"]}}],"collection":[{"href":"https:\/\/iicolumnas.es\/index.php\/wp-json\/wp\/v2\/posts"}],"about":[{"href":"https:\/\/iicolumnas.es\/index.php\/wp-json\/wp\/v2\/types\/post"}],"author":[{"embeddable":true,"href":"https:\/\/iicolumnas.es\/index.php\/wp-json\/wp\/v2\/users\/13"}],"replies":[{"embeddable":true,"href":"https:\/\/iicolumnas.es\/index.php\/wp-json\/wp\/v2\/comments?post=5986"}],"version-history":[{"count":0,"href":"https:\/\/iicolumnas.es\/index.php\/wp-json\/wp\/v2\/posts\/5986\/revisions"}],"wp:featuredmedia":[{"embeddable":true,"href":"https:\/\/iicolumnas.es\/index.php\/wp-json\/wp\/v2\/media\/5909"}],"wp:attachment":[{"href":"https:\/\/iicolumnas.es\/index.php\/wp-json\/wp\/v2\/media?parent=5986"}],"wp:term":[{"taxonomy":"category","embeddable":true,"href":"https:\/\/iicolumnas.es\/index.php\/wp-json\/wp\/v2\/categories?post=5986"},{"taxonomy":"post_tag","embeddable":true,"href":"https:\/\/iicolumnas.es\/index.php\/wp-json\/wp\/v2\/tags?post=5986"}],"curies":[{"name":"wp","href":"https:\/\/api.w.org\/{rel}","templated":true}]}}