{"id":5664,"date":"2016-08-08T19:15:15","date_gmt":"2016-08-08T19:15:15","guid":{"rendered":"https:\/\/iicolumnas.es\/?p=5664"},"modified":"2016-08-11T15:05:59","modified_gmt":"2016-08-11T15:05:59","slug":"bendita-infancia","status":"publish","type":"post","link":"https:\/\/iicolumnas.es\/index.php\/colaboraciones\/2016\/08\/08\/bendita-infancia\/","title":{"rendered":"Bendita infancia"},"content":{"rendered":"<p>Recuerdo aquella bonita infancia vivida en Cantalpino. Recuerdo aquellos d\u00edas en los que pas\u00e1bamos las horas muertas en la charca, recuerdo los ba\u00f1os que nos d\u00e1bamos en ese agua tan sucia y las barcas que hac\u00edamos para navegar por ella, nos pas\u00e1bamos el d\u00eda cazando renacuajos como si se nos fuese la vida en ello.<\/p>\n<p>Recuerdo aquellas noches en las que nuestro \u00fanico prop\u00f3sito era llamar a todos los timbres que pudi\u00e9semos, recuerdo como corr\u00edan detr\u00e1s de nosotras \u00a1que adrenalina! pero ning\u00fan timbrazo desprend\u00eda tanta adrenalina como una visita a la Valentina, el acercarse a su puerta era considerado de h\u00e9roes.<\/p>\n<p>Recuerdo aquellas noches de verano cuando \u00edbamos de huerto en huerto comi\u00e9ndonos todas las sand\u00edas que pudi\u00e9semos hasta reventar.<\/p>\n<p>Recuerdo la alegr\u00eda que desprend\u00eda aquellas visitas al campanario de la iglesia, nos encantaba subir a ver nuestro pueblo desde arriba.<\/p>\n<p>Recuerdo la horas que pas\u00e1bamos en el rinc\u00f3n y en la calleja de Porre, los cigarrillos infragantis que pasaron por all\u00ed.<\/p>\n<p>Recuerdo nuestros primeros botellones en los que ten\u00edamos que coger de nuestras casa todo lo que hab\u00eda sobrado de nuestras comuniones.<\/p>\n<p>Recuerdo que las mayores preocupaciones eran que no dejasen entrar a los quintos en clase, \u00a0que nos echasen de la biblioteca por portarnos mal o que se nos rompiese una peonza simplemente.<\/p>\n<p>Hay tantas historias guardadas en mi mente de este pueblo que presumir de \u00e9l es lo menos que puedo hacer.<\/p>\n<p style=\"text-align: right;\"><strong>Roc\u00edo Herrero Gamaza<\/strong><\/p>\n","protected":false},"excerpt":{"rendered":"<p>Recuerdo aquella bonita infancia vivida en Cantalpino. Recuerdo aquellos d\u00edas en los que pas\u00e1bamos las horas muertas en la charca, recuerdo los ba\u00f1os que nos d\u00e1bamos en ese agua tan sucia y las barcas&#46;&#46;&#46;<\/p>\n","protected":false},"author":1,"featured_media":5284,"comment_status":"open","ping_status":"open","sticky":false,"template":"","format":"standard","meta":{"footnotes":""},"categories":[3],"tags":[940,939],"class_list":["post-5664","post","type-post","status-publish","format-standard","has-post-thumbnail","hentry","category-colaboraciones","tag-bendita-infancia","tag-rocio-herrero-gamaza"],"yoast_head":"<!-- This site is optimized with the Yoast SEO plugin v26.6 - https:\/\/yoast.com\/wordpress\/plugins\/seo\/ -->\n<title>Bendita infancia - Dos Columnas<\/title>\n<meta name=\"robots\" content=\"index, follow, max-snippet:-1, max-image-preview:large, max-video-preview:-1\" \/>\n<link rel=\"canonical\" href=\"https:\/\/iicolumnas.es\/index.php\/colaboraciones\/2016\/08\/08\/bendita-infancia\/\" \/>\n<meta property=\"og:locale\" content=\"es_ES\" \/>\n<meta property=\"og:type\" content=\"article\" \/>\n<meta property=\"og:title\" content=\"Bendita infancia - Dos Columnas\" \/>\n<meta property=\"og:description\" content=\"Recuerdo aquella bonita infancia vivida en Cantalpino. Recuerdo aquellos d\u00edas en los que pas\u00e1bamos las horas muertas en la charca, recuerdo los ba\u00f1os que nos d\u00e1bamos en ese agua tan sucia y las barcas&#046;&#046;&#046;\" \/>\n<meta property=\"og:url\" content=\"https:\/\/iicolumnas.es\/index.php\/colaboraciones\/2016\/08\/08\/bendita-infancia\/\" \/>\n<meta property=\"og:site_name\" content=\"Dos Columnas\" \/>\n<meta property=\"article:publisher\" content=\"https:\/\/www.facebook.com\/iicolumnas\/\" \/>\n<meta property=\"article:published_time\" content=\"2016-08-08T19:15:15+00:00\" \/>\n<meta property=\"article:modified_time\" content=\"2016-08-11T15:05:59+00:00\" \/>\n<meta property=\"og:image\" content=\"https:\/\/iicolumnas.es\/wp-content\/uploads\/2016\/08\/cabecera-concurso-01.jpg\" \/>\n\t<meta property=\"og:image:width\" content=\"800\" \/>\n\t<meta property=\"og:image:height\" content=\"566\" \/>\n\t<meta property=\"og:image:type\" content=\"image\/jpeg\" \/>\n<meta name=\"author\" content=\"Juan Alberto Garc\u00eda\" \/>\n<meta name=\"twitter:card\" content=\"summary_large_image\" \/>\n<meta name=\"twitter:creator\" content=\"@iicolumnas\" \/>\n<meta name=\"twitter:site\" content=\"@iicolumnas\" \/>\n<meta name=\"twitter:label1\" content=\"Escrito por\" \/>\n\t<meta name=\"twitter:data1\" content=\"Juan Alberto Garc\u00eda\" \/>\n\t<meta name=\"twitter:label2\" content=\"Tiempo de lectura\" \/>\n\t<meta name=\"twitter:data2\" content=\"1 minuto\" \/>\n<script type=\"application\/ld+json\" class=\"yoast-schema-graph\">{\"@context\":\"https:\/\/schema.org\",\"@graph\":[{\"@type\":\"WebPage\",\"@id\":\"https:\/\/iicolumnas.es\/index.php\/colaboraciones\/2016\/08\/08\/bendita-infancia\/\",\"url\":\"https:\/\/iicolumnas.es\/index.php\/colaboraciones\/2016\/08\/08\/bendita-infancia\/\",\"name\":\"Bendita infancia - Dos Columnas\",\"isPartOf\":{\"@id\":\"https:\/\/iicolumnas.es\/#website\"},\"primaryImageOfPage\":{\"@id\":\"https:\/\/iicolumnas.es\/index.php\/colaboraciones\/2016\/08\/08\/bendita-infancia\/#primaryimage\"},\"image\":{\"@id\":\"https:\/\/iicolumnas.es\/index.php\/colaboraciones\/2016\/08\/08\/bendita-infancia\/#primaryimage\"},\"thumbnailUrl\":\"https:\/\/iicolumnas.es\/wp-content\/uploads\/2016\/08\/cabecera-concurso-01.jpg\",\"datePublished\":\"2016-08-08T19:15:15+00:00\",\"dateModified\":\"2016-08-11T15:05:59+00:00\",\"author\":{\"@id\":\"https:\/\/iicolumnas.es\/#\/schema\/person\/454e592beb5051596092682bc7744870\"},\"breadcrumb\":{\"@id\":\"https:\/\/iicolumnas.es\/index.php\/colaboraciones\/2016\/08\/08\/bendita-infancia\/#breadcrumb\"},\"inLanguage\":\"es\",\"potentialAction\":[{\"@type\":\"ReadAction\",\"target\":[\"https:\/\/iicolumnas.es\/index.php\/colaboraciones\/2016\/08\/08\/bendita-infancia\/\"]}]},{\"@type\":\"ImageObject\",\"inLanguage\":\"es\",\"@id\":\"https:\/\/iicolumnas.es\/index.php\/colaboraciones\/2016\/08\/08\/bendita-infancia\/#primaryimage\",\"url\":\"https:\/\/iicolumnas.es\/wp-content\/uploads\/2016\/08\/cabecera-concurso-01.jpg\",\"contentUrl\":\"https:\/\/iicolumnas.es\/wp-content\/uploads\/2016\/08\/cabecera-concurso-01.jpg\",\"width\":\"800\",\"height\":\"566\"},{\"@type\":\"BreadcrumbList\",\"@id\":\"https:\/\/iicolumnas.es\/index.php\/colaboraciones\/2016\/08\/08\/bendita-infancia\/#breadcrumb\",\"itemListElement\":[{\"@type\":\"ListItem\",\"position\":1,\"name\":\"Portada\",\"item\":\"https:\/\/iicolumnas.es\/\"},{\"@type\":\"ListItem\",\"position\":2,\"name\":\"Colaboraciones\",\"item\":\"https:\/\/iicolumnas.es\/index.php\/category\/colaboraciones\/\"},{\"@type\":\"ListItem\",\"position\":3,\"name\":\"Bendita infancia\"}]},{\"@type\":\"WebSite\",\"@id\":\"https:\/\/iicolumnas.es\/#website\",\"url\":\"https:\/\/iicolumnas.es\/\",\"name\":\"Dos Columnas\",\"description\":\"El peri\u00f3dico de la villa de Cantalpino\",\"potentialAction\":[{\"@type\":\"SearchAction\",\"target\":{\"@type\":\"EntryPoint\",\"urlTemplate\":\"https:\/\/iicolumnas.es\/?s={search_term_string}\"},\"query-input\":{\"@type\":\"PropertyValueSpecification\",\"valueRequired\":true,\"valueName\":\"search_term_string\"}}],\"inLanguage\":\"es\"},{\"@type\":\"Person\",\"@id\":\"https:\/\/iicolumnas.es\/#\/schema\/person\/454e592beb5051596092682bc7744870\",\"name\":\"Juan Alberto Garc\u00eda\",\"image\":{\"@type\":\"ImageObject\",\"inLanguage\":\"es\",\"@id\":\"https:\/\/iicolumnas.es\/#\/schema\/person\/image\/\",\"url\":\"https:\/\/secure.gravatar.com\/avatar\/b5e9097f5115a63587d45ece976d47f33159b9258fd778d9fbb56ce1c9d21ca8?s=96&d=mm&r=g\",\"contentUrl\":\"https:\/\/secure.gravatar.com\/avatar\/b5e9097f5115a63587d45ece976d47f33159b9258fd778d9fbb56ce1c9d21ca8?s=96&d=mm&r=g\",\"caption\":\"Juan Alberto Garc\u00eda\"},\"description\":\"los admin tienen demasiados privilegios sobre otros admin, no crees?\",\"sameAs\":[\"https:\/\/www.linkedin.com\/in\/juan-alberto-garc%C3%ADa-esteban-85389310b\"]}]}<\/script>\n<!-- \/ Yoast SEO plugin. -->","yoast_head_json":{"title":"Bendita infancia - Dos Columnas","robots":{"index":"index","follow":"follow","max-snippet":"max-snippet:-1","max-image-preview":"max-image-preview:large","max-video-preview":"max-video-preview:-1"},"canonical":"https:\/\/iicolumnas.es\/index.php\/colaboraciones\/2016\/08\/08\/bendita-infancia\/","og_locale":"es_ES","og_type":"article","og_title":"Bendita infancia - Dos Columnas","og_description":"Recuerdo aquella bonita infancia vivida en Cantalpino. Recuerdo aquellos d\u00edas en los que pas\u00e1bamos las horas muertas en la charca, recuerdo los ba\u00f1os que nos d\u00e1bamos en ese agua tan sucia y las barcas&#46;&#46;&#46;","og_url":"https:\/\/iicolumnas.es\/index.php\/colaboraciones\/2016\/08\/08\/bendita-infancia\/","og_site_name":"Dos Columnas","article_publisher":"https:\/\/www.facebook.com\/iicolumnas\/","article_published_time":"2016-08-08T19:15:15+00:00","article_modified_time":"2016-08-11T15:05:59+00:00","og_image":[{"width":800,"height":566,"url":"https:\/\/iicolumnas.es\/wp-content\/uploads\/2016\/08\/cabecera-concurso-01.jpg","type":"image\/jpeg"}],"author":"Juan Alberto Garc\u00eda","twitter_card":"summary_large_image","twitter_creator":"@iicolumnas","twitter_site":"@iicolumnas","twitter_misc":{"Escrito por":"Juan Alberto Garc\u00eda","Tiempo de lectura":"1 minuto"},"schema":{"@context":"https:\/\/schema.org","@graph":[{"@type":"WebPage","@id":"https:\/\/iicolumnas.es\/index.php\/colaboraciones\/2016\/08\/08\/bendita-infancia\/","url":"https:\/\/iicolumnas.es\/index.php\/colaboraciones\/2016\/08\/08\/bendita-infancia\/","name":"Bendita infancia - Dos Columnas","isPartOf":{"@id":"https:\/\/iicolumnas.es\/#website"},"primaryImageOfPage":{"@id":"https:\/\/iicolumnas.es\/index.php\/colaboraciones\/2016\/08\/08\/bendita-infancia\/#primaryimage"},"image":{"@id":"https:\/\/iicolumnas.es\/index.php\/colaboraciones\/2016\/08\/08\/bendita-infancia\/#primaryimage"},"thumbnailUrl":"https:\/\/iicolumnas.es\/wp-content\/uploads\/2016\/08\/cabecera-concurso-01.jpg","datePublished":"2016-08-08T19:15:15+00:00","dateModified":"2016-08-11T15:05:59+00:00","author":{"@id":"https:\/\/iicolumnas.es\/#\/schema\/person\/454e592beb5051596092682bc7744870"},"breadcrumb":{"@id":"https:\/\/iicolumnas.es\/index.php\/colaboraciones\/2016\/08\/08\/bendita-infancia\/#breadcrumb"},"inLanguage":"es","potentialAction":[{"@type":"ReadAction","target":["https:\/\/iicolumnas.es\/index.php\/colaboraciones\/2016\/08\/08\/bendita-infancia\/"]}]},{"@type":"ImageObject","inLanguage":"es","@id":"https:\/\/iicolumnas.es\/index.php\/colaboraciones\/2016\/08\/08\/bendita-infancia\/#primaryimage","url":"https:\/\/iicolumnas.es\/wp-content\/uploads\/2016\/08\/cabecera-concurso-01.jpg","contentUrl":"https:\/\/iicolumnas.es\/wp-content\/uploads\/2016\/08\/cabecera-concurso-01.jpg","width":"800","height":"566"},{"@type":"BreadcrumbList","@id":"https:\/\/iicolumnas.es\/index.php\/colaboraciones\/2016\/08\/08\/bendita-infancia\/#breadcrumb","itemListElement":[{"@type":"ListItem","position":1,"name":"Portada","item":"https:\/\/iicolumnas.es\/"},{"@type":"ListItem","position":2,"name":"Colaboraciones","item":"https:\/\/iicolumnas.es\/index.php\/category\/colaboraciones\/"},{"@type":"ListItem","position":3,"name":"Bendita infancia"}]},{"@type":"WebSite","@id":"https:\/\/iicolumnas.es\/#website","url":"https:\/\/iicolumnas.es\/","name":"Dos Columnas","description":"El peri\u00f3dico de la villa de Cantalpino","potentialAction":[{"@type":"SearchAction","target":{"@type":"EntryPoint","urlTemplate":"https:\/\/iicolumnas.es\/?s={search_term_string}"},"query-input":{"@type":"PropertyValueSpecification","valueRequired":true,"valueName":"search_term_string"}}],"inLanguage":"es"},{"@type":"Person","@id":"https:\/\/iicolumnas.es\/#\/schema\/person\/454e592beb5051596092682bc7744870","name":"Juan Alberto Garc\u00eda","image":{"@type":"ImageObject","inLanguage":"es","@id":"https:\/\/iicolumnas.es\/#\/schema\/person\/image\/","url":"https:\/\/secure.gravatar.com\/avatar\/b5e9097f5115a63587d45ece976d47f33159b9258fd778d9fbb56ce1c9d21ca8?s=96&d=mm&r=g","contentUrl":"https:\/\/secure.gravatar.com\/avatar\/b5e9097f5115a63587d45ece976d47f33159b9258fd778d9fbb56ce1c9d21ca8?s=96&d=mm&r=g","caption":"Juan Alberto Garc\u00eda"},"description":"los admin tienen demasiados privilegios sobre otros admin, no crees?","sameAs":["https:\/\/www.linkedin.com\/in\/juan-alberto-garc%C3%ADa-esteban-85389310b"]}]}},"_links":{"self":[{"href":"https:\/\/iicolumnas.es\/index.php\/wp-json\/wp\/v2\/posts\/5664","targetHints":{"allow":["GET"]}}],"collection":[{"href":"https:\/\/iicolumnas.es\/index.php\/wp-json\/wp\/v2\/posts"}],"about":[{"href":"https:\/\/iicolumnas.es\/index.php\/wp-json\/wp\/v2\/types\/post"}],"author":[{"embeddable":true,"href":"https:\/\/iicolumnas.es\/index.php\/wp-json\/wp\/v2\/users\/1"}],"replies":[{"embeddable":true,"href":"https:\/\/iicolumnas.es\/index.php\/wp-json\/wp\/v2\/comments?post=5664"}],"version-history":[{"count":0,"href":"https:\/\/iicolumnas.es\/index.php\/wp-json\/wp\/v2\/posts\/5664\/revisions"}],"wp:featuredmedia":[{"embeddable":true,"href":"https:\/\/iicolumnas.es\/index.php\/wp-json\/wp\/v2\/media\/5284"}],"wp:attachment":[{"href":"https:\/\/iicolumnas.es\/index.php\/wp-json\/wp\/v2\/media?parent=5664"}],"wp:term":[{"taxonomy":"category","embeddable":true,"href":"https:\/\/iicolumnas.es\/index.php\/wp-json\/wp\/v2\/categories?post=5664"},{"taxonomy":"post_tag","embeddable":true,"href":"https:\/\/iicolumnas.es\/index.php\/wp-json\/wp\/v2\/tags?post=5664"}],"curies":[{"name":"wp","href":"https:\/\/api.w.org\/{rel}","templated":true}]}}