{"id":5659,"date":"2016-08-08T15:43:25","date_gmt":"2016-08-08T15:43:25","guid":{"rendered":"https:\/\/iicolumnas.es\/?p=5659"},"modified":"2016-08-11T15:40:42","modified_gmt":"2016-08-11T15:40:42","slug":"grande-no-cuestion-tamano-no-actitud","status":"publish","type":"post","link":"https:\/\/iicolumnas.es\/index.php\/colaboraciones\/2016\/08\/08\/grande-no-cuestion-tamano-no-actitud\/","title":{"rendered":"Ser grande no es cuesti\u00f3n de tama\u00f1o, si no actitud"},"content":{"rendered":"<p>Observo impaciente como las agujas del reloj avanzan lentamente mientras mi subconsciente se ha trasladado hace un buen rato a sus ansiadas vacaciones.<\/p>\n<p>El calendario marca el d\u00eda esperado por todos los estudiantes espa\u00f1oles, 20 de junio. Apenas quedan un par de minutos para que suene la odiosa campana de la cual me olvidar\u00e9 durante tres meses, en los que, espero, al menos, alejarme de la rutina que ha sido mi fiel compa\u00f1era durante todo el curso.<\/p>\n<p>Me mantengo firme y espero con la poca paciencia que me queda el sonido del fin de las clases por este a\u00f1o. Al fin sucede, mis ojos se llenan de la luz que el sol de junio me ofrece por la ventana y salgo de all\u00ed.<\/p>\n<p>No puedo pensar en otra cosa que no sean las vacaciones que me esperan a partir de este instante, pues una parte de m\u00ed no termina de creerse que este momento por fin haya llegado, hoy puedo decir finalmente que comienza mi verano en el pueblo.<\/p>\n<p>Y es que \u00bfQui\u00e9n no sue\u00f1a durante todo el a\u00f1o con las vacaciones en el pueblo? \u00bfacaso hay algo m\u00e1s satisfactorio que eso? Si es as\u00ed, no lo se, ni quiero saberlo, para mi y para muchas personas como yo no hay nada m\u00e1s m\u00e1gico y completo que un verano en el pueblo, para los desafortunados que no ten\u00e9is el privilegio que supone tener un pueblo o disfrutar de \u00e9l dejadme que os cuente lo que supone un verano en un peque\u00f1o para\u00edso como mi pueblo:<\/p>\n<p>Amanece, los rayos de sol empiezan a colarse por las rendijas de las persianas entreabiertas, los gallos empiezan a emitir sus primeros cantos, los agricultores y dem\u00e1s trabajadores empiezan a faenar y t\u00fa, t\u00fa acabas de llegar a casa de cualquiera de la innumerables fiestas que se celebran en los pueblos de alrededor del tuyo, si, da igual que sean las 7 de la ma\u00f1ana, las fiestas de los pueblos son tan completas que pueden ser bien entradas las dos de la tarde y t\u00fa aun puedes no haber aparecido por casa y permanecer en el bar con una ca\u00f1a y una tapita y sin ninguna intenci\u00f3n de retirarte.<\/p>\n<p>Por no hablar de las interminables noches en el parque, la plaza o la calleja del pueblo, con un par de bolsas de pipas y todos los colegas en corro, un par de an\u00e9cdotas que contar y sobretodo muchas ganas de pasarlo bien y estar juntos.<\/p>\n<p>Tambi\u00e9n hay que destacar los partidos en los que los de tu pueblo se enfrentan con el eterno rival, el pueblo de al lado; llegado este momento todo el pueblo se concentra en el pabell\u00f3n para animar a sus paisanos y dejar claro a los \u00a0del equipo contrario quien manda en la comarca.<\/p>\n<p>Las innumerables tardes en la piscina tost\u00e1ndote al sol para lucir un moreno que ni yendo a la playa conseguir\u00edas&#8230;<\/p>\n<p>Tras pasar gran parte del verano disfrutando de todas las \u00abactividades\u00bb anteriores llega el momento m\u00e1s esperando del a\u00f1o: las fiesta del pueblo, pero no las del pueblo de al lado, las del tuyo, esas que para ti son las mejores y que para los dem\u00e1s, aunque se nieguen intentas que lo sean.<\/p>\n<p>Te huele a fiesta, a pe\u00f1as, a ambiente, a marcha, a ganas, ganas de divertirte, de celebrar, de olvidar, de recordar, de reencuentros, de m\u00fasica, de baile, de alcohol, de ritmo, de amigos, pero sobretodo, de ver a tu pueblo engalanado con su banderines de colores vistiendo la plaza del ayuntamiento y las calles colindantes a este.<\/p>\n<p>Cuando ese momento llega, comienzan las celebraciones que van, desde el popular concurso de tortillas de patata, como no pod\u00eda ser de otra manera, puesto que en nuestro pueblo es el producto por excelencia. Y, ahora bien, si algunos ten\u00edais duda, se habr\u00e1n disipado por completo, si se\u00f1ores, nuestro pueblo es Cantalpino, tierra de patatas y de burros, por nosotros sus habitantes que tenemos fama de ser unos zopencos, pero ni cortos ni perezosos presumimos de ello como que tenemos la mayor de las virtudes, si, somos burros \u00bfy qu\u00e9? Orgullosos como los que m\u00e1s estamos de serlo; pesando por el popular desfile de pe\u00f1as en el que cada cual est\u00e1 m\u00e1s rid\u00edculo que el anterior con sus disfraces, los cuales muchas veces son m\u00e1s dif\u00edciles de descifrar que un cubo de rubik; hasta las alboradas y encierros populares de por las ma\u00f1anas.<\/p>\n<p>Otra de las cosas que son muy comunes en nuestro pueblo en las fiestas son los forasteros, si, esos que vienen al pueblo una vez al a\u00f1o para el d\u00eda grande y que se plantan en la plaza con sus mejores galas con las cuales cualquiera al verlos pensar\u00eda que est\u00e1n reci\u00e9n salidos de una ceremonia, mientras que t\u00fa est\u00e1s hecho un zaleo con el peto de la pe\u00f1a el cual hace 7 a\u00f1os que te compraste y ya casi parece un pantal\u00f3n pirata, pero oye, que calentito y c\u00f3modo es un rato.<\/p>\n<p>Estos forasteros adem\u00e1s de presumidos son \u00a0incapaces de seguirnos el ritmo bebiendo, est\u00e1 comprobado que no pueden, lo intentan, pero su fr\u00e1gil y d\u00e9bil h\u00edgado les pasar\u00e1 factura por la ma\u00f1ana, ma\u00f1ana en la cual nosotros estaremos bailando y cantando acompa\u00f1ando a la charanga por las calles del pueblo en las t\u00edpicas alboradas.<\/p>\n<p>Las alboradas, que gran invento, ese momento en el que ya hace un rato que ha salido el sol, de lo cual no te has dado ni cuenta por que estabas metido en la discoteca dandolo todo y m\u00e1s de lo que has dado en la verbena hace tan solo unas horas; pues como dec\u00eda, las alboradas son un momento m\u00e1gico que te transporta desde la puerta del ayuntamiento, pasando por las principales calles del pueblo y parando en el parque para cantar y bailar el tradicional \u00abPerdona a ti pueblo, Se\u00f1or\u00bb en el que los cantalpineses pedimos perd\u00f3n por el desfase que vamos a protagonizar los pr\u00f3ximos d\u00edas y del cual por supuesto no nos arrepentimos, tambi\u00e9n despertando a esos forasteros que no nos aguantaron el ritmo anoche y se fueron antes de que terminase la orquesta a dormir la mona, hasta las inmediaciones de la plaza de toros para esperar los tradicionales encierros, \u00e9sta termina en el lugar en el empez\u00f3 acompa\u00f1ada por los mas valientes y fiesteros del pueblo.<\/p>\n<p>Los encierros, ese recorrido entre talanqueras que hacen alguno mozos valientes y un poco alcoholizados delante de un toro que para alguien ajeno al pueblo puede parecer un intento barato de plagio a los Sanfermines pero que para los que somos de aqu\u00ed es algo imprescindible en las fiestas que m\u00e1s que a ver el arte de los corredores a los que vamos es a echarnos una risas, y para que enga\u00f1arnos, a seguir bebiendo, que las fiestas acaban de empezar y el cuerpo aguanta todo lo que le eches, que no se diga que los de Cantalpino somos unos flojos.<\/p>\n<p>Al terminar el encierro algunos dan por concluido el primer d\u00eda de fiesta, pero muchos valientes ponen rumbo a los bares a acabar con todos los pinchos que haya en la barra, y por qu\u00e9 no, en la cocina tambi\u00e9n, y es que salir de fiesta est\u00e1 muy bien pero tambi\u00e9n hay que reponer energ\u00eda y que mejor para eso que un bien pincho de tortilla, y si no hay tortilla una ensaladilla y si no hay jam\u00f3n pues como un chulet\u00f3n&#8230;<\/p>\n<p>Despu\u00e9s de hartarte a pinchos y a ca\u00f1as en el bar y tras 4 o 5 llamadas perdidas de tu madre pidi\u00e9ndote que te dignes a aparecer por casa para comer en familia, te vas, pero no a comer, que eso es lo que llevas haciendo toda la ma\u00f1ana, sino a soportar las preguntas de tus t\u00edos y dem\u00e1s familia sobre c\u00f3mo se dio la noche ayer, aunque claro, viendo a la hora a la que has llegado se deduce que estuvo bien, mientras tu primo y t\u00fa os mir\u00e1is sin saber qui\u00e9n est\u00e1 m\u00e1s jodido de los dos, pasada una larga hora te levantas de la mesa direcci\u00f3n a la cama, pero eso si, poniendo la alarma para levantarse a los toros.<\/p>\n<p>Duermes un par de horitas y como una rosa t\u00fa y todos los de tu pe\u00f1a os dirig\u00eds con nevera en mano y un bien cargamento de pipas hac\u00eda la plaza de toros, a\u00fan no han matado el primero todo de la tarde y t\u00fa ya llevas un par de cubatas, pero es que por mucho arte que se considere que tienen estos acontecimientos, los pe\u00f1istas en los pueblos vamos a la plaza de toros a continuar la fiesta por donde la dejamos a mediod\u00eda en el bar.<\/p>\n<p>Una vez terminada la tarde de toros otro ratito a casa para cenar y asearse y vuelta a empezar con una nueva jornada de jolgorio garantizado a cargo de los cantalpineses que derrochamos salero y alegr\u00eda.<\/p>\n<p>Y con esto durante 4 d\u00edas que se hacen muy cortos completamos nuestras fiestas esperando con ganas las del pr\u00f3ximo a\u00f1os, por que digan lo que digan, como las fiesta de nuestro pueblo ninguna, y es que ser grande no es cuesti\u00f3n de tama\u00f1o, si no de actitud.<\/p>\n<p style=\"text-align: right;\"><strong>Yolanda Fiallegas Morales<\/strong><\/p>\n<p>&nbsp;<\/p>\n<p>&nbsp;<\/p>\n","protected":false},"excerpt":{"rendered":"<p>Observo impaciente como las agujas del reloj avanzan lentamente mientras mi subconsciente se ha trasladado hace un buen rato a sus ansiadas vacaciones. El calendario marca el d\u00eda esperado por todos los estudiantes espa\u00f1oles,&#46;&#46;&#46;<\/p>\n","protected":false},"author":1,"featured_media":5284,"comment_status":"open","ping_status":"open","sticky":false,"template":"","format":"standard","meta":{"footnotes":""},"categories":[3],"tags":[936,935],"class_list":["post-5659","post","type-post","status-publish","format-standard","has-post-thumbnail","hentry","category-colaboraciones","tag-ser-grande-no-es-cuestion-de-tamano-si-no-actitud","tag-yolanda-fiallegas-morales"],"yoast_head":"<!-- This site is optimized with the Yoast SEO plugin v26.6 - https:\/\/yoast.com\/wordpress\/plugins\/seo\/ -->\n<title>Ser grande no es cuesti\u00f3n de tama\u00f1o, si no actitud - Dos Columnas<\/title>\n<meta name=\"robots\" content=\"index, follow, max-snippet:-1, max-image-preview:large, max-video-preview:-1\" \/>\n<link rel=\"canonical\" href=\"https:\/\/iicolumnas.es\/index.php\/colaboraciones\/2016\/08\/08\/grande-no-cuestion-tamano-no-actitud\/\" \/>\n<meta property=\"og:locale\" content=\"es_ES\" \/>\n<meta property=\"og:type\" content=\"article\" \/>\n<meta property=\"og:title\" content=\"Ser grande no es cuesti\u00f3n de tama\u00f1o, si no actitud - Dos Columnas\" \/>\n<meta property=\"og:description\" content=\"Observo impaciente como las agujas del reloj avanzan lentamente mientras mi subconsciente se ha trasladado hace un buen rato a sus ansiadas vacaciones. El calendario marca el d\u00eda esperado por todos los estudiantes espa\u00f1oles,&#046;&#046;&#046;\" \/>\n<meta property=\"og:url\" content=\"https:\/\/iicolumnas.es\/index.php\/colaboraciones\/2016\/08\/08\/grande-no-cuestion-tamano-no-actitud\/\" \/>\n<meta property=\"og:site_name\" content=\"Dos Columnas\" \/>\n<meta property=\"article:publisher\" content=\"https:\/\/www.facebook.com\/iicolumnas\/\" \/>\n<meta property=\"article:published_time\" content=\"2016-08-08T15:43:25+00:00\" \/>\n<meta property=\"article:modified_time\" content=\"2016-08-11T15:40:42+00:00\" \/>\n<meta property=\"og:image\" content=\"https:\/\/iicolumnas.es\/wp-content\/uploads\/2016\/08\/cabecera-concurso-01.jpg\" \/>\n\t<meta property=\"og:image:width\" content=\"800\" \/>\n\t<meta property=\"og:image:height\" content=\"566\" \/>\n\t<meta property=\"og:image:type\" content=\"image\/jpeg\" \/>\n<meta name=\"author\" content=\"Juan Alberto Garc\u00eda\" \/>\n<meta name=\"twitter:card\" content=\"summary_large_image\" \/>\n<meta name=\"twitter:creator\" content=\"@iicolumnas\" \/>\n<meta name=\"twitter:site\" content=\"@iicolumnas\" \/>\n<meta name=\"twitter:label1\" content=\"Escrito por\" \/>\n\t<meta name=\"twitter:data1\" content=\"Juan Alberto Garc\u00eda\" \/>\n\t<meta name=\"twitter:label2\" content=\"Tiempo de lectura\" \/>\n\t<meta name=\"twitter:data2\" content=\"8 minutos\" \/>\n<script type=\"application\/ld+json\" class=\"yoast-schema-graph\">{\"@context\":\"https:\/\/schema.org\",\"@graph\":[{\"@type\":\"WebPage\",\"@id\":\"https:\/\/iicolumnas.es\/index.php\/colaboraciones\/2016\/08\/08\/grande-no-cuestion-tamano-no-actitud\/\",\"url\":\"https:\/\/iicolumnas.es\/index.php\/colaboraciones\/2016\/08\/08\/grande-no-cuestion-tamano-no-actitud\/\",\"name\":\"Ser grande no es cuesti\u00f3n de tama\u00f1o, si no actitud - Dos Columnas\",\"isPartOf\":{\"@id\":\"https:\/\/iicolumnas.es\/#website\"},\"primaryImageOfPage\":{\"@id\":\"https:\/\/iicolumnas.es\/index.php\/colaboraciones\/2016\/08\/08\/grande-no-cuestion-tamano-no-actitud\/#primaryimage\"},\"image\":{\"@id\":\"https:\/\/iicolumnas.es\/index.php\/colaboraciones\/2016\/08\/08\/grande-no-cuestion-tamano-no-actitud\/#primaryimage\"},\"thumbnailUrl\":\"https:\/\/iicolumnas.es\/wp-content\/uploads\/2016\/08\/cabecera-concurso-01.jpg\",\"datePublished\":\"2016-08-08T15:43:25+00:00\",\"dateModified\":\"2016-08-11T15:40:42+00:00\",\"author\":{\"@id\":\"https:\/\/iicolumnas.es\/#\/schema\/person\/454e592beb5051596092682bc7744870\"},\"breadcrumb\":{\"@id\":\"https:\/\/iicolumnas.es\/index.php\/colaboraciones\/2016\/08\/08\/grande-no-cuestion-tamano-no-actitud\/#breadcrumb\"},\"inLanguage\":\"es\",\"potentialAction\":[{\"@type\":\"ReadAction\",\"target\":[\"https:\/\/iicolumnas.es\/index.php\/colaboraciones\/2016\/08\/08\/grande-no-cuestion-tamano-no-actitud\/\"]}]},{\"@type\":\"ImageObject\",\"inLanguage\":\"es\",\"@id\":\"https:\/\/iicolumnas.es\/index.php\/colaboraciones\/2016\/08\/08\/grande-no-cuestion-tamano-no-actitud\/#primaryimage\",\"url\":\"https:\/\/iicolumnas.es\/wp-content\/uploads\/2016\/08\/cabecera-concurso-01.jpg\",\"contentUrl\":\"https:\/\/iicolumnas.es\/wp-content\/uploads\/2016\/08\/cabecera-concurso-01.jpg\",\"width\":\"800\",\"height\":\"566\"},{\"@type\":\"BreadcrumbList\",\"@id\":\"https:\/\/iicolumnas.es\/index.php\/colaboraciones\/2016\/08\/08\/grande-no-cuestion-tamano-no-actitud\/#breadcrumb\",\"itemListElement\":[{\"@type\":\"ListItem\",\"position\":1,\"name\":\"Portada\",\"item\":\"https:\/\/iicolumnas.es\/\"},{\"@type\":\"ListItem\",\"position\":2,\"name\":\"Colaboraciones\",\"item\":\"https:\/\/iicolumnas.es\/index.php\/category\/colaboraciones\/\"},{\"@type\":\"ListItem\",\"position\":3,\"name\":\"Ser grande no es cuesti\u00f3n de tama\u00f1o, si no actitud\"}]},{\"@type\":\"WebSite\",\"@id\":\"https:\/\/iicolumnas.es\/#website\",\"url\":\"https:\/\/iicolumnas.es\/\",\"name\":\"Dos Columnas\",\"description\":\"El peri\u00f3dico de la villa de Cantalpino\",\"potentialAction\":[{\"@type\":\"SearchAction\",\"target\":{\"@type\":\"EntryPoint\",\"urlTemplate\":\"https:\/\/iicolumnas.es\/?s={search_term_string}\"},\"query-input\":{\"@type\":\"PropertyValueSpecification\",\"valueRequired\":true,\"valueName\":\"search_term_string\"}}],\"inLanguage\":\"es\"},{\"@type\":\"Person\",\"@id\":\"https:\/\/iicolumnas.es\/#\/schema\/person\/454e592beb5051596092682bc7744870\",\"name\":\"Juan Alberto Garc\u00eda\",\"image\":{\"@type\":\"ImageObject\",\"inLanguage\":\"es\",\"@id\":\"https:\/\/iicolumnas.es\/#\/schema\/person\/image\/\",\"url\":\"https:\/\/secure.gravatar.com\/avatar\/b5e9097f5115a63587d45ece976d47f33159b9258fd778d9fbb56ce1c9d21ca8?s=96&d=mm&r=g\",\"contentUrl\":\"https:\/\/secure.gravatar.com\/avatar\/b5e9097f5115a63587d45ece976d47f33159b9258fd778d9fbb56ce1c9d21ca8?s=96&d=mm&r=g\",\"caption\":\"Juan Alberto Garc\u00eda\"},\"description\":\"los admin tienen demasiados privilegios sobre otros admin, no crees?\",\"sameAs\":[\"https:\/\/www.linkedin.com\/in\/juan-alberto-garc%C3%ADa-esteban-85389310b\"]}]}<\/script>\n<!-- \/ Yoast SEO plugin. -->","yoast_head_json":{"title":"Ser grande no es cuesti\u00f3n de tama\u00f1o, si no actitud - Dos Columnas","robots":{"index":"index","follow":"follow","max-snippet":"max-snippet:-1","max-image-preview":"max-image-preview:large","max-video-preview":"max-video-preview:-1"},"canonical":"https:\/\/iicolumnas.es\/index.php\/colaboraciones\/2016\/08\/08\/grande-no-cuestion-tamano-no-actitud\/","og_locale":"es_ES","og_type":"article","og_title":"Ser grande no es cuesti\u00f3n de tama\u00f1o, si no actitud - Dos Columnas","og_description":"Observo impaciente como las agujas del reloj avanzan lentamente mientras mi subconsciente se ha trasladado hace un buen rato a sus ansiadas vacaciones. El calendario marca el d\u00eda esperado por todos los estudiantes espa\u00f1oles,&#46;&#46;&#46;","og_url":"https:\/\/iicolumnas.es\/index.php\/colaboraciones\/2016\/08\/08\/grande-no-cuestion-tamano-no-actitud\/","og_site_name":"Dos Columnas","article_publisher":"https:\/\/www.facebook.com\/iicolumnas\/","article_published_time":"2016-08-08T15:43:25+00:00","article_modified_time":"2016-08-11T15:40:42+00:00","og_image":[{"width":800,"height":566,"url":"https:\/\/iicolumnas.es\/wp-content\/uploads\/2016\/08\/cabecera-concurso-01.jpg","type":"image\/jpeg"}],"author":"Juan Alberto Garc\u00eda","twitter_card":"summary_large_image","twitter_creator":"@iicolumnas","twitter_site":"@iicolumnas","twitter_misc":{"Escrito por":"Juan Alberto Garc\u00eda","Tiempo de lectura":"8 minutos"},"schema":{"@context":"https:\/\/schema.org","@graph":[{"@type":"WebPage","@id":"https:\/\/iicolumnas.es\/index.php\/colaboraciones\/2016\/08\/08\/grande-no-cuestion-tamano-no-actitud\/","url":"https:\/\/iicolumnas.es\/index.php\/colaboraciones\/2016\/08\/08\/grande-no-cuestion-tamano-no-actitud\/","name":"Ser grande no es cuesti\u00f3n de tama\u00f1o, si no actitud - Dos Columnas","isPartOf":{"@id":"https:\/\/iicolumnas.es\/#website"},"primaryImageOfPage":{"@id":"https:\/\/iicolumnas.es\/index.php\/colaboraciones\/2016\/08\/08\/grande-no-cuestion-tamano-no-actitud\/#primaryimage"},"image":{"@id":"https:\/\/iicolumnas.es\/index.php\/colaboraciones\/2016\/08\/08\/grande-no-cuestion-tamano-no-actitud\/#primaryimage"},"thumbnailUrl":"https:\/\/iicolumnas.es\/wp-content\/uploads\/2016\/08\/cabecera-concurso-01.jpg","datePublished":"2016-08-08T15:43:25+00:00","dateModified":"2016-08-11T15:40:42+00:00","author":{"@id":"https:\/\/iicolumnas.es\/#\/schema\/person\/454e592beb5051596092682bc7744870"},"breadcrumb":{"@id":"https:\/\/iicolumnas.es\/index.php\/colaboraciones\/2016\/08\/08\/grande-no-cuestion-tamano-no-actitud\/#breadcrumb"},"inLanguage":"es","potentialAction":[{"@type":"ReadAction","target":["https:\/\/iicolumnas.es\/index.php\/colaboraciones\/2016\/08\/08\/grande-no-cuestion-tamano-no-actitud\/"]}]},{"@type":"ImageObject","inLanguage":"es","@id":"https:\/\/iicolumnas.es\/index.php\/colaboraciones\/2016\/08\/08\/grande-no-cuestion-tamano-no-actitud\/#primaryimage","url":"https:\/\/iicolumnas.es\/wp-content\/uploads\/2016\/08\/cabecera-concurso-01.jpg","contentUrl":"https:\/\/iicolumnas.es\/wp-content\/uploads\/2016\/08\/cabecera-concurso-01.jpg","width":"800","height":"566"},{"@type":"BreadcrumbList","@id":"https:\/\/iicolumnas.es\/index.php\/colaboraciones\/2016\/08\/08\/grande-no-cuestion-tamano-no-actitud\/#breadcrumb","itemListElement":[{"@type":"ListItem","position":1,"name":"Portada","item":"https:\/\/iicolumnas.es\/"},{"@type":"ListItem","position":2,"name":"Colaboraciones","item":"https:\/\/iicolumnas.es\/index.php\/category\/colaboraciones\/"},{"@type":"ListItem","position":3,"name":"Ser grande no es cuesti\u00f3n de tama\u00f1o, si no actitud"}]},{"@type":"WebSite","@id":"https:\/\/iicolumnas.es\/#website","url":"https:\/\/iicolumnas.es\/","name":"Dos Columnas","description":"El peri\u00f3dico de la villa de Cantalpino","potentialAction":[{"@type":"SearchAction","target":{"@type":"EntryPoint","urlTemplate":"https:\/\/iicolumnas.es\/?s={search_term_string}"},"query-input":{"@type":"PropertyValueSpecification","valueRequired":true,"valueName":"search_term_string"}}],"inLanguage":"es"},{"@type":"Person","@id":"https:\/\/iicolumnas.es\/#\/schema\/person\/454e592beb5051596092682bc7744870","name":"Juan Alberto Garc\u00eda","image":{"@type":"ImageObject","inLanguage":"es","@id":"https:\/\/iicolumnas.es\/#\/schema\/person\/image\/","url":"https:\/\/secure.gravatar.com\/avatar\/b5e9097f5115a63587d45ece976d47f33159b9258fd778d9fbb56ce1c9d21ca8?s=96&d=mm&r=g","contentUrl":"https:\/\/secure.gravatar.com\/avatar\/b5e9097f5115a63587d45ece976d47f33159b9258fd778d9fbb56ce1c9d21ca8?s=96&d=mm&r=g","caption":"Juan Alberto Garc\u00eda"},"description":"los admin tienen demasiados privilegios sobre otros admin, no crees?","sameAs":["https:\/\/www.linkedin.com\/in\/juan-alberto-garc%C3%ADa-esteban-85389310b"]}]}},"_links":{"self":[{"href":"https:\/\/iicolumnas.es\/index.php\/wp-json\/wp\/v2\/posts\/5659","targetHints":{"allow":["GET"]}}],"collection":[{"href":"https:\/\/iicolumnas.es\/index.php\/wp-json\/wp\/v2\/posts"}],"about":[{"href":"https:\/\/iicolumnas.es\/index.php\/wp-json\/wp\/v2\/types\/post"}],"author":[{"embeddable":true,"href":"https:\/\/iicolumnas.es\/index.php\/wp-json\/wp\/v2\/users\/1"}],"replies":[{"embeddable":true,"href":"https:\/\/iicolumnas.es\/index.php\/wp-json\/wp\/v2\/comments?post=5659"}],"version-history":[{"count":0,"href":"https:\/\/iicolumnas.es\/index.php\/wp-json\/wp\/v2\/posts\/5659\/revisions"}],"wp:featuredmedia":[{"embeddable":true,"href":"https:\/\/iicolumnas.es\/index.php\/wp-json\/wp\/v2\/media\/5284"}],"wp:attachment":[{"href":"https:\/\/iicolumnas.es\/index.php\/wp-json\/wp\/v2\/media?parent=5659"}],"wp:term":[{"taxonomy":"category","embeddable":true,"href":"https:\/\/iicolumnas.es\/index.php\/wp-json\/wp\/v2\/categories?post=5659"},{"taxonomy":"post_tag","embeddable":true,"href":"https:\/\/iicolumnas.es\/index.php\/wp-json\/wp\/v2\/tags?post=5659"}],"curies":[{"name":"wp","href":"https:\/\/api.w.org\/{rel}","templated":true}]}}