{"id":5655,"date":"2016-08-08T15:45:23","date_gmt":"2016-08-08T15:45:23","guid":{"rendered":"https:\/\/iicolumnas.es\/?p=5655"},"modified":"2016-08-11T15:16:45","modified_gmt":"2016-08-11T15:16:45","slug":"donde-esta-cantalpino","status":"publish","type":"post","link":"https:\/\/iicolumnas.es\/index.php\/colaboraciones\/2016\/08\/08\/donde-esta-cantalpino\/","title":{"rendered":"\u00bfD\u00f3nde est\u00e1 Cantalpino?"},"content":{"rendered":"<p style=\"text-align: left;\">Si, \u00bfDonde est\u00e1 Cantalpino?, yo escuchaba hablar de Cantalpino, pero lo buscaba en los mapas y no lo ve\u00eda.<\/p>\n<p>Bueno yo dec\u00eda: \u00bfC\u00f3mo ser\u00e1 ese pueblo? \u00a1Qu\u00e9 ni viene en el mapa!, claro, es que entonces no hab\u00eda internet, ahora con escribir el nombre ya lo encuentras. \u00a1Dios que lejos est\u00e1 este pueblo!, o \u00bfera yo la qu\u00e9 estaba lejos?, no s\u00e9, por fin conoc\u00ed a una persona de ese pueblo que estaba tan lejos y que tanto me costaba pronunciar, \u00a1puff! me lo tuve que aprender bien, porque esa persona me invit\u00f3 a su pueblo.<\/p>\n<p>Lleg\u00f3 el d\u00eda de visitar el pueblo, todo el mundo me miraba y yo o\u00eda cuchichear \u00bfQui\u00e9n es? \u00a1Es forastera! si, es forastera. Me present\u00f3 a su familia, y poco fui conociendo el pueblo y sus gentes, lo que ha cambiado desde entonces, para mejor.<\/p>\n<p>Con respecto al pueblo ahora tenemos las calles asfaltadas (bueno unas si y otras no), tenemos faroles, antes eran farolillos que ten\u00edan los vecinos en sus puertas, tenemos biblioteca y tel\u00e9fono en casa, bares hab\u00eda muchos.\u00a0Algo tuvo Cantalpino que me qued\u00e9 y ya pronuncio bien.<\/p>\n<p>Me pasaba que yo iba por la calle y me encontrada con gente que me dec\u00eda: Yo soy tu t\u00eda de tal, yo soy tu prima de cual&#8230; \u00a1Qu\u00e9 de familia me sali\u00f3 que yo no sab\u00eda! en cuanto pude llam\u00e9 a mi madre para preguntarle, y es que resulta que no eran familiares m\u00edos, si no de mi novio.<\/p>\n<p>Lleg\u00f3 el momento de casarme y despu\u00e9s de la boda ya me instal\u00e9 aqu\u00ed y poco a poco me fui integrando al pueblo, ya me considero toda una cantalpinesa.<\/p>\n<p>Llegaron las matanzas y me hicieron una novatada jajajaja, me mandaron al comercio con un cuevano a buscar el abre boca para las tripas y \u00a1si se\u00f1or!, me dieron un saco con cosas, cuando volv\u00ed todos estaban muerto de risa; para atar los chorizos \u00a1Que mala era!, yo solo quer\u00eda picarlos, ahora lo hago muy bien.<\/p>\n<p>Antes aqu\u00ed hab\u00eda poco con distraerse, ahora se vive mejor, compartimos m\u00e1s \u00a0cosas y nos relacionamos m\u00e1s; cuando mor\u00eda alguien all\u00ed estaba yo con mi cu\u00f1ada, aunque a veces no conociera ni al difunto, pero era donde se ve\u00eda m\u00e1s multitud, entonces se velaban los difuntos en las casas, ahora tenemos tanatorio.<\/p>\n<p>\u00a1Y llegaron las \u00e1guedas!, ah\u00ed me meti\u00f3 mi suegra y yo dec\u00eda: \u00bfQu\u00e9 ser\u00e1 eso? es una fiesta que preparan las mujeres, yo estaba perdida, pero ah\u00ed estuve, y as\u00ed fui conociendo a m\u00e1s personas m\u00e1s o menos de mi edad, ahora es de otra manera pero lo pasamos bomba igual, aunque el d\u00eda siguiente nos duelan las caderas, las piernas y los pies o no pudi\u00e9ramos andar, y si no que se pregunten a mi vecina, que al d\u00eda siguiente est\u00e1bamos las dos a base de ibuprofenos, pero \u00a1que nos quiten lo bailado! luego est\u00e1n las fiestas de pueblo, en la de mayo hacen paella para todos los vecinos y tambi\u00e9n hay orquestas, pero las mejores son las de agosto, tenemos m\u00e1s d\u00edas de baile y toros y vienen muchos tenderetes que a los muchachos les encantan, a mi me gusta la churrer\u00eda.<\/p>\n<p>As\u00ed poco a poco ir\u00eda contando muchas cosas de mi pueblo, pero \u00e9stas son s\u00f3lo algunas de ellas.<\/p>\n<p style=\"text-align: right;\"><strong>Josefa Gamaza L\u00f3pez<\/strong><\/p>\n<p style=\"text-align: right;\">Segundo clasificado del \u00abI Concurso de Historias y An\u00e9cdotas de Cantalpino\u00bb<\/p>\n","protected":false},"excerpt":{"rendered":"<p>Si, \u00bfDonde est\u00e1 Cantalpino?, yo escuchaba hablar de Cantalpino, pero lo buscaba en los mapas y no lo ve\u00eda. Bueno yo dec\u00eda: \u00bfC\u00f3mo ser\u00e1 ese pueblo? \u00a1Qu\u00e9 ni viene en el mapa!, claro, es&#46;&#46;&#46;<\/p>\n","protected":false},"author":1,"featured_media":5284,"comment_status":"open","ping_status":"open","sticky":false,"template":"","format":"standard","meta":{"footnotes":""},"categories":[3],"tags":[934,933],"class_list":["post-5655","post","type-post","status-publish","format-standard","has-post-thumbnail","hentry","category-colaboraciones","tag-donde-esta-cantalpino","tag-josefa-gamaza-lopez"],"yoast_head":"<!-- This site is optimized with the Yoast SEO plugin v26.6 - https:\/\/yoast.com\/wordpress\/plugins\/seo\/ -->\n<title>\u00bfD\u00f3nde est\u00e1 Cantalpino? - Dos Columnas<\/title>\n<meta name=\"robots\" content=\"index, follow, max-snippet:-1, max-image-preview:large, max-video-preview:-1\" \/>\n<link rel=\"canonical\" href=\"https:\/\/iicolumnas.es\/index.php\/colaboraciones\/2016\/08\/08\/donde-esta-cantalpino\/\" \/>\n<meta property=\"og:locale\" content=\"es_ES\" \/>\n<meta property=\"og:type\" content=\"article\" \/>\n<meta property=\"og:title\" content=\"\u00bfD\u00f3nde est\u00e1 Cantalpino? - Dos Columnas\" \/>\n<meta property=\"og:description\" content=\"Si, \u00bfDonde est\u00e1 Cantalpino?, yo escuchaba hablar de Cantalpino, pero lo buscaba en los mapas y no lo ve\u00eda. Bueno yo dec\u00eda: \u00bfC\u00f3mo ser\u00e1 ese pueblo? \u00a1Qu\u00e9 ni viene en el mapa!, claro, es&#046;&#046;&#046;\" \/>\n<meta property=\"og:url\" content=\"https:\/\/iicolumnas.es\/index.php\/colaboraciones\/2016\/08\/08\/donde-esta-cantalpino\/\" \/>\n<meta property=\"og:site_name\" content=\"Dos Columnas\" \/>\n<meta property=\"article:publisher\" content=\"https:\/\/www.facebook.com\/iicolumnas\/\" \/>\n<meta property=\"article:published_time\" content=\"2016-08-08T15:45:23+00:00\" \/>\n<meta property=\"article:modified_time\" content=\"2016-08-11T15:16:45+00:00\" \/>\n<meta property=\"og:image\" content=\"https:\/\/iicolumnas.es\/wp-content\/uploads\/2016\/08\/cabecera-concurso-01.jpg\" \/>\n\t<meta property=\"og:image:width\" content=\"800\" \/>\n\t<meta property=\"og:image:height\" content=\"566\" \/>\n\t<meta property=\"og:image:type\" content=\"image\/jpeg\" \/>\n<meta name=\"author\" content=\"Juan Alberto Garc\u00eda\" \/>\n<meta name=\"twitter:card\" content=\"summary_large_image\" \/>\n<meta name=\"twitter:creator\" content=\"@iicolumnas\" \/>\n<meta name=\"twitter:site\" content=\"@iicolumnas\" \/>\n<meta name=\"twitter:label1\" content=\"Escrito por\" \/>\n\t<meta name=\"twitter:data1\" content=\"Juan Alberto Garc\u00eda\" \/>\n\t<meta name=\"twitter:label2\" content=\"Tiempo de lectura\" \/>\n\t<meta name=\"twitter:data2\" content=\"3 minutos\" \/>\n<script type=\"application\/ld+json\" class=\"yoast-schema-graph\">{\"@context\":\"https:\/\/schema.org\",\"@graph\":[{\"@type\":\"WebPage\",\"@id\":\"https:\/\/iicolumnas.es\/index.php\/colaboraciones\/2016\/08\/08\/donde-esta-cantalpino\/\",\"url\":\"https:\/\/iicolumnas.es\/index.php\/colaboraciones\/2016\/08\/08\/donde-esta-cantalpino\/\",\"name\":\"\u00bfD\u00f3nde est\u00e1 Cantalpino? - Dos Columnas\",\"isPartOf\":{\"@id\":\"https:\/\/iicolumnas.es\/#website\"},\"primaryImageOfPage\":{\"@id\":\"https:\/\/iicolumnas.es\/index.php\/colaboraciones\/2016\/08\/08\/donde-esta-cantalpino\/#primaryimage\"},\"image\":{\"@id\":\"https:\/\/iicolumnas.es\/index.php\/colaboraciones\/2016\/08\/08\/donde-esta-cantalpino\/#primaryimage\"},\"thumbnailUrl\":\"https:\/\/iicolumnas.es\/wp-content\/uploads\/2016\/08\/cabecera-concurso-01.jpg\",\"datePublished\":\"2016-08-08T15:45:23+00:00\",\"dateModified\":\"2016-08-11T15:16:45+00:00\",\"author\":{\"@id\":\"https:\/\/iicolumnas.es\/#\/schema\/person\/454e592beb5051596092682bc7744870\"},\"breadcrumb\":{\"@id\":\"https:\/\/iicolumnas.es\/index.php\/colaboraciones\/2016\/08\/08\/donde-esta-cantalpino\/#breadcrumb\"},\"inLanguage\":\"es\",\"potentialAction\":[{\"@type\":\"ReadAction\",\"target\":[\"https:\/\/iicolumnas.es\/index.php\/colaboraciones\/2016\/08\/08\/donde-esta-cantalpino\/\"]}]},{\"@type\":\"ImageObject\",\"inLanguage\":\"es\",\"@id\":\"https:\/\/iicolumnas.es\/index.php\/colaboraciones\/2016\/08\/08\/donde-esta-cantalpino\/#primaryimage\",\"url\":\"https:\/\/iicolumnas.es\/wp-content\/uploads\/2016\/08\/cabecera-concurso-01.jpg\",\"contentUrl\":\"https:\/\/iicolumnas.es\/wp-content\/uploads\/2016\/08\/cabecera-concurso-01.jpg\",\"width\":\"800\",\"height\":\"566\"},{\"@type\":\"BreadcrumbList\",\"@id\":\"https:\/\/iicolumnas.es\/index.php\/colaboraciones\/2016\/08\/08\/donde-esta-cantalpino\/#breadcrumb\",\"itemListElement\":[{\"@type\":\"ListItem\",\"position\":1,\"name\":\"Portada\",\"item\":\"https:\/\/iicolumnas.es\/\"},{\"@type\":\"ListItem\",\"position\":2,\"name\":\"Colaboraciones\",\"item\":\"https:\/\/iicolumnas.es\/index.php\/category\/colaboraciones\/\"},{\"@type\":\"ListItem\",\"position\":3,\"name\":\"\u00bfD\u00f3nde est\u00e1 Cantalpino?\"}]},{\"@type\":\"WebSite\",\"@id\":\"https:\/\/iicolumnas.es\/#website\",\"url\":\"https:\/\/iicolumnas.es\/\",\"name\":\"Dos Columnas\",\"description\":\"El peri\u00f3dico de la villa de Cantalpino\",\"potentialAction\":[{\"@type\":\"SearchAction\",\"target\":{\"@type\":\"EntryPoint\",\"urlTemplate\":\"https:\/\/iicolumnas.es\/?s={search_term_string}\"},\"query-input\":{\"@type\":\"PropertyValueSpecification\",\"valueRequired\":true,\"valueName\":\"search_term_string\"}}],\"inLanguage\":\"es\"},{\"@type\":\"Person\",\"@id\":\"https:\/\/iicolumnas.es\/#\/schema\/person\/454e592beb5051596092682bc7744870\",\"name\":\"Juan Alberto Garc\u00eda\",\"image\":{\"@type\":\"ImageObject\",\"inLanguage\":\"es\",\"@id\":\"https:\/\/iicolumnas.es\/#\/schema\/person\/image\/\",\"url\":\"https:\/\/secure.gravatar.com\/avatar\/b5e9097f5115a63587d45ece976d47f33159b9258fd778d9fbb56ce1c9d21ca8?s=96&d=mm&r=g\",\"contentUrl\":\"https:\/\/secure.gravatar.com\/avatar\/b5e9097f5115a63587d45ece976d47f33159b9258fd778d9fbb56ce1c9d21ca8?s=96&d=mm&r=g\",\"caption\":\"Juan Alberto Garc\u00eda\"},\"description\":\"los admin tienen demasiados privilegios sobre otros admin, no crees?\",\"sameAs\":[\"https:\/\/www.linkedin.com\/in\/juan-alberto-garc%C3%ADa-esteban-85389310b\"]}]}<\/script>\n<!-- \/ Yoast SEO plugin. -->","yoast_head_json":{"title":"\u00bfD\u00f3nde est\u00e1 Cantalpino? - Dos Columnas","robots":{"index":"index","follow":"follow","max-snippet":"max-snippet:-1","max-image-preview":"max-image-preview:large","max-video-preview":"max-video-preview:-1"},"canonical":"https:\/\/iicolumnas.es\/index.php\/colaboraciones\/2016\/08\/08\/donde-esta-cantalpino\/","og_locale":"es_ES","og_type":"article","og_title":"\u00bfD\u00f3nde est\u00e1 Cantalpino? - Dos Columnas","og_description":"Si, \u00bfDonde est\u00e1 Cantalpino?, yo escuchaba hablar de Cantalpino, pero lo buscaba en los mapas y no lo ve\u00eda. Bueno yo dec\u00eda: \u00bfC\u00f3mo ser\u00e1 ese pueblo? \u00a1Qu\u00e9 ni viene en el mapa!, claro, es&#46;&#46;&#46;","og_url":"https:\/\/iicolumnas.es\/index.php\/colaboraciones\/2016\/08\/08\/donde-esta-cantalpino\/","og_site_name":"Dos Columnas","article_publisher":"https:\/\/www.facebook.com\/iicolumnas\/","article_published_time":"2016-08-08T15:45:23+00:00","article_modified_time":"2016-08-11T15:16:45+00:00","og_image":[{"width":800,"height":566,"url":"https:\/\/iicolumnas.es\/wp-content\/uploads\/2016\/08\/cabecera-concurso-01.jpg","type":"image\/jpeg"}],"author":"Juan Alberto Garc\u00eda","twitter_card":"summary_large_image","twitter_creator":"@iicolumnas","twitter_site":"@iicolumnas","twitter_misc":{"Escrito por":"Juan Alberto Garc\u00eda","Tiempo de lectura":"3 minutos"},"schema":{"@context":"https:\/\/schema.org","@graph":[{"@type":"WebPage","@id":"https:\/\/iicolumnas.es\/index.php\/colaboraciones\/2016\/08\/08\/donde-esta-cantalpino\/","url":"https:\/\/iicolumnas.es\/index.php\/colaboraciones\/2016\/08\/08\/donde-esta-cantalpino\/","name":"\u00bfD\u00f3nde est\u00e1 Cantalpino? - Dos Columnas","isPartOf":{"@id":"https:\/\/iicolumnas.es\/#website"},"primaryImageOfPage":{"@id":"https:\/\/iicolumnas.es\/index.php\/colaboraciones\/2016\/08\/08\/donde-esta-cantalpino\/#primaryimage"},"image":{"@id":"https:\/\/iicolumnas.es\/index.php\/colaboraciones\/2016\/08\/08\/donde-esta-cantalpino\/#primaryimage"},"thumbnailUrl":"https:\/\/iicolumnas.es\/wp-content\/uploads\/2016\/08\/cabecera-concurso-01.jpg","datePublished":"2016-08-08T15:45:23+00:00","dateModified":"2016-08-11T15:16:45+00:00","author":{"@id":"https:\/\/iicolumnas.es\/#\/schema\/person\/454e592beb5051596092682bc7744870"},"breadcrumb":{"@id":"https:\/\/iicolumnas.es\/index.php\/colaboraciones\/2016\/08\/08\/donde-esta-cantalpino\/#breadcrumb"},"inLanguage":"es","potentialAction":[{"@type":"ReadAction","target":["https:\/\/iicolumnas.es\/index.php\/colaboraciones\/2016\/08\/08\/donde-esta-cantalpino\/"]}]},{"@type":"ImageObject","inLanguage":"es","@id":"https:\/\/iicolumnas.es\/index.php\/colaboraciones\/2016\/08\/08\/donde-esta-cantalpino\/#primaryimage","url":"https:\/\/iicolumnas.es\/wp-content\/uploads\/2016\/08\/cabecera-concurso-01.jpg","contentUrl":"https:\/\/iicolumnas.es\/wp-content\/uploads\/2016\/08\/cabecera-concurso-01.jpg","width":"800","height":"566"},{"@type":"BreadcrumbList","@id":"https:\/\/iicolumnas.es\/index.php\/colaboraciones\/2016\/08\/08\/donde-esta-cantalpino\/#breadcrumb","itemListElement":[{"@type":"ListItem","position":1,"name":"Portada","item":"https:\/\/iicolumnas.es\/"},{"@type":"ListItem","position":2,"name":"Colaboraciones","item":"https:\/\/iicolumnas.es\/index.php\/category\/colaboraciones\/"},{"@type":"ListItem","position":3,"name":"\u00bfD\u00f3nde est\u00e1 Cantalpino?"}]},{"@type":"WebSite","@id":"https:\/\/iicolumnas.es\/#website","url":"https:\/\/iicolumnas.es\/","name":"Dos Columnas","description":"El peri\u00f3dico de la villa de Cantalpino","potentialAction":[{"@type":"SearchAction","target":{"@type":"EntryPoint","urlTemplate":"https:\/\/iicolumnas.es\/?s={search_term_string}"},"query-input":{"@type":"PropertyValueSpecification","valueRequired":true,"valueName":"search_term_string"}}],"inLanguage":"es"},{"@type":"Person","@id":"https:\/\/iicolumnas.es\/#\/schema\/person\/454e592beb5051596092682bc7744870","name":"Juan Alberto Garc\u00eda","image":{"@type":"ImageObject","inLanguage":"es","@id":"https:\/\/iicolumnas.es\/#\/schema\/person\/image\/","url":"https:\/\/secure.gravatar.com\/avatar\/b5e9097f5115a63587d45ece976d47f33159b9258fd778d9fbb56ce1c9d21ca8?s=96&d=mm&r=g","contentUrl":"https:\/\/secure.gravatar.com\/avatar\/b5e9097f5115a63587d45ece976d47f33159b9258fd778d9fbb56ce1c9d21ca8?s=96&d=mm&r=g","caption":"Juan Alberto Garc\u00eda"},"description":"los admin tienen demasiados privilegios sobre otros admin, no crees?","sameAs":["https:\/\/www.linkedin.com\/in\/juan-alberto-garc%C3%ADa-esteban-85389310b"]}]}},"_links":{"self":[{"href":"https:\/\/iicolumnas.es\/index.php\/wp-json\/wp\/v2\/posts\/5655","targetHints":{"allow":["GET"]}}],"collection":[{"href":"https:\/\/iicolumnas.es\/index.php\/wp-json\/wp\/v2\/posts"}],"about":[{"href":"https:\/\/iicolumnas.es\/index.php\/wp-json\/wp\/v2\/types\/post"}],"author":[{"embeddable":true,"href":"https:\/\/iicolumnas.es\/index.php\/wp-json\/wp\/v2\/users\/1"}],"replies":[{"embeddable":true,"href":"https:\/\/iicolumnas.es\/index.php\/wp-json\/wp\/v2\/comments?post=5655"}],"version-history":[{"count":0,"href":"https:\/\/iicolumnas.es\/index.php\/wp-json\/wp\/v2\/posts\/5655\/revisions"}],"wp:featuredmedia":[{"embeddable":true,"href":"https:\/\/iicolumnas.es\/index.php\/wp-json\/wp\/v2\/media\/5284"}],"wp:attachment":[{"href":"https:\/\/iicolumnas.es\/index.php\/wp-json\/wp\/v2\/media?parent=5655"}],"wp:term":[{"taxonomy":"category","embeddable":true,"href":"https:\/\/iicolumnas.es\/index.php\/wp-json\/wp\/v2\/categories?post=5655"},{"taxonomy":"post_tag","embeddable":true,"href":"https:\/\/iicolumnas.es\/index.php\/wp-json\/wp\/v2\/tags?post=5655"}],"curies":[{"name":"wp","href":"https:\/\/api.w.org\/{rel}","templated":true}]}}