{"id":5383,"date":"2016-08-04T10:15:21","date_gmt":"2016-08-04T10:15:21","guid":{"rendered":"https:\/\/iicolumnas.es\/?p=5383"},"modified":"2016-08-07T11:29:39","modified_gmt":"2016-08-07T11:29:39","slug":"discoteca-poupees-celebra-la-tan-esperada-fiesta-remember","status":"publish","type":"post","link":"https:\/\/iicolumnas.es\/index.php\/actualidad\/2016\/08\/04\/discoteca-poupees-celebra-la-tan-esperada-fiesta-remember\/","title":{"rendered":"Discoteca Poup\u00e9es celebra la tan esperada Fiesta Remember"},"content":{"rendered":"<p style=\"text-align: justify;\">Durante mucho tiempo se llevan generando peticiones para celebrar esta fiesta y por fin Conri, gerente de la Discoteca Poup\u00e9es, ha puesto fecha para que se lleve a cabo, y tendr\u00e1 lugar el pr\u00f3ximo s\u00e1bado <strong>6 de agosto<\/strong> a partir de las <strong>00:30 h<\/strong>.<\/p>\n<p style=\"text-align: justify;\"><img loading=\"lazy\" decoding=\"async\" class=\"wp-image-5381 size-medium alignright\" src=\"https:\/\/iicolumnas.es\/wp-content\/uploads\/2016\/08\/remember-poupees-300x300.jpg\" alt=\"remember poupees\" width=\"300\" height=\"300\" srcset=\"https:\/\/iicolumnas.es\/wp-content\/uploads\/2016\/08\/remember-poupees-300x300.jpg 300w, https:\/\/iicolumnas.es\/wp-content\/uploads\/2016\/08\/remember-poupees-150x150.jpg 150w, https:\/\/iicolumnas.es\/wp-content\/uploads\/2016\/08\/remember-poupees-160x160.jpg 160w, https:\/\/iicolumnas.es\/wp-content\/uploads\/2016\/08\/remember-poupees-320x320.jpg 320w, https:\/\/iicolumnas.es\/wp-content\/uploads\/2016\/08\/remember-poupees.jpg 800w\" sizes=\"auto, (max-width: 300px) 100vw, 300px\" \/>Esta fiesta naci\u00f3 de la ilusi\u00f3n por adentrarse en todos los momentos vividos bajo las paredes de la Poup\u00e9es, desde el momento de su apertura en el a\u00f1o 1984 un 25 de julio, coincidiendo con la festividad de Santiago, hasta ahora. Para ello se pidi\u00f3 colaboraci\u00f3n a trav\u00e9s de la red social Facebook creando un grupo llamado <strong>\u00abYo tambi\u00e9n quiero una Remember en la Poup\u00e9es\u00bb<\/strong> , a ra\u00edz de ver grupos similares en esta red social, para que todos los que quisieran colaborar compartieran sus recuerdos en la discoteca a trav\u00e9s de canciones del ayer, creando as\u00ed una inmensa lista musical, que trascendi\u00f3 a la aplicaci\u00f3n de m\u00fasica digital Spotify, creando una lista de reproducci\u00f3n llamada \u00abCantalpino Sesion Remember\u00bb.<\/p>\n<p style=\"text-align: justify;\">Toda esa lista musical llena de recuerdos sonar\u00e1 en la Fiesta Remember, en la que se escuchar\u00e1n todo tipo de g\u00e9neros musicales como pop, rock, disco&#8230;<\/p>\n<p style=\"text-align: justify;\">Y<img loading=\"lazy\" decoding=\"async\" class=\"wp-image-5382 alignleft\" src=\"https:\/\/iicolumnas.es\/wp-content\/uploads\/2016\/08\/remember-poupes.jpg\" alt=\"remember poupes\" width=\"456\" height=\"269\" \/> como antesala a la fiesta del s\u00e1bado el<strong> viernes 5 de agosto<\/strong> por cada consumici\u00f3n se har\u00e1 entrega de unas tarjetas regalo, que ya se repart\u00edan hace muchos a\u00f1os atr\u00e1s, con las que se acumular\u00e1n puntos para\u00a0obtener <strong>regalos retro<\/strong> a lo largo de la noche del s\u00e1bado durante la fiesta Remember.<\/p>\n<p style=\"text-align: justify;\">\u00a1No te la puedes perder! \u00a1Recuerda y disfruta en Discoteca Poup\u00e9es!<\/p>\n<p style=\"text-align: justify;\"><img loading=\"lazy\" decoding=\"async\" class=\"aligncenter size-full wp-image-5380\" src=\"https:\/\/iicolumnas.es\/wp-content\/uploads\/2016\/08\/remember-poupees-2.jpg\" alt=\"remember poupees 2\" width=\"482\" height=\"626\" srcset=\"https:\/\/iicolumnas.es\/wp-content\/uploads\/2016\/08\/remember-poupees-2.jpg 482w, https:\/\/iicolumnas.es\/wp-content\/uploads\/2016\/08\/remember-poupees-2-231x300.jpg 231w\" sizes=\"auto, (max-width: 482px) 100vw, 482px\" \/><\/p>\n","protected":false},"excerpt":{"rendered":"<p>Durante mucho tiempo se llevan generando peticiones para celebrar esta fiesta y por fin Conri, gerente de la Discoteca Poup\u00e9es, ha puesto fecha para que se lleve a cabo, y tendr\u00e1 lugar el pr\u00f3ximo&#46;&#46;&#46;<\/p>\n","protected":false},"author":11,"featured_media":5382,"comment_status":"open","ping_status":"open","sticky":false,"template":"","format":"standard","meta":{"footnotes":""},"categories":[1,203],"tags":[244,887],"class_list":["post-5383","post","type-post","status-publish","format-standard","has-post-thumbnail","hentry","category-actualidad","category-tablon-de-anuncios","tag-discoteca-poupees","tag-fiesta-remember"],"yoast_head":"<!-- This site is optimized with the Yoast SEO plugin v26.6 - https:\/\/yoast.com\/wordpress\/plugins\/seo\/ -->\n<title>Discoteca Poup\u00e9es celebra la tan esperada Fiesta Remember - Dos Columnas<\/title>\n<meta name=\"robots\" content=\"index, follow, max-snippet:-1, max-image-preview:large, max-video-preview:-1\" \/>\n<link rel=\"canonical\" href=\"https:\/\/iicolumnas.es\/index.php\/actualidad\/2016\/08\/04\/discoteca-poupees-celebra-la-tan-esperada-fiesta-remember\/\" \/>\n<meta property=\"og:locale\" content=\"es_ES\" \/>\n<meta property=\"og:type\" content=\"article\" \/>\n<meta property=\"og:title\" content=\"Discoteca Poup\u00e9es celebra la tan esperada Fiesta Remember - Dos Columnas\" \/>\n<meta property=\"og:description\" content=\"Durante mucho tiempo se llevan generando peticiones para celebrar esta fiesta y por fin Conri, gerente de la Discoteca Poup\u00e9es, ha puesto fecha para que se lleve a cabo, y tendr\u00e1 lugar el pr\u00f3ximo&#046;&#046;&#046;\" \/>\n<meta property=\"og:url\" content=\"https:\/\/iicolumnas.es\/index.php\/actualidad\/2016\/08\/04\/discoteca-poupees-celebra-la-tan-esperada-fiesta-remember\/\" \/>\n<meta property=\"og:site_name\" content=\"Dos Columnas\" \/>\n<meta property=\"article:publisher\" content=\"https:\/\/www.facebook.com\/iicolumnas\/\" \/>\n<meta property=\"article:published_time\" content=\"2016-08-04T10:15:21+00:00\" \/>\n<meta property=\"article:modified_time\" content=\"2016-08-07T11:29:39+00:00\" \/>\n<meta property=\"og:image\" content=\"https:\/\/iicolumnas.es\/wp-content\/uploads\/2016\/08\/remember-poupes.jpg\" \/>\n\t<meta property=\"og:image:width\" content=\"800\" \/>\n\t<meta property=\"og:image:height\" content=\"450\" \/>\n\t<meta property=\"og:image:type\" content=\"image\/jpeg\" \/>\n<meta name=\"author\" content=\"Elisabeth Herrero\" \/>\n<meta name=\"twitter:card\" content=\"summary_large_image\" \/>\n<meta name=\"twitter:creator\" content=\"@iicolumnas\" \/>\n<meta name=\"twitter:site\" content=\"@iicolumnas\" \/>\n<meta name=\"twitter:label1\" content=\"Escrito por\" \/>\n\t<meta name=\"twitter:data1\" content=\"Elisabeth Herrero\" \/>\n\t<meta name=\"twitter:label2\" content=\"Tiempo de lectura\" \/>\n\t<meta name=\"twitter:data2\" content=\"1 minuto\" \/>\n<script type=\"application\/ld+json\" class=\"yoast-schema-graph\">{\"@context\":\"https:\/\/schema.org\",\"@graph\":[{\"@type\":\"WebPage\",\"@id\":\"https:\/\/iicolumnas.es\/index.php\/actualidad\/2016\/08\/04\/discoteca-poupees-celebra-la-tan-esperada-fiesta-remember\/\",\"url\":\"https:\/\/iicolumnas.es\/index.php\/actualidad\/2016\/08\/04\/discoteca-poupees-celebra-la-tan-esperada-fiesta-remember\/\",\"name\":\"Discoteca Poup\u00e9es celebra la tan esperada Fiesta Remember - Dos Columnas\",\"isPartOf\":{\"@id\":\"https:\/\/iicolumnas.es\/#website\"},\"primaryImageOfPage\":{\"@id\":\"https:\/\/iicolumnas.es\/index.php\/actualidad\/2016\/08\/04\/discoteca-poupees-celebra-la-tan-esperada-fiesta-remember\/#primaryimage\"},\"image\":{\"@id\":\"https:\/\/iicolumnas.es\/index.php\/actualidad\/2016\/08\/04\/discoteca-poupees-celebra-la-tan-esperada-fiesta-remember\/#primaryimage\"},\"thumbnailUrl\":\"https:\/\/iicolumnas.es\/wp-content\/uploads\/2016\/08\/remember-poupes.jpg\",\"datePublished\":\"2016-08-04T10:15:21+00:00\",\"dateModified\":\"2016-08-07T11:29:39+00:00\",\"author\":{\"@id\":\"https:\/\/iicolumnas.es\/#\/schema\/person\/a7ff663470be5c4a58b4056144602608\"},\"breadcrumb\":{\"@id\":\"https:\/\/iicolumnas.es\/index.php\/actualidad\/2016\/08\/04\/discoteca-poupees-celebra-la-tan-esperada-fiesta-remember\/#breadcrumb\"},\"inLanguage\":\"es\",\"potentialAction\":[{\"@type\":\"ReadAction\",\"target\":[\"https:\/\/iicolumnas.es\/index.php\/actualidad\/2016\/08\/04\/discoteca-poupees-celebra-la-tan-esperada-fiesta-remember\/\"]}]},{\"@type\":\"ImageObject\",\"inLanguage\":\"es\",\"@id\":\"https:\/\/iicolumnas.es\/index.php\/actualidad\/2016\/08\/04\/discoteca-poupees-celebra-la-tan-esperada-fiesta-remember\/#primaryimage\",\"url\":\"https:\/\/iicolumnas.es\/wp-content\/uploads\/2016\/08\/remember-poupes.jpg\",\"contentUrl\":\"https:\/\/iicolumnas.es\/wp-content\/uploads\/2016\/08\/remember-poupes.jpg\",\"width\":\"800\",\"height\":\"450\"},{\"@type\":\"BreadcrumbList\",\"@id\":\"https:\/\/iicolumnas.es\/index.php\/actualidad\/2016\/08\/04\/discoteca-poupees-celebra-la-tan-esperada-fiesta-remember\/#breadcrumb\",\"itemListElement\":[{\"@type\":\"ListItem\",\"position\":1,\"name\":\"Portada\",\"item\":\"https:\/\/iicolumnas.es\/\"},{\"@type\":\"ListItem\",\"position\":2,\"name\":\"Actualidad\",\"item\":\"https:\/\/iicolumnas.es\/index.php\/category\/actualidad\/\"},{\"@type\":\"ListItem\",\"position\":3,\"name\":\"Discoteca Poup\u00e9es celebra la tan esperada Fiesta Remember\"}]},{\"@type\":\"WebSite\",\"@id\":\"https:\/\/iicolumnas.es\/#website\",\"url\":\"https:\/\/iicolumnas.es\/\",\"name\":\"Dos Columnas\",\"description\":\"El peri\u00f3dico de la villa de Cantalpino\",\"potentialAction\":[{\"@type\":\"SearchAction\",\"target\":{\"@type\":\"EntryPoint\",\"urlTemplate\":\"https:\/\/iicolumnas.es\/?s={search_term_string}\"},\"query-input\":{\"@type\":\"PropertyValueSpecification\",\"valueRequired\":true,\"valueName\":\"search_term_string\"}}],\"inLanguage\":\"es\"},{\"@type\":\"Person\",\"@id\":\"https:\/\/iicolumnas.es\/#\/schema\/person\/a7ff663470be5c4a58b4056144602608\",\"name\":\"Elisabeth Herrero\",\"image\":{\"@type\":\"ImageObject\",\"inLanguage\":\"es\",\"@id\":\"https:\/\/iicolumnas.es\/#\/schema\/person\/image\/\",\"url\":\"https:\/\/secure.gravatar.com\/avatar\/940d2d17ae8f8dbc80e004b6d5cf732529898723a62eb676e66b87e474e93db4?s=96&d=mm&r=g\",\"contentUrl\":\"https:\/\/secure.gravatar.com\/avatar\/940d2d17ae8f8dbc80e004b6d5cf732529898723a62eb676e66b87e474e93db4?s=96&d=mm&r=g\",\"caption\":\"Elisabeth Herrero\"}}]}<\/script>\n<!-- \/ Yoast SEO plugin. -->","yoast_head_json":{"title":"Discoteca Poup\u00e9es celebra la tan esperada Fiesta Remember - Dos Columnas","robots":{"index":"index","follow":"follow","max-snippet":"max-snippet:-1","max-image-preview":"max-image-preview:large","max-video-preview":"max-video-preview:-1"},"canonical":"https:\/\/iicolumnas.es\/index.php\/actualidad\/2016\/08\/04\/discoteca-poupees-celebra-la-tan-esperada-fiesta-remember\/","og_locale":"es_ES","og_type":"article","og_title":"Discoteca Poup\u00e9es celebra la tan esperada Fiesta Remember - Dos Columnas","og_description":"Durante mucho tiempo se llevan generando peticiones para celebrar esta fiesta y por fin Conri, gerente de la Discoteca Poup\u00e9es, ha puesto fecha para que se lleve a cabo, y tendr\u00e1 lugar el pr\u00f3ximo&#46;&#46;&#46;","og_url":"https:\/\/iicolumnas.es\/index.php\/actualidad\/2016\/08\/04\/discoteca-poupees-celebra-la-tan-esperada-fiesta-remember\/","og_site_name":"Dos Columnas","article_publisher":"https:\/\/www.facebook.com\/iicolumnas\/","article_published_time":"2016-08-04T10:15:21+00:00","article_modified_time":"2016-08-07T11:29:39+00:00","og_image":[{"width":800,"height":450,"url":"https:\/\/iicolumnas.es\/wp-content\/uploads\/2016\/08\/remember-poupes.jpg","type":"image\/jpeg"}],"author":"Elisabeth Herrero","twitter_card":"summary_large_image","twitter_creator":"@iicolumnas","twitter_site":"@iicolumnas","twitter_misc":{"Escrito por":"Elisabeth Herrero","Tiempo de lectura":"1 minuto"},"schema":{"@context":"https:\/\/schema.org","@graph":[{"@type":"WebPage","@id":"https:\/\/iicolumnas.es\/index.php\/actualidad\/2016\/08\/04\/discoteca-poupees-celebra-la-tan-esperada-fiesta-remember\/","url":"https:\/\/iicolumnas.es\/index.php\/actualidad\/2016\/08\/04\/discoteca-poupees-celebra-la-tan-esperada-fiesta-remember\/","name":"Discoteca Poup\u00e9es celebra la tan esperada Fiesta Remember - Dos Columnas","isPartOf":{"@id":"https:\/\/iicolumnas.es\/#website"},"primaryImageOfPage":{"@id":"https:\/\/iicolumnas.es\/index.php\/actualidad\/2016\/08\/04\/discoteca-poupees-celebra-la-tan-esperada-fiesta-remember\/#primaryimage"},"image":{"@id":"https:\/\/iicolumnas.es\/index.php\/actualidad\/2016\/08\/04\/discoteca-poupees-celebra-la-tan-esperada-fiesta-remember\/#primaryimage"},"thumbnailUrl":"https:\/\/iicolumnas.es\/wp-content\/uploads\/2016\/08\/remember-poupes.jpg","datePublished":"2016-08-04T10:15:21+00:00","dateModified":"2016-08-07T11:29:39+00:00","author":{"@id":"https:\/\/iicolumnas.es\/#\/schema\/person\/a7ff663470be5c4a58b4056144602608"},"breadcrumb":{"@id":"https:\/\/iicolumnas.es\/index.php\/actualidad\/2016\/08\/04\/discoteca-poupees-celebra-la-tan-esperada-fiesta-remember\/#breadcrumb"},"inLanguage":"es","potentialAction":[{"@type":"ReadAction","target":["https:\/\/iicolumnas.es\/index.php\/actualidad\/2016\/08\/04\/discoteca-poupees-celebra-la-tan-esperada-fiesta-remember\/"]}]},{"@type":"ImageObject","inLanguage":"es","@id":"https:\/\/iicolumnas.es\/index.php\/actualidad\/2016\/08\/04\/discoteca-poupees-celebra-la-tan-esperada-fiesta-remember\/#primaryimage","url":"https:\/\/iicolumnas.es\/wp-content\/uploads\/2016\/08\/remember-poupes.jpg","contentUrl":"https:\/\/iicolumnas.es\/wp-content\/uploads\/2016\/08\/remember-poupes.jpg","width":"800","height":"450"},{"@type":"BreadcrumbList","@id":"https:\/\/iicolumnas.es\/index.php\/actualidad\/2016\/08\/04\/discoteca-poupees-celebra-la-tan-esperada-fiesta-remember\/#breadcrumb","itemListElement":[{"@type":"ListItem","position":1,"name":"Portada","item":"https:\/\/iicolumnas.es\/"},{"@type":"ListItem","position":2,"name":"Actualidad","item":"https:\/\/iicolumnas.es\/index.php\/category\/actualidad\/"},{"@type":"ListItem","position":3,"name":"Discoteca Poup\u00e9es celebra la tan esperada Fiesta Remember"}]},{"@type":"WebSite","@id":"https:\/\/iicolumnas.es\/#website","url":"https:\/\/iicolumnas.es\/","name":"Dos Columnas","description":"El peri\u00f3dico de la villa de Cantalpino","potentialAction":[{"@type":"SearchAction","target":{"@type":"EntryPoint","urlTemplate":"https:\/\/iicolumnas.es\/?s={search_term_string}"},"query-input":{"@type":"PropertyValueSpecification","valueRequired":true,"valueName":"search_term_string"}}],"inLanguage":"es"},{"@type":"Person","@id":"https:\/\/iicolumnas.es\/#\/schema\/person\/a7ff663470be5c4a58b4056144602608","name":"Elisabeth Herrero","image":{"@type":"ImageObject","inLanguage":"es","@id":"https:\/\/iicolumnas.es\/#\/schema\/person\/image\/","url":"https:\/\/secure.gravatar.com\/avatar\/940d2d17ae8f8dbc80e004b6d5cf732529898723a62eb676e66b87e474e93db4?s=96&d=mm&r=g","contentUrl":"https:\/\/secure.gravatar.com\/avatar\/940d2d17ae8f8dbc80e004b6d5cf732529898723a62eb676e66b87e474e93db4?s=96&d=mm&r=g","caption":"Elisabeth Herrero"}}]}},"_links":{"self":[{"href":"https:\/\/iicolumnas.es\/index.php\/wp-json\/wp\/v2\/posts\/5383","targetHints":{"allow":["GET"]}}],"collection":[{"href":"https:\/\/iicolumnas.es\/index.php\/wp-json\/wp\/v2\/posts"}],"about":[{"href":"https:\/\/iicolumnas.es\/index.php\/wp-json\/wp\/v2\/types\/post"}],"author":[{"embeddable":true,"href":"https:\/\/iicolumnas.es\/index.php\/wp-json\/wp\/v2\/users\/11"}],"replies":[{"embeddable":true,"href":"https:\/\/iicolumnas.es\/index.php\/wp-json\/wp\/v2\/comments?post=5383"}],"version-history":[{"count":0,"href":"https:\/\/iicolumnas.es\/index.php\/wp-json\/wp\/v2\/posts\/5383\/revisions"}],"wp:featuredmedia":[{"embeddable":true,"href":"https:\/\/iicolumnas.es\/index.php\/wp-json\/wp\/v2\/media\/5382"}],"wp:attachment":[{"href":"https:\/\/iicolumnas.es\/index.php\/wp-json\/wp\/v2\/media?parent=5383"}],"wp:term":[{"taxonomy":"category","embeddable":true,"href":"https:\/\/iicolumnas.es\/index.php\/wp-json\/wp\/v2\/categories?post=5383"},{"taxonomy":"post_tag","embeddable":true,"href":"https:\/\/iicolumnas.es\/index.php\/wp-json\/wp\/v2\/tags?post=5383"}],"curies":[{"name":"wp","href":"https:\/\/api.w.org\/{rel}","templated":true}]}}