{"id":510,"date":"2016-02-27T08:51:26","date_gmt":"2016-02-27T08:51:26","guid":{"rendered":"https:\/\/iicolumnas.es\/?p=510"},"modified":"2016-03-23T19:28:52","modified_gmt":"2016-03-23T19:28:52","slug":"actuacion-del-grupo-chirimbamba-para-denunciar-las-desigualdades-sociales","status":"publish","type":"post","link":"https:\/\/iicolumnas.es\/index.php\/actualidad\/2016\/02\/27\/actuacion-del-grupo-chirimbamba-para-denunciar-las-desigualdades-sociales\/","title":{"rendered":"Actuaci\u00f3n del grupo \u00abChirimbamba\u00bb para denunciar las desigualdades sociales"},"content":{"rendered":"<p class=\"php\"><img loading=\"lazy\" decoding=\"async\" class=\" wp-image-512 aligncenter\" src=\"https:\/\/iicolumnas.es\/wp-content\/uploads\/2016\/02\/cartel_didm-300x225.png\" alt=\"cartel_didm\" width=\"657\" height=\"493\" srcset=\"https:\/\/iicolumnas.es\/wp-content\/uploads\/2016\/02\/cartel_didm-300x225.png 300w, https:\/\/iicolumnas.es\/wp-content\/uploads\/2016\/02\/cartel_didm-1024x768.png 1024w, https:\/\/iicolumnas.es\/wp-content\/uploads\/2016\/02\/cartel_didm.png 1726w\" sizes=\"auto, (max-width: 657px) 100vw, 657px\" \/><\/p>\n<p class=\"php\">Con motivo del D\u00eda Internacional de la Mujer, el Ayuntamiento de Cantalpino, apoyado por la Diputaci\u00f3n de Salamanca a trav\u00e9s del programa \u00abIguales, ni m\u00e1s ni menos\u00bb, ha organizado una actuaci\u00f3n teatral que tendr\u00e1 lugar el s\u00e1bado 5 de marzo a las seis de la tarde en el centro c\u00edvico.<\/p>\n<p style=\"text-align: justify;\">La entrada es gratuita y podr\u00e1n acudir todos los adultos cantalpineses que lo deseen. La actuaci\u00f3n corre a cargo del grupo \u00abChirimbamba\u00bb, muy conocido en la localidad por sus numerosas actuaciones durante varios a\u00f1os, especialmente en el colegio. Chirimbamba representar\u00e1 la obra \u00abLa mujer sola\u00bb en la que se ponen de manifiesto las barreras de desigualdad a las que se enfrentan las mujeres en la actualidad.<\/p>\n<p style=\"text-align: justify;\">Con el programa impulsado por la Diputaci\u00f3n se intenta concienciar a la poblaci\u00f3n sobre las desigualdades sociales que afectan, sobre todo, al mundo rural.<\/p>\n<p style=\"text-align: justify;\">Para facilitar la asistencia de los adultos, el Ayuntamiento est\u00e1 preparando actividades y talleres para los ni\u00f1os mientras dura la actuaci\u00f3n.<\/p>\n<div class=\"video-container\"><iframe loading=\"lazy\" title=\"La mujer sola-trailer.mov\" width=\"500\" height=\"281\" src=\"https:\/\/www.youtube.com\/embed\/27ItRrK8B3Y?feature=oembed&#038;wmode=opaque\" frameborder=\"0\" allow=\"accelerometer; autoplay; clipboard-write; encrypted-media; gyroscope; picture-in-picture; web-share\" referrerpolicy=\"strict-origin-when-cross-origin\" allowfullscreen><\/iframe><\/div>\n<p style=\"text-align: left;\">Fuente: Elena S\u00e1nchez<\/p>\n<p style=\"text-align: left;\">Mas informaci\u00f3n en:\u00a0<a href=\"http:\/\/salamancartvaldia.es\/not\/108192\/el-grupo-lsquo-chirimbamba-rsquo-pone-en-escena-lsquo-la-mujer-sola-rsquo-para-denunciar-las-desigualdades-sociales\/\" target=\"_blank\">http:\/\/salamancartvaldia.es\/not\/108192\/el-grupo-lsquo-chirimbamba-rsquo-pone-en-escena-lsquo-la-mujer-sola-rsquo-para-denunciar-las-desigualdades-sociales\/<\/a><\/p>\n","protected":false},"excerpt":{"rendered":"<p>Con motivo del D\u00eda Internacional de la Mujer, el Ayuntamiento de Cantalpino, apoyado por la Diputaci\u00f3n de Salamanca a trav\u00e9s del programa \u00abIguales, ni m\u00e1s ni menos\u00bb, ha organizado una actuaci\u00f3n teatral que tendr\u00e1&#46;&#46;&#46;<\/p>\n","protected":false},"author":1,"featured_media":512,"comment_status":"open","ping_status":"open","sticky":false,"template":"","format":"standard","meta":{"footnotes":""},"categories":[1],"tags":[],"class_list":["post-510","post","type-post","status-publish","format-standard","has-post-thumbnail","hentry","category-actualidad"],"yoast_head":"<!-- This site is optimized with the Yoast SEO plugin v26.6 - https:\/\/yoast.com\/wordpress\/plugins\/seo\/ -->\n<title>Actuaci\u00f3n del grupo &quot;Chirimbamba&quot; para denunciar las desigualdades sociales - Dos Columnas<\/title>\n<meta name=\"robots\" content=\"index, follow, max-snippet:-1, max-image-preview:large, max-video-preview:-1\" \/>\n<link rel=\"canonical\" href=\"https:\/\/iicolumnas.es\/index.php\/actualidad\/2016\/02\/27\/actuacion-del-grupo-chirimbamba-para-denunciar-las-desigualdades-sociales\/\" \/>\n<meta property=\"og:locale\" content=\"es_ES\" \/>\n<meta property=\"og:type\" content=\"article\" \/>\n<meta property=\"og:title\" content=\"Actuaci\u00f3n del grupo &quot;Chirimbamba&quot; para denunciar las desigualdades sociales - Dos Columnas\" \/>\n<meta property=\"og:description\" content=\"Con motivo del D\u00eda Internacional de la Mujer, el Ayuntamiento de Cantalpino, apoyado por la Diputaci\u00f3n de Salamanca a trav\u00e9s del programa \u00abIguales, ni m\u00e1s ni menos\u00bb, ha organizado una actuaci\u00f3n teatral que tendr\u00e1&#046;&#046;&#046;\" \/>\n<meta property=\"og:url\" content=\"https:\/\/iicolumnas.es\/index.php\/actualidad\/2016\/02\/27\/actuacion-del-grupo-chirimbamba-para-denunciar-las-desigualdades-sociales\/\" \/>\n<meta property=\"og:site_name\" content=\"Dos Columnas\" \/>\n<meta property=\"article:publisher\" content=\"https:\/\/www.facebook.com\/iicolumnas\/\" \/>\n<meta property=\"article:published_time\" content=\"2016-02-27T08:51:26+00:00\" \/>\n<meta property=\"article:modified_time\" content=\"2016-03-23T19:28:52+00:00\" \/>\n<meta property=\"og:image\" content=\"https:\/\/iicolumnas.es\/wp-content\/uploads\/2016\/02\/cartel_didm.png\" \/>\n\t<meta property=\"og:image:width\" content=\"1726\" \/>\n\t<meta property=\"og:image:height\" content=\"1294\" \/>\n\t<meta property=\"og:image:type\" content=\"image\/png\" \/>\n<meta name=\"author\" content=\"Juan Alberto Garc\u00eda\" \/>\n<meta name=\"twitter:card\" content=\"summary_large_image\" \/>\n<meta name=\"twitter:creator\" content=\"@iicolumnas\" \/>\n<meta name=\"twitter:site\" content=\"@iicolumnas\" \/>\n<meta name=\"twitter:label1\" content=\"Escrito por\" \/>\n\t<meta name=\"twitter:data1\" content=\"Juan Alberto Garc\u00eda\" \/>\n\t<meta name=\"twitter:label2\" content=\"Tiempo de lectura\" \/>\n\t<meta name=\"twitter:data2\" content=\"1 minuto\" \/>\n<script type=\"application\/ld+json\" class=\"yoast-schema-graph\">{\"@context\":\"https:\/\/schema.org\",\"@graph\":[{\"@type\":\"WebPage\",\"@id\":\"https:\/\/iicolumnas.es\/index.php\/actualidad\/2016\/02\/27\/actuacion-del-grupo-chirimbamba-para-denunciar-las-desigualdades-sociales\/\",\"url\":\"https:\/\/iicolumnas.es\/index.php\/actualidad\/2016\/02\/27\/actuacion-del-grupo-chirimbamba-para-denunciar-las-desigualdades-sociales\/\",\"name\":\"Actuaci\u00f3n del grupo \\\"Chirimbamba\\\" para denunciar las desigualdades sociales - Dos Columnas\",\"isPartOf\":{\"@id\":\"https:\/\/iicolumnas.es\/#website\"},\"primaryImageOfPage\":{\"@id\":\"https:\/\/iicolumnas.es\/index.php\/actualidad\/2016\/02\/27\/actuacion-del-grupo-chirimbamba-para-denunciar-las-desigualdades-sociales\/#primaryimage\"},\"image\":{\"@id\":\"https:\/\/iicolumnas.es\/index.php\/actualidad\/2016\/02\/27\/actuacion-del-grupo-chirimbamba-para-denunciar-las-desigualdades-sociales\/#primaryimage\"},\"thumbnailUrl\":\"https:\/\/iicolumnas.es\/wp-content\/uploads\/2016\/02\/cartel_didm.png\",\"datePublished\":\"2016-02-27T08:51:26+00:00\",\"dateModified\":\"2016-03-23T19:28:52+00:00\",\"author\":{\"@id\":\"https:\/\/iicolumnas.es\/#\/schema\/person\/454e592beb5051596092682bc7744870\"},\"breadcrumb\":{\"@id\":\"https:\/\/iicolumnas.es\/index.php\/actualidad\/2016\/02\/27\/actuacion-del-grupo-chirimbamba-para-denunciar-las-desigualdades-sociales\/#breadcrumb\"},\"inLanguage\":\"es\",\"potentialAction\":[{\"@type\":\"ReadAction\",\"target\":[\"https:\/\/iicolumnas.es\/index.php\/actualidad\/2016\/02\/27\/actuacion-del-grupo-chirimbamba-para-denunciar-las-desigualdades-sociales\/\"]}]},{\"@type\":\"ImageObject\",\"inLanguage\":\"es\",\"@id\":\"https:\/\/iicolumnas.es\/index.php\/actualidad\/2016\/02\/27\/actuacion-del-grupo-chirimbamba-para-denunciar-las-desigualdades-sociales\/#primaryimage\",\"url\":\"https:\/\/iicolumnas.es\/wp-content\/uploads\/2016\/02\/cartel_didm.png\",\"contentUrl\":\"https:\/\/iicolumnas.es\/wp-content\/uploads\/2016\/02\/cartel_didm.png\",\"width\":1726,\"height\":1294},{\"@type\":\"BreadcrumbList\",\"@id\":\"https:\/\/iicolumnas.es\/index.php\/actualidad\/2016\/02\/27\/actuacion-del-grupo-chirimbamba-para-denunciar-las-desigualdades-sociales\/#breadcrumb\",\"itemListElement\":[{\"@type\":\"ListItem\",\"position\":1,\"name\":\"Portada\",\"item\":\"https:\/\/iicolumnas.es\/\"},{\"@type\":\"ListItem\",\"position\":2,\"name\":\"Actualidad\",\"item\":\"https:\/\/iicolumnas.es\/index.php\/category\/actualidad\/\"},{\"@type\":\"ListItem\",\"position\":3,\"name\":\"Actuaci\u00f3n del grupo &#8220;Chirimbamba&#8221; para denunciar las desigualdades sociales\"}]},{\"@type\":\"WebSite\",\"@id\":\"https:\/\/iicolumnas.es\/#website\",\"url\":\"https:\/\/iicolumnas.es\/\",\"name\":\"Dos Columnas\",\"description\":\"El peri\u00f3dico de la villa de Cantalpino\",\"potentialAction\":[{\"@type\":\"SearchAction\",\"target\":{\"@type\":\"EntryPoint\",\"urlTemplate\":\"https:\/\/iicolumnas.es\/?s={search_term_string}\"},\"query-input\":{\"@type\":\"PropertyValueSpecification\",\"valueRequired\":true,\"valueName\":\"search_term_string\"}}],\"inLanguage\":\"es\"},{\"@type\":\"Person\",\"@id\":\"https:\/\/iicolumnas.es\/#\/schema\/person\/454e592beb5051596092682bc7744870\",\"name\":\"Juan Alberto Garc\u00eda\",\"image\":{\"@type\":\"ImageObject\",\"inLanguage\":\"es\",\"@id\":\"https:\/\/iicolumnas.es\/#\/schema\/person\/image\/\",\"url\":\"https:\/\/secure.gravatar.com\/avatar\/b5e9097f5115a63587d45ece976d47f33159b9258fd778d9fbb56ce1c9d21ca8?s=96&d=mm&r=g\",\"contentUrl\":\"https:\/\/secure.gravatar.com\/avatar\/b5e9097f5115a63587d45ece976d47f33159b9258fd778d9fbb56ce1c9d21ca8?s=96&d=mm&r=g\",\"caption\":\"Juan Alberto Garc\u00eda\"},\"description\":\"los admin tienen demasiados privilegios sobre otros admin, no crees?\",\"sameAs\":[\"https:\/\/www.linkedin.com\/in\/juan-alberto-garc%C3%ADa-esteban-85389310b\"]}]}<\/script>\n<!-- \/ Yoast SEO plugin. -->","yoast_head_json":{"title":"Actuaci\u00f3n del grupo \"Chirimbamba\" para denunciar las desigualdades sociales - Dos Columnas","robots":{"index":"index","follow":"follow","max-snippet":"max-snippet:-1","max-image-preview":"max-image-preview:large","max-video-preview":"max-video-preview:-1"},"canonical":"https:\/\/iicolumnas.es\/index.php\/actualidad\/2016\/02\/27\/actuacion-del-grupo-chirimbamba-para-denunciar-las-desigualdades-sociales\/","og_locale":"es_ES","og_type":"article","og_title":"Actuaci\u00f3n del grupo \"Chirimbamba\" para denunciar las desigualdades sociales - Dos Columnas","og_description":"Con motivo del D\u00eda Internacional de la Mujer, el Ayuntamiento de Cantalpino, apoyado por la Diputaci\u00f3n de Salamanca a trav\u00e9s del programa \u00abIguales, ni m\u00e1s ni menos\u00bb, ha organizado una actuaci\u00f3n teatral que tendr\u00e1&#46;&#46;&#46;","og_url":"https:\/\/iicolumnas.es\/index.php\/actualidad\/2016\/02\/27\/actuacion-del-grupo-chirimbamba-para-denunciar-las-desigualdades-sociales\/","og_site_name":"Dos Columnas","article_publisher":"https:\/\/www.facebook.com\/iicolumnas\/","article_published_time":"2016-02-27T08:51:26+00:00","article_modified_time":"2016-03-23T19:28:52+00:00","og_image":[{"width":1726,"height":1294,"url":"https:\/\/iicolumnas.es\/wp-content\/uploads\/2016\/02\/cartel_didm.png","type":"image\/png"}],"author":"Juan Alberto Garc\u00eda","twitter_card":"summary_large_image","twitter_creator":"@iicolumnas","twitter_site":"@iicolumnas","twitter_misc":{"Escrito por":"Juan Alberto Garc\u00eda","Tiempo de lectura":"1 minuto"},"schema":{"@context":"https:\/\/schema.org","@graph":[{"@type":"WebPage","@id":"https:\/\/iicolumnas.es\/index.php\/actualidad\/2016\/02\/27\/actuacion-del-grupo-chirimbamba-para-denunciar-las-desigualdades-sociales\/","url":"https:\/\/iicolumnas.es\/index.php\/actualidad\/2016\/02\/27\/actuacion-del-grupo-chirimbamba-para-denunciar-las-desigualdades-sociales\/","name":"Actuaci\u00f3n del grupo \"Chirimbamba\" para denunciar las desigualdades sociales - Dos Columnas","isPartOf":{"@id":"https:\/\/iicolumnas.es\/#website"},"primaryImageOfPage":{"@id":"https:\/\/iicolumnas.es\/index.php\/actualidad\/2016\/02\/27\/actuacion-del-grupo-chirimbamba-para-denunciar-las-desigualdades-sociales\/#primaryimage"},"image":{"@id":"https:\/\/iicolumnas.es\/index.php\/actualidad\/2016\/02\/27\/actuacion-del-grupo-chirimbamba-para-denunciar-las-desigualdades-sociales\/#primaryimage"},"thumbnailUrl":"https:\/\/iicolumnas.es\/wp-content\/uploads\/2016\/02\/cartel_didm.png","datePublished":"2016-02-27T08:51:26+00:00","dateModified":"2016-03-23T19:28:52+00:00","author":{"@id":"https:\/\/iicolumnas.es\/#\/schema\/person\/454e592beb5051596092682bc7744870"},"breadcrumb":{"@id":"https:\/\/iicolumnas.es\/index.php\/actualidad\/2016\/02\/27\/actuacion-del-grupo-chirimbamba-para-denunciar-las-desigualdades-sociales\/#breadcrumb"},"inLanguage":"es","potentialAction":[{"@type":"ReadAction","target":["https:\/\/iicolumnas.es\/index.php\/actualidad\/2016\/02\/27\/actuacion-del-grupo-chirimbamba-para-denunciar-las-desigualdades-sociales\/"]}]},{"@type":"ImageObject","inLanguage":"es","@id":"https:\/\/iicolumnas.es\/index.php\/actualidad\/2016\/02\/27\/actuacion-del-grupo-chirimbamba-para-denunciar-las-desigualdades-sociales\/#primaryimage","url":"https:\/\/iicolumnas.es\/wp-content\/uploads\/2016\/02\/cartel_didm.png","contentUrl":"https:\/\/iicolumnas.es\/wp-content\/uploads\/2016\/02\/cartel_didm.png","width":1726,"height":1294},{"@type":"BreadcrumbList","@id":"https:\/\/iicolumnas.es\/index.php\/actualidad\/2016\/02\/27\/actuacion-del-grupo-chirimbamba-para-denunciar-las-desigualdades-sociales\/#breadcrumb","itemListElement":[{"@type":"ListItem","position":1,"name":"Portada","item":"https:\/\/iicolumnas.es\/"},{"@type":"ListItem","position":2,"name":"Actualidad","item":"https:\/\/iicolumnas.es\/index.php\/category\/actualidad\/"},{"@type":"ListItem","position":3,"name":"Actuaci\u00f3n del grupo &#8220;Chirimbamba&#8221; para denunciar las desigualdades sociales"}]},{"@type":"WebSite","@id":"https:\/\/iicolumnas.es\/#website","url":"https:\/\/iicolumnas.es\/","name":"Dos Columnas","description":"El peri\u00f3dico de la villa de Cantalpino","potentialAction":[{"@type":"SearchAction","target":{"@type":"EntryPoint","urlTemplate":"https:\/\/iicolumnas.es\/?s={search_term_string}"},"query-input":{"@type":"PropertyValueSpecification","valueRequired":true,"valueName":"search_term_string"}}],"inLanguage":"es"},{"@type":"Person","@id":"https:\/\/iicolumnas.es\/#\/schema\/person\/454e592beb5051596092682bc7744870","name":"Juan Alberto Garc\u00eda","image":{"@type":"ImageObject","inLanguage":"es","@id":"https:\/\/iicolumnas.es\/#\/schema\/person\/image\/","url":"https:\/\/secure.gravatar.com\/avatar\/b5e9097f5115a63587d45ece976d47f33159b9258fd778d9fbb56ce1c9d21ca8?s=96&d=mm&r=g","contentUrl":"https:\/\/secure.gravatar.com\/avatar\/b5e9097f5115a63587d45ece976d47f33159b9258fd778d9fbb56ce1c9d21ca8?s=96&d=mm&r=g","caption":"Juan Alberto Garc\u00eda"},"description":"los admin tienen demasiados privilegios sobre otros admin, no crees?","sameAs":["https:\/\/www.linkedin.com\/in\/juan-alberto-garc%C3%ADa-esteban-85389310b"]}]}},"_links":{"self":[{"href":"https:\/\/iicolumnas.es\/index.php\/wp-json\/wp\/v2\/posts\/510","targetHints":{"allow":["GET"]}}],"collection":[{"href":"https:\/\/iicolumnas.es\/index.php\/wp-json\/wp\/v2\/posts"}],"about":[{"href":"https:\/\/iicolumnas.es\/index.php\/wp-json\/wp\/v2\/types\/post"}],"author":[{"embeddable":true,"href":"https:\/\/iicolumnas.es\/index.php\/wp-json\/wp\/v2\/users\/1"}],"replies":[{"embeddable":true,"href":"https:\/\/iicolumnas.es\/index.php\/wp-json\/wp\/v2\/comments?post=510"}],"version-history":[{"count":0,"href":"https:\/\/iicolumnas.es\/index.php\/wp-json\/wp\/v2\/posts\/510\/revisions"}],"wp:featuredmedia":[{"embeddable":true,"href":"https:\/\/iicolumnas.es\/index.php\/wp-json\/wp\/v2\/media\/512"}],"wp:attachment":[{"href":"https:\/\/iicolumnas.es\/index.php\/wp-json\/wp\/v2\/media?parent=510"}],"wp:term":[{"taxonomy":"category","embeddable":true,"href":"https:\/\/iicolumnas.es\/index.php\/wp-json\/wp\/v2\/categories?post=510"},{"taxonomy":"post_tag","embeddable":true,"href":"https:\/\/iicolumnas.es\/index.php\/wp-json\/wp\/v2\/tags?post=510"}],"curies":[{"name":"wp","href":"https:\/\/api.w.org\/{rel}","templated":true}]}}