{"id":4933,"date":"2016-07-22T09:18:00","date_gmt":"2016-07-22T09:18:00","guid":{"rendered":"https:\/\/iicolumnas.es\/?p=4933"},"modified":"2016-07-22T10:13:46","modified_gmt":"2016-07-22T10:13:46","slug":"conejitos-pascua-piscina-la-segunda-jornada-del-campamento-sor-eusebia","status":"publish","type":"post","link":"https:\/\/iicolumnas.es\/index.php\/actualidad\/2016\/07\/22\/conejitos-pascua-piscina-la-segunda-jornada-del-campamento-sor-eusebia\/","title":{"rendered":"Conejitos de Pascua y Piscina en la segunda jornada del Campamento Sor Eusebia"},"content":{"rendered":"<p>El campamento Sor Eusebia contin\u00faa y sus monitores nos mandan un peque\u00f1o resumen con fotos de lo que han hecho y como lo han pasado.<\/p>\n<p><em>El jueves en el campamento Cantalpino hemos celebrado la fiesta de Pascua junto a los ni\u00f1os y ni\u00f1as de este. Como cada d\u00eda nos hemos separado por edades y cada uno hemos ido a un lugar diferente, teatro, biblioteca y casa de Sor Eusebia, donde hemos realizado talleres sobre la tem\u00e1tica del d\u00eda;\u00a0Los m\u00e1s peques han realizado su propio conejito de Pascua con globos y pegatinas, los medianos han realizado un marca p\u00e1ginas sobre conejos y los mayores han iniciado una sorpresa para la fiesta final. Por la tarde todos hemos disfrutado de juegos y chapuzones en la piscina del pueblo.<\/em><\/p>\n<p><em>La jornada del viernes va a ser muy especial ya que el grupo de medianos y mayores disfrutaran de una estupenda velada con una gran sorpresa y dormir\u00e1n all\u00ed con los monitores.<\/em><\/p>\n<p style=\"text-align: center;\"><div id=\"metaslider-id-4946\" style=\"max-width: 800px; margin: 0 auto;\" class=\"ml-slider-3-104-0 metaslider metaslider-nivo metaslider-4946 ml-slider ms-theme-default\" role=\"region\" aria-label=\"Dia 2 campamento SE\" data-height=\"600\" data-width=\"800\">\n    <div id=\"metaslider_container_4946\">\n        <div class='slider-wrapper theme-default'><div class='ribbon'><\/div><div id='metaslider_4946' class='nivoSlider'><img loading=\"lazy\" decoding=\"async\" src=\"https:\/\/iicolumnas.es\/wp-content\/uploads\/2016\/07\/fotos-2-dia-campamento-9-600x450.jpg\" height=\"600\" width=\"800\" title=\"Dia 2 campamento SE\" alt=\"Dia 2 campamento SE\" class=\"slider-4946 slide-4940 msDefaultImage\" \/><img loading=\"lazy\" decoding=\"async\" src=\"https:\/\/iicolumnas.es\/wp-content\/uploads\/2016\/07\/fotos-2-dia-campamento-1-600x450.jpg\" height=\"600\" width=\"800\" title=\"Dia 2 campamento SE\" alt=\"Dia 2 campamento SE\" class=\"slider-4946 slide-4931 msDefaultImage\" \/><img loading=\"lazy\" decoding=\"async\" src=\"https:\/\/iicolumnas.es\/wp-content\/uploads\/2016\/07\/fotos-2-dia-campamento-2-600x450.jpg\" height=\"600\" width=\"800\" title=\"Dia 2 campamento SE\" alt=\"Dia 2 campamento SE\" class=\"slider-4946 slide-4932 msDefaultImage\" \/><img loading=\"lazy\" decoding=\"async\" src=\"https:\/\/iicolumnas.es\/wp-content\/uploads\/2016\/07\/fotos-2-dia-campamento-5.jpg\" height=\"600\" width=\"800\" title=\"Dia 2 campamento SE\" alt=\"Dia 2 campamento SE\" class=\"slider-4946 slide-4936 msDefaultImage\" \/><img loading=\"lazy\" decoding=\"async\" src=\"https:\/\/iicolumnas.es\/wp-content\/uploads\/2016\/07\/fotos-2-dia-campamento-12-600x450.jpg\" height=\"600\" width=\"800\" title=\"Dia 2 campamento SE\" alt=\"Dia 2 campamento SE\" class=\"slider-4946 slide-4944 msDefaultImage\" \/><img loading=\"lazy\" decoding=\"async\" src=\"https:\/\/iicolumnas.es\/wp-content\/uploads\/2016\/07\/fotos-2-dia-campamento-4.jpg\" height=\"600\" width=\"800\" title=\"Dia 2 campamento SE\" alt=\"Dia 2 campamento SE\" class=\"slider-4946 slide-4935 msDefaultImage\" \/><img loading=\"lazy\" decoding=\"async\" src=\"https:\/\/iicolumnas.es\/wp-content\/uploads\/2016\/07\/fotos-2-dia-campamento-7.jpg\" height=\"600\" width=\"800\" title=\"Dia 2 campamento SE\" alt=\"Dia 2 campamento SE\" class=\"slider-4946 slide-4938 msDefaultImage\" \/><img loading=\"lazy\" decoding=\"async\" src=\"https:\/\/iicolumnas.es\/wp-content\/uploads\/2016\/07\/fotos-2-dia-campamento-13-600x450.jpg\" height=\"600\" width=\"800\" title=\"Dia 2 campamento SE\" alt=\"Dia 2 campamento SE\" class=\"slider-4946 slide-4945 msDefaultImage\" \/><img loading=\"lazy\" decoding=\"async\" src=\"https:\/\/iicolumnas.es\/wp-content\/uploads\/2016\/07\/fotos-2-dia-campamento-8-600x450.jpg\" height=\"600\" width=\"800\" title=\"Dia 2 campamento SE\" alt=\"Dia 2 campamento SE\" class=\"slider-4946 slide-4939 msDefaultImage\" \/><img loading=\"lazy\" decoding=\"async\" src=\"https:\/\/iicolumnas.es\/wp-content\/uploads\/2016\/07\/fotos-2-dia-campamento-3-600x450.jpg\" height=\"600\" width=\"800\" title=\"Dia 2 campamento SE\" alt=\"Dia 2 campamento SE\" class=\"slider-4946 slide-4934 msDefaultImage\" \/><img loading=\"lazy\" decoding=\"async\" src=\"https:\/\/iicolumnas.es\/wp-content\/uploads\/2016\/07\/fotos-2-dia-campamento-10-600x450.jpg\" height=\"600\" width=\"800\" title=\"Dia 2 campamento SE\" alt=\"Dia 2 campamento SE\" class=\"slider-4946 slide-4942 msDefaultImage\" \/><img loading=\"lazy\" decoding=\"async\" src=\"https:\/\/iicolumnas.es\/wp-content\/uploads\/2016\/07\/fotos-2-dia-campamento-11-600x450.jpg\" height=\"600\" width=\"800\" title=\"Dia 2 campamento SE\" alt=\"Dia 2 campamento SE\" class=\"slider-4946 slide-4943 msDefaultImage\" \/><img loading=\"lazy\" decoding=\"async\" src=\"https:\/\/iicolumnas.es\/wp-content\/uploads\/2016\/07\/fotos-2-dia-campamento-6.jpg\" height=\"600\" width=\"800\" title=\"Dia 2 campamento SE\" alt=\"Dia 2 campamento SE\" class=\"slider-4946 slide-4937 msDefaultImage\" \/><\/div><\/div>\n        \n    <\/div>\n<\/div><\/p>\n","protected":false},"excerpt":{"rendered":"<p>El campamento Sor Eusebia contin\u00faa y sus monitores nos mandan un peque\u00f1o resumen con fotos de lo que han hecho y como lo han pasado. El jueves en el campamento Cantalpino hemos celebrado la&#46;&#46;&#46;<\/p>\n","protected":false},"author":13,"featured_media":4931,"comment_status":"open","ping_status":"open","sticky":false,"template":"","format":"standard","meta":{"footnotes":""},"categories":[1],"tags":[832,14,25],"class_list":["post-4933","post","type-post","status-publish","format-standard","has-post-thumbnail","hentry","category-actualidad","tag-campamento-sor-eusebia-xx-aniversario","tag-cantalpino","tag-sor-eusebia"],"yoast_head":"<!-- This site is optimized with the Yoast SEO plugin v26.6 - https:\/\/yoast.com\/wordpress\/plugins\/seo\/ -->\n<title>Conejitos de Pascua y Piscina en la segunda jornada del Campamento Sor Eusebia - Dos Columnas<\/title>\n<meta name=\"robots\" content=\"index, follow, max-snippet:-1, max-image-preview:large, max-video-preview:-1\" \/>\n<link rel=\"canonical\" href=\"https:\/\/iicolumnas.es\/index.php\/actualidad\/2016\/07\/22\/conejitos-pascua-piscina-la-segunda-jornada-del-campamento-sor-eusebia\/\" \/>\n<meta property=\"og:locale\" content=\"es_ES\" \/>\n<meta property=\"og:type\" content=\"article\" \/>\n<meta property=\"og:title\" content=\"Conejitos de Pascua y Piscina en la segunda jornada del Campamento Sor Eusebia - Dos Columnas\" \/>\n<meta property=\"og:description\" content=\"El campamento Sor Eusebia contin\u00faa y sus monitores nos mandan un peque\u00f1o resumen con fotos de lo que han hecho y como lo han pasado. El jueves en el campamento Cantalpino hemos celebrado la&#046;&#046;&#046;\" \/>\n<meta property=\"og:url\" content=\"https:\/\/iicolumnas.es\/index.php\/actualidad\/2016\/07\/22\/conejitos-pascua-piscina-la-segunda-jornada-del-campamento-sor-eusebia\/\" \/>\n<meta property=\"og:site_name\" content=\"Dos Columnas\" \/>\n<meta property=\"article:publisher\" content=\"https:\/\/www.facebook.com\/iicolumnas\/\" \/>\n<meta property=\"article:published_time\" content=\"2016-07-22T09:18:00+00:00\" \/>\n<meta property=\"article:modified_time\" content=\"2016-07-22T10:13:46+00:00\" \/>\n<meta property=\"og:image\" content=\"https:\/\/iicolumnas.es\/wp-content\/uploads\/2016\/07\/fotos-2-dia-campamento-1.jpg\" \/>\n\t<meta property=\"og:image:width\" content=\"800\" \/>\n\t<meta property=\"og:image:height\" content=\"450\" \/>\n\t<meta property=\"og:image:type\" content=\"image\/jpeg\" \/>\n<meta name=\"author\" content=\"Luc\u00eda Mart\u00edn\" \/>\n<meta name=\"twitter:card\" content=\"summary_large_image\" \/>\n<meta name=\"twitter:creator\" content=\"@iicolumnas\" \/>\n<meta name=\"twitter:site\" content=\"@iicolumnas\" \/>\n<meta name=\"twitter:label1\" content=\"Escrito por\" \/>\n\t<meta name=\"twitter:data1\" content=\"Luc\u00eda Mart\u00edn\" \/>\n\t<meta name=\"twitter:label2\" content=\"Tiempo de lectura\" \/>\n\t<meta name=\"twitter:data2\" content=\"1 minuto\" \/>\n<script type=\"application\/ld+json\" class=\"yoast-schema-graph\">{\"@context\":\"https:\/\/schema.org\",\"@graph\":[{\"@type\":\"WebPage\",\"@id\":\"https:\/\/iicolumnas.es\/index.php\/actualidad\/2016\/07\/22\/conejitos-pascua-piscina-la-segunda-jornada-del-campamento-sor-eusebia\/\",\"url\":\"https:\/\/iicolumnas.es\/index.php\/actualidad\/2016\/07\/22\/conejitos-pascua-piscina-la-segunda-jornada-del-campamento-sor-eusebia\/\",\"name\":\"Conejitos de Pascua y Piscina en la segunda jornada del Campamento Sor Eusebia - Dos Columnas\",\"isPartOf\":{\"@id\":\"https:\/\/iicolumnas.es\/#website\"},\"primaryImageOfPage\":{\"@id\":\"https:\/\/iicolumnas.es\/index.php\/actualidad\/2016\/07\/22\/conejitos-pascua-piscina-la-segunda-jornada-del-campamento-sor-eusebia\/#primaryimage\"},\"image\":{\"@id\":\"https:\/\/iicolumnas.es\/index.php\/actualidad\/2016\/07\/22\/conejitos-pascua-piscina-la-segunda-jornada-del-campamento-sor-eusebia\/#primaryimage\"},\"thumbnailUrl\":\"https:\/\/iicolumnas.es\/wp-content\/uploads\/2016\/07\/fotos-2-dia-campamento-1.jpg\",\"datePublished\":\"2016-07-22T09:18:00+00:00\",\"dateModified\":\"2016-07-22T10:13:46+00:00\",\"author\":{\"@id\":\"https:\/\/iicolumnas.es\/#\/schema\/person\/d0b468295022f1c525f1f08174e5094e\"},\"breadcrumb\":{\"@id\":\"https:\/\/iicolumnas.es\/index.php\/actualidad\/2016\/07\/22\/conejitos-pascua-piscina-la-segunda-jornada-del-campamento-sor-eusebia\/#breadcrumb\"},\"inLanguage\":\"es\",\"potentialAction\":[{\"@type\":\"ReadAction\",\"target\":[\"https:\/\/iicolumnas.es\/index.php\/actualidad\/2016\/07\/22\/conejitos-pascua-piscina-la-segunda-jornada-del-campamento-sor-eusebia\/\"]}]},{\"@type\":\"ImageObject\",\"inLanguage\":\"es\",\"@id\":\"https:\/\/iicolumnas.es\/index.php\/actualidad\/2016\/07\/22\/conejitos-pascua-piscina-la-segunda-jornada-del-campamento-sor-eusebia\/#primaryimage\",\"url\":\"https:\/\/iicolumnas.es\/wp-content\/uploads\/2016\/07\/fotos-2-dia-campamento-1.jpg\",\"contentUrl\":\"https:\/\/iicolumnas.es\/wp-content\/uploads\/2016\/07\/fotos-2-dia-campamento-1.jpg\",\"width\":\"800\",\"height\":\"450\",\"caption\":\"Dia 2 campamento SE\"},{\"@type\":\"BreadcrumbList\",\"@id\":\"https:\/\/iicolumnas.es\/index.php\/actualidad\/2016\/07\/22\/conejitos-pascua-piscina-la-segunda-jornada-del-campamento-sor-eusebia\/#breadcrumb\",\"itemListElement\":[{\"@type\":\"ListItem\",\"position\":1,\"name\":\"Portada\",\"item\":\"https:\/\/iicolumnas.es\/\"},{\"@type\":\"ListItem\",\"position\":2,\"name\":\"Actualidad\",\"item\":\"https:\/\/iicolumnas.es\/index.php\/category\/actualidad\/\"},{\"@type\":\"ListItem\",\"position\":3,\"name\":\"Conejitos de Pascua y Piscina en la segunda jornada del Campamento Sor Eusebia\"}]},{\"@type\":\"WebSite\",\"@id\":\"https:\/\/iicolumnas.es\/#website\",\"url\":\"https:\/\/iicolumnas.es\/\",\"name\":\"Dos Columnas\",\"description\":\"El peri\u00f3dico de la villa de Cantalpino\",\"potentialAction\":[{\"@type\":\"SearchAction\",\"target\":{\"@type\":\"EntryPoint\",\"urlTemplate\":\"https:\/\/iicolumnas.es\/?s={search_term_string}\"},\"query-input\":{\"@type\":\"PropertyValueSpecification\",\"valueRequired\":true,\"valueName\":\"search_term_string\"}}],\"inLanguage\":\"es\"},{\"@type\":\"Person\",\"@id\":\"https:\/\/iicolumnas.es\/#\/schema\/person\/d0b468295022f1c525f1f08174e5094e\",\"name\":\"Luc\u00eda Mart\u00edn\",\"image\":{\"@type\":\"ImageObject\",\"inLanguage\":\"es\",\"@id\":\"https:\/\/iicolumnas.es\/#\/schema\/person\/image\/\",\"url\":\"https:\/\/secure.gravatar.com\/avatar\/93fc1f88b1a03f8c364002e3c0eeaed8496b37404ac5fb74c332af7fc73d81f9?s=96&d=mm&r=g\",\"contentUrl\":\"https:\/\/secure.gravatar.com\/avatar\/93fc1f88b1a03f8c364002e3c0eeaed8496b37404ac5fb74c332af7fc73d81f9?s=96&d=mm&r=g\",\"caption\":\"Luc\u00eda Mart\u00edn\"}}]}<\/script>\n<!-- \/ Yoast SEO plugin. -->","yoast_head_json":{"title":"Conejitos de Pascua y Piscina en la segunda jornada del Campamento Sor Eusebia - Dos Columnas","robots":{"index":"index","follow":"follow","max-snippet":"max-snippet:-1","max-image-preview":"max-image-preview:large","max-video-preview":"max-video-preview:-1"},"canonical":"https:\/\/iicolumnas.es\/index.php\/actualidad\/2016\/07\/22\/conejitos-pascua-piscina-la-segunda-jornada-del-campamento-sor-eusebia\/","og_locale":"es_ES","og_type":"article","og_title":"Conejitos de Pascua y Piscina en la segunda jornada del Campamento Sor Eusebia - Dos Columnas","og_description":"El campamento Sor Eusebia contin\u00faa y sus monitores nos mandan un peque\u00f1o resumen con fotos de lo que han hecho y como lo han pasado. El jueves en el campamento Cantalpino hemos celebrado la&#46;&#46;&#46;","og_url":"https:\/\/iicolumnas.es\/index.php\/actualidad\/2016\/07\/22\/conejitos-pascua-piscina-la-segunda-jornada-del-campamento-sor-eusebia\/","og_site_name":"Dos Columnas","article_publisher":"https:\/\/www.facebook.com\/iicolumnas\/","article_published_time":"2016-07-22T09:18:00+00:00","article_modified_time":"2016-07-22T10:13:46+00:00","og_image":[{"width":800,"height":450,"url":"https:\/\/iicolumnas.es\/wp-content\/uploads\/2016\/07\/fotos-2-dia-campamento-1.jpg","type":"image\/jpeg"}],"author":"Luc\u00eda Mart\u00edn","twitter_card":"summary_large_image","twitter_creator":"@iicolumnas","twitter_site":"@iicolumnas","twitter_misc":{"Escrito por":"Luc\u00eda Mart\u00edn","Tiempo de lectura":"1 minuto"},"schema":{"@context":"https:\/\/schema.org","@graph":[{"@type":"WebPage","@id":"https:\/\/iicolumnas.es\/index.php\/actualidad\/2016\/07\/22\/conejitos-pascua-piscina-la-segunda-jornada-del-campamento-sor-eusebia\/","url":"https:\/\/iicolumnas.es\/index.php\/actualidad\/2016\/07\/22\/conejitos-pascua-piscina-la-segunda-jornada-del-campamento-sor-eusebia\/","name":"Conejitos de Pascua y Piscina en la segunda jornada del Campamento Sor Eusebia - Dos Columnas","isPartOf":{"@id":"https:\/\/iicolumnas.es\/#website"},"primaryImageOfPage":{"@id":"https:\/\/iicolumnas.es\/index.php\/actualidad\/2016\/07\/22\/conejitos-pascua-piscina-la-segunda-jornada-del-campamento-sor-eusebia\/#primaryimage"},"image":{"@id":"https:\/\/iicolumnas.es\/index.php\/actualidad\/2016\/07\/22\/conejitos-pascua-piscina-la-segunda-jornada-del-campamento-sor-eusebia\/#primaryimage"},"thumbnailUrl":"https:\/\/iicolumnas.es\/wp-content\/uploads\/2016\/07\/fotos-2-dia-campamento-1.jpg","datePublished":"2016-07-22T09:18:00+00:00","dateModified":"2016-07-22T10:13:46+00:00","author":{"@id":"https:\/\/iicolumnas.es\/#\/schema\/person\/d0b468295022f1c525f1f08174e5094e"},"breadcrumb":{"@id":"https:\/\/iicolumnas.es\/index.php\/actualidad\/2016\/07\/22\/conejitos-pascua-piscina-la-segunda-jornada-del-campamento-sor-eusebia\/#breadcrumb"},"inLanguage":"es","potentialAction":[{"@type":"ReadAction","target":["https:\/\/iicolumnas.es\/index.php\/actualidad\/2016\/07\/22\/conejitos-pascua-piscina-la-segunda-jornada-del-campamento-sor-eusebia\/"]}]},{"@type":"ImageObject","inLanguage":"es","@id":"https:\/\/iicolumnas.es\/index.php\/actualidad\/2016\/07\/22\/conejitos-pascua-piscina-la-segunda-jornada-del-campamento-sor-eusebia\/#primaryimage","url":"https:\/\/iicolumnas.es\/wp-content\/uploads\/2016\/07\/fotos-2-dia-campamento-1.jpg","contentUrl":"https:\/\/iicolumnas.es\/wp-content\/uploads\/2016\/07\/fotos-2-dia-campamento-1.jpg","width":"800","height":"450","caption":"Dia 2 campamento SE"},{"@type":"BreadcrumbList","@id":"https:\/\/iicolumnas.es\/index.php\/actualidad\/2016\/07\/22\/conejitos-pascua-piscina-la-segunda-jornada-del-campamento-sor-eusebia\/#breadcrumb","itemListElement":[{"@type":"ListItem","position":1,"name":"Portada","item":"https:\/\/iicolumnas.es\/"},{"@type":"ListItem","position":2,"name":"Actualidad","item":"https:\/\/iicolumnas.es\/index.php\/category\/actualidad\/"},{"@type":"ListItem","position":3,"name":"Conejitos de Pascua y Piscina en la segunda jornada del Campamento Sor Eusebia"}]},{"@type":"WebSite","@id":"https:\/\/iicolumnas.es\/#website","url":"https:\/\/iicolumnas.es\/","name":"Dos Columnas","description":"El peri\u00f3dico de la villa de Cantalpino","potentialAction":[{"@type":"SearchAction","target":{"@type":"EntryPoint","urlTemplate":"https:\/\/iicolumnas.es\/?s={search_term_string}"},"query-input":{"@type":"PropertyValueSpecification","valueRequired":true,"valueName":"search_term_string"}}],"inLanguage":"es"},{"@type":"Person","@id":"https:\/\/iicolumnas.es\/#\/schema\/person\/d0b468295022f1c525f1f08174e5094e","name":"Luc\u00eda Mart\u00edn","image":{"@type":"ImageObject","inLanguage":"es","@id":"https:\/\/iicolumnas.es\/#\/schema\/person\/image\/","url":"https:\/\/secure.gravatar.com\/avatar\/93fc1f88b1a03f8c364002e3c0eeaed8496b37404ac5fb74c332af7fc73d81f9?s=96&d=mm&r=g","contentUrl":"https:\/\/secure.gravatar.com\/avatar\/93fc1f88b1a03f8c364002e3c0eeaed8496b37404ac5fb74c332af7fc73d81f9?s=96&d=mm&r=g","caption":"Luc\u00eda Mart\u00edn"}}]}},"_links":{"self":[{"href":"https:\/\/iicolumnas.es\/index.php\/wp-json\/wp\/v2\/posts\/4933","targetHints":{"allow":["GET"]}}],"collection":[{"href":"https:\/\/iicolumnas.es\/index.php\/wp-json\/wp\/v2\/posts"}],"about":[{"href":"https:\/\/iicolumnas.es\/index.php\/wp-json\/wp\/v2\/types\/post"}],"author":[{"embeddable":true,"href":"https:\/\/iicolumnas.es\/index.php\/wp-json\/wp\/v2\/users\/13"}],"replies":[{"embeddable":true,"href":"https:\/\/iicolumnas.es\/index.php\/wp-json\/wp\/v2\/comments?post=4933"}],"version-history":[{"count":0,"href":"https:\/\/iicolumnas.es\/index.php\/wp-json\/wp\/v2\/posts\/4933\/revisions"}],"wp:featuredmedia":[{"embeddable":true,"href":"https:\/\/iicolumnas.es\/index.php\/wp-json\/wp\/v2\/media\/4931"}],"wp:attachment":[{"href":"https:\/\/iicolumnas.es\/index.php\/wp-json\/wp\/v2\/media?parent=4933"}],"wp:term":[{"taxonomy":"category","embeddable":true,"href":"https:\/\/iicolumnas.es\/index.php\/wp-json\/wp\/v2\/categories?post=4933"},{"taxonomy":"post_tag","embeddable":true,"href":"https:\/\/iicolumnas.es\/index.php\/wp-json\/wp\/v2\/tags?post=4933"}],"curies":[{"name":"wp","href":"https:\/\/api.w.org\/{rel}","templated":true}]}}