{"id":4912,"date":"2016-07-22T10:05:06","date_gmt":"2016-07-22T10:05:06","guid":{"rendered":"https:\/\/iicolumnas.es\/?p=4912"},"modified":"2016-07-22T14:30:23","modified_gmt":"2016-07-22T14:30:23","slug":"jovenes-cantalpineses-practican-padel-pueblo-vecino","status":"publish","type":"post","link":"https:\/\/iicolumnas.es\/index.php\/actualidad\/2016\/07\/22\/jovenes-cantalpineses-practican-padel-pueblo-vecino\/","title":{"rendered":"J\u00f3venes cantalpineses practican el padel en un pueblo vecino"},"content":{"rendered":"<p style=\"text-align: justify;\">Semana tras semana un grupo de j\u00f3venes de nuestro pueblo se traslada a Babilafuente, pueblo vecino que tambi\u00e9n pertenece a la comarca de Las Villas, para practicar el padel, deporte que se a vuelto muy popular en los \u00faltimos tiempos.<\/p>\n<p style=\"text-align: justify;\">Este deporte, inventado en M\u00e9xico, se asemeja al tenis, pero tiene un elemento clave que lo\u00a0diferencia de este y que lo caracteriza y son las paredes que cierran la pista, que se convierten en un aliado en el juego, ya que permite que las pelotas reboten sobre ella una vez que la pelota haya tocado anteriormente la pista, teniendo as\u00ed m\u00e1s posibilidades de retornar la pelota hacia el campo de la pareja contrincante por encima de la red.<\/p>\n<p style=\"text-align: justify;\">Cada pareja deber\u00e1 intentar alcanzar m\u00e1s puntos que la pareja rival al mejor de 6 juegos, que se punt\u00faan de igual forma que en el tenis, 15-30-40 y punto, \u00abiguales\u00bb si hay empate a puntuaci\u00f3n y \u00abventaja\u00bb para la pareja que deshaga el empate, que deber\u00e1 conseguir otro juego para adjudicarse el juego.<\/p>\n<p style=\"text-align: justify;\">Las pelotas utilizadas son de aspecto similar a las de tenis, pero no iguales, debido a su capacidad de bote, al igual que en el caso de las raquetas, ya que en este caso se utilizan \u00abpalas\u00bb, fabricadas con materiales como grafito, fibra de vidrio, fibra de carbono y caucho, entre otros, tienen un grosor tres veces mayor que una raqueta convencional con agujeros perforados de 9 a 13 mm de di\u00e1metro cada uno en toda la zona central.<\/p>\n<p style=\"text-align: justify;\">Un deporte din\u00e1mico y en equipo que nuestros j\u00f3venes practican fuera de nuestra villa,\u00a0ya que aqu\u00ed no disponemos de las instalaciones propias para practicarlo, durante todo el a\u00f1o, aunque con el buen tiempo y el aumento del tiempo libre en estos meses veraniegos se intensifican las jornadas dedicadas a este deporte.<\/p>\n<p style=\"text-align: justify;\">Para poder acudir a esta pista hay que reservar hora con anterioridad y por la cual hay que abonar 4\u20ac por cada hora que se utilice, precio que se reduce para los residentes del propio pueblo.<\/p>\n<p style=\"text-align: center;\">\u00a0<div id=\"metaslider-id-4956\" style=\"max-width: 800px; margin: 0 auto;\" class=\"ml-slider-3-104-0 metaslider metaslider-nivo metaslider-4956 ml-slider ms-theme-default\" role=\"region\" aria-label=\"padel\" data-height=\"600\" data-width=\"800\">\n    <div id=\"metaslider_container_4956\">\n        <div class='slider-wrapper theme-default'><div class='ribbon'><\/div><div id='metaslider_4956' class='nivoSlider'><img loading=\"lazy\" decoding=\"async\" src=\"https:\/\/iicolumnas.es\/wp-content\/uploads\/2016\/07\/padel-babi4-600x450.jpg\" height=\"600\" width=\"800\" alt=\"\" class=\"slider-4956 slide-4928 msDefaultImage\" \/><img loading=\"lazy\" decoding=\"async\" src=\"https:\/\/iicolumnas.es\/wp-content\/uploads\/2016\/07\/padel-4-600x450.jpg\" height=\"600\" width=\"800\" alt=\"\" class=\"slider-4956 slide-4952 msDefaultImage\" \/><img loading=\"lazy\" decoding=\"async\" src=\"https:\/\/iicolumnas.es\/wp-content\/uploads\/2016\/07\/padel-1-600x450.jpg\" height=\"600\" width=\"800\" alt=\"\" class=\"slider-4956 slide-4955 msDefaultImage\" \/><img loading=\"lazy\" decoding=\"async\" src=\"https:\/\/iicolumnas.es\/wp-content\/uploads\/2016\/07\/padel-babi4-1-600x450.jpg\" height=\"600\" width=\"800\" alt=\"\" class=\"slider-4956 slide-4929 msDefaultImage\" \/><img loading=\"lazy\" decoding=\"async\" src=\"https:\/\/iicolumnas.es\/wp-content\/uploads\/2016\/07\/padel-babi2-800x600.jpg\" height=\"600\" width=\"800\" alt=\"\" class=\"slider-4956 slide-4923 msDefaultImage\" \/><img loading=\"lazy\" decoding=\"async\" src=\"https:\/\/iicolumnas.es\/wp-content\/uploads\/2016\/07\/padel-babi-600x450.jpg\" height=\"600\" width=\"800\" alt=\"\" class=\"slider-4956 slide-4922 msDefaultImage\" \/><img loading=\"lazy\" decoding=\"async\" src=\"https:\/\/iicolumnas.es\/wp-content\/uploads\/2016\/07\/padel-cantalpino-640x480.jpg\" height=\"600\" width=\"800\" alt=\"\" class=\"slider-4956 slide-4930 msDefaultImage\" \/><img loading=\"lazy\" decoding=\"async\" src=\"https:\/\/iicolumnas.es\/wp-content\/uploads\/2016\/07\/padel-2-600x450.jpg\" height=\"600\" width=\"800\" alt=\"\" class=\"slider-4956 slide-4954 msDefaultImage\" \/><img loading=\"lazy\" decoding=\"async\" src=\"https:\/\/iicolumnas.es\/wp-content\/uploads\/2016\/07\/padel-babi3-600x450.jpg\" height=\"600\" width=\"800\" alt=\"\" class=\"slider-4956 slide-4927 msDefaultImage\" \/><img loading=\"lazy\" decoding=\"async\" src=\"https:\/\/iicolumnas.es\/wp-content\/uploads\/2016\/07\/padel-600x450.jpg\" height=\"600\" width=\"800\" alt=\"\" class=\"slider-4956 slide-4950 msDefaultImage\" \/><img loading=\"lazy\" decoding=\"async\" src=\"https:\/\/iicolumnas.es\/wp-content\/uploads\/2016\/07\/padel-3-600x450.jpg\" height=\"600\" width=\"800\" alt=\"\" class=\"slider-4956 slide-4953 msDefaultImage\" \/><img loading=\"lazy\" decoding=\"async\" src=\"https:\/\/iicolumnas.es\/wp-content\/uploads\/2016\/07\/padel-7-600x450.jpg\" height=\"600\" width=\"800\" alt=\"\" class=\"slider-4956 slide-4948 msDefaultImage\" \/><img loading=\"lazy\" decoding=\"async\" src=\"https:\/\/iicolumnas.es\/wp-content\/uploads\/2016\/07\/padel-6-600x450.jpg\" height=\"600\" width=\"800\" alt=\"\" class=\"slider-4956 slide-4949 msDefaultImage\" \/><\/div><\/div>\n        \n    <\/div>\n<\/div><\/p>\n","protected":false},"excerpt":{"rendered":"<p>Semana tras semana un grupo de j\u00f3venes de nuestro pueblo se traslada a Babilafuente, pueblo vecino que tambi\u00e9n pertenece a la comarca de Las Villas, para practicar el padel, deporte que se a vuelto&#46;&#46;&#46;<\/p>\n","protected":false},"author":11,"featured_media":4951,"comment_status":"open","ping_status":"open","sticky":false,"template":"","format":"standard","meta":{"footnotes":""},"categories":[1,20],"tags":[61,837],"class_list":["post-4912","post","type-post","status-publish","format-standard","has-post-thumbnail","hentry","category-actualidad","category-deportes","tag-deportes","tag-padel"],"yoast_head":"<!-- This site is optimized with the Yoast SEO plugin v26.6 - https:\/\/yoast.com\/wordpress\/plugins\/seo\/ -->\n<title>J\u00f3venes cantalpineses practican el padel en un pueblo vecino - Dos Columnas<\/title>\n<meta name=\"robots\" content=\"index, follow, max-snippet:-1, max-image-preview:large, max-video-preview:-1\" \/>\n<link rel=\"canonical\" href=\"https:\/\/iicolumnas.es\/index.php\/actualidad\/2016\/07\/22\/jovenes-cantalpineses-practican-padel-pueblo-vecino\/\" \/>\n<meta property=\"og:locale\" content=\"es_ES\" \/>\n<meta property=\"og:type\" content=\"article\" \/>\n<meta property=\"og:title\" content=\"J\u00f3venes cantalpineses practican el padel en un pueblo vecino - Dos Columnas\" \/>\n<meta property=\"og:description\" content=\"Semana tras semana un grupo de j\u00f3venes de nuestro pueblo se traslada a Babilafuente, pueblo vecino que tambi\u00e9n pertenece a la comarca de Las Villas, para practicar el padel, deporte que se a vuelto&#046;&#046;&#046;\" \/>\n<meta property=\"og:url\" content=\"https:\/\/iicolumnas.es\/index.php\/actualidad\/2016\/07\/22\/jovenes-cantalpineses-practican-padel-pueblo-vecino\/\" \/>\n<meta property=\"og:site_name\" content=\"Dos Columnas\" \/>\n<meta property=\"article:publisher\" content=\"https:\/\/www.facebook.com\/iicolumnas\/\" \/>\n<meta property=\"article:published_time\" content=\"2016-07-22T10:05:06+00:00\" \/>\n<meta property=\"article:modified_time\" content=\"2016-07-22T14:30:23+00:00\" \/>\n<meta property=\"og:image\" content=\"https:\/\/iicolumnas.es\/wp-content\/uploads\/2016\/07\/padel-5.jpg\" \/>\n\t<meta property=\"og:image:width\" content=\"800\" \/>\n\t<meta property=\"og:image:height\" content=\"450\" \/>\n\t<meta property=\"og:image:type\" content=\"image\/jpeg\" \/>\n<meta name=\"author\" content=\"Elisabeth Herrero\" \/>\n<meta name=\"twitter:card\" content=\"summary_large_image\" \/>\n<meta name=\"twitter:creator\" content=\"@iicolumnas\" \/>\n<meta name=\"twitter:site\" content=\"@iicolumnas\" \/>\n<meta name=\"twitter:label1\" content=\"Escrito por\" \/>\n\t<meta name=\"twitter:data1\" content=\"Elisabeth Herrero\" \/>\n\t<meta name=\"twitter:label2\" content=\"Tiempo de lectura\" \/>\n\t<meta name=\"twitter:data2\" content=\"2 minutos\" \/>\n<script type=\"application\/ld+json\" class=\"yoast-schema-graph\">{\"@context\":\"https:\/\/schema.org\",\"@graph\":[{\"@type\":\"WebPage\",\"@id\":\"https:\/\/iicolumnas.es\/index.php\/actualidad\/2016\/07\/22\/jovenes-cantalpineses-practican-padel-pueblo-vecino\/\",\"url\":\"https:\/\/iicolumnas.es\/index.php\/actualidad\/2016\/07\/22\/jovenes-cantalpineses-practican-padel-pueblo-vecino\/\",\"name\":\"J\u00f3venes cantalpineses practican el padel en un pueblo vecino - Dos Columnas\",\"isPartOf\":{\"@id\":\"https:\/\/iicolumnas.es\/#website\"},\"primaryImageOfPage\":{\"@id\":\"https:\/\/iicolumnas.es\/index.php\/actualidad\/2016\/07\/22\/jovenes-cantalpineses-practican-padel-pueblo-vecino\/#primaryimage\"},\"image\":{\"@id\":\"https:\/\/iicolumnas.es\/index.php\/actualidad\/2016\/07\/22\/jovenes-cantalpineses-practican-padel-pueblo-vecino\/#primaryimage\"},\"thumbnailUrl\":\"https:\/\/iicolumnas.es\/wp-content\/uploads\/2016\/07\/padel-5.jpg\",\"datePublished\":\"2016-07-22T10:05:06+00:00\",\"dateModified\":\"2016-07-22T14:30:23+00:00\",\"author\":{\"@id\":\"https:\/\/iicolumnas.es\/#\/schema\/person\/a7ff663470be5c4a58b4056144602608\"},\"breadcrumb\":{\"@id\":\"https:\/\/iicolumnas.es\/index.php\/actualidad\/2016\/07\/22\/jovenes-cantalpineses-practican-padel-pueblo-vecino\/#breadcrumb\"},\"inLanguage\":\"es\",\"potentialAction\":[{\"@type\":\"ReadAction\",\"target\":[\"https:\/\/iicolumnas.es\/index.php\/actualidad\/2016\/07\/22\/jovenes-cantalpineses-practican-padel-pueblo-vecino\/\"]}]},{\"@type\":\"ImageObject\",\"inLanguage\":\"es\",\"@id\":\"https:\/\/iicolumnas.es\/index.php\/actualidad\/2016\/07\/22\/jovenes-cantalpineses-practican-padel-pueblo-vecino\/#primaryimage\",\"url\":\"https:\/\/iicolumnas.es\/wp-content\/uploads\/2016\/07\/padel-5.jpg\",\"contentUrl\":\"https:\/\/iicolumnas.es\/wp-content\/uploads\/2016\/07\/padel-5.jpg\",\"width\":\"800\",\"height\":\"450\"},{\"@type\":\"BreadcrumbList\",\"@id\":\"https:\/\/iicolumnas.es\/index.php\/actualidad\/2016\/07\/22\/jovenes-cantalpineses-practican-padel-pueblo-vecino\/#breadcrumb\",\"itemListElement\":[{\"@type\":\"ListItem\",\"position\":1,\"name\":\"Portada\",\"item\":\"https:\/\/iicolumnas.es\/\"},{\"@type\":\"ListItem\",\"position\":2,\"name\":\"Actualidad\",\"item\":\"https:\/\/iicolumnas.es\/index.php\/category\/actualidad\/\"},{\"@type\":\"ListItem\",\"position\":3,\"name\":\"J\u00f3venes cantalpineses practican el padel en un pueblo vecino\"}]},{\"@type\":\"WebSite\",\"@id\":\"https:\/\/iicolumnas.es\/#website\",\"url\":\"https:\/\/iicolumnas.es\/\",\"name\":\"Dos Columnas\",\"description\":\"El peri\u00f3dico de la villa de Cantalpino\",\"potentialAction\":[{\"@type\":\"SearchAction\",\"target\":{\"@type\":\"EntryPoint\",\"urlTemplate\":\"https:\/\/iicolumnas.es\/?s={search_term_string}\"},\"query-input\":{\"@type\":\"PropertyValueSpecification\",\"valueRequired\":true,\"valueName\":\"search_term_string\"}}],\"inLanguage\":\"es\"},{\"@type\":\"Person\",\"@id\":\"https:\/\/iicolumnas.es\/#\/schema\/person\/a7ff663470be5c4a58b4056144602608\",\"name\":\"Elisabeth Herrero\",\"image\":{\"@type\":\"ImageObject\",\"inLanguage\":\"es\",\"@id\":\"https:\/\/iicolumnas.es\/#\/schema\/person\/image\/\",\"url\":\"https:\/\/secure.gravatar.com\/avatar\/940d2d17ae8f8dbc80e004b6d5cf732529898723a62eb676e66b87e474e93db4?s=96&d=mm&r=g\",\"contentUrl\":\"https:\/\/secure.gravatar.com\/avatar\/940d2d17ae8f8dbc80e004b6d5cf732529898723a62eb676e66b87e474e93db4?s=96&d=mm&r=g\",\"caption\":\"Elisabeth Herrero\"}}]}<\/script>\n<!-- \/ Yoast SEO plugin. -->","yoast_head_json":{"title":"J\u00f3venes cantalpineses practican el padel en un pueblo vecino - Dos Columnas","robots":{"index":"index","follow":"follow","max-snippet":"max-snippet:-1","max-image-preview":"max-image-preview:large","max-video-preview":"max-video-preview:-1"},"canonical":"https:\/\/iicolumnas.es\/index.php\/actualidad\/2016\/07\/22\/jovenes-cantalpineses-practican-padel-pueblo-vecino\/","og_locale":"es_ES","og_type":"article","og_title":"J\u00f3venes cantalpineses practican el padel en un pueblo vecino - Dos Columnas","og_description":"Semana tras semana un grupo de j\u00f3venes de nuestro pueblo se traslada a Babilafuente, pueblo vecino que tambi\u00e9n pertenece a la comarca de Las Villas, para practicar el padel, deporte que se a vuelto&#46;&#46;&#46;","og_url":"https:\/\/iicolumnas.es\/index.php\/actualidad\/2016\/07\/22\/jovenes-cantalpineses-practican-padel-pueblo-vecino\/","og_site_name":"Dos Columnas","article_publisher":"https:\/\/www.facebook.com\/iicolumnas\/","article_published_time":"2016-07-22T10:05:06+00:00","article_modified_time":"2016-07-22T14:30:23+00:00","og_image":[{"width":800,"height":450,"url":"https:\/\/iicolumnas.es\/wp-content\/uploads\/2016\/07\/padel-5.jpg","type":"image\/jpeg"}],"author":"Elisabeth Herrero","twitter_card":"summary_large_image","twitter_creator":"@iicolumnas","twitter_site":"@iicolumnas","twitter_misc":{"Escrito por":"Elisabeth Herrero","Tiempo de lectura":"2 minutos"},"schema":{"@context":"https:\/\/schema.org","@graph":[{"@type":"WebPage","@id":"https:\/\/iicolumnas.es\/index.php\/actualidad\/2016\/07\/22\/jovenes-cantalpineses-practican-padel-pueblo-vecino\/","url":"https:\/\/iicolumnas.es\/index.php\/actualidad\/2016\/07\/22\/jovenes-cantalpineses-practican-padel-pueblo-vecino\/","name":"J\u00f3venes cantalpineses practican el padel en un pueblo vecino - Dos Columnas","isPartOf":{"@id":"https:\/\/iicolumnas.es\/#website"},"primaryImageOfPage":{"@id":"https:\/\/iicolumnas.es\/index.php\/actualidad\/2016\/07\/22\/jovenes-cantalpineses-practican-padel-pueblo-vecino\/#primaryimage"},"image":{"@id":"https:\/\/iicolumnas.es\/index.php\/actualidad\/2016\/07\/22\/jovenes-cantalpineses-practican-padel-pueblo-vecino\/#primaryimage"},"thumbnailUrl":"https:\/\/iicolumnas.es\/wp-content\/uploads\/2016\/07\/padel-5.jpg","datePublished":"2016-07-22T10:05:06+00:00","dateModified":"2016-07-22T14:30:23+00:00","author":{"@id":"https:\/\/iicolumnas.es\/#\/schema\/person\/a7ff663470be5c4a58b4056144602608"},"breadcrumb":{"@id":"https:\/\/iicolumnas.es\/index.php\/actualidad\/2016\/07\/22\/jovenes-cantalpineses-practican-padel-pueblo-vecino\/#breadcrumb"},"inLanguage":"es","potentialAction":[{"@type":"ReadAction","target":["https:\/\/iicolumnas.es\/index.php\/actualidad\/2016\/07\/22\/jovenes-cantalpineses-practican-padel-pueblo-vecino\/"]}]},{"@type":"ImageObject","inLanguage":"es","@id":"https:\/\/iicolumnas.es\/index.php\/actualidad\/2016\/07\/22\/jovenes-cantalpineses-practican-padel-pueblo-vecino\/#primaryimage","url":"https:\/\/iicolumnas.es\/wp-content\/uploads\/2016\/07\/padel-5.jpg","contentUrl":"https:\/\/iicolumnas.es\/wp-content\/uploads\/2016\/07\/padel-5.jpg","width":"800","height":"450"},{"@type":"BreadcrumbList","@id":"https:\/\/iicolumnas.es\/index.php\/actualidad\/2016\/07\/22\/jovenes-cantalpineses-practican-padel-pueblo-vecino\/#breadcrumb","itemListElement":[{"@type":"ListItem","position":1,"name":"Portada","item":"https:\/\/iicolumnas.es\/"},{"@type":"ListItem","position":2,"name":"Actualidad","item":"https:\/\/iicolumnas.es\/index.php\/category\/actualidad\/"},{"@type":"ListItem","position":3,"name":"J\u00f3venes cantalpineses practican el padel en un pueblo vecino"}]},{"@type":"WebSite","@id":"https:\/\/iicolumnas.es\/#website","url":"https:\/\/iicolumnas.es\/","name":"Dos Columnas","description":"El peri\u00f3dico de la villa de Cantalpino","potentialAction":[{"@type":"SearchAction","target":{"@type":"EntryPoint","urlTemplate":"https:\/\/iicolumnas.es\/?s={search_term_string}"},"query-input":{"@type":"PropertyValueSpecification","valueRequired":true,"valueName":"search_term_string"}}],"inLanguage":"es"},{"@type":"Person","@id":"https:\/\/iicolumnas.es\/#\/schema\/person\/a7ff663470be5c4a58b4056144602608","name":"Elisabeth Herrero","image":{"@type":"ImageObject","inLanguage":"es","@id":"https:\/\/iicolumnas.es\/#\/schema\/person\/image\/","url":"https:\/\/secure.gravatar.com\/avatar\/940d2d17ae8f8dbc80e004b6d5cf732529898723a62eb676e66b87e474e93db4?s=96&d=mm&r=g","contentUrl":"https:\/\/secure.gravatar.com\/avatar\/940d2d17ae8f8dbc80e004b6d5cf732529898723a62eb676e66b87e474e93db4?s=96&d=mm&r=g","caption":"Elisabeth Herrero"}}]}},"_links":{"self":[{"href":"https:\/\/iicolumnas.es\/index.php\/wp-json\/wp\/v2\/posts\/4912","targetHints":{"allow":["GET"]}}],"collection":[{"href":"https:\/\/iicolumnas.es\/index.php\/wp-json\/wp\/v2\/posts"}],"about":[{"href":"https:\/\/iicolumnas.es\/index.php\/wp-json\/wp\/v2\/types\/post"}],"author":[{"embeddable":true,"href":"https:\/\/iicolumnas.es\/index.php\/wp-json\/wp\/v2\/users\/11"}],"replies":[{"embeddable":true,"href":"https:\/\/iicolumnas.es\/index.php\/wp-json\/wp\/v2\/comments?post=4912"}],"version-history":[{"count":0,"href":"https:\/\/iicolumnas.es\/index.php\/wp-json\/wp\/v2\/posts\/4912\/revisions"}],"wp:featuredmedia":[{"embeddable":true,"href":"https:\/\/iicolumnas.es\/index.php\/wp-json\/wp\/v2\/media\/4951"}],"wp:attachment":[{"href":"https:\/\/iicolumnas.es\/index.php\/wp-json\/wp\/v2\/media?parent=4912"}],"wp:term":[{"taxonomy":"category","embeddable":true,"href":"https:\/\/iicolumnas.es\/index.php\/wp-json\/wp\/v2\/categories?post=4912"},{"taxonomy":"post_tag","embeddable":true,"href":"https:\/\/iicolumnas.es\/index.php\/wp-json\/wp\/v2\/tags?post=4912"}],"curies":[{"name":"wp","href":"https:\/\/api.w.org\/{rel}","templated":true}]}}