{"id":4902,"date":"2016-07-21T13:13:34","date_gmt":"2016-07-21T13:13:34","guid":{"rendered":"https:\/\/iicolumnas.es\/?p=4902"},"modified":"2016-07-21T19:41:32","modified_gmt":"2016-07-21T19:41:32","slug":"1a-jornada-campamento-sor-eusebia-2016-carnaval-alegria","status":"publish","type":"post","link":"https:\/\/iicolumnas.es\/index.php\/actualidad\/2016\/07\/21\/1a-jornada-campamento-sor-eusebia-2016-carnaval-alegria\/","title":{"rendered":"1\u00aa Jornada Campamento Sor Eusebia 2016: carnaval y alegr\u00eda"},"content":{"rendered":"<p style=\"text-align: justify;\"><img loading=\"lazy\" decoding=\"async\" class=\" wp-image-4906 alignleft\" src=\"https:\/\/iicolumnas.es\/wp-content\/uploads\/2016\/07\/foto2-monjas.jpg\" alt=\"foto2 monjas\" width=\"440\" height=\"331\" srcset=\"https:\/\/iicolumnas.es\/wp-content\/uploads\/2016\/07\/foto2-monjas.jpg 667w, https:\/\/iicolumnas.es\/wp-content\/uploads\/2016\/07\/foto2-monjas-300x225.jpg 300w\" sizes=\"auto, (max-width: 440px) 100vw, 440px\" \/>Como ya adelantamos el martes, El Campamento Sor Eusebia 2016 cumple 20 a\u00f1itos y por ese motivo, este a\u00f1o cada d\u00eda celebrar\u00e1n una fiesta y sus monitores nos lo van a ir contando. Vamos a ver lo que hicieron en la primera jornada.<\/p>\n<p style=\"text-align: justify;\">Mi\u00e9rcoles d\u00eda 20 en el campamento Cantalpino este a\u00f1o con tem\u00e1tica de fiestas. Se ha realizado la fiesta del carnaval, donde el valor principal trabajado ha sido la alegr\u00eda. Los ni\u00f1os participantes, divididos por grupos, por la ma\u00f1ana realizaron\u00a0diferentes talleres donde confeccionaron\u00a0sus disfraces para poder realizar,\u00a0 por la tarde, una peque\u00f1a actuaci\u00f3n improvisada donde cantaron y bailaron sus c\u00e1nticos inventados .<\/p>\n<p style=\"text-align: justify;\"><img loading=\"lazy\" decoding=\"async\" class=\"aligncenter wp-image-4907\" src=\"https:\/\/iicolumnas.es\/wp-content\/uploads\/2016\/07\/foto3-monjas.jpg\" alt=\"foto3 monjas\" width=\"683\" height=\"383\" srcset=\"https:\/\/iicolumnas.es\/wp-content\/uploads\/2016\/07\/foto3-monjas.jpg 800w, https:\/\/iicolumnas.es\/wp-content\/uploads\/2016\/07\/foto3-monjas-300x169.jpg 300w\" sizes=\"auto, (max-width: 683px) 100vw, 683px\" \/><\/p>\n<p style=\"text-align: justify;\"><img loading=\"lazy\" decoding=\"async\" class=\"aligncenter size-full wp-image-4905\" src=\"https:\/\/iicolumnas.es\/wp-content\/uploads\/2016\/07\/foto1-monjas.jpg\" alt=\"foto1 monjas\" width=\"683\" height=\"512\" srcset=\"https:\/\/iicolumnas.es\/wp-content\/uploads\/2016\/07\/foto1-monjas.jpg 683w, https:\/\/iicolumnas.es\/wp-content\/uploads\/2016\/07\/foto1-monjas-300x225.jpg 300w\" sizes=\"auto, (max-width: 683px) 100vw, 683px\" \/><\/p>\n<p style=\"text-align: justify;\"><img loading=\"lazy\" decoding=\"async\" class=\"aligncenter wp-image-4919 \" src=\"https:\/\/iicolumnas.es\/wp-content\/uploads\/2016\/07\/foto4-300x225.jpg\" alt=\"foto4\" width=\"695\" height=\"521\" srcset=\"https:\/\/iicolumnas.es\/wp-content\/uploads\/2016\/07\/foto4-300x225.jpg 300w, https:\/\/iicolumnas.es\/wp-content\/uploads\/2016\/07\/foto4.jpg 731w\" sizes=\"auto, (max-width: 695px) 100vw, 695px\" \/><\/p>\n","protected":false},"excerpt":{"rendered":"<p>Como ya adelantamos el martes, El Campamento Sor Eusebia 2016 cumple 20 a\u00f1itos y por ese motivo, este a\u00f1o cada d\u00eda celebrar\u00e1n una fiesta y sus monitores nos lo van a ir contando. Vamos&#46;&#46;&#46;<\/p>\n","protected":false},"author":13,"featured_media":4905,"comment_status":"open","ping_status":"open","sticky":false,"template":"","format":"standard","meta":{"footnotes":""},"categories":[1],"tags":[832,14,836],"class_list":["post-4902","post","type-post","status-publish","format-standard","has-post-thumbnail","hentry","category-actualidad","tag-campamento-sor-eusebia-xx-aniversario","tag-cantalpino","tag-carnaval"],"yoast_head":"<!-- This site is optimized with the Yoast SEO plugin v26.6 - https:\/\/yoast.com\/wordpress\/plugins\/seo\/ -->\n<title>1\u00aa Jornada Campamento Sor Eusebia 2016: carnaval y alegr\u00eda - Dos Columnas<\/title>\n<meta name=\"robots\" content=\"index, follow, max-snippet:-1, max-image-preview:large, max-video-preview:-1\" \/>\n<link rel=\"canonical\" href=\"https:\/\/iicolumnas.es\/index.php\/actualidad\/2016\/07\/21\/1a-jornada-campamento-sor-eusebia-2016-carnaval-alegria\/\" \/>\n<meta property=\"og:locale\" content=\"es_ES\" \/>\n<meta property=\"og:type\" content=\"article\" \/>\n<meta property=\"og:title\" content=\"1\u00aa Jornada Campamento Sor Eusebia 2016: carnaval y alegr\u00eda - Dos Columnas\" \/>\n<meta property=\"og:description\" content=\"Como ya adelantamos el martes, El Campamento Sor Eusebia 2016 cumple 20 a\u00f1itos y por ese motivo, este a\u00f1o cada d\u00eda celebrar\u00e1n una fiesta y sus monitores nos lo van a ir contando. Vamos&#046;&#046;&#046;\" \/>\n<meta property=\"og:url\" content=\"https:\/\/iicolumnas.es\/index.php\/actualidad\/2016\/07\/21\/1a-jornada-campamento-sor-eusebia-2016-carnaval-alegria\/\" \/>\n<meta property=\"og:site_name\" content=\"Dos Columnas\" \/>\n<meta property=\"article:publisher\" content=\"https:\/\/www.facebook.com\/iicolumnas\/\" \/>\n<meta property=\"article:published_time\" content=\"2016-07-21T13:13:34+00:00\" \/>\n<meta property=\"article:modified_time\" content=\"2016-07-21T19:41:32+00:00\" \/>\n<meta property=\"og:image\" content=\"https:\/\/iicolumnas.es\/wp-content\/uploads\/2016\/07\/foto1-monjas.jpg\" \/>\n\t<meta property=\"og:image:width\" content=\"683\" \/>\n\t<meta property=\"og:image:height\" content=\"512\" \/>\n\t<meta property=\"og:image:type\" content=\"image\/jpeg\" \/>\n<meta name=\"author\" content=\"Luc\u00eda Mart\u00edn\" \/>\n<meta name=\"twitter:card\" content=\"summary_large_image\" \/>\n<meta name=\"twitter:creator\" content=\"@iicolumnas\" \/>\n<meta name=\"twitter:site\" content=\"@iicolumnas\" \/>\n<meta name=\"twitter:label1\" content=\"Escrito por\" \/>\n\t<meta name=\"twitter:data1\" content=\"Luc\u00eda Mart\u00edn\" \/>\n\t<meta name=\"twitter:label2\" content=\"Tiempo de lectura\" \/>\n\t<meta name=\"twitter:data2\" content=\"1 minuto\" \/>\n<script type=\"application\/ld+json\" class=\"yoast-schema-graph\">{\"@context\":\"https:\/\/schema.org\",\"@graph\":[{\"@type\":\"WebPage\",\"@id\":\"https:\/\/iicolumnas.es\/index.php\/actualidad\/2016\/07\/21\/1a-jornada-campamento-sor-eusebia-2016-carnaval-alegria\/\",\"url\":\"https:\/\/iicolumnas.es\/index.php\/actualidad\/2016\/07\/21\/1a-jornada-campamento-sor-eusebia-2016-carnaval-alegria\/\",\"name\":\"1\u00aa Jornada Campamento Sor Eusebia 2016: carnaval y alegr\u00eda - Dos Columnas\",\"isPartOf\":{\"@id\":\"https:\/\/iicolumnas.es\/#website\"},\"primaryImageOfPage\":{\"@id\":\"https:\/\/iicolumnas.es\/index.php\/actualidad\/2016\/07\/21\/1a-jornada-campamento-sor-eusebia-2016-carnaval-alegria\/#primaryimage\"},\"image\":{\"@id\":\"https:\/\/iicolumnas.es\/index.php\/actualidad\/2016\/07\/21\/1a-jornada-campamento-sor-eusebia-2016-carnaval-alegria\/#primaryimage\"},\"thumbnailUrl\":\"https:\/\/iicolumnas.es\/wp-content\/uploads\/2016\/07\/foto1-monjas.jpg\",\"datePublished\":\"2016-07-21T13:13:34+00:00\",\"dateModified\":\"2016-07-21T19:41:32+00:00\",\"author\":{\"@id\":\"https:\/\/iicolumnas.es\/#\/schema\/person\/d0b468295022f1c525f1f08174e5094e\"},\"breadcrumb\":{\"@id\":\"https:\/\/iicolumnas.es\/index.php\/actualidad\/2016\/07\/21\/1a-jornada-campamento-sor-eusebia-2016-carnaval-alegria\/#breadcrumb\"},\"inLanguage\":\"es\",\"potentialAction\":[{\"@type\":\"ReadAction\",\"target\":[\"https:\/\/iicolumnas.es\/index.php\/actualidad\/2016\/07\/21\/1a-jornada-campamento-sor-eusebia-2016-carnaval-alegria\/\"]}]},{\"@type\":\"ImageObject\",\"inLanguage\":\"es\",\"@id\":\"https:\/\/iicolumnas.es\/index.php\/actualidad\/2016\/07\/21\/1a-jornada-campamento-sor-eusebia-2016-carnaval-alegria\/#primaryimage\",\"url\":\"https:\/\/iicolumnas.es\/wp-content\/uploads\/2016\/07\/foto1-monjas.jpg\",\"contentUrl\":\"https:\/\/iicolumnas.es\/wp-content\/uploads\/2016\/07\/foto1-monjas.jpg\",\"width\":\"683\",\"height\":\"512\"},{\"@type\":\"BreadcrumbList\",\"@id\":\"https:\/\/iicolumnas.es\/index.php\/actualidad\/2016\/07\/21\/1a-jornada-campamento-sor-eusebia-2016-carnaval-alegria\/#breadcrumb\",\"itemListElement\":[{\"@type\":\"ListItem\",\"position\":1,\"name\":\"Portada\",\"item\":\"https:\/\/iicolumnas.es\/\"},{\"@type\":\"ListItem\",\"position\":2,\"name\":\"Actualidad\",\"item\":\"https:\/\/iicolumnas.es\/index.php\/category\/actualidad\/\"},{\"@type\":\"ListItem\",\"position\":3,\"name\":\"1\u00aa Jornada Campamento Sor Eusebia 2016: carnaval y alegr\u00eda\"}]},{\"@type\":\"WebSite\",\"@id\":\"https:\/\/iicolumnas.es\/#website\",\"url\":\"https:\/\/iicolumnas.es\/\",\"name\":\"Dos Columnas\",\"description\":\"El peri\u00f3dico de la villa de Cantalpino\",\"potentialAction\":[{\"@type\":\"SearchAction\",\"target\":{\"@type\":\"EntryPoint\",\"urlTemplate\":\"https:\/\/iicolumnas.es\/?s={search_term_string}\"},\"query-input\":{\"@type\":\"PropertyValueSpecification\",\"valueRequired\":true,\"valueName\":\"search_term_string\"}}],\"inLanguage\":\"es\"},{\"@type\":\"Person\",\"@id\":\"https:\/\/iicolumnas.es\/#\/schema\/person\/d0b468295022f1c525f1f08174e5094e\",\"name\":\"Luc\u00eda Mart\u00edn\",\"image\":{\"@type\":\"ImageObject\",\"inLanguage\":\"es\",\"@id\":\"https:\/\/iicolumnas.es\/#\/schema\/person\/image\/\",\"url\":\"https:\/\/secure.gravatar.com\/avatar\/93fc1f88b1a03f8c364002e3c0eeaed8496b37404ac5fb74c332af7fc73d81f9?s=96&d=mm&r=g\",\"contentUrl\":\"https:\/\/secure.gravatar.com\/avatar\/93fc1f88b1a03f8c364002e3c0eeaed8496b37404ac5fb74c332af7fc73d81f9?s=96&d=mm&r=g\",\"caption\":\"Luc\u00eda Mart\u00edn\"}}]}<\/script>\n<!-- \/ Yoast SEO plugin. -->","yoast_head_json":{"title":"1\u00aa Jornada Campamento Sor Eusebia 2016: carnaval y alegr\u00eda - Dos Columnas","robots":{"index":"index","follow":"follow","max-snippet":"max-snippet:-1","max-image-preview":"max-image-preview:large","max-video-preview":"max-video-preview:-1"},"canonical":"https:\/\/iicolumnas.es\/index.php\/actualidad\/2016\/07\/21\/1a-jornada-campamento-sor-eusebia-2016-carnaval-alegria\/","og_locale":"es_ES","og_type":"article","og_title":"1\u00aa Jornada Campamento Sor Eusebia 2016: carnaval y alegr\u00eda - Dos Columnas","og_description":"Como ya adelantamos el martes, El Campamento Sor Eusebia 2016 cumple 20 a\u00f1itos y por ese motivo, este a\u00f1o cada d\u00eda celebrar\u00e1n una fiesta y sus monitores nos lo van a ir contando. Vamos&#46;&#46;&#46;","og_url":"https:\/\/iicolumnas.es\/index.php\/actualidad\/2016\/07\/21\/1a-jornada-campamento-sor-eusebia-2016-carnaval-alegria\/","og_site_name":"Dos Columnas","article_publisher":"https:\/\/www.facebook.com\/iicolumnas\/","article_published_time":"2016-07-21T13:13:34+00:00","article_modified_time":"2016-07-21T19:41:32+00:00","og_image":[{"width":683,"height":512,"url":"https:\/\/iicolumnas.es\/wp-content\/uploads\/2016\/07\/foto1-monjas.jpg","type":"image\/jpeg"}],"author":"Luc\u00eda Mart\u00edn","twitter_card":"summary_large_image","twitter_creator":"@iicolumnas","twitter_site":"@iicolumnas","twitter_misc":{"Escrito por":"Luc\u00eda Mart\u00edn","Tiempo de lectura":"1 minuto"},"schema":{"@context":"https:\/\/schema.org","@graph":[{"@type":"WebPage","@id":"https:\/\/iicolumnas.es\/index.php\/actualidad\/2016\/07\/21\/1a-jornada-campamento-sor-eusebia-2016-carnaval-alegria\/","url":"https:\/\/iicolumnas.es\/index.php\/actualidad\/2016\/07\/21\/1a-jornada-campamento-sor-eusebia-2016-carnaval-alegria\/","name":"1\u00aa Jornada Campamento Sor Eusebia 2016: carnaval y alegr\u00eda - Dos Columnas","isPartOf":{"@id":"https:\/\/iicolumnas.es\/#website"},"primaryImageOfPage":{"@id":"https:\/\/iicolumnas.es\/index.php\/actualidad\/2016\/07\/21\/1a-jornada-campamento-sor-eusebia-2016-carnaval-alegria\/#primaryimage"},"image":{"@id":"https:\/\/iicolumnas.es\/index.php\/actualidad\/2016\/07\/21\/1a-jornada-campamento-sor-eusebia-2016-carnaval-alegria\/#primaryimage"},"thumbnailUrl":"https:\/\/iicolumnas.es\/wp-content\/uploads\/2016\/07\/foto1-monjas.jpg","datePublished":"2016-07-21T13:13:34+00:00","dateModified":"2016-07-21T19:41:32+00:00","author":{"@id":"https:\/\/iicolumnas.es\/#\/schema\/person\/d0b468295022f1c525f1f08174e5094e"},"breadcrumb":{"@id":"https:\/\/iicolumnas.es\/index.php\/actualidad\/2016\/07\/21\/1a-jornada-campamento-sor-eusebia-2016-carnaval-alegria\/#breadcrumb"},"inLanguage":"es","potentialAction":[{"@type":"ReadAction","target":["https:\/\/iicolumnas.es\/index.php\/actualidad\/2016\/07\/21\/1a-jornada-campamento-sor-eusebia-2016-carnaval-alegria\/"]}]},{"@type":"ImageObject","inLanguage":"es","@id":"https:\/\/iicolumnas.es\/index.php\/actualidad\/2016\/07\/21\/1a-jornada-campamento-sor-eusebia-2016-carnaval-alegria\/#primaryimage","url":"https:\/\/iicolumnas.es\/wp-content\/uploads\/2016\/07\/foto1-monjas.jpg","contentUrl":"https:\/\/iicolumnas.es\/wp-content\/uploads\/2016\/07\/foto1-monjas.jpg","width":"683","height":"512"},{"@type":"BreadcrumbList","@id":"https:\/\/iicolumnas.es\/index.php\/actualidad\/2016\/07\/21\/1a-jornada-campamento-sor-eusebia-2016-carnaval-alegria\/#breadcrumb","itemListElement":[{"@type":"ListItem","position":1,"name":"Portada","item":"https:\/\/iicolumnas.es\/"},{"@type":"ListItem","position":2,"name":"Actualidad","item":"https:\/\/iicolumnas.es\/index.php\/category\/actualidad\/"},{"@type":"ListItem","position":3,"name":"1\u00aa Jornada Campamento Sor Eusebia 2016: carnaval y alegr\u00eda"}]},{"@type":"WebSite","@id":"https:\/\/iicolumnas.es\/#website","url":"https:\/\/iicolumnas.es\/","name":"Dos Columnas","description":"El peri\u00f3dico de la villa de Cantalpino","potentialAction":[{"@type":"SearchAction","target":{"@type":"EntryPoint","urlTemplate":"https:\/\/iicolumnas.es\/?s={search_term_string}"},"query-input":{"@type":"PropertyValueSpecification","valueRequired":true,"valueName":"search_term_string"}}],"inLanguage":"es"},{"@type":"Person","@id":"https:\/\/iicolumnas.es\/#\/schema\/person\/d0b468295022f1c525f1f08174e5094e","name":"Luc\u00eda Mart\u00edn","image":{"@type":"ImageObject","inLanguage":"es","@id":"https:\/\/iicolumnas.es\/#\/schema\/person\/image\/","url":"https:\/\/secure.gravatar.com\/avatar\/93fc1f88b1a03f8c364002e3c0eeaed8496b37404ac5fb74c332af7fc73d81f9?s=96&d=mm&r=g","contentUrl":"https:\/\/secure.gravatar.com\/avatar\/93fc1f88b1a03f8c364002e3c0eeaed8496b37404ac5fb74c332af7fc73d81f9?s=96&d=mm&r=g","caption":"Luc\u00eda Mart\u00edn"}}]}},"_links":{"self":[{"href":"https:\/\/iicolumnas.es\/index.php\/wp-json\/wp\/v2\/posts\/4902","targetHints":{"allow":["GET"]}}],"collection":[{"href":"https:\/\/iicolumnas.es\/index.php\/wp-json\/wp\/v2\/posts"}],"about":[{"href":"https:\/\/iicolumnas.es\/index.php\/wp-json\/wp\/v2\/types\/post"}],"author":[{"embeddable":true,"href":"https:\/\/iicolumnas.es\/index.php\/wp-json\/wp\/v2\/users\/13"}],"replies":[{"embeddable":true,"href":"https:\/\/iicolumnas.es\/index.php\/wp-json\/wp\/v2\/comments?post=4902"}],"version-history":[{"count":0,"href":"https:\/\/iicolumnas.es\/index.php\/wp-json\/wp\/v2\/posts\/4902\/revisions"}],"wp:featuredmedia":[{"embeddable":true,"href":"https:\/\/iicolumnas.es\/index.php\/wp-json\/wp\/v2\/media\/4905"}],"wp:attachment":[{"href":"https:\/\/iicolumnas.es\/index.php\/wp-json\/wp\/v2\/media?parent=4902"}],"wp:term":[{"taxonomy":"category","embeddable":true,"href":"https:\/\/iicolumnas.es\/index.php\/wp-json\/wp\/v2\/categories?post=4902"},{"taxonomy":"post_tag","embeddable":true,"href":"https:\/\/iicolumnas.es\/index.php\/wp-json\/wp\/v2\/tags?post=4902"}],"curies":[{"name":"wp","href":"https:\/\/api.w.org\/{rel}","templated":true}]}}