{"id":4674,"date":"2016-07-07T16:14:52","date_gmt":"2016-07-07T16:14:52","guid":{"rendered":"https:\/\/iicolumnas.es\/?p=4674"},"modified":"2016-07-11T06:24:34","modified_gmt":"2016-07-11T06:24:34","slug":"tambien-fui-e-g-b","status":"publish","type":"post","link":"https:\/\/iicolumnas.es\/index.php\/antano-maricastano\/2016\/07\/07\/tambien-fui-e-g-b\/","title":{"rendered":"Yo tambi\u00e9n fui a E.G.B."},"content":{"rendered":"<p style=\"text-align: justify;\">As\u00ed de contentos y concentrados pos\u00e1bamos en el porche del colegio, y no era para menos, ya est\u00e1bamos en 2\u00ba de E.G.B y eso no era moco de pavo.<\/p>\n<p style=\"text-align: justify;\">Nuestra tutora, por aquel entonces era Do\u00f1a Matilde, de la cual guardamos buenos recuerdos.<\/p>\n<p style=\"text-align: justify;\">Aunque creo que se nos conoce bastante bien, recordaremos los nombres para los m\u00e1s despistados, en la fila de arriba de izqda. a dcha. M\u00f3nica M., Isidoro, Ana Bel\u00e9n, Roberto, Ana Luz, Alfredo y Cristina. En la fila de abajo M\u00f3nica C., Juan Alberto y Mari Carmen.<\/p>\n<p><img loading=\"lazy\" decoding=\"async\" class=\"aligncenter size-full wp-image-4675\" src=\"https:\/\/iicolumnas.es\/wp-content\/uploads\/2016\/07\/colegio.jpg\" alt=\"colegio\" width=\"800\" height=\"541\" srcset=\"https:\/\/iicolumnas.es\/wp-content\/uploads\/2016\/07\/colegio.jpg 800w, https:\/\/iicolumnas.es\/wp-content\/uploads\/2016\/07\/colegio-300x203.jpg 300w\" sizes=\"auto, (max-width: 800px) 100vw, 800px\" \/><\/p>\n","protected":false},"excerpt":{"rendered":"<p>As\u00ed de contentos y concentrados pos\u00e1bamos en el porche del colegio, y no era para menos, ya est\u00e1bamos en 2\u00ba de E.G.B y eso no era moco de pavo. Nuestra tutora, por aquel entonces&#46;&#46;&#46;<\/p>\n","protected":false},"author":16,"featured_media":4675,"comment_status":"open","ping_status":"open","sticky":false,"template":"","format":"standard","meta":{"footnotes":""},"categories":[5],"tags":[18,214,818],"class_list":["post-4674","post","type-post","status-publish","format-standard","has-post-thumbnail","hentry","category-antano-maricastano","tag-antano-maricastano","tag-colegio","tag-egb"],"yoast_head":"<!-- This site is optimized with the Yoast SEO plugin v26.6 - https:\/\/yoast.com\/wordpress\/plugins\/seo\/ -->\n<title>Yo tambi\u00e9n fui a E.G.B. - Dos Columnas<\/title>\n<meta name=\"robots\" content=\"index, follow, max-snippet:-1, max-image-preview:large, max-video-preview:-1\" \/>\n<link rel=\"canonical\" href=\"https:\/\/iicolumnas.es\/index.php\/antano-maricastano\/2016\/07\/07\/tambien-fui-e-g-b\/\" \/>\n<meta property=\"og:locale\" content=\"es_ES\" \/>\n<meta property=\"og:type\" content=\"article\" \/>\n<meta property=\"og:title\" content=\"Yo tambi\u00e9n fui a E.G.B. - Dos Columnas\" \/>\n<meta property=\"og:description\" content=\"As\u00ed de contentos y concentrados pos\u00e1bamos en el porche del colegio, y no era para menos, ya est\u00e1bamos en 2\u00ba de E.G.B y eso no era moco de pavo. Nuestra tutora, por aquel entonces&#046;&#046;&#046;\" \/>\n<meta property=\"og:url\" content=\"https:\/\/iicolumnas.es\/index.php\/antano-maricastano\/2016\/07\/07\/tambien-fui-e-g-b\/\" \/>\n<meta property=\"og:site_name\" content=\"Dos Columnas\" \/>\n<meta property=\"article:publisher\" content=\"https:\/\/www.facebook.com\/iicolumnas\/\" \/>\n<meta property=\"article:published_time\" content=\"2016-07-07T16:14:52+00:00\" \/>\n<meta property=\"article:modified_time\" content=\"2016-07-11T06:24:34+00:00\" \/>\n<meta property=\"og:image\" content=\"https:\/\/iicolumnas.es\/wp-content\/uploads\/2016\/07\/colegio.jpg\" \/>\n\t<meta property=\"og:image:width\" content=\"800\" \/>\n\t<meta property=\"og:image:height\" content=\"541\" \/>\n\t<meta property=\"og:image:type\" content=\"image\/jpeg\" \/>\n<meta name=\"author\" content=\"Maria del Carmen Marcos\" \/>\n<meta name=\"twitter:card\" content=\"summary_large_image\" \/>\n<meta name=\"twitter:creator\" content=\"@iicolumnas\" \/>\n<meta name=\"twitter:site\" content=\"@iicolumnas\" \/>\n<meta name=\"twitter:label1\" content=\"Escrito por\" \/>\n\t<meta name=\"twitter:data1\" content=\"Maria del Carmen Marcos\" \/>\n<script type=\"application\/ld+json\" class=\"yoast-schema-graph\">{\"@context\":\"https:\/\/schema.org\",\"@graph\":[{\"@type\":\"WebPage\",\"@id\":\"https:\/\/iicolumnas.es\/index.php\/antano-maricastano\/2016\/07\/07\/tambien-fui-e-g-b\/\",\"url\":\"https:\/\/iicolumnas.es\/index.php\/antano-maricastano\/2016\/07\/07\/tambien-fui-e-g-b\/\",\"name\":\"Yo tambi\u00e9n fui a E.G.B. - Dos Columnas\",\"isPartOf\":{\"@id\":\"https:\/\/iicolumnas.es\/#website\"},\"primaryImageOfPage\":{\"@id\":\"https:\/\/iicolumnas.es\/index.php\/antano-maricastano\/2016\/07\/07\/tambien-fui-e-g-b\/#primaryimage\"},\"image\":{\"@id\":\"https:\/\/iicolumnas.es\/index.php\/antano-maricastano\/2016\/07\/07\/tambien-fui-e-g-b\/#primaryimage\"},\"thumbnailUrl\":\"https:\/\/iicolumnas.es\/wp-content\/uploads\/2016\/07\/colegio.jpg\",\"datePublished\":\"2016-07-07T16:14:52+00:00\",\"dateModified\":\"2016-07-11T06:24:34+00:00\",\"author\":{\"@id\":\"https:\/\/iicolumnas.es\/#\/schema\/person\/4615c6d73ea512518e9b0afe7e5a55fe\"},\"breadcrumb\":{\"@id\":\"https:\/\/iicolumnas.es\/index.php\/antano-maricastano\/2016\/07\/07\/tambien-fui-e-g-b\/#breadcrumb\"},\"inLanguage\":\"es\",\"potentialAction\":[{\"@type\":\"ReadAction\",\"target\":[\"https:\/\/iicolumnas.es\/index.php\/antano-maricastano\/2016\/07\/07\/tambien-fui-e-g-b\/\"]}]},{\"@type\":\"ImageObject\",\"inLanguage\":\"es\",\"@id\":\"https:\/\/iicolumnas.es\/index.php\/antano-maricastano\/2016\/07\/07\/tambien-fui-e-g-b\/#primaryimage\",\"url\":\"https:\/\/iicolumnas.es\/wp-content\/uploads\/2016\/07\/colegio.jpg\",\"contentUrl\":\"https:\/\/iicolumnas.es\/wp-content\/uploads\/2016\/07\/colegio.jpg\",\"width\":\"800\",\"height\":\"541\"},{\"@type\":\"BreadcrumbList\",\"@id\":\"https:\/\/iicolumnas.es\/index.php\/antano-maricastano\/2016\/07\/07\/tambien-fui-e-g-b\/#breadcrumb\",\"itemListElement\":[{\"@type\":\"ListItem\",\"position\":1,\"name\":\"Portada\",\"item\":\"https:\/\/iicolumnas.es\/\"},{\"@type\":\"ListItem\",\"position\":2,\"name\":\"Anta\u00f1o Maricasta\u00f1o\",\"item\":\"https:\/\/iicolumnas.es\/index.php\/category\/antano-maricastano\/\"},{\"@type\":\"ListItem\",\"position\":3,\"name\":\"Yo tambi\u00e9n fui a E.G.B.\"}]},{\"@type\":\"WebSite\",\"@id\":\"https:\/\/iicolumnas.es\/#website\",\"url\":\"https:\/\/iicolumnas.es\/\",\"name\":\"Dos Columnas\",\"description\":\"El peri\u00f3dico de la villa de Cantalpino\",\"potentialAction\":[{\"@type\":\"SearchAction\",\"target\":{\"@type\":\"EntryPoint\",\"urlTemplate\":\"https:\/\/iicolumnas.es\/?s={search_term_string}\"},\"query-input\":{\"@type\":\"PropertyValueSpecification\",\"valueRequired\":true,\"valueName\":\"search_term_string\"}}],\"inLanguage\":\"es\"},{\"@type\":\"Person\",\"@id\":\"https:\/\/iicolumnas.es\/#\/schema\/person\/4615c6d73ea512518e9b0afe7e5a55fe\",\"name\":\"Maria del Carmen Marcos\",\"image\":{\"@type\":\"ImageObject\",\"inLanguage\":\"es\",\"@id\":\"https:\/\/iicolumnas.es\/#\/schema\/person\/image\/\",\"url\":\"https:\/\/secure.gravatar.com\/avatar\/6bb31f2a98e49cf806bb718ce98ef8824b43eaf70032ed926f12b9b7e787b3ee?s=96&d=mm&r=g\",\"contentUrl\":\"https:\/\/secure.gravatar.com\/avatar\/6bb31f2a98e49cf806bb718ce98ef8824b43eaf70032ed926f12b9b7e787b3ee?s=96&d=mm&r=g\",\"caption\":\"Maria del Carmen Marcos\"}}]}<\/script>\n<!-- \/ Yoast SEO plugin. -->","yoast_head_json":{"title":"Yo tambi\u00e9n fui a E.G.B. - Dos Columnas","robots":{"index":"index","follow":"follow","max-snippet":"max-snippet:-1","max-image-preview":"max-image-preview:large","max-video-preview":"max-video-preview:-1"},"canonical":"https:\/\/iicolumnas.es\/index.php\/antano-maricastano\/2016\/07\/07\/tambien-fui-e-g-b\/","og_locale":"es_ES","og_type":"article","og_title":"Yo tambi\u00e9n fui a E.G.B. - Dos Columnas","og_description":"As\u00ed de contentos y concentrados pos\u00e1bamos en el porche del colegio, y no era para menos, ya est\u00e1bamos en 2\u00ba de E.G.B y eso no era moco de pavo. Nuestra tutora, por aquel entonces&#46;&#46;&#46;","og_url":"https:\/\/iicolumnas.es\/index.php\/antano-maricastano\/2016\/07\/07\/tambien-fui-e-g-b\/","og_site_name":"Dos Columnas","article_publisher":"https:\/\/www.facebook.com\/iicolumnas\/","article_published_time":"2016-07-07T16:14:52+00:00","article_modified_time":"2016-07-11T06:24:34+00:00","og_image":[{"width":800,"height":541,"url":"https:\/\/iicolumnas.es\/wp-content\/uploads\/2016\/07\/colegio.jpg","type":"image\/jpeg"}],"author":"Maria del Carmen Marcos","twitter_card":"summary_large_image","twitter_creator":"@iicolumnas","twitter_site":"@iicolumnas","twitter_misc":{"Escrito por":"Maria del Carmen Marcos"},"schema":{"@context":"https:\/\/schema.org","@graph":[{"@type":"WebPage","@id":"https:\/\/iicolumnas.es\/index.php\/antano-maricastano\/2016\/07\/07\/tambien-fui-e-g-b\/","url":"https:\/\/iicolumnas.es\/index.php\/antano-maricastano\/2016\/07\/07\/tambien-fui-e-g-b\/","name":"Yo tambi\u00e9n fui a E.G.B. - Dos Columnas","isPartOf":{"@id":"https:\/\/iicolumnas.es\/#website"},"primaryImageOfPage":{"@id":"https:\/\/iicolumnas.es\/index.php\/antano-maricastano\/2016\/07\/07\/tambien-fui-e-g-b\/#primaryimage"},"image":{"@id":"https:\/\/iicolumnas.es\/index.php\/antano-maricastano\/2016\/07\/07\/tambien-fui-e-g-b\/#primaryimage"},"thumbnailUrl":"https:\/\/iicolumnas.es\/wp-content\/uploads\/2016\/07\/colegio.jpg","datePublished":"2016-07-07T16:14:52+00:00","dateModified":"2016-07-11T06:24:34+00:00","author":{"@id":"https:\/\/iicolumnas.es\/#\/schema\/person\/4615c6d73ea512518e9b0afe7e5a55fe"},"breadcrumb":{"@id":"https:\/\/iicolumnas.es\/index.php\/antano-maricastano\/2016\/07\/07\/tambien-fui-e-g-b\/#breadcrumb"},"inLanguage":"es","potentialAction":[{"@type":"ReadAction","target":["https:\/\/iicolumnas.es\/index.php\/antano-maricastano\/2016\/07\/07\/tambien-fui-e-g-b\/"]}]},{"@type":"ImageObject","inLanguage":"es","@id":"https:\/\/iicolumnas.es\/index.php\/antano-maricastano\/2016\/07\/07\/tambien-fui-e-g-b\/#primaryimage","url":"https:\/\/iicolumnas.es\/wp-content\/uploads\/2016\/07\/colegio.jpg","contentUrl":"https:\/\/iicolumnas.es\/wp-content\/uploads\/2016\/07\/colegio.jpg","width":"800","height":"541"},{"@type":"BreadcrumbList","@id":"https:\/\/iicolumnas.es\/index.php\/antano-maricastano\/2016\/07\/07\/tambien-fui-e-g-b\/#breadcrumb","itemListElement":[{"@type":"ListItem","position":1,"name":"Portada","item":"https:\/\/iicolumnas.es\/"},{"@type":"ListItem","position":2,"name":"Anta\u00f1o Maricasta\u00f1o","item":"https:\/\/iicolumnas.es\/index.php\/category\/antano-maricastano\/"},{"@type":"ListItem","position":3,"name":"Yo tambi\u00e9n fui a E.G.B."}]},{"@type":"WebSite","@id":"https:\/\/iicolumnas.es\/#website","url":"https:\/\/iicolumnas.es\/","name":"Dos Columnas","description":"El peri\u00f3dico de la villa de Cantalpino","potentialAction":[{"@type":"SearchAction","target":{"@type":"EntryPoint","urlTemplate":"https:\/\/iicolumnas.es\/?s={search_term_string}"},"query-input":{"@type":"PropertyValueSpecification","valueRequired":true,"valueName":"search_term_string"}}],"inLanguage":"es"},{"@type":"Person","@id":"https:\/\/iicolumnas.es\/#\/schema\/person\/4615c6d73ea512518e9b0afe7e5a55fe","name":"Maria del Carmen Marcos","image":{"@type":"ImageObject","inLanguage":"es","@id":"https:\/\/iicolumnas.es\/#\/schema\/person\/image\/","url":"https:\/\/secure.gravatar.com\/avatar\/6bb31f2a98e49cf806bb718ce98ef8824b43eaf70032ed926f12b9b7e787b3ee?s=96&d=mm&r=g","contentUrl":"https:\/\/secure.gravatar.com\/avatar\/6bb31f2a98e49cf806bb718ce98ef8824b43eaf70032ed926f12b9b7e787b3ee?s=96&d=mm&r=g","caption":"Maria del Carmen Marcos"}}]}},"_links":{"self":[{"href":"https:\/\/iicolumnas.es\/index.php\/wp-json\/wp\/v2\/posts\/4674","targetHints":{"allow":["GET"]}}],"collection":[{"href":"https:\/\/iicolumnas.es\/index.php\/wp-json\/wp\/v2\/posts"}],"about":[{"href":"https:\/\/iicolumnas.es\/index.php\/wp-json\/wp\/v2\/types\/post"}],"author":[{"embeddable":true,"href":"https:\/\/iicolumnas.es\/index.php\/wp-json\/wp\/v2\/users\/16"}],"replies":[{"embeddable":true,"href":"https:\/\/iicolumnas.es\/index.php\/wp-json\/wp\/v2\/comments?post=4674"}],"version-history":[{"count":0,"href":"https:\/\/iicolumnas.es\/index.php\/wp-json\/wp\/v2\/posts\/4674\/revisions"}],"wp:featuredmedia":[{"embeddable":true,"href":"https:\/\/iicolumnas.es\/index.php\/wp-json\/wp\/v2\/media\/4675"}],"wp:attachment":[{"href":"https:\/\/iicolumnas.es\/index.php\/wp-json\/wp\/v2\/media?parent=4674"}],"wp:term":[{"taxonomy":"category","embeddable":true,"href":"https:\/\/iicolumnas.es\/index.php\/wp-json\/wp\/v2\/categories?post=4674"},{"taxonomy":"post_tag","embeddable":true,"href":"https:\/\/iicolumnas.es\/index.php\/wp-json\/wp\/v2\/tags?post=4674"}],"curies":[{"name":"wp","href":"https:\/\/api.w.org\/{rel}","templated":true}]}}