{"id":4661,"date":"2016-07-06T16:06:44","date_gmt":"2016-07-06T16:06:44","guid":{"rendered":"https:\/\/iicolumnas.es\/?p=4661"},"modified":"2016-07-11T06:22:38","modified_gmt":"2016-07-11T06:22:38","slug":"se-abre-plazo-inscribirse-los-cursos-natacion","status":"publish","type":"post","link":"https:\/\/iicolumnas.es\/index.php\/actualidad\/2016\/07\/06\/se-abre-plazo-inscribirse-los-cursos-natacion\/","title":{"rendered":"Se abre el plazo de inscripciones para los cursos de nataci\u00f3n"},"content":{"rendered":"<p style=\"text-align: justify;\">Hoy se abre\u00a0el plazo para las inscripciones de\u00a0los cursos de nataci\u00f3n que se impartir\u00e1n en las Piscinas Municipales, dichas inscripciones se realizar\u00e1n en las taquillas de las piscinas hasta el 16 de julio. Hay tres modalidades de cursos: curso de iniciaci\u00f3n, curso de perfeccionamiento y curso para adultos, el precio ser\u00e1 de 20\u20ac del cual se abonar\u00e1 el 50% al realizar la inscripci\u00f3n. A continuaci\u00f3n les ponemos la informaci\u00f3n aportada por los dos socorristas encargados de impartir los cursos.<\/p>\n<p style=\"text-align: justify;\"><em>En esta nueva temporada de piscina, los cursos de nataci\u00f3n 2016 ir\u00e1n dirigidos desde los m\u00e1s peque\u00f1os (a partir de los 3 a\u00f1os) hasta los m\u00e1s mayores. Buscamos que en la etapa de iniciaci\u00f3n se pierda el miedo al agua jugando o con implementos acu\u00e1ticos (churros, tablas, manguitos&#8230;) y que sean capaces de sumergir tambi\u00e9n la cabeza, ya que para los m\u00e1s peques es algo muy costoso.<\/em><\/p>\n<p style=\"text-align: justify;\"><em>En los cursos de perfeccionamiento buscamos que empiecen a ser independientes en el agua, es decir, sin material auxiliar y comenzar a corregir errores en la t\u00e9cnica de nado en estilo croll y braza, todo ello sin olvidarnos de que se har\u00e1 con tareas de juego\u00a0en la mayor\u00eda de las veces, porque\u00a0est\u00e1 demostrado que es como mejor se aprende.<\/em><\/p>\n<p style=\"text-align: justify;\"><em>En el caso de los cursos para adultos, estar\u00e1n destinados a ayudar a superar esas \u00abfobias\u00bb al agua que tienen desde peque\u00f1os y tambi\u00e9n a perfeccionar el estilo de nado.<\/em><\/p>\n<p style=\"text-align: justify;\"><em>Las fechas de los cursos a\u00fan est\u00e1n por decidirse, ya que en primer lugar queremos saber de cuantos ni\u00f1os disponemos para hacer los grupos y repartir los horarios. Una vez cerradas las inscripciones, nos pondremos manos a la obra para tener los grupos y horarios lo antes posible. Para apuntarse lo podr\u00e1n hacer en la taquilla de las piscinas municipales y si hay alguna duda consultar con los socorristas.<\/em><\/p>\n<p style=\"text-align: justify;\"><em>Ana y Ernesto, socorristas de las Piscinas Municipales de Cantalpino.<\/em><\/p>\n<p style=\"text-align: justify;\"><img loading=\"lazy\" decoding=\"async\" class=\"aligncenter size-full wp-image-4614\" src=\"https:\/\/iicolumnas.es\/wp-content\/uploads\/2016\/07\/natacion.jpeg\" alt=\"natacion\" width=\"800\" height=\"568\" srcset=\"https:\/\/iicolumnas.es\/wp-content\/uploads\/2016\/07\/natacion.jpeg 800w, https:\/\/iicolumnas.es\/wp-content\/uploads\/2016\/07\/natacion-300x213.jpeg 300w\" sizes=\"auto, (max-width: 800px) 100vw, 800px\" \/><\/p>\n","protected":false},"excerpt":{"rendered":"<p>Hoy se abre\u00a0el plazo para las inscripciones de\u00a0los cursos de nataci\u00f3n que se impartir\u00e1n en las Piscinas Municipales, dichas inscripciones se realizar\u00e1n en las taquillas de las piscinas hasta el 16 de julio. Hay&#46;&#46;&#46;<\/p>\n","protected":false},"author":11,"featured_media":4614,"comment_status":"open","ping_status":"open","sticky":false,"template":"","format":"standard","meta":{"footnotes":""},"categories":[1,203],"tags":[817,364,819],"class_list":["post-4661","post","type-post","status-publish","format-standard","has-post-thumbnail","hentry","category-actualidad","category-tablon-de-anuncios","tag-cursos-natacion","tag-piscinas","tag-socorristas"],"yoast_head":"<!-- This site is optimized with the Yoast SEO plugin v26.6 - https:\/\/yoast.com\/wordpress\/plugins\/seo\/ -->\n<title>Se abre el plazo de inscripciones para los cursos de nataci\u00f3n - Dos Columnas<\/title>\n<meta name=\"robots\" content=\"index, follow, max-snippet:-1, max-image-preview:large, max-video-preview:-1\" \/>\n<link rel=\"canonical\" href=\"https:\/\/iicolumnas.es\/index.php\/actualidad\/2016\/07\/06\/se-abre-plazo-inscribirse-los-cursos-natacion\/\" \/>\n<meta property=\"og:locale\" content=\"es_ES\" \/>\n<meta property=\"og:type\" content=\"article\" \/>\n<meta property=\"og:title\" content=\"Se abre el plazo de inscripciones para los cursos de nataci\u00f3n - Dos Columnas\" \/>\n<meta property=\"og:description\" content=\"Hoy se abre\u00a0el plazo para las inscripciones de\u00a0los cursos de nataci\u00f3n que se impartir\u00e1n en las Piscinas Municipales, dichas inscripciones se realizar\u00e1n en las taquillas de las piscinas hasta el 16 de julio. Hay&#046;&#046;&#046;\" \/>\n<meta property=\"og:url\" content=\"https:\/\/iicolumnas.es\/index.php\/actualidad\/2016\/07\/06\/se-abre-plazo-inscribirse-los-cursos-natacion\/\" \/>\n<meta property=\"og:site_name\" content=\"Dos Columnas\" \/>\n<meta property=\"article:publisher\" content=\"https:\/\/www.facebook.com\/iicolumnas\/\" \/>\n<meta property=\"article:published_time\" content=\"2016-07-06T16:06:44+00:00\" \/>\n<meta property=\"article:modified_time\" content=\"2016-07-11T06:22:38+00:00\" \/>\n<meta property=\"og:image\" content=\"https:\/\/iicolumnas.es\/wp-content\/uploads\/2016\/07\/natacion.jpeg\" \/>\n\t<meta property=\"og:image:width\" content=\"800\" \/>\n\t<meta property=\"og:image:height\" content=\"568\" \/>\n\t<meta property=\"og:image:type\" content=\"image\/jpeg\" \/>\n<meta name=\"author\" content=\"Elisabeth Herrero\" \/>\n<meta name=\"twitter:card\" content=\"summary_large_image\" \/>\n<meta name=\"twitter:creator\" content=\"@iicolumnas\" \/>\n<meta name=\"twitter:site\" content=\"@iicolumnas\" \/>\n<meta name=\"twitter:label1\" content=\"Escrito por\" \/>\n\t<meta name=\"twitter:data1\" content=\"Elisabeth Herrero\" \/>\n\t<meta name=\"twitter:label2\" content=\"Tiempo de lectura\" \/>\n\t<meta name=\"twitter:data2\" content=\"2 minutos\" \/>\n<script type=\"application\/ld+json\" class=\"yoast-schema-graph\">{\"@context\":\"https:\/\/schema.org\",\"@graph\":[{\"@type\":\"WebPage\",\"@id\":\"https:\/\/iicolumnas.es\/index.php\/actualidad\/2016\/07\/06\/se-abre-plazo-inscribirse-los-cursos-natacion\/\",\"url\":\"https:\/\/iicolumnas.es\/index.php\/actualidad\/2016\/07\/06\/se-abre-plazo-inscribirse-los-cursos-natacion\/\",\"name\":\"Se abre el plazo de inscripciones para los cursos de nataci\u00f3n - Dos Columnas\",\"isPartOf\":{\"@id\":\"https:\/\/iicolumnas.es\/#website\"},\"primaryImageOfPage\":{\"@id\":\"https:\/\/iicolumnas.es\/index.php\/actualidad\/2016\/07\/06\/se-abre-plazo-inscribirse-los-cursos-natacion\/#primaryimage\"},\"image\":{\"@id\":\"https:\/\/iicolumnas.es\/index.php\/actualidad\/2016\/07\/06\/se-abre-plazo-inscribirse-los-cursos-natacion\/#primaryimage\"},\"thumbnailUrl\":\"https:\/\/iicolumnas.es\/wp-content\/uploads\/2016\/07\/natacion.jpeg\",\"datePublished\":\"2016-07-06T16:06:44+00:00\",\"dateModified\":\"2016-07-11T06:22:38+00:00\",\"author\":{\"@id\":\"https:\/\/iicolumnas.es\/#\/schema\/person\/a7ff663470be5c4a58b4056144602608\"},\"breadcrumb\":{\"@id\":\"https:\/\/iicolumnas.es\/index.php\/actualidad\/2016\/07\/06\/se-abre-plazo-inscribirse-los-cursos-natacion\/#breadcrumb\"},\"inLanguage\":\"es\",\"potentialAction\":[{\"@type\":\"ReadAction\",\"target\":[\"https:\/\/iicolumnas.es\/index.php\/actualidad\/2016\/07\/06\/se-abre-plazo-inscribirse-los-cursos-natacion\/\"]}]},{\"@type\":\"ImageObject\",\"inLanguage\":\"es\",\"@id\":\"https:\/\/iicolumnas.es\/index.php\/actualidad\/2016\/07\/06\/se-abre-plazo-inscribirse-los-cursos-natacion\/#primaryimage\",\"url\":\"https:\/\/iicolumnas.es\/wp-content\/uploads\/2016\/07\/natacion.jpeg\",\"contentUrl\":\"https:\/\/iicolumnas.es\/wp-content\/uploads\/2016\/07\/natacion.jpeg\",\"width\":\"800\",\"height\":\"568\"},{\"@type\":\"BreadcrumbList\",\"@id\":\"https:\/\/iicolumnas.es\/index.php\/actualidad\/2016\/07\/06\/se-abre-plazo-inscribirse-los-cursos-natacion\/#breadcrumb\",\"itemListElement\":[{\"@type\":\"ListItem\",\"position\":1,\"name\":\"Portada\",\"item\":\"https:\/\/iicolumnas.es\/\"},{\"@type\":\"ListItem\",\"position\":2,\"name\":\"Actualidad\",\"item\":\"https:\/\/iicolumnas.es\/index.php\/category\/actualidad\/\"},{\"@type\":\"ListItem\",\"position\":3,\"name\":\"Se abre el plazo de inscripciones para los cursos de nataci\u00f3n\"}]},{\"@type\":\"WebSite\",\"@id\":\"https:\/\/iicolumnas.es\/#website\",\"url\":\"https:\/\/iicolumnas.es\/\",\"name\":\"Dos Columnas\",\"description\":\"El peri\u00f3dico de la villa de Cantalpino\",\"potentialAction\":[{\"@type\":\"SearchAction\",\"target\":{\"@type\":\"EntryPoint\",\"urlTemplate\":\"https:\/\/iicolumnas.es\/?s={search_term_string}\"},\"query-input\":{\"@type\":\"PropertyValueSpecification\",\"valueRequired\":true,\"valueName\":\"search_term_string\"}}],\"inLanguage\":\"es\"},{\"@type\":\"Person\",\"@id\":\"https:\/\/iicolumnas.es\/#\/schema\/person\/a7ff663470be5c4a58b4056144602608\",\"name\":\"Elisabeth Herrero\",\"image\":{\"@type\":\"ImageObject\",\"inLanguage\":\"es\",\"@id\":\"https:\/\/iicolumnas.es\/#\/schema\/person\/image\/\",\"url\":\"https:\/\/secure.gravatar.com\/avatar\/940d2d17ae8f8dbc80e004b6d5cf732529898723a62eb676e66b87e474e93db4?s=96&d=mm&r=g\",\"contentUrl\":\"https:\/\/secure.gravatar.com\/avatar\/940d2d17ae8f8dbc80e004b6d5cf732529898723a62eb676e66b87e474e93db4?s=96&d=mm&r=g\",\"caption\":\"Elisabeth Herrero\"}}]}<\/script>\n<!-- \/ Yoast SEO plugin. -->","yoast_head_json":{"title":"Se abre el plazo de inscripciones para los cursos de nataci\u00f3n - Dos Columnas","robots":{"index":"index","follow":"follow","max-snippet":"max-snippet:-1","max-image-preview":"max-image-preview:large","max-video-preview":"max-video-preview:-1"},"canonical":"https:\/\/iicolumnas.es\/index.php\/actualidad\/2016\/07\/06\/se-abre-plazo-inscribirse-los-cursos-natacion\/","og_locale":"es_ES","og_type":"article","og_title":"Se abre el plazo de inscripciones para los cursos de nataci\u00f3n - Dos Columnas","og_description":"Hoy se abre\u00a0el plazo para las inscripciones de\u00a0los cursos de nataci\u00f3n que se impartir\u00e1n en las Piscinas Municipales, dichas inscripciones se realizar\u00e1n en las taquillas de las piscinas hasta el 16 de julio. Hay&#46;&#46;&#46;","og_url":"https:\/\/iicolumnas.es\/index.php\/actualidad\/2016\/07\/06\/se-abre-plazo-inscribirse-los-cursos-natacion\/","og_site_name":"Dos Columnas","article_publisher":"https:\/\/www.facebook.com\/iicolumnas\/","article_published_time":"2016-07-06T16:06:44+00:00","article_modified_time":"2016-07-11T06:22:38+00:00","og_image":[{"width":800,"height":568,"url":"https:\/\/iicolumnas.es\/wp-content\/uploads\/2016\/07\/natacion.jpeg","type":"image\/jpeg"}],"author":"Elisabeth Herrero","twitter_card":"summary_large_image","twitter_creator":"@iicolumnas","twitter_site":"@iicolumnas","twitter_misc":{"Escrito por":"Elisabeth Herrero","Tiempo de lectura":"2 minutos"},"schema":{"@context":"https:\/\/schema.org","@graph":[{"@type":"WebPage","@id":"https:\/\/iicolumnas.es\/index.php\/actualidad\/2016\/07\/06\/se-abre-plazo-inscribirse-los-cursos-natacion\/","url":"https:\/\/iicolumnas.es\/index.php\/actualidad\/2016\/07\/06\/se-abre-plazo-inscribirse-los-cursos-natacion\/","name":"Se abre el plazo de inscripciones para los cursos de nataci\u00f3n - Dos Columnas","isPartOf":{"@id":"https:\/\/iicolumnas.es\/#website"},"primaryImageOfPage":{"@id":"https:\/\/iicolumnas.es\/index.php\/actualidad\/2016\/07\/06\/se-abre-plazo-inscribirse-los-cursos-natacion\/#primaryimage"},"image":{"@id":"https:\/\/iicolumnas.es\/index.php\/actualidad\/2016\/07\/06\/se-abre-plazo-inscribirse-los-cursos-natacion\/#primaryimage"},"thumbnailUrl":"https:\/\/iicolumnas.es\/wp-content\/uploads\/2016\/07\/natacion.jpeg","datePublished":"2016-07-06T16:06:44+00:00","dateModified":"2016-07-11T06:22:38+00:00","author":{"@id":"https:\/\/iicolumnas.es\/#\/schema\/person\/a7ff663470be5c4a58b4056144602608"},"breadcrumb":{"@id":"https:\/\/iicolumnas.es\/index.php\/actualidad\/2016\/07\/06\/se-abre-plazo-inscribirse-los-cursos-natacion\/#breadcrumb"},"inLanguage":"es","potentialAction":[{"@type":"ReadAction","target":["https:\/\/iicolumnas.es\/index.php\/actualidad\/2016\/07\/06\/se-abre-plazo-inscribirse-los-cursos-natacion\/"]}]},{"@type":"ImageObject","inLanguage":"es","@id":"https:\/\/iicolumnas.es\/index.php\/actualidad\/2016\/07\/06\/se-abre-plazo-inscribirse-los-cursos-natacion\/#primaryimage","url":"https:\/\/iicolumnas.es\/wp-content\/uploads\/2016\/07\/natacion.jpeg","contentUrl":"https:\/\/iicolumnas.es\/wp-content\/uploads\/2016\/07\/natacion.jpeg","width":"800","height":"568"},{"@type":"BreadcrumbList","@id":"https:\/\/iicolumnas.es\/index.php\/actualidad\/2016\/07\/06\/se-abre-plazo-inscribirse-los-cursos-natacion\/#breadcrumb","itemListElement":[{"@type":"ListItem","position":1,"name":"Portada","item":"https:\/\/iicolumnas.es\/"},{"@type":"ListItem","position":2,"name":"Actualidad","item":"https:\/\/iicolumnas.es\/index.php\/category\/actualidad\/"},{"@type":"ListItem","position":3,"name":"Se abre el plazo de inscripciones para los cursos de nataci\u00f3n"}]},{"@type":"WebSite","@id":"https:\/\/iicolumnas.es\/#website","url":"https:\/\/iicolumnas.es\/","name":"Dos Columnas","description":"El peri\u00f3dico de la villa de Cantalpino","potentialAction":[{"@type":"SearchAction","target":{"@type":"EntryPoint","urlTemplate":"https:\/\/iicolumnas.es\/?s={search_term_string}"},"query-input":{"@type":"PropertyValueSpecification","valueRequired":true,"valueName":"search_term_string"}}],"inLanguage":"es"},{"@type":"Person","@id":"https:\/\/iicolumnas.es\/#\/schema\/person\/a7ff663470be5c4a58b4056144602608","name":"Elisabeth Herrero","image":{"@type":"ImageObject","inLanguage":"es","@id":"https:\/\/iicolumnas.es\/#\/schema\/person\/image\/","url":"https:\/\/secure.gravatar.com\/avatar\/940d2d17ae8f8dbc80e004b6d5cf732529898723a62eb676e66b87e474e93db4?s=96&d=mm&r=g","contentUrl":"https:\/\/secure.gravatar.com\/avatar\/940d2d17ae8f8dbc80e004b6d5cf732529898723a62eb676e66b87e474e93db4?s=96&d=mm&r=g","caption":"Elisabeth Herrero"}}]}},"_links":{"self":[{"href":"https:\/\/iicolumnas.es\/index.php\/wp-json\/wp\/v2\/posts\/4661","targetHints":{"allow":["GET"]}}],"collection":[{"href":"https:\/\/iicolumnas.es\/index.php\/wp-json\/wp\/v2\/posts"}],"about":[{"href":"https:\/\/iicolumnas.es\/index.php\/wp-json\/wp\/v2\/types\/post"}],"author":[{"embeddable":true,"href":"https:\/\/iicolumnas.es\/index.php\/wp-json\/wp\/v2\/users\/11"}],"replies":[{"embeddable":true,"href":"https:\/\/iicolumnas.es\/index.php\/wp-json\/wp\/v2\/comments?post=4661"}],"version-history":[{"count":0,"href":"https:\/\/iicolumnas.es\/index.php\/wp-json\/wp\/v2\/posts\/4661\/revisions"}],"wp:featuredmedia":[{"embeddable":true,"href":"https:\/\/iicolumnas.es\/index.php\/wp-json\/wp\/v2\/media\/4614"}],"wp:attachment":[{"href":"https:\/\/iicolumnas.es\/index.php\/wp-json\/wp\/v2\/media?parent=4661"}],"wp:term":[{"taxonomy":"category","embeddable":true,"href":"https:\/\/iicolumnas.es\/index.php\/wp-json\/wp\/v2\/categories?post=4661"},{"taxonomy":"post_tag","embeddable":true,"href":"https:\/\/iicolumnas.es\/index.php\/wp-json\/wp\/v2\/tags?post=4661"}],"curies":[{"name":"wp","href":"https:\/\/api.w.org\/{rel}","templated":true}]}}