{"id":4640,"date":"2016-07-06T15:10:52","date_gmt":"2016-07-06T15:10:52","guid":{"rendered":"https:\/\/iicolumnas.es\/?p=4640"},"modified":"2016-07-11T06:20:27","modified_gmt":"2016-07-11T06:20:27","slug":"una-fuerte-tormenta-provoca-apagon-suministro-electrico-cantalpino","status":"publish","type":"post","link":"https:\/\/iicolumnas.es\/index.php\/actualidad\/2016\/07\/06\/una-fuerte-tormenta-provoca-apagon-suministro-electrico-cantalpino\/","title":{"rendered":"Una fuerte tormenta provoca un apag\u00f3n en el suministro el\u00e9ctrico de Cantalpino"},"content":{"rendered":"<div id=\"attachment_4641\" style=\"width: 478px\" class=\"wp-caption alignleft\"><img loading=\"lazy\" decoding=\"async\" aria-describedby=\"caption-attachment-4641\" class=\"wp-image-4641\" src=\"https:\/\/iicolumnas.es\/wp-content\/uploads\/2016\/07\/tormenta-5-de-julio.jpg\" alt=\"tormenta 5 de julio\" width=\"468\" height=\"447\" srcset=\"https:\/\/iicolumnas.es\/wp-content\/uploads\/2016\/07\/tormenta-5-de-julio.jpg 800w, https:\/\/iicolumnas.es\/wp-content\/uploads\/2016\/07\/tormenta-5-de-julio-300x287.jpg 300w\" sizes=\"auto, (max-width: 468px) 100vw, 468px\" \/><p id=\"caption-attachment-4641\" class=\"wp-caption-text\">Los rayos iluminaron el cielo cantalpin\u00e9s<\/p><\/div>\n<p style=\"text-align: justify;\">La tormenta, con abundante aparato el\u00e9ctrico y que comenz\u00f3 a las 23:00 horas aproximadamente, ocasion\u00f3 algunos problemas en el suministro el\u00e9ctrico de la mayor parte del pueblo, no s\u00f3lo en el alumbrado p\u00fablico, tambi\u00e9n en el interior de las viviendas y establecimientos, como bares o comercios.<\/p>\n<p style=\"text-align: justify;\">La descarga que presumiblemente se produjo en alguno de los pararrayos de la localidad, desat\u00f3 un gran estruendo que vino acompa\u00f1ado del apag\u00f3n, que se extendi\u00f3 hasta Arabayona o Poveda. Vecinos de la localidad alertaron al servicio t\u00e9cnico de Iberdrola, devolviendo la luz a la localidad cantalpinesa pasadas las dos de la madrugada.<\/p>\n<p style=\"text-align: justify;\">Para el d\u00eda de hoy, la Agencia Estatal de Meteorolog\u00eda prev\u00e9 cielos despejados durante la ma\u00f1ana aunque a medida que transcurra el d\u00eda se desarrollar\u00e1n tormentas que pueden ser puntualmente muy fuertes y acompa\u00f1adas de granizo, fen\u00f3meno muy temido por los agricultores, sobre todo en la \u00e9poca en la que nos encontramos. Desde la 18:00 horas, se activan avisos por lluvias y tormentas en toda la provincia salmantina as\u00ed como en otros puntos de Castilla y Le\u00f3n y Extremadura.<\/p>\n<div id=\"attachment_4646\" style=\"width: 426px\" class=\"wp-caption alignright\"><img loading=\"lazy\" decoding=\"async\" aria-describedby=\"caption-attachment-4646\" class=\"wp-image-4646\" src=\"https:\/\/iicolumnas.es\/wp-content\/uploads\/2016\/07\/tormenta-5-julio-300x169.jpg\" alt=\"tormenta 5 julio\" width=\"416\" height=\"268\" \/><p id=\"caption-attachment-4646\" class=\"wp-caption-text\">Foto de la Plaza Espa\u00f1a en la pasada noche<\/p><\/div>\n<p style=\"text-align: justify;\">Se da la casualidad que todos los a\u00f1os se producen fen\u00f3menos tormentosos en torno al 3 de julio, fecha que algunos de los lugare\u00f1os apuntan a la festividad de Santa Isabel de Portugal, apodada \u201cla indina\u201d, pues tra\u00eda pedrisco que arrasaba las huertas, no solo las tierras de secano si no tambi\u00e9n las hortalizas que se distribu\u00edan hace d\u00e9cadas por algunos pueblos de la zona.<\/p>\n<p style=\"text-align: justify;\">El pasado a\u00f1o por el mes de mayo, cay\u00f3 un rayo en el este de la localidad ocasionando varios da\u00f1os materiales en ciertas casas de nuestros vecinos, en las que se escuch\u00f3 un enorme estruendo. Pasada la tormenta se valoraron los da\u00f1os y fueron varios los electrodom\u00e9sticos estropeados, as\u00ed como enchufes, bombillas y otros objetos de corriente el\u00e9ctrica que estallaron y se quemaron.<\/p>\n<p style=\"text-align: justify;\">A continuaci\u00f3n, dos im\u00e1genes del 2 de julio de 2014, cuando una tormenta inund\u00f3 tierras y calles del pueblo.<\/p>\n<div id=\"attachment_4643\" style=\"width: 400px\" class=\"wp-caption alignleft\"><img loading=\"lazy\" decoding=\"async\" aria-describedby=\"caption-attachment-4643\" class=\"wp-image-4643\" src=\"https:\/\/iicolumnas.es\/wp-content\/uploads\/2016\/07\/apagon.jpg\" alt=\"IMGP8365\" width=\"390\" height=\"254\" \/><p id=\"caption-attachment-4643\" class=\"wp-caption-text\">Tierras en el camino Villafuerte anegadas de agua (02\/07\/2014)<\/p><\/div>\n<div id=\"attachment_4642\" style=\"width: 398px\" class=\"wp-caption alignright\"><img loading=\"lazy\" decoding=\"async\" aria-describedby=\"caption-attachment-4642\" class=\"wp-image-4642\" src=\"https:\/\/iicolumnas.es\/wp-content\/uploads\/2016\/07\/apagon4.jpg\" alt=\"IMGP8307\" width=\"388\" height=\"260\" srcset=\"https:\/\/iicolumnas.es\/wp-content\/uploads\/2016\/07\/apagon4.jpg 800w, https:\/\/iicolumnas.es\/wp-content\/uploads\/2016\/07\/apagon4-300x201.jpg 300w\" sizes=\"auto, (max-width: 388px) 100vw, 388px\" \/><p id=\"caption-attachment-4642\" class=\"wp-caption-text\">La calle Villaflores se convierti\u00f3 en un r\u00edo (02\/07\/2014)<\/p><\/div>\n<p style=\"text-align: justify;\">\n","protected":false},"excerpt":{"rendered":"<p>La tormenta, con abundante aparato el\u00e9ctrico y que comenz\u00f3 a las 23:00 horas aproximadamente, ocasion\u00f3 algunos problemas en el suministro el\u00e9ctrico de la mayor parte del pueblo, no s\u00f3lo en el alumbrado p\u00fablico, tambi\u00e9n&#46;&#46;&#46;<\/p>\n","protected":false},"author":12,"featured_media":4641,"comment_status":"open","ping_status":"open","sticky":false,"template":"","format":"standard","meta":{"footnotes":""},"categories":[1],"tags":[816,815,814],"class_list":["post-4640","post","type-post","status-publish","format-standard","has-post-thumbnail","hentry","category-actualidad","tag-apagon","tag-rayos","tag-tormenta"],"yoast_head":"<!-- This site is optimized with the Yoast SEO plugin v26.6 - https:\/\/yoast.com\/wordpress\/plugins\/seo\/ -->\n<title>Una fuerte tormenta provoca un apag\u00f3n en el suministro el\u00e9ctrico de Cantalpino - Dos Columnas<\/title>\n<meta name=\"robots\" content=\"index, follow, max-snippet:-1, max-image-preview:large, max-video-preview:-1\" \/>\n<link rel=\"canonical\" href=\"https:\/\/iicolumnas.es\/index.php\/actualidad\/2016\/07\/06\/una-fuerte-tormenta-provoca-apagon-suministro-electrico-cantalpino\/\" \/>\n<meta property=\"og:locale\" content=\"es_ES\" \/>\n<meta property=\"og:type\" content=\"article\" \/>\n<meta property=\"og:title\" content=\"Una fuerte tormenta provoca un apag\u00f3n en el suministro el\u00e9ctrico de Cantalpino - Dos Columnas\" \/>\n<meta property=\"og:description\" content=\"La tormenta, con abundante aparato el\u00e9ctrico y que comenz\u00f3 a las 23:00 horas aproximadamente, ocasion\u00f3 algunos problemas en el suministro el\u00e9ctrico de la mayor parte del pueblo, no s\u00f3lo en el alumbrado p\u00fablico, tambi\u00e9n&#046;&#046;&#046;\" \/>\n<meta property=\"og:url\" content=\"https:\/\/iicolumnas.es\/index.php\/actualidad\/2016\/07\/06\/una-fuerte-tormenta-provoca-apagon-suministro-electrico-cantalpino\/\" \/>\n<meta property=\"og:site_name\" content=\"Dos Columnas\" \/>\n<meta property=\"article:publisher\" content=\"https:\/\/www.facebook.com\/iicolumnas\/\" \/>\n<meta property=\"article:published_time\" content=\"2016-07-06T15:10:52+00:00\" \/>\n<meta property=\"article:modified_time\" content=\"2016-07-11T06:20:27+00:00\" \/>\n<meta property=\"og:image\" content=\"https:\/\/iicolumnas.es\/wp-content\/uploads\/2016\/07\/tormenta-5-de-julio.jpg\" \/>\n\t<meta property=\"og:image:width\" content=\"800\" \/>\n\t<meta property=\"og:image:height\" content=\"764\" \/>\n\t<meta property=\"og:image:type\" content=\"image\/jpeg\" \/>\n<meta name=\"author\" content=\"David Mart\u00edn\" \/>\n<meta name=\"twitter:card\" content=\"summary_large_image\" \/>\n<meta name=\"twitter:creator\" content=\"@iicolumnas\" \/>\n<meta name=\"twitter:site\" content=\"@iicolumnas\" \/>\n<meta name=\"twitter:label1\" content=\"Escrito por\" \/>\n\t<meta name=\"twitter:data1\" content=\"David Mart\u00edn\" \/>\n\t<meta name=\"twitter:label2\" content=\"Tiempo de lectura\" \/>\n\t<meta name=\"twitter:data2\" content=\"2 minutos\" \/>\n<script type=\"application\/ld+json\" class=\"yoast-schema-graph\">{\"@context\":\"https:\/\/schema.org\",\"@graph\":[{\"@type\":\"WebPage\",\"@id\":\"https:\/\/iicolumnas.es\/index.php\/actualidad\/2016\/07\/06\/una-fuerte-tormenta-provoca-apagon-suministro-electrico-cantalpino\/\",\"url\":\"https:\/\/iicolumnas.es\/index.php\/actualidad\/2016\/07\/06\/una-fuerte-tormenta-provoca-apagon-suministro-electrico-cantalpino\/\",\"name\":\"Una fuerte tormenta provoca un apag\u00f3n en el suministro el\u00e9ctrico de Cantalpino - Dos Columnas\",\"isPartOf\":{\"@id\":\"https:\/\/iicolumnas.es\/#website\"},\"primaryImageOfPage\":{\"@id\":\"https:\/\/iicolumnas.es\/index.php\/actualidad\/2016\/07\/06\/una-fuerte-tormenta-provoca-apagon-suministro-electrico-cantalpino\/#primaryimage\"},\"image\":{\"@id\":\"https:\/\/iicolumnas.es\/index.php\/actualidad\/2016\/07\/06\/una-fuerte-tormenta-provoca-apagon-suministro-electrico-cantalpino\/#primaryimage\"},\"thumbnailUrl\":\"https:\/\/iicolumnas.es\/wp-content\/uploads\/2016\/07\/tormenta-5-de-julio.jpg\",\"datePublished\":\"2016-07-06T15:10:52+00:00\",\"dateModified\":\"2016-07-11T06:20:27+00:00\",\"author\":{\"@id\":\"https:\/\/iicolumnas.es\/#\/schema\/person\/b691025c7a086be983663f994201db0c\"},\"breadcrumb\":{\"@id\":\"https:\/\/iicolumnas.es\/index.php\/actualidad\/2016\/07\/06\/una-fuerte-tormenta-provoca-apagon-suministro-electrico-cantalpino\/#breadcrumb\"},\"inLanguage\":\"es\",\"potentialAction\":[{\"@type\":\"ReadAction\",\"target\":[\"https:\/\/iicolumnas.es\/index.php\/actualidad\/2016\/07\/06\/una-fuerte-tormenta-provoca-apagon-suministro-electrico-cantalpino\/\"]}]},{\"@type\":\"ImageObject\",\"inLanguage\":\"es\",\"@id\":\"https:\/\/iicolumnas.es\/index.php\/actualidad\/2016\/07\/06\/una-fuerte-tormenta-provoca-apagon-suministro-electrico-cantalpino\/#primaryimage\",\"url\":\"https:\/\/iicolumnas.es\/wp-content\/uploads\/2016\/07\/tormenta-5-de-julio.jpg\",\"contentUrl\":\"https:\/\/iicolumnas.es\/wp-content\/uploads\/2016\/07\/tormenta-5-de-julio.jpg\",\"width\":\"800\",\"height\":\"764\"},{\"@type\":\"BreadcrumbList\",\"@id\":\"https:\/\/iicolumnas.es\/index.php\/actualidad\/2016\/07\/06\/una-fuerte-tormenta-provoca-apagon-suministro-electrico-cantalpino\/#breadcrumb\",\"itemListElement\":[{\"@type\":\"ListItem\",\"position\":1,\"name\":\"Portada\",\"item\":\"https:\/\/iicolumnas.es\/\"},{\"@type\":\"ListItem\",\"position\":2,\"name\":\"Actualidad\",\"item\":\"https:\/\/iicolumnas.es\/index.php\/category\/actualidad\/\"},{\"@type\":\"ListItem\",\"position\":3,\"name\":\"Una fuerte tormenta provoca un apag\u00f3n en el suministro el\u00e9ctrico de Cantalpino\"}]},{\"@type\":\"WebSite\",\"@id\":\"https:\/\/iicolumnas.es\/#website\",\"url\":\"https:\/\/iicolumnas.es\/\",\"name\":\"Dos Columnas\",\"description\":\"El peri\u00f3dico de la villa de Cantalpino\",\"potentialAction\":[{\"@type\":\"SearchAction\",\"target\":{\"@type\":\"EntryPoint\",\"urlTemplate\":\"https:\/\/iicolumnas.es\/?s={search_term_string}\"},\"query-input\":{\"@type\":\"PropertyValueSpecification\",\"valueRequired\":true,\"valueName\":\"search_term_string\"}}],\"inLanguage\":\"es\"},{\"@type\":\"Person\",\"@id\":\"https:\/\/iicolumnas.es\/#\/schema\/person\/b691025c7a086be983663f994201db0c\",\"name\":\"David Mart\u00edn\",\"image\":{\"@type\":\"ImageObject\",\"inLanguage\":\"es\",\"@id\":\"https:\/\/iicolumnas.es\/#\/schema\/person\/image\/\",\"url\":\"https:\/\/secure.gravatar.com\/avatar\/e6290b3f94bcd131f9b9d51a7a45de2c66bd3ecb45f4bd7016ec927c3e366938?s=96&d=mm&r=g\",\"contentUrl\":\"https:\/\/secure.gravatar.com\/avatar\/e6290b3f94bcd131f9b9d51a7a45de2c66bd3ecb45f4bd7016ec927c3e366938?s=96&d=mm&r=g\",\"caption\":\"David Mart\u00edn\"}}]}<\/script>\n<!-- \/ Yoast SEO plugin. -->","yoast_head_json":{"title":"Una fuerte tormenta provoca un apag\u00f3n en el suministro el\u00e9ctrico de Cantalpino - Dos Columnas","robots":{"index":"index","follow":"follow","max-snippet":"max-snippet:-1","max-image-preview":"max-image-preview:large","max-video-preview":"max-video-preview:-1"},"canonical":"https:\/\/iicolumnas.es\/index.php\/actualidad\/2016\/07\/06\/una-fuerte-tormenta-provoca-apagon-suministro-electrico-cantalpino\/","og_locale":"es_ES","og_type":"article","og_title":"Una fuerte tormenta provoca un apag\u00f3n en el suministro el\u00e9ctrico de Cantalpino - Dos Columnas","og_description":"La tormenta, con abundante aparato el\u00e9ctrico y que comenz\u00f3 a las 23:00 horas aproximadamente, ocasion\u00f3 algunos problemas en el suministro el\u00e9ctrico de la mayor parte del pueblo, no s\u00f3lo en el alumbrado p\u00fablico, tambi\u00e9n&#46;&#46;&#46;","og_url":"https:\/\/iicolumnas.es\/index.php\/actualidad\/2016\/07\/06\/una-fuerte-tormenta-provoca-apagon-suministro-electrico-cantalpino\/","og_site_name":"Dos Columnas","article_publisher":"https:\/\/www.facebook.com\/iicolumnas\/","article_published_time":"2016-07-06T15:10:52+00:00","article_modified_time":"2016-07-11T06:20:27+00:00","og_image":[{"width":800,"height":764,"url":"https:\/\/iicolumnas.es\/wp-content\/uploads\/2016\/07\/tormenta-5-de-julio.jpg","type":"image\/jpeg"}],"author":"David Mart\u00edn","twitter_card":"summary_large_image","twitter_creator":"@iicolumnas","twitter_site":"@iicolumnas","twitter_misc":{"Escrito por":"David Mart\u00edn","Tiempo de lectura":"2 minutos"},"schema":{"@context":"https:\/\/schema.org","@graph":[{"@type":"WebPage","@id":"https:\/\/iicolumnas.es\/index.php\/actualidad\/2016\/07\/06\/una-fuerte-tormenta-provoca-apagon-suministro-electrico-cantalpino\/","url":"https:\/\/iicolumnas.es\/index.php\/actualidad\/2016\/07\/06\/una-fuerte-tormenta-provoca-apagon-suministro-electrico-cantalpino\/","name":"Una fuerte tormenta provoca un apag\u00f3n en el suministro el\u00e9ctrico de Cantalpino - Dos Columnas","isPartOf":{"@id":"https:\/\/iicolumnas.es\/#website"},"primaryImageOfPage":{"@id":"https:\/\/iicolumnas.es\/index.php\/actualidad\/2016\/07\/06\/una-fuerte-tormenta-provoca-apagon-suministro-electrico-cantalpino\/#primaryimage"},"image":{"@id":"https:\/\/iicolumnas.es\/index.php\/actualidad\/2016\/07\/06\/una-fuerte-tormenta-provoca-apagon-suministro-electrico-cantalpino\/#primaryimage"},"thumbnailUrl":"https:\/\/iicolumnas.es\/wp-content\/uploads\/2016\/07\/tormenta-5-de-julio.jpg","datePublished":"2016-07-06T15:10:52+00:00","dateModified":"2016-07-11T06:20:27+00:00","author":{"@id":"https:\/\/iicolumnas.es\/#\/schema\/person\/b691025c7a086be983663f994201db0c"},"breadcrumb":{"@id":"https:\/\/iicolumnas.es\/index.php\/actualidad\/2016\/07\/06\/una-fuerte-tormenta-provoca-apagon-suministro-electrico-cantalpino\/#breadcrumb"},"inLanguage":"es","potentialAction":[{"@type":"ReadAction","target":["https:\/\/iicolumnas.es\/index.php\/actualidad\/2016\/07\/06\/una-fuerte-tormenta-provoca-apagon-suministro-electrico-cantalpino\/"]}]},{"@type":"ImageObject","inLanguage":"es","@id":"https:\/\/iicolumnas.es\/index.php\/actualidad\/2016\/07\/06\/una-fuerte-tormenta-provoca-apagon-suministro-electrico-cantalpino\/#primaryimage","url":"https:\/\/iicolumnas.es\/wp-content\/uploads\/2016\/07\/tormenta-5-de-julio.jpg","contentUrl":"https:\/\/iicolumnas.es\/wp-content\/uploads\/2016\/07\/tormenta-5-de-julio.jpg","width":"800","height":"764"},{"@type":"BreadcrumbList","@id":"https:\/\/iicolumnas.es\/index.php\/actualidad\/2016\/07\/06\/una-fuerte-tormenta-provoca-apagon-suministro-electrico-cantalpino\/#breadcrumb","itemListElement":[{"@type":"ListItem","position":1,"name":"Portada","item":"https:\/\/iicolumnas.es\/"},{"@type":"ListItem","position":2,"name":"Actualidad","item":"https:\/\/iicolumnas.es\/index.php\/category\/actualidad\/"},{"@type":"ListItem","position":3,"name":"Una fuerte tormenta provoca un apag\u00f3n en el suministro el\u00e9ctrico de Cantalpino"}]},{"@type":"WebSite","@id":"https:\/\/iicolumnas.es\/#website","url":"https:\/\/iicolumnas.es\/","name":"Dos Columnas","description":"El peri\u00f3dico de la villa de Cantalpino","potentialAction":[{"@type":"SearchAction","target":{"@type":"EntryPoint","urlTemplate":"https:\/\/iicolumnas.es\/?s={search_term_string}"},"query-input":{"@type":"PropertyValueSpecification","valueRequired":true,"valueName":"search_term_string"}}],"inLanguage":"es"},{"@type":"Person","@id":"https:\/\/iicolumnas.es\/#\/schema\/person\/b691025c7a086be983663f994201db0c","name":"David Mart\u00edn","image":{"@type":"ImageObject","inLanguage":"es","@id":"https:\/\/iicolumnas.es\/#\/schema\/person\/image\/","url":"https:\/\/secure.gravatar.com\/avatar\/e6290b3f94bcd131f9b9d51a7a45de2c66bd3ecb45f4bd7016ec927c3e366938?s=96&d=mm&r=g","contentUrl":"https:\/\/secure.gravatar.com\/avatar\/e6290b3f94bcd131f9b9d51a7a45de2c66bd3ecb45f4bd7016ec927c3e366938?s=96&d=mm&r=g","caption":"David Mart\u00edn"}}]}},"_links":{"self":[{"href":"https:\/\/iicolumnas.es\/index.php\/wp-json\/wp\/v2\/posts\/4640","targetHints":{"allow":["GET"]}}],"collection":[{"href":"https:\/\/iicolumnas.es\/index.php\/wp-json\/wp\/v2\/posts"}],"about":[{"href":"https:\/\/iicolumnas.es\/index.php\/wp-json\/wp\/v2\/types\/post"}],"author":[{"embeddable":true,"href":"https:\/\/iicolumnas.es\/index.php\/wp-json\/wp\/v2\/users\/12"}],"replies":[{"embeddable":true,"href":"https:\/\/iicolumnas.es\/index.php\/wp-json\/wp\/v2\/comments?post=4640"}],"version-history":[{"count":0,"href":"https:\/\/iicolumnas.es\/index.php\/wp-json\/wp\/v2\/posts\/4640\/revisions"}],"wp:featuredmedia":[{"embeddable":true,"href":"https:\/\/iicolumnas.es\/index.php\/wp-json\/wp\/v2\/media\/4641"}],"wp:attachment":[{"href":"https:\/\/iicolumnas.es\/index.php\/wp-json\/wp\/v2\/media?parent=4640"}],"wp:term":[{"taxonomy":"category","embeddable":true,"href":"https:\/\/iicolumnas.es\/index.php\/wp-json\/wp\/v2\/categories?post=4640"},{"taxonomy":"post_tag","embeddable":true,"href":"https:\/\/iicolumnas.es\/index.php\/wp-json\/wp\/v2\/tags?post=4640"}],"curies":[{"name":"wp","href":"https:\/\/api.w.org\/{rel}","templated":true}]}}