{"id":4609,"date":"2016-07-04T21:24:16","date_gmt":"2016-07-04T21:24:16","guid":{"rendered":"https:\/\/iicolumnas.es\/?p=4609"},"modified":"2016-07-11T06:18:24","modified_gmt":"2016-07-11T06:18:24","slug":"calendario-investigacion-parcelaria-la-zona-la-armuna","status":"publish","type":"post","link":"https:\/\/iicolumnas.es\/index.php\/tablon-de-anuncios\/2016\/07\/04\/calendario-investigacion-parcelaria-la-zona-la-armuna\/","title":{"rendered":"Calendario de investigaci\u00f3n parcelaria en la zona de la Armu\u00f1a"},"content":{"rendered":"<p>En la imagen que de la parte inferior se puede ver el calendario de la investigaci\u00f3n parcelaria para la zona de la Armu\u00f1a, en este caso de realizar\u00e1 la primera fase del proceso. El horario ser\u00e1 de 9:30 a 13:30 horas.<\/p>\n<p><img loading=\"lazy\" decoding=\"async\" class=\" wp-image-4610 aligncenter\" src=\"https:\/\/iicolumnas.es\/wp-content\/uploads\/2016\/07\/calendario-investigacion-parcelaria-300x213.jpeg\" alt=\"calendario-investigacion-parcelaria\" width=\"622\" height=\"442\" srcset=\"https:\/\/iicolumnas.es\/wp-content\/uploads\/2016\/07\/calendario-investigacion-parcelaria-300x213.jpeg 300w, https:\/\/iicolumnas.es\/wp-content\/uploads\/2016\/07\/calendario-investigacion-parcelaria.jpeg 800w\" sizes=\"auto, (max-width: 622px) 100vw, 622px\" \/><\/p>\n","protected":false},"excerpt":{"rendered":"<p>En la imagen que de la parte inferior se puede ver el calendario de la investigaci\u00f3n parcelaria para la zona de la Armu\u00f1a, en este caso de realizar\u00e1 la primera fase del proceso. El&#46;&#46;&#46;<\/p>\n","protected":false},"author":1,"featured_media":4610,"comment_status":"open","ping_status":"open","sticky":false,"template":"","format":"standard","meta":{"footnotes":""},"categories":[203],"tags":[826],"class_list":["post-4609","post","type-post","status-publish","format-standard","has-post-thumbnail","hentry","category-tablon-de-anuncios","tag-investigacion-parcelaria"],"yoast_head":"<!-- This site is optimized with the Yoast SEO plugin v26.6 - https:\/\/yoast.com\/wordpress\/plugins\/seo\/ -->\n<title>Calendario de investigaci\u00f3n parcelaria en la zona de la Armu\u00f1a - Dos Columnas<\/title>\n<meta name=\"robots\" content=\"index, follow, max-snippet:-1, max-image-preview:large, max-video-preview:-1\" \/>\n<link rel=\"canonical\" href=\"https:\/\/iicolumnas.es\/index.php\/tablon-de-anuncios\/2016\/07\/04\/calendario-investigacion-parcelaria-la-zona-la-armuna\/\" \/>\n<meta property=\"og:locale\" content=\"es_ES\" \/>\n<meta property=\"og:type\" content=\"article\" \/>\n<meta property=\"og:title\" content=\"Calendario de investigaci\u00f3n parcelaria en la zona de la Armu\u00f1a - Dos Columnas\" \/>\n<meta property=\"og:description\" content=\"En la imagen que de la parte inferior se puede ver el calendario de la investigaci\u00f3n parcelaria para la zona de la Armu\u00f1a, en este caso de realizar\u00e1 la primera fase del proceso. El&#046;&#046;&#046;\" \/>\n<meta property=\"og:url\" content=\"https:\/\/iicolumnas.es\/index.php\/tablon-de-anuncios\/2016\/07\/04\/calendario-investigacion-parcelaria-la-zona-la-armuna\/\" \/>\n<meta property=\"og:site_name\" content=\"Dos Columnas\" \/>\n<meta property=\"article:publisher\" content=\"https:\/\/www.facebook.com\/iicolumnas\/\" \/>\n<meta property=\"article:published_time\" content=\"2016-07-04T21:24:16+00:00\" \/>\n<meta property=\"article:modified_time\" content=\"2016-07-11T06:18:24+00:00\" \/>\n<meta property=\"og:image\" content=\"https:\/\/iicolumnas.es\/wp-content\/uploads\/2016\/07\/calendario-investigacion-parcelaria.jpeg\" \/>\n\t<meta property=\"og:image:width\" content=\"800\" \/>\n\t<meta property=\"og:image:height\" content=\"568\" \/>\n\t<meta property=\"og:image:type\" content=\"image\/jpeg\" \/>\n<meta name=\"author\" content=\"Juan Alberto Garc\u00eda\" \/>\n<meta name=\"twitter:card\" content=\"summary_large_image\" \/>\n<meta name=\"twitter:creator\" content=\"@iicolumnas\" \/>\n<meta name=\"twitter:site\" content=\"@iicolumnas\" \/>\n<meta name=\"twitter:label1\" content=\"Escrito por\" \/>\n\t<meta name=\"twitter:data1\" content=\"Juan Alberto Garc\u00eda\" \/>\n<script type=\"application\/ld+json\" class=\"yoast-schema-graph\">{\"@context\":\"https:\/\/schema.org\",\"@graph\":[{\"@type\":\"WebPage\",\"@id\":\"https:\/\/iicolumnas.es\/index.php\/tablon-de-anuncios\/2016\/07\/04\/calendario-investigacion-parcelaria-la-zona-la-armuna\/\",\"url\":\"https:\/\/iicolumnas.es\/index.php\/tablon-de-anuncios\/2016\/07\/04\/calendario-investigacion-parcelaria-la-zona-la-armuna\/\",\"name\":\"Calendario de investigaci\u00f3n parcelaria en la zona de la Armu\u00f1a - Dos Columnas\",\"isPartOf\":{\"@id\":\"https:\/\/iicolumnas.es\/#website\"},\"primaryImageOfPage\":{\"@id\":\"https:\/\/iicolumnas.es\/index.php\/tablon-de-anuncios\/2016\/07\/04\/calendario-investigacion-parcelaria-la-zona-la-armuna\/#primaryimage\"},\"image\":{\"@id\":\"https:\/\/iicolumnas.es\/index.php\/tablon-de-anuncios\/2016\/07\/04\/calendario-investigacion-parcelaria-la-zona-la-armuna\/#primaryimage\"},\"thumbnailUrl\":\"https:\/\/iicolumnas.es\/wp-content\/uploads\/2016\/07\/calendario-investigacion-parcelaria.jpeg\",\"datePublished\":\"2016-07-04T21:24:16+00:00\",\"dateModified\":\"2016-07-11T06:18:24+00:00\",\"author\":{\"@id\":\"https:\/\/iicolumnas.es\/#\/schema\/person\/454e592beb5051596092682bc7744870\"},\"breadcrumb\":{\"@id\":\"https:\/\/iicolumnas.es\/index.php\/tablon-de-anuncios\/2016\/07\/04\/calendario-investigacion-parcelaria-la-zona-la-armuna\/#breadcrumb\"},\"inLanguage\":\"es\",\"potentialAction\":[{\"@type\":\"ReadAction\",\"target\":[\"https:\/\/iicolumnas.es\/index.php\/tablon-de-anuncios\/2016\/07\/04\/calendario-investigacion-parcelaria-la-zona-la-armuna\/\"]}]},{\"@type\":\"ImageObject\",\"inLanguage\":\"es\",\"@id\":\"https:\/\/iicolumnas.es\/index.php\/tablon-de-anuncios\/2016\/07\/04\/calendario-investigacion-parcelaria-la-zona-la-armuna\/#primaryimage\",\"url\":\"https:\/\/iicolumnas.es\/wp-content\/uploads\/2016\/07\/calendario-investigacion-parcelaria.jpeg\",\"contentUrl\":\"https:\/\/iicolumnas.es\/wp-content\/uploads\/2016\/07\/calendario-investigacion-parcelaria.jpeg\",\"width\":\"800\",\"height\":\"568\"},{\"@type\":\"BreadcrumbList\",\"@id\":\"https:\/\/iicolumnas.es\/index.php\/tablon-de-anuncios\/2016\/07\/04\/calendario-investigacion-parcelaria-la-zona-la-armuna\/#breadcrumb\",\"itemListElement\":[{\"@type\":\"ListItem\",\"position\":1,\"name\":\"Portada\",\"item\":\"https:\/\/iicolumnas.es\/\"},{\"@type\":\"ListItem\",\"position\":2,\"name\":\"Tabl\u00f3n de Anuncios\",\"item\":\"https:\/\/iicolumnas.es\/index.php\/category\/tablon-de-anuncios\/\"},{\"@type\":\"ListItem\",\"position\":3,\"name\":\"Calendario de investigaci\u00f3n parcelaria en la zona de la Armu\u00f1a\"}]},{\"@type\":\"WebSite\",\"@id\":\"https:\/\/iicolumnas.es\/#website\",\"url\":\"https:\/\/iicolumnas.es\/\",\"name\":\"Dos Columnas\",\"description\":\"El peri\u00f3dico de la villa de Cantalpino\",\"potentialAction\":[{\"@type\":\"SearchAction\",\"target\":{\"@type\":\"EntryPoint\",\"urlTemplate\":\"https:\/\/iicolumnas.es\/?s={search_term_string}\"},\"query-input\":{\"@type\":\"PropertyValueSpecification\",\"valueRequired\":true,\"valueName\":\"search_term_string\"}}],\"inLanguage\":\"es\"},{\"@type\":\"Person\",\"@id\":\"https:\/\/iicolumnas.es\/#\/schema\/person\/454e592beb5051596092682bc7744870\",\"name\":\"Juan Alberto Garc\u00eda\",\"image\":{\"@type\":\"ImageObject\",\"inLanguage\":\"es\",\"@id\":\"https:\/\/iicolumnas.es\/#\/schema\/person\/image\/\",\"url\":\"https:\/\/secure.gravatar.com\/avatar\/b5e9097f5115a63587d45ece976d47f33159b9258fd778d9fbb56ce1c9d21ca8?s=96&d=mm&r=g\",\"contentUrl\":\"https:\/\/secure.gravatar.com\/avatar\/b5e9097f5115a63587d45ece976d47f33159b9258fd778d9fbb56ce1c9d21ca8?s=96&d=mm&r=g\",\"caption\":\"Juan Alberto Garc\u00eda\"},\"description\":\"los admin tienen demasiados privilegios sobre otros admin, no crees?\",\"sameAs\":[\"https:\/\/www.linkedin.com\/in\/juan-alberto-garc%C3%ADa-esteban-85389310b\"]}]}<\/script>\n<!-- \/ Yoast SEO plugin. -->","yoast_head_json":{"title":"Calendario de investigaci\u00f3n parcelaria en la zona de la Armu\u00f1a - Dos Columnas","robots":{"index":"index","follow":"follow","max-snippet":"max-snippet:-1","max-image-preview":"max-image-preview:large","max-video-preview":"max-video-preview:-1"},"canonical":"https:\/\/iicolumnas.es\/index.php\/tablon-de-anuncios\/2016\/07\/04\/calendario-investigacion-parcelaria-la-zona-la-armuna\/","og_locale":"es_ES","og_type":"article","og_title":"Calendario de investigaci\u00f3n parcelaria en la zona de la Armu\u00f1a - Dos Columnas","og_description":"En la imagen que de la parte inferior se puede ver el calendario de la investigaci\u00f3n parcelaria para la zona de la Armu\u00f1a, en este caso de realizar\u00e1 la primera fase del proceso. El&#46;&#46;&#46;","og_url":"https:\/\/iicolumnas.es\/index.php\/tablon-de-anuncios\/2016\/07\/04\/calendario-investigacion-parcelaria-la-zona-la-armuna\/","og_site_name":"Dos Columnas","article_publisher":"https:\/\/www.facebook.com\/iicolumnas\/","article_published_time":"2016-07-04T21:24:16+00:00","article_modified_time":"2016-07-11T06:18:24+00:00","og_image":[{"width":800,"height":568,"url":"https:\/\/iicolumnas.es\/wp-content\/uploads\/2016\/07\/calendario-investigacion-parcelaria.jpeg","type":"image\/jpeg"}],"author":"Juan Alberto Garc\u00eda","twitter_card":"summary_large_image","twitter_creator":"@iicolumnas","twitter_site":"@iicolumnas","twitter_misc":{"Escrito por":"Juan Alberto Garc\u00eda"},"schema":{"@context":"https:\/\/schema.org","@graph":[{"@type":"WebPage","@id":"https:\/\/iicolumnas.es\/index.php\/tablon-de-anuncios\/2016\/07\/04\/calendario-investigacion-parcelaria-la-zona-la-armuna\/","url":"https:\/\/iicolumnas.es\/index.php\/tablon-de-anuncios\/2016\/07\/04\/calendario-investigacion-parcelaria-la-zona-la-armuna\/","name":"Calendario de investigaci\u00f3n parcelaria en la zona de la Armu\u00f1a - Dos Columnas","isPartOf":{"@id":"https:\/\/iicolumnas.es\/#website"},"primaryImageOfPage":{"@id":"https:\/\/iicolumnas.es\/index.php\/tablon-de-anuncios\/2016\/07\/04\/calendario-investigacion-parcelaria-la-zona-la-armuna\/#primaryimage"},"image":{"@id":"https:\/\/iicolumnas.es\/index.php\/tablon-de-anuncios\/2016\/07\/04\/calendario-investigacion-parcelaria-la-zona-la-armuna\/#primaryimage"},"thumbnailUrl":"https:\/\/iicolumnas.es\/wp-content\/uploads\/2016\/07\/calendario-investigacion-parcelaria.jpeg","datePublished":"2016-07-04T21:24:16+00:00","dateModified":"2016-07-11T06:18:24+00:00","author":{"@id":"https:\/\/iicolumnas.es\/#\/schema\/person\/454e592beb5051596092682bc7744870"},"breadcrumb":{"@id":"https:\/\/iicolumnas.es\/index.php\/tablon-de-anuncios\/2016\/07\/04\/calendario-investigacion-parcelaria-la-zona-la-armuna\/#breadcrumb"},"inLanguage":"es","potentialAction":[{"@type":"ReadAction","target":["https:\/\/iicolumnas.es\/index.php\/tablon-de-anuncios\/2016\/07\/04\/calendario-investigacion-parcelaria-la-zona-la-armuna\/"]}]},{"@type":"ImageObject","inLanguage":"es","@id":"https:\/\/iicolumnas.es\/index.php\/tablon-de-anuncios\/2016\/07\/04\/calendario-investigacion-parcelaria-la-zona-la-armuna\/#primaryimage","url":"https:\/\/iicolumnas.es\/wp-content\/uploads\/2016\/07\/calendario-investigacion-parcelaria.jpeg","contentUrl":"https:\/\/iicolumnas.es\/wp-content\/uploads\/2016\/07\/calendario-investigacion-parcelaria.jpeg","width":"800","height":"568"},{"@type":"BreadcrumbList","@id":"https:\/\/iicolumnas.es\/index.php\/tablon-de-anuncios\/2016\/07\/04\/calendario-investigacion-parcelaria-la-zona-la-armuna\/#breadcrumb","itemListElement":[{"@type":"ListItem","position":1,"name":"Portada","item":"https:\/\/iicolumnas.es\/"},{"@type":"ListItem","position":2,"name":"Tabl\u00f3n de Anuncios","item":"https:\/\/iicolumnas.es\/index.php\/category\/tablon-de-anuncios\/"},{"@type":"ListItem","position":3,"name":"Calendario de investigaci\u00f3n parcelaria en la zona de la Armu\u00f1a"}]},{"@type":"WebSite","@id":"https:\/\/iicolumnas.es\/#website","url":"https:\/\/iicolumnas.es\/","name":"Dos Columnas","description":"El peri\u00f3dico de la villa de Cantalpino","potentialAction":[{"@type":"SearchAction","target":{"@type":"EntryPoint","urlTemplate":"https:\/\/iicolumnas.es\/?s={search_term_string}"},"query-input":{"@type":"PropertyValueSpecification","valueRequired":true,"valueName":"search_term_string"}}],"inLanguage":"es"},{"@type":"Person","@id":"https:\/\/iicolumnas.es\/#\/schema\/person\/454e592beb5051596092682bc7744870","name":"Juan Alberto Garc\u00eda","image":{"@type":"ImageObject","inLanguage":"es","@id":"https:\/\/iicolumnas.es\/#\/schema\/person\/image\/","url":"https:\/\/secure.gravatar.com\/avatar\/b5e9097f5115a63587d45ece976d47f33159b9258fd778d9fbb56ce1c9d21ca8?s=96&d=mm&r=g","contentUrl":"https:\/\/secure.gravatar.com\/avatar\/b5e9097f5115a63587d45ece976d47f33159b9258fd778d9fbb56ce1c9d21ca8?s=96&d=mm&r=g","caption":"Juan Alberto Garc\u00eda"},"description":"los admin tienen demasiados privilegios sobre otros admin, no crees?","sameAs":["https:\/\/www.linkedin.com\/in\/juan-alberto-garc%C3%ADa-esteban-85389310b"]}]}},"_links":{"self":[{"href":"https:\/\/iicolumnas.es\/index.php\/wp-json\/wp\/v2\/posts\/4609","targetHints":{"allow":["GET"]}}],"collection":[{"href":"https:\/\/iicolumnas.es\/index.php\/wp-json\/wp\/v2\/posts"}],"about":[{"href":"https:\/\/iicolumnas.es\/index.php\/wp-json\/wp\/v2\/types\/post"}],"author":[{"embeddable":true,"href":"https:\/\/iicolumnas.es\/index.php\/wp-json\/wp\/v2\/users\/1"}],"replies":[{"embeddable":true,"href":"https:\/\/iicolumnas.es\/index.php\/wp-json\/wp\/v2\/comments?post=4609"}],"version-history":[{"count":0,"href":"https:\/\/iicolumnas.es\/index.php\/wp-json\/wp\/v2\/posts\/4609\/revisions"}],"wp:featuredmedia":[{"embeddable":true,"href":"https:\/\/iicolumnas.es\/index.php\/wp-json\/wp\/v2\/media\/4610"}],"wp:attachment":[{"href":"https:\/\/iicolumnas.es\/index.php\/wp-json\/wp\/v2\/media?parent=4609"}],"wp:term":[{"taxonomy":"category","embeddable":true,"href":"https:\/\/iicolumnas.es\/index.php\/wp-json\/wp\/v2\/categories?post=4609"},{"taxonomy":"post_tag","embeddable":true,"href":"https:\/\/iicolumnas.es\/index.php\/wp-json\/wp\/v2\/tags?post=4609"}],"curies":[{"name":"wp","href":"https:\/\/api.w.org\/{rel}","templated":true}]}}