{"id":4566,"date":"2016-06-30T19:39:40","date_gmt":"2016-06-30T19:39:40","guid":{"rendered":"https:\/\/iicolumnas.es\/?p=4566"},"modified":"2016-06-30T20:34:50","modified_gmt":"2016-06-30T20:34:50","slug":"feliz-cumpleanos-jonathan","status":"publish","type":"post","link":"https:\/\/iicolumnas.es\/index.php\/celebraciones\/cumpleanos\/2016\/06\/30\/feliz-cumpleanos-jonathan\/","title":{"rendered":"\u00a1Feliz cumplea\u00f1os Jonathan!"},"content":{"rendered":"<p><img loading=\"lazy\" decoding=\"async\" class=\" wp-image-4567 alignleft\" src=\"https:\/\/iicolumnas.es\/wp-content\/uploads\/2016\/06\/cumple-xivo-300x300.jpeg\" alt=\"cumple-xivo\" width=\"406\" height=\"406\" srcset=\"https:\/\/iicolumnas.es\/wp-content\/uploads\/2016\/06\/cumple-xivo-300x300.jpeg 300w, https:\/\/iicolumnas.es\/wp-content\/uploads\/2016\/06\/cumple-xivo-150x150.jpeg 150w, https:\/\/iicolumnas.es\/wp-content\/uploads\/2016\/06\/cumple-xivo-160x160.jpeg 160w, https:\/\/iicolumnas.es\/wp-content\/uploads\/2016\/06\/cumple-xivo-320x320.jpeg 320w, https:\/\/iicolumnas.es\/wp-content\/uploads\/2016\/06\/cumple-xivo.jpeg 640w\" sizes=\"auto, (max-width: 406px) 100vw, 406px\" \/>Hoy felicitamos a otro m\u00e1s del equipo de Dos Columnas, este parece que no est\u00e1 pero si que est\u00e1 por detr\u00e1s controlado que todo funcione bien y dando ideas, al final cualquier aportaci\u00f3n o ayuda siempre es importante.<\/p>\n<p>Una de las mejores personas que te puedes encontrar por el pueblo, si no ha bebido demasiado, ya que en estos casos se le conoce como el \u00abXivo Malo\u00bb, pero bueno, una vez al a\u00f1o no hace da\u00f1o. Tan pronto te arregla una pantalla de un m\u00f3vil como te rompe otra por que \u00abes de prueba\u00bb. Un especialista de la iron\u00eda esa que parece que no dice nada pero que si la coges hace much\u00edsima gracia.<\/p>\n<p>Tampoco se olvida de ti el \u00abgrupo verbenas\u00bb que como ya es tradici\u00f3n felicita a todos sus miembros.<\/p>\n<p>La \u00abcompa\u00f1era de piso n\u00famero uno\u00bb te desea feliz cumplea\u00f1os y, adem\u00e1s, te echar\u00e1 mucho de menos, aunque seguramente la eches m\u00e1s de menos tu a ella. Se te har\u00e1 raro abrir el microondas y no ver el caf\u00e9 que no se ha tomado. Ella podr\u00e1 disfrutar de las fiesta de San Isidro sin que nadie la deje encerrada.<\/p>\n<p>Nos gustar\u00eda terminar esta felicitaci\u00f3n con: \u00ab\u00a1Raci\u00f3n y media de pulpo, por favor!<\/p>\n<p>&nbsp;<\/p>\n","protected":false},"excerpt":{"rendered":"<p>Hoy felicitamos a otro m\u00e1s del equipo de Dos Columnas, este parece que no est\u00e1 pero si que est\u00e1 por detr\u00e1s controlado que todo funcione bien y dando ideas, al final cualquier aportaci\u00f3n o&#46;&#46;&#46;<\/p>\n","protected":false},"author":1,"featured_media":4567,"comment_status":"open","ping_status":"open","sticky":false,"template":"","format":"standard","meta":{"footnotes":""},"categories":[88],"tags":[803,805,804],"class_list":["post-4566","post","type-post","status-publish","format-standard","has-post-thumbnail","hentry","category-cumpleanos","tag-cumpeanos-junio","tag-jonathan","tag-xivo"],"yoast_head":"<!-- This site is optimized with the Yoast SEO plugin v26.6 - https:\/\/yoast.com\/wordpress\/plugins\/seo\/ -->\n<title>\u00a1Feliz cumplea\u00f1os Jonathan! - Dos Columnas<\/title>\n<meta name=\"robots\" content=\"noindex, nofollow\" \/>\n<meta property=\"og:locale\" content=\"es_ES\" \/>\n<meta property=\"og:type\" content=\"article\" \/>\n<meta property=\"og:title\" content=\"\u00a1Feliz cumplea\u00f1os Jonathan! - Dos Columnas\" \/>\n<meta property=\"og:description\" content=\"Hoy felicitamos a otro m\u00e1s del equipo de Dos Columnas, este parece que no est\u00e1 pero si que est\u00e1 por detr\u00e1s controlado que todo funcione bien y dando ideas, al final cualquier aportaci\u00f3n o&#046;&#046;&#046;\" \/>\n<meta property=\"og:url\" content=\"https:\/\/iicolumnas.es\/index.php\/celebraciones\/cumpleanos\/2016\/06\/30\/feliz-cumpleanos-jonathan\/\" \/>\n<meta property=\"og:site_name\" content=\"Dos Columnas\" \/>\n<meta property=\"article:publisher\" content=\"https:\/\/www.facebook.com\/iicolumnas\/\" \/>\n<meta property=\"article:published_time\" content=\"2016-06-30T19:39:40+00:00\" \/>\n<meta property=\"article:modified_time\" content=\"2016-06-30T20:34:50+00:00\" \/>\n<meta property=\"og:image\" content=\"https:\/\/iicolumnas.es\/wp-content\/uploads\/2016\/06\/cumple-xivo.jpeg\" \/>\n\t<meta property=\"og:image:width\" content=\"640\" \/>\n\t<meta property=\"og:image:height\" content=\"640\" \/>\n\t<meta property=\"og:image:type\" content=\"image\/jpeg\" \/>\n<meta name=\"author\" content=\"Juan Alberto Garc\u00eda\" \/>\n<meta name=\"twitter:card\" content=\"summary_large_image\" \/>\n<meta name=\"twitter:creator\" content=\"@iicolumnas\" \/>\n<meta name=\"twitter:site\" content=\"@iicolumnas\" \/>\n<meta name=\"twitter:label1\" content=\"Escrito por\" \/>\n\t<meta name=\"twitter:data1\" content=\"Juan Alberto Garc\u00eda\" \/>\n\t<meta name=\"twitter:label2\" content=\"Tiempo de lectura\" \/>\n\t<meta name=\"twitter:data2\" content=\"1 minuto\" \/>\n<script type=\"application\/ld+json\" class=\"yoast-schema-graph\">{\"@context\":\"https:\/\/schema.org\",\"@graph\":[{\"@type\":\"WebPage\",\"@id\":\"https:\/\/iicolumnas.es\/index.php\/celebraciones\/cumpleanos\/2016\/06\/30\/feliz-cumpleanos-jonathan\/\",\"url\":\"https:\/\/iicolumnas.es\/index.php\/celebraciones\/cumpleanos\/2016\/06\/30\/feliz-cumpleanos-jonathan\/\",\"name\":\"\u00a1Feliz cumplea\u00f1os Jonathan! - Dos Columnas\",\"isPartOf\":{\"@id\":\"https:\/\/iicolumnas.es\/#website\"},\"primaryImageOfPage\":{\"@id\":\"https:\/\/iicolumnas.es\/index.php\/celebraciones\/cumpleanos\/2016\/06\/30\/feliz-cumpleanos-jonathan\/#primaryimage\"},\"image\":{\"@id\":\"https:\/\/iicolumnas.es\/index.php\/celebraciones\/cumpleanos\/2016\/06\/30\/feliz-cumpleanos-jonathan\/#primaryimage\"},\"thumbnailUrl\":\"https:\/\/iicolumnas.es\/wp-content\/uploads\/2016\/06\/cumple-xivo.jpeg\",\"datePublished\":\"2016-06-30T19:39:40+00:00\",\"dateModified\":\"2016-06-30T20:34:50+00:00\",\"author\":{\"@id\":\"https:\/\/iicolumnas.es\/#\/schema\/person\/454e592beb5051596092682bc7744870\"},\"breadcrumb\":{\"@id\":\"https:\/\/iicolumnas.es\/index.php\/celebraciones\/cumpleanos\/2016\/06\/30\/feliz-cumpleanos-jonathan\/#breadcrumb\"},\"inLanguage\":\"es\",\"potentialAction\":[{\"@type\":\"ReadAction\",\"target\":[\"https:\/\/iicolumnas.es\/index.php\/celebraciones\/cumpleanos\/2016\/06\/30\/feliz-cumpleanos-jonathan\/\"]}]},{\"@type\":\"ImageObject\",\"inLanguage\":\"es\",\"@id\":\"https:\/\/iicolumnas.es\/index.php\/celebraciones\/cumpleanos\/2016\/06\/30\/feliz-cumpleanos-jonathan\/#primaryimage\",\"url\":\"https:\/\/iicolumnas.es\/wp-content\/uploads\/2016\/06\/cumple-xivo.jpeg\",\"contentUrl\":\"https:\/\/iicolumnas.es\/wp-content\/uploads\/2016\/06\/cumple-xivo.jpeg\",\"width\":\"640\",\"height\":\"640\"},{\"@type\":\"BreadcrumbList\",\"@id\":\"https:\/\/iicolumnas.es\/index.php\/celebraciones\/cumpleanos\/2016\/06\/30\/feliz-cumpleanos-jonathan\/#breadcrumb\",\"itemListElement\":[{\"@type\":\"ListItem\",\"position\":1,\"name\":\"Portada\",\"item\":\"https:\/\/iicolumnas.es\/\"},{\"@type\":\"ListItem\",\"position\":2,\"name\":\"Celebraciones\",\"item\":\"https:\/\/iicolumnas.es\/index.php\/category\/celebraciones\/\"},{\"@type\":\"ListItem\",\"position\":3,\"name\":\"Cumplea\u00f1os\",\"item\":\"https:\/\/iicolumnas.es\/index.php\/category\/celebraciones\/cumpleanos\/\"},{\"@type\":\"ListItem\",\"position\":4,\"name\":\"\u00a1Feliz cumplea\u00f1os Jonathan!\"}]},{\"@type\":\"WebSite\",\"@id\":\"https:\/\/iicolumnas.es\/#website\",\"url\":\"https:\/\/iicolumnas.es\/\",\"name\":\"Dos Columnas\",\"description\":\"El peri\u00f3dico de la villa de Cantalpino\",\"potentialAction\":[{\"@type\":\"SearchAction\",\"target\":{\"@type\":\"EntryPoint\",\"urlTemplate\":\"https:\/\/iicolumnas.es\/?s={search_term_string}\"},\"query-input\":{\"@type\":\"PropertyValueSpecification\",\"valueRequired\":true,\"valueName\":\"search_term_string\"}}],\"inLanguage\":\"es\"},{\"@type\":\"Person\",\"@id\":\"https:\/\/iicolumnas.es\/#\/schema\/person\/454e592beb5051596092682bc7744870\",\"name\":\"Juan Alberto Garc\u00eda\",\"image\":{\"@type\":\"ImageObject\",\"inLanguage\":\"es\",\"@id\":\"https:\/\/iicolumnas.es\/#\/schema\/person\/image\/\",\"url\":\"https:\/\/secure.gravatar.com\/avatar\/b5e9097f5115a63587d45ece976d47f33159b9258fd778d9fbb56ce1c9d21ca8?s=96&d=mm&r=g\",\"contentUrl\":\"https:\/\/secure.gravatar.com\/avatar\/b5e9097f5115a63587d45ece976d47f33159b9258fd778d9fbb56ce1c9d21ca8?s=96&d=mm&r=g\",\"caption\":\"Juan Alberto Garc\u00eda\"},\"description\":\"los admin tienen demasiados privilegios sobre otros admin, no crees?\",\"sameAs\":[\"https:\/\/www.linkedin.com\/in\/juan-alberto-garc%C3%ADa-esteban-85389310b\"]}]}<\/script>\n<!-- \/ Yoast SEO plugin. -->","yoast_head_json":{"title":"\u00a1Feliz cumplea\u00f1os Jonathan! - Dos Columnas","robots":{"index":"noindex","follow":"nofollow"},"og_locale":"es_ES","og_type":"article","og_title":"\u00a1Feliz cumplea\u00f1os Jonathan! - Dos Columnas","og_description":"Hoy felicitamos a otro m\u00e1s del equipo de Dos Columnas, este parece que no est\u00e1 pero si que est\u00e1 por detr\u00e1s controlado que todo funcione bien y dando ideas, al final cualquier aportaci\u00f3n o&#46;&#46;&#46;","og_url":"https:\/\/iicolumnas.es\/index.php\/celebraciones\/cumpleanos\/2016\/06\/30\/feliz-cumpleanos-jonathan\/","og_site_name":"Dos Columnas","article_publisher":"https:\/\/www.facebook.com\/iicolumnas\/","article_published_time":"2016-06-30T19:39:40+00:00","article_modified_time":"2016-06-30T20:34:50+00:00","og_image":[{"width":640,"height":640,"url":"https:\/\/iicolumnas.es\/wp-content\/uploads\/2016\/06\/cumple-xivo.jpeg","type":"image\/jpeg"}],"author":"Juan Alberto Garc\u00eda","twitter_card":"summary_large_image","twitter_creator":"@iicolumnas","twitter_site":"@iicolumnas","twitter_misc":{"Escrito por":"Juan Alberto Garc\u00eda","Tiempo de lectura":"1 minuto"},"schema":{"@context":"https:\/\/schema.org","@graph":[{"@type":"WebPage","@id":"https:\/\/iicolumnas.es\/index.php\/celebraciones\/cumpleanos\/2016\/06\/30\/feliz-cumpleanos-jonathan\/","url":"https:\/\/iicolumnas.es\/index.php\/celebraciones\/cumpleanos\/2016\/06\/30\/feliz-cumpleanos-jonathan\/","name":"\u00a1Feliz cumplea\u00f1os Jonathan! - Dos Columnas","isPartOf":{"@id":"https:\/\/iicolumnas.es\/#website"},"primaryImageOfPage":{"@id":"https:\/\/iicolumnas.es\/index.php\/celebraciones\/cumpleanos\/2016\/06\/30\/feliz-cumpleanos-jonathan\/#primaryimage"},"image":{"@id":"https:\/\/iicolumnas.es\/index.php\/celebraciones\/cumpleanos\/2016\/06\/30\/feliz-cumpleanos-jonathan\/#primaryimage"},"thumbnailUrl":"https:\/\/iicolumnas.es\/wp-content\/uploads\/2016\/06\/cumple-xivo.jpeg","datePublished":"2016-06-30T19:39:40+00:00","dateModified":"2016-06-30T20:34:50+00:00","author":{"@id":"https:\/\/iicolumnas.es\/#\/schema\/person\/454e592beb5051596092682bc7744870"},"breadcrumb":{"@id":"https:\/\/iicolumnas.es\/index.php\/celebraciones\/cumpleanos\/2016\/06\/30\/feliz-cumpleanos-jonathan\/#breadcrumb"},"inLanguage":"es","potentialAction":[{"@type":"ReadAction","target":["https:\/\/iicolumnas.es\/index.php\/celebraciones\/cumpleanos\/2016\/06\/30\/feliz-cumpleanos-jonathan\/"]}]},{"@type":"ImageObject","inLanguage":"es","@id":"https:\/\/iicolumnas.es\/index.php\/celebraciones\/cumpleanos\/2016\/06\/30\/feliz-cumpleanos-jonathan\/#primaryimage","url":"https:\/\/iicolumnas.es\/wp-content\/uploads\/2016\/06\/cumple-xivo.jpeg","contentUrl":"https:\/\/iicolumnas.es\/wp-content\/uploads\/2016\/06\/cumple-xivo.jpeg","width":"640","height":"640"},{"@type":"BreadcrumbList","@id":"https:\/\/iicolumnas.es\/index.php\/celebraciones\/cumpleanos\/2016\/06\/30\/feliz-cumpleanos-jonathan\/#breadcrumb","itemListElement":[{"@type":"ListItem","position":1,"name":"Portada","item":"https:\/\/iicolumnas.es\/"},{"@type":"ListItem","position":2,"name":"Celebraciones","item":"https:\/\/iicolumnas.es\/index.php\/category\/celebraciones\/"},{"@type":"ListItem","position":3,"name":"Cumplea\u00f1os","item":"https:\/\/iicolumnas.es\/index.php\/category\/celebraciones\/cumpleanos\/"},{"@type":"ListItem","position":4,"name":"\u00a1Feliz cumplea\u00f1os Jonathan!"}]},{"@type":"WebSite","@id":"https:\/\/iicolumnas.es\/#website","url":"https:\/\/iicolumnas.es\/","name":"Dos Columnas","description":"El peri\u00f3dico de la villa de Cantalpino","potentialAction":[{"@type":"SearchAction","target":{"@type":"EntryPoint","urlTemplate":"https:\/\/iicolumnas.es\/?s={search_term_string}"},"query-input":{"@type":"PropertyValueSpecification","valueRequired":true,"valueName":"search_term_string"}}],"inLanguage":"es"},{"@type":"Person","@id":"https:\/\/iicolumnas.es\/#\/schema\/person\/454e592beb5051596092682bc7744870","name":"Juan Alberto Garc\u00eda","image":{"@type":"ImageObject","inLanguage":"es","@id":"https:\/\/iicolumnas.es\/#\/schema\/person\/image\/","url":"https:\/\/secure.gravatar.com\/avatar\/b5e9097f5115a63587d45ece976d47f33159b9258fd778d9fbb56ce1c9d21ca8?s=96&d=mm&r=g","contentUrl":"https:\/\/secure.gravatar.com\/avatar\/b5e9097f5115a63587d45ece976d47f33159b9258fd778d9fbb56ce1c9d21ca8?s=96&d=mm&r=g","caption":"Juan Alberto Garc\u00eda"},"description":"los admin tienen demasiados privilegios sobre otros admin, no crees?","sameAs":["https:\/\/www.linkedin.com\/in\/juan-alberto-garc%C3%ADa-esteban-85389310b"]}]}},"_links":{"self":[{"href":"https:\/\/iicolumnas.es\/index.php\/wp-json\/wp\/v2\/posts\/4566","targetHints":{"allow":["GET"]}}],"collection":[{"href":"https:\/\/iicolumnas.es\/index.php\/wp-json\/wp\/v2\/posts"}],"about":[{"href":"https:\/\/iicolumnas.es\/index.php\/wp-json\/wp\/v2\/types\/post"}],"author":[{"embeddable":true,"href":"https:\/\/iicolumnas.es\/index.php\/wp-json\/wp\/v2\/users\/1"}],"replies":[{"embeddable":true,"href":"https:\/\/iicolumnas.es\/index.php\/wp-json\/wp\/v2\/comments?post=4566"}],"version-history":[{"count":0,"href":"https:\/\/iicolumnas.es\/index.php\/wp-json\/wp\/v2\/posts\/4566\/revisions"}],"wp:featuredmedia":[{"embeddable":true,"href":"https:\/\/iicolumnas.es\/index.php\/wp-json\/wp\/v2\/media\/4567"}],"wp:attachment":[{"href":"https:\/\/iicolumnas.es\/index.php\/wp-json\/wp\/v2\/media?parent=4566"}],"wp:term":[{"taxonomy":"category","embeddable":true,"href":"https:\/\/iicolumnas.es\/index.php\/wp-json\/wp\/v2\/categories?post=4566"},{"taxonomy":"post_tag","embeddable":true,"href":"https:\/\/iicolumnas.es\/index.php\/wp-json\/wp\/v2\/tags?post=4566"}],"curies":[{"name":"wp","href":"https:\/\/api.w.org\/{rel}","templated":true}]}}