{"id":3750,"date":"2016-05-22T16:01:05","date_gmt":"2016-05-22T16:01:05","guid":{"rendered":"https:\/\/iicolumnas.es\/?p=3750"},"modified":"2016-05-22T16:04:46","modified_gmt":"2016-05-22T16:04:46","slug":"presencia-cantalpinesa-las-ventas","status":"publish","type":"post","link":"https:\/\/iicolumnas.es\/index.php\/colaboraciones\/2016\/05\/22\/presencia-cantalpinesa-las-ventas\/","title":{"rendered":"Presencia cantalpinesa en Las Ventas"},"content":{"rendered":"<p style=\"text-align: justify;\">Un peque\u00f1o grupo de cantalpineses, algunos de ellos miembros de la ACTC, viajaron ayer hasta Madrid para disfrutar en la Plaza de Toros de Las Ventas de una buena tarde de rejoneo.<\/p>\n<p style=\"text-align: justify;\">Ataviados con la indumentaria de la ACTC para hacerse notar entre las gradas del gran coso taurino de la capital espa\u00f1ola y provistos de un buen hornazo casero camuflado en una caja de pizza, Arturo, Rosario, Francis, Yoli, Lucia y Sergio acompa\u00f1ados de un grupo de andaluces, que dieron mucho juego a la tarde, disfrutaron de la actuaci\u00f3n a caballo de Sergio Gal\u00e1n, Diego Ventura y Leonardo Hernandez. De este \u00faltimo Francis se trae un buen sabor de boca gracias a la gran faena que realiz\u00f3.\u00a0Pero no es el \u00fanico recuerdo que se traen de esta peque\u00f1a escapada, no cesaban de contarnos anecdotas de la buena tarde que pasaron.<\/p>\n<p style=\"text-align: justify;\">Por all\u00ed tambi\u00e9n se encontraban, que nosotros sepamos, otros tres cantalpineses disfrutando de la faena, Kike, To\u00f1in y David (Castro).<\/p>\n<p style=\"text-align: justify;\">Nos alegramos de que hay\u00e1is disfrutado y por supuesto de que nos lo hay\u00e1is contado. Ya que los de la tele no os quisieron sacar (solo se pudo ver \u00a0en antena a Lucia) os sacamos nosotros.<\/p>\n<p style=\"text-align: justify;\">Fotos y v\u00eddeos cedidos por Arturo y Francis.<\/p>\n<p style=\"text-align: justify;\"><div id=\"metaslider-id-3763\" style=\"max-width: 800px; margin: 0 auto;\" class=\"ml-slider-3-104-0 metaslider metaslider-nivo metaslider-3763 ml-slider ms-theme-default\" role=\"region\" aria-label=\"cantalpineses en la ventas\" data-height=\"600\" data-width=\"800\">\n    <div id=\"metaslider_container_3763\">\n        <div class='slider-wrapper theme-default'><div class='ribbon'><\/div><div id='metaslider_3763' class='nivoSlider'><img loading=\"lazy\" decoding=\"async\" src=\"https:\/\/iicolumnas.es\/wp-content\/uploads\/2016\/05\/cantalpineses-en-las-ventas7.jpg\" height=\"600\" width=\"800\" title=\"Cantalpineses en las ventas\" alt=\"Cantalpineses en las ventas\" class=\"slider-3763 slide-3764 msDefaultImage\" \/><img loading=\"lazy\" decoding=\"async\" src=\"https:\/\/iicolumnas.es\/wp-content\/uploads\/2016\/05\/cantalpineses-en-las-ventas2-600x450.jpg\" height=\"600\" width=\"800\" title=\"Cantalpineses en las ventas\" alt=\"Cantalpineses en las ventas\" class=\"slider-3763 slide-3769 msDefaultImage\" \/><img loading=\"lazy\" decoding=\"async\" src=\"https:\/\/iicolumnas.es\/wp-content\/uploads\/2016\/05\/cantalpineses-en-las-ventas6-600x450.jpg\" height=\"600\" width=\"800\" title=\"Cantalpineses en las ventas\" alt=\"Cantalpineses en las ventas\" class=\"slider-3763 slide-3765 msDefaultImage\" \/><img loading=\"lazy\" decoding=\"async\" src=\"https:\/\/iicolumnas.es\/wp-content\/uploads\/2016\/05\/cantalpineses-en-las-ventas5-790x593.jpg\" height=\"600\" width=\"800\" title=\"Cantalpineses en las ventas\" alt=\"Cantalpineses en las ventas\" class=\"slider-3763 slide-3766 msDefaultImage\" \/><img loading=\"lazy\" decoding=\"async\" src=\"https:\/\/iicolumnas.es\/wp-content\/uploads\/2016\/05\/cantalpineses-en-las-ventas-600x450.jpg\" height=\"600\" width=\"800\" title=\"Cantalpineses en las ventas\" alt=\"Cantalpineses en las ventas\" class=\"slider-3763 slide-3770 msDefaultImage\" \/><img loading=\"lazy\" decoding=\"async\" src=\"https:\/\/iicolumnas.es\/wp-content\/uploads\/2016\/05\/cantalpineses-en-las-ventas3-600x450.jpg\" height=\"600\" width=\"800\" title=\"Cantalpineses en las ventas\" alt=\"Cantalpineses en las ventas\" class=\"slider-3763 slide-3768 msDefaultImage\" \/><img loading=\"lazy\" decoding=\"async\" src=\"https:\/\/iicolumnas.es\/wp-content\/uploads\/2016\/05\/cantalpineses-en-las-ventas4-450x337.jpg\" height=\"600\" width=\"800\" title=\"Cantalpineses en las ventas\" alt=\"Cantalpineses en las ventas\" class=\"slider-3763 slide-3767 msDefaultImage\" \/><\/div><\/div>\n        \n    <\/div>\n<\/div><\/p>\n<p><a href=\"https:\/\/youtu.be\/dizg-6x2Nyk\" data-rel=\"lightbox-video-0\">https:\/\/youtu.be\/dizg-6x2Nyk<\/a><\/p>\n","protected":false},"excerpt":{"rendered":"<p>Un peque\u00f1o grupo de cantalpineses, algunos de ellos miembros de la ACTC, viajaron ayer hasta Madrid para disfrutar en la Plaza de Toros de Las Ventas de una buena tarde de rejoneo. Ataviados con&#46;&#46;&#46;<\/p>\n","protected":false},"author":13,"featured_media":3768,"comment_status":"open","ping_status":"open","sticky":false,"template":"","format":"standard","meta":{"footnotes":""},"categories":[3],"tags":[13,369,175],"class_list":["post-3750","post","type-post","status-publish","format-standard","has-post-thumbnail","hentry","category-colaboraciones","tag-actc","tag-las-ventas","tag-toros"],"yoast_head":"<!-- This site is optimized with the Yoast SEO plugin v26.6 - https:\/\/yoast.com\/wordpress\/plugins\/seo\/ -->\n<title>Presencia cantalpinesa en Las Ventas - Dos Columnas<\/title>\n<meta name=\"robots\" content=\"index, follow, max-snippet:-1, max-image-preview:large, max-video-preview:-1\" \/>\n<link rel=\"canonical\" href=\"https:\/\/iicolumnas.es\/index.php\/colaboraciones\/2016\/05\/22\/presencia-cantalpinesa-las-ventas\/\" \/>\n<meta property=\"og:locale\" content=\"es_ES\" \/>\n<meta property=\"og:type\" content=\"article\" \/>\n<meta property=\"og:title\" content=\"Presencia cantalpinesa en Las Ventas - Dos Columnas\" \/>\n<meta property=\"og:description\" content=\"Un peque\u00f1o grupo de cantalpineses, algunos de ellos miembros de la ACTC, viajaron ayer hasta Madrid para disfrutar en la Plaza de Toros de Las Ventas de una buena tarde de rejoneo. Ataviados con&#046;&#046;&#046;\" \/>\n<meta property=\"og:url\" content=\"https:\/\/iicolumnas.es\/index.php\/colaboraciones\/2016\/05\/22\/presencia-cantalpinesa-las-ventas\/\" \/>\n<meta property=\"og:site_name\" content=\"Dos Columnas\" \/>\n<meta property=\"article:publisher\" content=\"https:\/\/www.facebook.com\/iicolumnas\/\" \/>\n<meta property=\"article:published_time\" content=\"2016-05-22T16:01:05+00:00\" \/>\n<meta property=\"article:modified_time\" content=\"2016-05-22T16:04:46+00:00\" \/>\n<meta property=\"og:image\" content=\"https:\/\/iicolumnas.es\/wp-content\/uploads\/2016\/05\/cantalpineses-en-las-ventas3.jpg\" \/>\n\t<meta property=\"og:image:width\" content=\"800\" \/>\n\t<meta property=\"og:image:height\" content=\"450\" \/>\n\t<meta property=\"og:image:type\" content=\"image\/jpeg\" \/>\n<meta name=\"author\" content=\"Luc\u00eda Mart\u00edn\" \/>\n<meta name=\"twitter:card\" content=\"summary_large_image\" \/>\n<meta name=\"twitter:creator\" content=\"@iicolumnas\" \/>\n<meta name=\"twitter:site\" content=\"@iicolumnas\" \/>\n<meta name=\"twitter:label1\" content=\"Escrito por\" \/>\n\t<meta name=\"twitter:data1\" content=\"Luc\u00eda Mart\u00edn\" \/>\n\t<meta name=\"twitter:label2\" content=\"Tiempo de lectura\" \/>\n\t<meta name=\"twitter:data2\" content=\"1 minuto\" \/>\n<script type=\"application\/ld+json\" class=\"yoast-schema-graph\">{\"@context\":\"https:\/\/schema.org\",\"@graph\":[{\"@type\":\"WebPage\",\"@id\":\"https:\/\/iicolumnas.es\/index.php\/colaboraciones\/2016\/05\/22\/presencia-cantalpinesa-las-ventas\/\",\"url\":\"https:\/\/iicolumnas.es\/index.php\/colaboraciones\/2016\/05\/22\/presencia-cantalpinesa-las-ventas\/\",\"name\":\"Presencia cantalpinesa en Las Ventas - Dos Columnas\",\"isPartOf\":{\"@id\":\"https:\/\/iicolumnas.es\/#website\"},\"primaryImageOfPage\":{\"@id\":\"https:\/\/iicolumnas.es\/index.php\/colaboraciones\/2016\/05\/22\/presencia-cantalpinesa-las-ventas\/#primaryimage\"},\"image\":{\"@id\":\"https:\/\/iicolumnas.es\/index.php\/colaboraciones\/2016\/05\/22\/presencia-cantalpinesa-las-ventas\/#primaryimage\"},\"thumbnailUrl\":\"https:\/\/iicolumnas.es\/wp-content\/uploads\/2016\/05\/cantalpineses-en-las-ventas3.jpg\",\"datePublished\":\"2016-05-22T16:01:05+00:00\",\"dateModified\":\"2016-05-22T16:04:46+00:00\",\"author\":{\"@id\":\"https:\/\/iicolumnas.es\/#\/schema\/person\/d0b468295022f1c525f1f08174e5094e\"},\"breadcrumb\":{\"@id\":\"https:\/\/iicolumnas.es\/index.php\/colaboraciones\/2016\/05\/22\/presencia-cantalpinesa-las-ventas\/#breadcrumb\"},\"inLanguage\":\"es\",\"potentialAction\":[{\"@type\":\"ReadAction\",\"target\":[\"https:\/\/iicolumnas.es\/index.php\/colaboraciones\/2016\/05\/22\/presencia-cantalpinesa-las-ventas\/\"]}]},{\"@type\":\"ImageObject\",\"inLanguage\":\"es\",\"@id\":\"https:\/\/iicolumnas.es\/index.php\/colaboraciones\/2016\/05\/22\/presencia-cantalpinesa-las-ventas\/#primaryimage\",\"url\":\"https:\/\/iicolumnas.es\/wp-content\/uploads\/2016\/05\/cantalpineses-en-las-ventas3.jpg\",\"contentUrl\":\"https:\/\/iicolumnas.es\/wp-content\/uploads\/2016\/05\/cantalpineses-en-las-ventas3.jpg\",\"width\":\"800\",\"height\":\"450\",\"caption\":\"Cantalpineses en las ventas\"},{\"@type\":\"BreadcrumbList\",\"@id\":\"https:\/\/iicolumnas.es\/index.php\/colaboraciones\/2016\/05\/22\/presencia-cantalpinesa-las-ventas\/#breadcrumb\",\"itemListElement\":[{\"@type\":\"ListItem\",\"position\":1,\"name\":\"Portada\",\"item\":\"https:\/\/iicolumnas.es\/\"},{\"@type\":\"ListItem\",\"position\":2,\"name\":\"Colaboraciones\",\"item\":\"https:\/\/iicolumnas.es\/index.php\/category\/colaboraciones\/\"},{\"@type\":\"ListItem\",\"position\":3,\"name\":\"Presencia cantalpinesa en Las Ventas\"}]},{\"@type\":\"WebSite\",\"@id\":\"https:\/\/iicolumnas.es\/#website\",\"url\":\"https:\/\/iicolumnas.es\/\",\"name\":\"Dos Columnas\",\"description\":\"El peri\u00f3dico de la villa de Cantalpino\",\"potentialAction\":[{\"@type\":\"SearchAction\",\"target\":{\"@type\":\"EntryPoint\",\"urlTemplate\":\"https:\/\/iicolumnas.es\/?s={search_term_string}\"},\"query-input\":{\"@type\":\"PropertyValueSpecification\",\"valueRequired\":true,\"valueName\":\"search_term_string\"}}],\"inLanguage\":\"es\"},{\"@type\":\"Person\",\"@id\":\"https:\/\/iicolumnas.es\/#\/schema\/person\/d0b468295022f1c525f1f08174e5094e\",\"name\":\"Luc\u00eda Mart\u00edn\",\"image\":{\"@type\":\"ImageObject\",\"inLanguage\":\"es\",\"@id\":\"https:\/\/iicolumnas.es\/#\/schema\/person\/image\/\",\"url\":\"https:\/\/secure.gravatar.com\/avatar\/93fc1f88b1a03f8c364002e3c0eeaed8496b37404ac5fb74c332af7fc73d81f9?s=96&d=mm&r=g\",\"contentUrl\":\"https:\/\/secure.gravatar.com\/avatar\/93fc1f88b1a03f8c364002e3c0eeaed8496b37404ac5fb74c332af7fc73d81f9?s=96&d=mm&r=g\",\"caption\":\"Luc\u00eda Mart\u00edn\"}}]}<\/script>\n<!-- \/ Yoast SEO plugin. -->","yoast_head_json":{"title":"Presencia cantalpinesa en Las Ventas - Dos Columnas","robots":{"index":"index","follow":"follow","max-snippet":"max-snippet:-1","max-image-preview":"max-image-preview:large","max-video-preview":"max-video-preview:-1"},"canonical":"https:\/\/iicolumnas.es\/index.php\/colaboraciones\/2016\/05\/22\/presencia-cantalpinesa-las-ventas\/","og_locale":"es_ES","og_type":"article","og_title":"Presencia cantalpinesa en Las Ventas - Dos Columnas","og_description":"Un peque\u00f1o grupo de cantalpineses, algunos de ellos miembros de la ACTC, viajaron ayer hasta Madrid para disfrutar en la Plaza de Toros de Las Ventas de una buena tarde de rejoneo. Ataviados con&#46;&#46;&#46;","og_url":"https:\/\/iicolumnas.es\/index.php\/colaboraciones\/2016\/05\/22\/presencia-cantalpinesa-las-ventas\/","og_site_name":"Dos Columnas","article_publisher":"https:\/\/www.facebook.com\/iicolumnas\/","article_published_time":"2016-05-22T16:01:05+00:00","article_modified_time":"2016-05-22T16:04:46+00:00","og_image":[{"width":800,"height":450,"url":"https:\/\/iicolumnas.es\/wp-content\/uploads\/2016\/05\/cantalpineses-en-las-ventas3.jpg","type":"image\/jpeg"}],"author":"Luc\u00eda Mart\u00edn","twitter_card":"summary_large_image","twitter_creator":"@iicolumnas","twitter_site":"@iicolumnas","twitter_misc":{"Escrito por":"Luc\u00eda Mart\u00edn","Tiempo de lectura":"1 minuto"},"schema":{"@context":"https:\/\/schema.org","@graph":[{"@type":"WebPage","@id":"https:\/\/iicolumnas.es\/index.php\/colaboraciones\/2016\/05\/22\/presencia-cantalpinesa-las-ventas\/","url":"https:\/\/iicolumnas.es\/index.php\/colaboraciones\/2016\/05\/22\/presencia-cantalpinesa-las-ventas\/","name":"Presencia cantalpinesa en Las Ventas - Dos Columnas","isPartOf":{"@id":"https:\/\/iicolumnas.es\/#website"},"primaryImageOfPage":{"@id":"https:\/\/iicolumnas.es\/index.php\/colaboraciones\/2016\/05\/22\/presencia-cantalpinesa-las-ventas\/#primaryimage"},"image":{"@id":"https:\/\/iicolumnas.es\/index.php\/colaboraciones\/2016\/05\/22\/presencia-cantalpinesa-las-ventas\/#primaryimage"},"thumbnailUrl":"https:\/\/iicolumnas.es\/wp-content\/uploads\/2016\/05\/cantalpineses-en-las-ventas3.jpg","datePublished":"2016-05-22T16:01:05+00:00","dateModified":"2016-05-22T16:04:46+00:00","author":{"@id":"https:\/\/iicolumnas.es\/#\/schema\/person\/d0b468295022f1c525f1f08174e5094e"},"breadcrumb":{"@id":"https:\/\/iicolumnas.es\/index.php\/colaboraciones\/2016\/05\/22\/presencia-cantalpinesa-las-ventas\/#breadcrumb"},"inLanguage":"es","potentialAction":[{"@type":"ReadAction","target":["https:\/\/iicolumnas.es\/index.php\/colaboraciones\/2016\/05\/22\/presencia-cantalpinesa-las-ventas\/"]}]},{"@type":"ImageObject","inLanguage":"es","@id":"https:\/\/iicolumnas.es\/index.php\/colaboraciones\/2016\/05\/22\/presencia-cantalpinesa-las-ventas\/#primaryimage","url":"https:\/\/iicolumnas.es\/wp-content\/uploads\/2016\/05\/cantalpineses-en-las-ventas3.jpg","contentUrl":"https:\/\/iicolumnas.es\/wp-content\/uploads\/2016\/05\/cantalpineses-en-las-ventas3.jpg","width":"800","height":"450","caption":"Cantalpineses en las ventas"},{"@type":"BreadcrumbList","@id":"https:\/\/iicolumnas.es\/index.php\/colaboraciones\/2016\/05\/22\/presencia-cantalpinesa-las-ventas\/#breadcrumb","itemListElement":[{"@type":"ListItem","position":1,"name":"Portada","item":"https:\/\/iicolumnas.es\/"},{"@type":"ListItem","position":2,"name":"Colaboraciones","item":"https:\/\/iicolumnas.es\/index.php\/category\/colaboraciones\/"},{"@type":"ListItem","position":3,"name":"Presencia cantalpinesa en Las Ventas"}]},{"@type":"WebSite","@id":"https:\/\/iicolumnas.es\/#website","url":"https:\/\/iicolumnas.es\/","name":"Dos Columnas","description":"El peri\u00f3dico de la villa de Cantalpino","potentialAction":[{"@type":"SearchAction","target":{"@type":"EntryPoint","urlTemplate":"https:\/\/iicolumnas.es\/?s={search_term_string}"},"query-input":{"@type":"PropertyValueSpecification","valueRequired":true,"valueName":"search_term_string"}}],"inLanguage":"es"},{"@type":"Person","@id":"https:\/\/iicolumnas.es\/#\/schema\/person\/d0b468295022f1c525f1f08174e5094e","name":"Luc\u00eda Mart\u00edn","image":{"@type":"ImageObject","inLanguage":"es","@id":"https:\/\/iicolumnas.es\/#\/schema\/person\/image\/","url":"https:\/\/secure.gravatar.com\/avatar\/93fc1f88b1a03f8c364002e3c0eeaed8496b37404ac5fb74c332af7fc73d81f9?s=96&d=mm&r=g","contentUrl":"https:\/\/secure.gravatar.com\/avatar\/93fc1f88b1a03f8c364002e3c0eeaed8496b37404ac5fb74c332af7fc73d81f9?s=96&d=mm&r=g","caption":"Luc\u00eda Mart\u00edn"}}]}},"_links":{"self":[{"href":"https:\/\/iicolumnas.es\/index.php\/wp-json\/wp\/v2\/posts\/3750","targetHints":{"allow":["GET"]}}],"collection":[{"href":"https:\/\/iicolumnas.es\/index.php\/wp-json\/wp\/v2\/posts"}],"about":[{"href":"https:\/\/iicolumnas.es\/index.php\/wp-json\/wp\/v2\/types\/post"}],"author":[{"embeddable":true,"href":"https:\/\/iicolumnas.es\/index.php\/wp-json\/wp\/v2\/users\/13"}],"replies":[{"embeddable":true,"href":"https:\/\/iicolumnas.es\/index.php\/wp-json\/wp\/v2\/comments?post=3750"}],"version-history":[{"count":0,"href":"https:\/\/iicolumnas.es\/index.php\/wp-json\/wp\/v2\/posts\/3750\/revisions"}],"wp:featuredmedia":[{"embeddable":true,"href":"https:\/\/iicolumnas.es\/index.php\/wp-json\/wp\/v2\/media\/3768"}],"wp:attachment":[{"href":"https:\/\/iicolumnas.es\/index.php\/wp-json\/wp\/v2\/media?parent=3750"}],"wp:term":[{"taxonomy":"category","embeddable":true,"href":"https:\/\/iicolumnas.es\/index.php\/wp-json\/wp\/v2\/categories?post=3750"},{"taxonomy":"post_tag","embeddable":true,"href":"https:\/\/iicolumnas.es\/index.php\/wp-json\/wp\/v2\/tags?post=3750"}],"curies":[{"name":"wp","href":"https:\/\/api.w.org\/{rel}","templated":true}]}}