{"id":36340,"date":"2025-12-15T13:42:22","date_gmt":"2025-12-15T12:42:22","guid":{"rendered":"https:\/\/iicolumnas.es\/?p=36340"},"modified":"2025-12-15T13:42:22","modified_gmt":"2025-12-15T12:42:22","slug":"ultimas-oportunidades-a-la-venta-los-ultimos-numeros-de-la-cesta-de-navidad-del-ampa-dr-iglesias-mellado","status":"publish","type":"post","link":"https:\/\/iicolumnas.es\/index.php\/actualidad\/2025\/12\/15\/ultimas-oportunidades-a-la-venta-los-ultimos-numeros-de-la-cesta-de-navidad-del-ampa-dr-iglesias-mellado\/","title":{"rendered":"\u00a1\u00daltimas Oportunidades! A la Venta los \u00daltimos N\u00fameros de la Cesta de Navidad del AMPA Dr. Iglesias Mellado"},"content":{"rendered":"<p data-path-to-node=\"4\">El <b>AMPA Dr. Iglesias Mellado<\/b> del colegio de Cantalpino informa a la comunidad que est\u00e1n a punto de agotarse los n\u00fameros para su tradicional Sorteo de la Cesta de Navidad. Debido a la gran demanda, solo quedan disponibles los <b>\u00faltimos n\u00fameros<\/b> para participar en esta iniciativa ben\u00e9fica.<\/p>\n<p data-path-to-node=\"5\">Por tan solo <b>2,50\u20ac por n\u00famero<\/b>, los vecinos pueden optar a llevarse una fant\u00e1stica cesta repleta de productos navide\u00f1os, tal como se anuncia en el cartel oficial.<\/p>\n<h3 data-path-to-node=\"6\">\ud83d\udccd \u00bfD\u00f3nde Conseguir los \u00daltimos N\u00fameros?<\/h3>\n<p data-path-to-node=\"7\">Los interesados en conseguir una de las \u00faltimas participaciones deben dirigirse a:<\/p>\n<ul data-path-to-node=\"8\">\n<li>\n<p data-path-to-node=\"8,0,0\"><b>Panader\u00eda La Tahona<\/b> (Calle Bolos Primera, Cantalpino).<\/p>\n<\/li>\n<\/ul>\n<h3 data-path-to-node=\"9\">\ud83d\uddd3\ufe0f Fecha y Modo del Sorteo<\/h3>\n<p data-path-to-node=\"10\">El sorteo se celebrar\u00e1 en pocos d\u00edas, el pr\u00f3ximo <b>22 de diciembre<\/b>, coincidiendo con la Loter\u00eda Nacional.<\/p>\n<p data-path-to-node=\"11\">El AMPA anima a todos a no dejar pasar esta \u00faltima oportunidad de colaborar con las actividades del colegio y, al mismo tiempo, optar a ganar esta magn\u00edfica cesta para estas fiestas.++<img loading=\"lazy\" decoding=\"async\" class=\"aligncenter size-full wp-image-36341\" src=\"https:\/\/iicolumnas.es\/wp-content\/uploads\/2025\/12\/WhatsApp-Image-2025-12-15-at-13.33.42.jpeg\" alt=\"\" width=\"566\" height=\"800\" srcset=\"https:\/\/iicolumnas.es\/wp-content\/uploads\/2025\/12\/WhatsApp-Image-2025-12-15-at-13.33.42.jpeg 566w, https:\/\/iicolumnas.es\/wp-content\/uploads\/2025\/12\/WhatsApp-Image-2025-12-15-at-13.33.42-212x300.jpeg 212w\" sizes=\"auto, (max-width: 566px) 100vw, 566px\" \/><\/p>\n","protected":false},"excerpt":{"rendered":"<p>El AMPA Dr. Iglesias Mellado del colegio de Cantalpino informa a la comunidad que est\u00e1n a punto de agotarse los n\u00fameros para su tradicional Sorteo de la Cesta de Navidad. Debido a la gran&#46;&#46;&#46;<\/p>\n","protected":false},"author":21,"featured_media":36341,"comment_status":"open","ping_status":"open","sticky":false,"template":"","format":"standard","meta":{"footnotes":""},"categories":[1],"tags":[2499,2485,14,2496,22,1545,2497,1122,2498],"class_list":["post-36340","post","type-post","status-publish","format-standard","has-post-thumbnail","hentry","category-actualidad","tag-22-de-diciembre","tag-ampa-dr-iglesias-mellado","tag-cantalpino","tag-cesta-de-navidad","tag-colaboracion","tag-loteria-nacional","tag-panaderia-la-tahona","tag-sorteo","tag-ultimos-numeros"],"yoast_head":"<!-- This site is optimized with the Yoast SEO plugin v26.6 - https:\/\/yoast.com\/wordpress\/plugins\/seo\/ -->\n<title>\u00a1\u00daltimas Oportunidades! A la Venta los \u00daltimos N\u00fameros de la Cesta de Navidad del AMPA Dr. Iglesias Mellado - Dos Columnas<\/title>\n<meta name=\"robots\" content=\"index, follow, max-snippet:-1, max-image-preview:large, max-video-preview:-1\" \/>\n<link rel=\"canonical\" href=\"https:\/\/iicolumnas.es\/index.php\/actualidad\/2025\/12\/15\/ultimas-oportunidades-a-la-venta-los-ultimos-numeros-de-la-cesta-de-navidad-del-ampa-dr-iglesias-mellado\/\" \/>\n<meta property=\"og:locale\" content=\"es_ES\" \/>\n<meta property=\"og:type\" content=\"article\" \/>\n<meta property=\"og:title\" content=\"\u00a1\u00daltimas Oportunidades! A la Venta los \u00daltimos N\u00fameros de la Cesta de Navidad del AMPA Dr. Iglesias Mellado - Dos Columnas\" \/>\n<meta property=\"og:description\" content=\"El AMPA Dr. Iglesias Mellado del colegio de Cantalpino informa a la comunidad que est\u00e1n a punto de agotarse los n\u00fameros para su tradicional Sorteo de la Cesta de Navidad. Debido a la gran&#046;&#046;&#046;\" \/>\n<meta property=\"og:url\" content=\"https:\/\/iicolumnas.es\/index.php\/actualidad\/2025\/12\/15\/ultimas-oportunidades-a-la-venta-los-ultimos-numeros-de-la-cesta-de-navidad-del-ampa-dr-iglesias-mellado\/\" \/>\n<meta property=\"og:site_name\" content=\"Dos Columnas\" \/>\n<meta property=\"article:publisher\" content=\"https:\/\/www.facebook.com\/iicolumnas\/\" \/>\n<meta property=\"article:published_time\" content=\"2025-12-15T12:42:22+00:00\" \/>\n<meta property=\"og:image\" content=\"https:\/\/iicolumnas.es\/wp-content\/uploads\/2025\/12\/WhatsApp-Image-2025-12-15-at-13.33.42.jpeg\" \/>\n\t<meta property=\"og:image:width\" content=\"566\" \/>\n\t<meta property=\"og:image:height\" content=\"800\" \/>\n\t<meta property=\"og:image:type\" content=\"image\/jpeg\" \/>\n<meta name=\"author\" content=\"Luc\u00eda Pedroso\" \/>\n<meta name=\"twitter:card\" content=\"summary_large_image\" \/>\n<meta name=\"twitter:creator\" content=\"@iicolumnas\" \/>\n<meta name=\"twitter:site\" content=\"@iicolumnas\" \/>\n<meta name=\"twitter:label1\" content=\"Escrito por\" \/>\n\t<meta name=\"twitter:data1\" content=\"Luc\u00eda Pedroso\" \/>\n\t<meta name=\"twitter:label2\" content=\"Tiempo de lectura\" \/>\n\t<meta name=\"twitter:data2\" content=\"2 minutos\" \/>\n<script type=\"application\/ld+json\" class=\"yoast-schema-graph\">{\"@context\":\"https:\/\/schema.org\",\"@graph\":[{\"@type\":\"WebPage\",\"@id\":\"https:\/\/iicolumnas.es\/index.php\/actualidad\/2025\/12\/15\/ultimas-oportunidades-a-la-venta-los-ultimos-numeros-de-la-cesta-de-navidad-del-ampa-dr-iglesias-mellado\/\",\"url\":\"https:\/\/iicolumnas.es\/index.php\/actualidad\/2025\/12\/15\/ultimas-oportunidades-a-la-venta-los-ultimos-numeros-de-la-cesta-de-navidad-del-ampa-dr-iglesias-mellado\/\",\"name\":\"\u00a1\u00daltimas Oportunidades! A la Venta los \u00daltimos N\u00fameros de la Cesta de Navidad del AMPA Dr. Iglesias Mellado - Dos Columnas\",\"isPartOf\":{\"@id\":\"https:\/\/iicolumnas.es\/#website\"},\"primaryImageOfPage\":{\"@id\":\"https:\/\/iicolumnas.es\/index.php\/actualidad\/2025\/12\/15\/ultimas-oportunidades-a-la-venta-los-ultimos-numeros-de-la-cesta-de-navidad-del-ampa-dr-iglesias-mellado\/#primaryimage\"},\"image\":{\"@id\":\"https:\/\/iicolumnas.es\/index.php\/actualidad\/2025\/12\/15\/ultimas-oportunidades-a-la-venta-los-ultimos-numeros-de-la-cesta-de-navidad-del-ampa-dr-iglesias-mellado\/#primaryimage\"},\"thumbnailUrl\":\"https:\/\/iicolumnas.es\/wp-content\/uploads\/2025\/12\/WhatsApp-Image-2025-12-15-at-13.33.42.jpeg\",\"datePublished\":\"2025-12-15T12:42:22+00:00\",\"author\":{\"@id\":\"https:\/\/iicolumnas.es\/#\/schema\/person\/c14438f8693220897997dbbf718f2079\"},\"breadcrumb\":{\"@id\":\"https:\/\/iicolumnas.es\/index.php\/actualidad\/2025\/12\/15\/ultimas-oportunidades-a-la-venta-los-ultimos-numeros-de-la-cesta-de-navidad-del-ampa-dr-iglesias-mellado\/#breadcrumb\"},\"inLanguage\":\"es\",\"potentialAction\":[{\"@type\":\"ReadAction\",\"target\":[\"https:\/\/iicolumnas.es\/index.php\/actualidad\/2025\/12\/15\/ultimas-oportunidades-a-la-venta-los-ultimos-numeros-de-la-cesta-de-navidad-del-ampa-dr-iglesias-mellado\/\"]}]},{\"@type\":\"ImageObject\",\"inLanguage\":\"es\",\"@id\":\"https:\/\/iicolumnas.es\/index.php\/actualidad\/2025\/12\/15\/ultimas-oportunidades-a-la-venta-los-ultimos-numeros-de-la-cesta-de-navidad-del-ampa-dr-iglesias-mellado\/#primaryimage\",\"url\":\"https:\/\/iicolumnas.es\/wp-content\/uploads\/2025\/12\/WhatsApp-Image-2025-12-15-at-13.33.42.jpeg\",\"contentUrl\":\"https:\/\/iicolumnas.es\/wp-content\/uploads\/2025\/12\/WhatsApp-Image-2025-12-15-at-13.33.42.jpeg\",\"width\":566,\"height\":800},{\"@type\":\"BreadcrumbList\",\"@id\":\"https:\/\/iicolumnas.es\/index.php\/actualidad\/2025\/12\/15\/ultimas-oportunidades-a-la-venta-los-ultimos-numeros-de-la-cesta-de-navidad-del-ampa-dr-iglesias-mellado\/#breadcrumb\",\"itemListElement\":[{\"@type\":\"ListItem\",\"position\":1,\"name\":\"Portada\",\"item\":\"https:\/\/iicolumnas.es\/\"},{\"@type\":\"ListItem\",\"position\":2,\"name\":\"Actualidad\",\"item\":\"https:\/\/iicolumnas.es\/index.php\/category\/actualidad\/\"},{\"@type\":\"ListItem\",\"position\":3,\"name\":\"\u00a1\u00daltimas Oportunidades! A la Venta los \u00daltimos N\u00fameros de la Cesta de Navidad del AMPA Dr. Iglesias Mellado\"}]},{\"@type\":\"WebSite\",\"@id\":\"https:\/\/iicolumnas.es\/#website\",\"url\":\"https:\/\/iicolumnas.es\/\",\"name\":\"Dos Columnas\",\"description\":\"El peri\u00f3dico de la villa de Cantalpino\",\"potentialAction\":[{\"@type\":\"SearchAction\",\"target\":{\"@type\":\"EntryPoint\",\"urlTemplate\":\"https:\/\/iicolumnas.es\/?s={search_term_string}\"},\"query-input\":{\"@type\":\"PropertyValueSpecification\",\"valueRequired\":true,\"valueName\":\"search_term_string\"}}],\"inLanguage\":\"es\"},{\"@type\":\"Person\",\"@id\":\"https:\/\/iicolumnas.es\/#\/schema\/person\/c14438f8693220897997dbbf718f2079\",\"name\":\"Luc\u00eda Pedroso\",\"image\":{\"@type\":\"ImageObject\",\"inLanguage\":\"es\",\"@id\":\"https:\/\/iicolumnas.es\/#\/schema\/person\/image\/\",\"url\":\"https:\/\/secure.gravatar.com\/avatar\/ada6c90a6cd339894388a0dcf74cb992749bb938186838bd65e437d8f0959d71?s=96&d=mm&r=g\",\"contentUrl\":\"https:\/\/secure.gravatar.com\/avatar\/ada6c90a6cd339894388a0dcf74cb992749bb938186838bd65e437d8f0959d71?s=96&d=mm&r=g\",\"caption\":\"Luc\u00eda Pedroso\"}}]}<\/script>\n<!-- \/ Yoast SEO plugin. -->","yoast_head_json":{"title":"\u00a1\u00daltimas Oportunidades! A la Venta los \u00daltimos N\u00fameros de la Cesta de Navidad del AMPA Dr. Iglesias Mellado - Dos Columnas","robots":{"index":"index","follow":"follow","max-snippet":"max-snippet:-1","max-image-preview":"max-image-preview:large","max-video-preview":"max-video-preview:-1"},"canonical":"https:\/\/iicolumnas.es\/index.php\/actualidad\/2025\/12\/15\/ultimas-oportunidades-a-la-venta-los-ultimos-numeros-de-la-cesta-de-navidad-del-ampa-dr-iglesias-mellado\/","og_locale":"es_ES","og_type":"article","og_title":"\u00a1\u00daltimas Oportunidades! A la Venta los \u00daltimos N\u00fameros de la Cesta de Navidad del AMPA Dr. Iglesias Mellado - Dos Columnas","og_description":"El AMPA Dr. Iglesias Mellado del colegio de Cantalpino informa a la comunidad que est\u00e1n a punto de agotarse los n\u00fameros para su tradicional Sorteo de la Cesta de Navidad. Debido a la gran&#46;&#46;&#46;","og_url":"https:\/\/iicolumnas.es\/index.php\/actualidad\/2025\/12\/15\/ultimas-oportunidades-a-la-venta-los-ultimos-numeros-de-la-cesta-de-navidad-del-ampa-dr-iglesias-mellado\/","og_site_name":"Dos Columnas","article_publisher":"https:\/\/www.facebook.com\/iicolumnas\/","article_published_time":"2025-12-15T12:42:22+00:00","og_image":[{"width":566,"height":800,"url":"https:\/\/iicolumnas.es\/wp-content\/uploads\/2025\/12\/WhatsApp-Image-2025-12-15-at-13.33.42.jpeg","type":"image\/jpeg"}],"author":"Luc\u00eda Pedroso","twitter_card":"summary_large_image","twitter_creator":"@iicolumnas","twitter_site":"@iicolumnas","twitter_misc":{"Escrito por":"Luc\u00eda Pedroso","Tiempo de lectura":"2 minutos"},"schema":{"@context":"https:\/\/schema.org","@graph":[{"@type":"WebPage","@id":"https:\/\/iicolumnas.es\/index.php\/actualidad\/2025\/12\/15\/ultimas-oportunidades-a-la-venta-los-ultimos-numeros-de-la-cesta-de-navidad-del-ampa-dr-iglesias-mellado\/","url":"https:\/\/iicolumnas.es\/index.php\/actualidad\/2025\/12\/15\/ultimas-oportunidades-a-la-venta-los-ultimos-numeros-de-la-cesta-de-navidad-del-ampa-dr-iglesias-mellado\/","name":"\u00a1\u00daltimas Oportunidades! A la Venta los \u00daltimos N\u00fameros de la Cesta de Navidad del AMPA Dr. Iglesias Mellado - Dos Columnas","isPartOf":{"@id":"https:\/\/iicolumnas.es\/#website"},"primaryImageOfPage":{"@id":"https:\/\/iicolumnas.es\/index.php\/actualidad\/2025\/12\/15\/ultimas-oportunidades-a-la-venta-los-ultimos-numeros-de-la-cesta-de-navidad-del-ampa-dr-iglesias-mellado\/#primaryimage"},"image":{"@id":"https:\/\/iicolumnas.es\/index.php\/actualidad\/2025\/12\/15\/ultimas-oportunidades-a-la-venta-los-ultimos-numeros-de-la-cesta-de-navidad-del-ampa-dr-iglesias-mellado\/#primaryimage"},"thumbnailUrl":"https:\/\/iicolumnas.es\/wp-content\/uploads\/2025\/12\/WhatsApp-Image-2025-12-15-at-13.33.42.jpeg","datePublished":"2025-12-15T12:42:22+00:00","author":{"@id":"https:\/\/iicolumnas.es\/#\/schema\/person\/c14438f8693220897997dbbf718f2079"},"breadcrumb":{"@id":"https:\/\/iicolumnas.es\/index.php\/actualidad\/2025\/12\/15\/ultimas-oportunidades-a-la-venta-los-ultimos-numeros-de-la-cesta-de-navidad-del-ampa-dr-iglesias-mellado\/#breadcrumb"},"inLanguage":"es","potentialAction":[{"@type":"ReadAction","target":["https:\/\/iicolumnas.es\/index.php\/actualidad\/2025\/12\/15\/ultimas-oportunidades-a-la-venta-los-ultimos-numeros-de-la-cesta-de-navidad-del-ampa-dr-iglesias-mellado\/"]}]},{"@type":"ImageObject","inLanguage":"es","@id":"https:\/\/iicolumnas.es\/index.php\/actualidad\/2025\/12\/15\/ultimas-oportunidades-a-la-venta-los-ultimos-numeros-de-la-cesta-de-navidad-del-ampa-dr-iglesias-mellado\/#primaryimage","url":"https:\/\/iicolumnas.es\/wp-content\/uploads\/2025\/12\/WhatsApp-Image-2025-12-15-at-13.33.42.jpeg","contentUrl":"https:\/\/iicolumnas.es\/wp-content\/uploads\/2025\/12\/WhatsApp-Image-2025-12-15-at-13.33.42.jpeg","width":566,"height":800},{"@type":"BreadcrumbList","@id":"https:\/\/iicolumnas.es\/index.php\/actualidad\/2025\/12\/15\/ultimas-oportunidades-a-la-venta-los-ultimos-numeros-de-la-cesta-de-navidad-del-ampa-dr-iglesias-mellado\/#breadcrumb","itemListElement":[{"@type":"ListItem","position":1,"name":"Portada","item":"https:\/\/iicolumnas.es\/"},{"@type":"ListItem","position":2,"name":"Actualidad","item":"https:\/\/iicolumnas.es\/index.php\/category\/actualidad\/"},{"@type":"ListItem","position":3,"name":"\u00a1\u00daltimas Oportunidades! A la Venta los \u00daltimos N\u00fameros de la Cesta de Navidad del AMPA Dr. Iglesias Mellado"}]},{"@type":"WebSite","@id":"https:\/\/iicolumnas.es\/#website","url":"https:\/\/iicolumnas.es\/","name":"Dos Columnas","description":"El peri\u00f3dico de la villa de Cantalpino","potentialAction":[{"@type":"SearchAction","target":{"@type":"EntryPoint","urlTemplate":"https:\/\/iicolumnas.es\/?s={search_term_string}"},"query-input":{"@type":"PropertyValueSpecification","valueRequired":true,"valueName":"search_term_string"}}],"inLanguage":"es"},{"@type":"Person","@id":"https:\/\/iicolumnas.es\/#\/schema\/person\/c14438f8693220897997dbbf718f2079","name":"Luc\u00eda Pedroso","image":{"@type":"ImageObject","inLanguage":"es","@id":"https:\/\/iicolumnas.es\/#\/schema\/person\/image\/","url":"https:\/\/secure.gravatar.com\/avatar\/ada6c90a6cd339894388a0dcf74cb992749bb938186838bd65e437d8f0959d71?s=96&d=mm&r=g","contentUrl":"https:\/\/secure.gravatar.com\/avatar\/ada6c90a6cd339894388a0dcf74cb992749bb938186838bd65e437d8f0959d71?s=96&d=mm&r=g","caption":"Luc\u00eda Pedroso"}}]}},"_links":{"self":[{"href":"https:\/\/iicolumnas.es\/index.php\/wp-json\/wp\/v2\/posts\/36340","targetHints":{"allow":["GET"]}}],"collection":[{"href":"https:\/\/iicolumnas.es\/index.php\/wp-json\/wp\/v2\/posts"}],"about":[{"href":"https:\/\/iicolumnas.es\/index.php\/wp-json\/wp\/v2\/types\/post"}],"author":[{"embeddable":true,"href":"https:\/\/iicolumnas.es\/index.php\/wp-json\/wp\/v2\/users\/21"}],"replies":[{"embeddable":true,"href":"https:\/\/iicolumnas.es\/index.php\/wp-json\/wp\/v2\/comments?post=36340"}],"version-history":[{"count":1,"href":"https:\/\/iicolumnas.es\/index.php\/wp-json\/wp\/v2\/posts\/36340\/revisions"}],"predecessor-version":[{"id":36342,"href":"https:\/\/iicolumnas.es\/index.php\/wp-json\/wp\/v2\/posts\/36340\/revisions\/36342"}],"wp:featuredmedia":[{"embeddable":true,"href":"https:\/\/iicolumnas.es\/index.php\/wp-json\/wp\/v2\/media\/36341"}],"wp:attachment":[{"href":"https:\/\/iicolumnas.es\/index.php\/wp-json\/wp\/v2\/media?parent=36340"}],"wp:term":[{"taxonomy":"category","embeddable":true,"href":"https:\/\/iicolumnas.es\/index.php\/wp-json\/wp\/v2\/categories?post=36340"},{"taxonomy":"post_tag","embeddable":true,"href":"https:\/\/iicolumnas.es\/index.php\/wp-json\/wp\/v2\/tags?post=36340"}],"curies":[{"name":"wp","href":"https:\/\/api.w.org\/{rel}","templated":true}]}}