{"id":34903,"date":"2025-05-10T20:58:20","date_gmt":"2025-05-10T18:58:20","guid":{"rendered":"https:\/\/iicolumnas.es\/?p=34903"},"modified":"2025-05-10T21:02:10","modified_gmt":"2025-05-10T19:02:10","slug":"vuelve-el-paseo-saludable-de-paradinas-de-san-juan","status":"publish","type":"post","link":"https:\/\/iicolumnas.es\/index.php\/actualidad\/2025\/05\/10\/vuelve-el-paseo-saludable-de-paradinas-de-san-juan\/","title":{"rendered":"\u00a1Vuelve el Paseo Saludable de Paradinas de San Juan!"},"content":{"rendered":"<p>Ya hay fecha para su 8\u00aa edici\u00f3n solidaria Paradinas de San Juan se prepara para acoger una de sus citas m\u00e1s esperadas del a\u00f1o: el 8\u00ba Paseo Saludable, que se celebrar\u00e1 el s\u00e1bado 25 de mayo con un recorrido de 10 kil\u00f3metros por los alrededores del municipio, en un entorno natural accesible, llano y de baja dificultad, ideal para todas las edades.<\/p>\n<p>El paseo comenzar\u00e1 a las 10:00 h desde la Plaza de la Constituci\u00f3n, y contar\u00e1, como en ediciones anteriores, con una parada a mitad del recorrido, donde los participantes podr\u00e1n reponer fuerzas<br \/>\ncon pastas y agua. Tras el descanso, se reanudar\u00e1 el trayecto con los 5 km restantes hasta llegar al parque del pueblo, punto final del paseo.<\/p>\n<p>All\u00ed, todos los participantes recibir\u00e1n un bocadillo, una pieza de fruta y un refresco, y a continuaci\u00f3n se celebrar\u00e1 el esperado sorteo de regalos. Adem\u00e1s, los m\u00e1s peque\u00f1os podr\u00e1n disfrutar de hinchables y, para cerrar la jornada, todos los asistentes podr\u00e1n deleitarse con un espect\u00e1culo de magia. Como recuerdo, cada participante recibir\u00e1 tambi\u00e9n un regalo exclusivo de esta 8\u00aa edici\u00f3n.<\/p>\n<p>El evento no ser\u00eda posible sin el apoyo del Excmo. Ayuntamiento de Paradinas de San Juan y el generoso patrocinio de m\u00e1s de 50 empresas que han querido colaborar con esta causa.<\/p>\n<p>Los tickets tienen un coste de 7 euros y ya est\u00e1n disponibles en:<br \/>\n\u2022 Sede de ASPAS-Salamanca (en Salamanca)<br \/>\n\u2022 Panader\u00eda Sabores de Paradinas (en Paradinas de San Juan)<br \/>\n\u2022 Bar El Quinto (en Paradinas de San Juan)<br \/>\n\u2022 Supermercado M\u00aa Teresa (en Paradinas de San Juan)<\/p>\n<p>Toda la recaudaci\u00f3n ir\u00e1 destinada al Proyecto de Acondicionamiento y Mejora de Infraestructuras del nuevo local de la Asociaci\u00f3n de Padres de Ni\u00f1os Sordos de Salamanca (ASPAS-SALAMANCA), destinado a la atenci\u00f3n de ni\u00f1os y ni\u00f1as sordos.<\/p>\n<p>Desde la organizaci\u00f3n, animamos a todos los vecinos y visitantes a participar en este evento<br \/>\nsolidario, saludable y festivo.<\/p>\n<p>\u00a1Os esperamos para caminar juntos por una buena causa!<\/p>\n<p><img loading=\"lazy\" decoding=\"async\" class=\"aligncenter size-full wp-image-34910\" src=\"https:\/\/iicolumnas.es\/wp-content\/uploads\/2025\/05\/IMG_20250510_210115.jpg\" alt=\"\" width=\"541\" height=\"800\" srcset=\"https:\/\/iicolumnas.es\/wp-content\/uploads\/2025\/05\/IMG_20250510_210115.jpg 541w, https:\/\/iicolumnas.es\/wp-content\/uploads\/2025\/05\/IMG_20250510_210115-203x300.jpg 203w\" sizes=\"auto, (max-width: 541px) 100vw, 541px\" \/><\/p>\n","protected":false},"excerpt":{"rendered":"<p>Ya hay fecha para su 8\u00aa edici\u00f3n solidaria Paradinas de San Juan se prepara para acoger una de sus citas m\u00e1s esperadas del a\u00f1o: el 8\u00ba Paseo Saludable, que se celebrar\u00e1 el s\u00e1bado 25&#46;&#46;&#46;<\/p>\n","protected":false},"author":21,"featured_media":34907,"comment_status":"open","ping_status":"open","sticky":false,"template":"","format":"standard","meta":{"footnotes":""},"categories":[1],"tags":[1252,1289],"class_list":["post-34903","post","type-post","status-publish","format-standard","has-post-thumbnail","hentry","category-actualidad","tag-paradinas-de-san-juan","tag-paseo-saludable"],"yoast_head":"<!-- This site is optimized with the Yoast SEO plugin v26.6 - https:\/\/yoast.com\/wordpress\/plugins\/seo\/ -->\n<title>\u00a1Vuelve el Paseo Saludable de Paradinas de San Juan! - Dos Columnas<\/title>\n<meta name=\"robots\" content=\"index, follow, max-snippet:-1, max-image-preview:large, max-video-preview:-1\" \/>\n<link rel=\"canonical\" href=\"https:\/\/iicolumnas.es\/index.php\/actualidad\/2025\/05\/10\/vuelve-el-paseo-saludable-de-paradinas-de-san-juan\/\" \/>\n<meta property=\"og:locale\" content=\"es_ES\" \/>\n<meta property=\"og:type\" content=\"article\" \/>\n<meta property=\"og:title\" content=\"\u00a1Vuelve el Paseo Saludable de Paradinas de San Juan! - Dos Columnas\" \/>\n<meta property=\"og:description\" content=\"Ya hay fecha para su 8\u00aa edici\u00f3n solidaria Paradinas de San Juan se prepara para acoger una de sus citas m\u00e1s esperadas del a\u00f1o: el 8\u00ba Paseo Saludable, que se celebrar\u00e1 el s\u00e1bado 25&#046;&#046;&#046;\" \/>\n<meta property=\"og:url\" content=\"https:\/\/iicolumnas.es\/index.php\/actualidad\/2025\/05\/10\/vuelve-el-paseo-saludable-de-paradinas-de-san-juan\/\" \/>\n<meta property=\"og:site_name\" content=\"Dos Columnas\" \/>\n<meta property=\"article:publisher\" content=\"https:\/\/www.facebook.com\/iicolumnas\/\" \/>\n<meta property=\"article:published_time\" content=\"2025-05-10T18:58:20+00:00\" \/>\n<meta property=\"article:modified_time\" content=\"2025-05-10T19:02:10+00:00\" \/>\n<meta property=\"og:image\" content=\"https:\/\/iicolumnas.es\/wp-content\/uploads\/2025\/05\/IMG_20250510_205712.jpg\" \/>\n\t<meta property=\"og:image:width\" content=\"800\" \/>\n\t<meta property=\"og:image:height\" content=\"493\" \/>\n\t<meta property=\"og:image:type\" content=\"image\/jpeg\" \/>\n<meta name=\"author\" content=\"Luc\u00eda Pedroso\" \/>\n<meta name=\"twitter:card\" content=\"summary_large_image\" \/>\n<meta name=\"twitter:creator\" content=\"@iicolumnas\" \/>\n<meta name=\"twitter:site\" content=\"@iicolumnas\" \/>\n<meta name=\"twitter:label1\" content=\"Escrito por\" \/>\n\t<meta name=\"twitter:data1\" content=\"Luc\u00eda Pedroso\" \/>\n\t<meta name=\"twitter:label2\" content=\"Tiempo de lectura\" \/>\n\t<meta name=\"twitter:data2\" content=\"2 minutos\" \/>\n<script type=\"application\/ld+json\" class=\"yoast-schema-graph\">{\"@context\":\"https:\/\/schema.org\",\"@graph\":[{\"@type\":\"WebPage\",\"@id\":\"https:\/\/iicolumnas.es\/index.php\/actualidad\/2025\/05\/10\/vuelve-el-paseo-saludable-de-paradinas-de-san-juan\/\",\"url\":\"https:\/\/iicolumnas.es\/index.php\/actualidad\/2025\/05\/10\/vuelve-el-paseo-saludable-de-paradinas-de-san-juan\/\",\"name\":\"\u00a1Vuelve el Paseo Saludable de Paradinas de San Juan! - Dos Columnas\",\"isPartOf\":{\"@id\":\"https:\/\/iicolumnas.es\/#website\"},\"primaryImageOfPage\":{\"@id\":\"https:\/\/iicolumnas.es\/index.php\/actualidad\/2025\/05\/10\/vuelve-el-paseo-saludable-de-paradinas-de-san-juan\/#primaryimage\"},\"image\":{\"@id\":\"https:\/\/iicolumnas.es\/index.php\/actualidad\/2025\/05\/10\/vuelve-el-paseo-saludable-de-paradinas-de-san-juan\/#primaryimage\"},\"thumbnailUrl\":\"https:\/\/iicolumnas.es\/wp-content\/uploads\/2025\/05\/IMG_20250510_205712.jpg\",\"datePublished\":\"2025-05-10T18:58:20+00:00\",\"dateModified\":\"2025-05-10T19:02:10+00:00\",\"author\":{\"@id\":\"https:\/\/iicolumnas.es\/#\/schema\/person\/c14438f8693220897997dbbf718f2079\"},\"breadcrumb\":{\"@id\":\"https:\/\/iicolumnas.es\/index.php\/actualidad\/2025\/05\/10\/vuelve-el-paseo-saludable-de-paradinas-de-san-juan\/#breadcrumb\"},\"inLanguage\":\"es\",\"potentialAction\":[{\"@type\":\"ReadAction\",\"target\":[\"https:\/\/iicolumnas.es\/index.php\/actualidad\/2025\/05\/10\/vuelve-el-paseo-saludable-de-paradinas-de-san-juan\/\"]}]},{\"@type\":\"ImageObject\",\"inLanguage\":\"es\",\"@id\":\"https:\/\/iicolumnas.es\/index.php\/actualidad\/2025\/05\/10\/vuelve-el-paseo-saludable-de-paradinas-de-san-juan\/#primaryimage\",\"url\":\"https:\/\/iicolumnas.es\/wp-content\/uploads\/2025\/05\/IMG_20250510_205712.jpg\",\"contentUrl\":\"https:\/\/iicolumnas.es\/wp-content\/uploads\/2025\/05\/IMG_20250510_205712.jpg\",\"width\":800,\"height\":493},{\"@type\":\"BreadcrumbList\",\"@id\":\"https:\/\/iicolumnas.es\/index.php\/actualidad\/2025\/05\/10\/vuelve-el-paseo-saludable-de-paradinas-de-san-juan\/#breadcrumb\",\"itemListElement\":[{\"@type\":\"ListItem\",\"position\":1,\"name\":\"Portada\",\"item\":\"https:\/\/iicolumnas.es\/\"},{\"@type\":\"ListItem\",\"position\":2,\"name\":\"Actualidad\",\"item\":\"https:\/\/iicolumnas.es\/index.php\/category\/actualidad\/\"},{\"@type\":\"ListItem\",\"position\":3,\"name\":\"\u00a1Vuelve el Paseo Saludable de Paradinas de San Juan!\"}]},{\"@type\":\"WebSite\",\"@id\":\"https:\/\/iicolumnas.es\/#website\",\"url\":\"https:\/\/iicolumnas.es\/\",\"name\":\"Dos Columnas\",\"description\":\"El peri\u00f3dico de la villa de Cantalpino\",\"potentialAction\":[{\"@type\":\"SearchAction\",\"target\":{\"@type\":\"EntryPoint\",\"urlTemplate\":\"https:\/\/iicolumnas.es\/?s={search_term_string}\"},\"query-input\":{\"@type\":\"PropertyValueSpecification\",\"valueRequired\":true,\"valueName\":\"search_term_string\"}}],\"inLanguage\":\"es\"},{\"@type\":\"Person\",\"@id\":\"https:\/\/iicolumnas.es\/#\/schema\/person\/c14438f8693220897997dbbf718f2079\",\"name\":\"Luc\u00eda Pedroso\",\"image\":{\"@type\":\"ImageObject\",\"inLanguage\":\"es\",\"@id\":\"https:\/\/iicolumnas.es\/#\/schema\/person\/image\/\",\"url\":\"https:\/\/secure.gravatar.com\/avatar\/ada6c90a6cd339894388a0dcf74cb992749bb938186838bd65e437d8f0959d71?s=96&d=mm&r=g\",\"contentUrl\":\"https:\/\/secure.gravatar.com\/avatar\/ada6c90a6cd339894388a0dcf74cb992749bb938186838bd65e437d8f0959d71?s=96&d=mm&r=g\",\"caption\":\"Luc\u00eda Pedroso\"}}]}<\/script>\n<!-- \/ Yoast SEO plugin. -->","yoast_head_json":{"title":"\u00a1Vuelve el Paseo Saludable de Paradinas de San Juan! - Dos Columnas","robots":{"index":"index","follow":"follow","max-snippet":"max-snippet:-1","max-image-preview":"max-image-preview:large","max-video-preview":"max-video-preview:-1"},"canonical":"https:\/\/iicolumnas.es\/index.php\/actualidad\/2025\/05\/10\/vuelve-el-paseo-saludable-de-paradinas-de-san-juan\/","og_locale":"es_ES","og_type":"article","og_title":"\u00a1Vuelve el Paseo Saludable de Paradinas de San Juan! - Dos Columnas","og_description":"Ya hay fecha para su 8\u00aa edici\u00f3n solidaria Paradinas de San Juan se prepara para acoger una de sus citas m\u00e1s esperadas del a\u00f1o: el 8\u00ba Paseo Saludable, que se celebrar\u00e1 el s\u00e1bado 25&#46;&#46;&#46;","og_url":"https:\/\/iicolumnas.es\/index.php\/actualidad\/2025\/05\/10\/vuelve-el-paseo-saludable-de-paradinas-de-san-juan\/","og_site_name":"Dos Columnas","article_publisher":"https:\/\/www.facebook.com\/iicolumnas\/","article_published_time":"2025-05-10T18:58:20+00:00","article_modified_time":"2025-05-10T19:02:10+00:00","og_image":[{"width":800,"height":493,"url":"https:\/\/iicolumnas.es\/wp-content\/uploads\/2025\/05\/IMG_20250510_205712.jpg","type":"image\/jpeg"}],"author":"Luc\u00eda Pedroso","twitter_card":"summary_large_image","twitter_creator":"@iicolumnas","twitter_site":"@iicolumnas","twitter_misc":{"Escrito por":"Luc\u00eda Pedroso","Tiempo de lectura":"2 minutos"},"schema":{"@context":"https:\/\/schema.org","@graph":[{"@type":"WebPage","@id":"https:\/\/iicolumnas.es\/index.php\/actualidad\/2025\/05\/10\/vuelve-el-paseo-saludable-de-paradinas-de-san-juan\/","url":"https:\/\/iicolumnas.es\/index.php\/actualidad\/2025\/05\/10\/vuelve-el-paseo-saludable-de-paradinas-de-san-juan\/","name":"\u00a1Vuelve el Paseo Saludable de Paradinas de San Juan! - Dos Columnas","isPartOf":{"@id":"https:\/\/iicolumnas.es\/#website"},"primaryImageOfPage":{"@id":"https:\/\/iicolumnas.es\/index.php\/actualidad\/2025\/05\/10\/vuelve-el-paseo-saludable-de-paradinas-de-san-juan\/#primaryimage"},"image":{"@id":"https:\/\/iicolumnas.es\/index.php\/actualidad\/2025\/05\/10\/vuelve-el-paseo-saludable-de-paradinas-de-san-juan\/#primaryimage"},"thumbnailUrl":"https:\/\/iicolumnas.es\/wp-content\/uploads\/2025\/05\/IMG_20250510_205712.jpg","datePublished":"2025-05-10T18:58:20+00:00","dateModified":"2025-05-10T19:02:10+00:00","author":{"@id":"https:\/\/iicolumnas.es\/#\/schema\/person\/c14438f8693220897997dbbf718f2079"},"breadcrumb":{"@id":"https:\/\/iicolumnas.es\/index.php\/actualidad\/2025\/05\/10\/vuelve-el-paseo-saludable-de-paradinas-de-san-juan\/#breadcrumb"},"inLanguage":"es","potentialAction":[{"@type":"ReadAction","target":["https:\/\/iicolumnas.es\/index.php\/actualidad\/2025\/05\/10\/vuelve-el-paseo-saludable-de-paradinas-de-san-juan\/"]}]},{"@type":"ImageObject","inLanguage":"es","@id":"https:\/\/iicolumnas.es\/index.php\/actualidad\/2025\/05\/10\/vuelve-el-paseo-saludable-de-paradinas-de-san-juan\/#primaryimage","url":"https:\/\/iicolumnas.es\/wp-content\/uploads\/2025\/05\/IMG_20250510_205712.jpg","contentUrl":"https:\/\/iicolumnas.es\/wp-content\/uploads\/2025\/05\/IMG_20250510_205712.jpg","width":800,"height":493},{"@type":"BreadcrumbList","@id":"https:\/\/iicolumnas.es\/index.php\/actualidad\/2025\/05\/10\/vuelve-el-paseo-saludable-de-paradinas-de-san-juan\/#breadcrumb","itemListElement":[{"@type":"ListItem","position":1,"name":"Portada","item":"https:\/\/iicolumnas.es\/"},{"@type":"ListItem","position":2,"name":"Actualidad","item":"https:\/\/iicolumnas.es\/index.php\/category\/actualidad\/"},{"@type":"ListItem","position":3,"name":"\u00a1Vuelve el Paseo Saludable de Paradinas de San Juan!"}]},{"@type":"WebSite","@id":"https:\/\/iicolumnas.es\/#website","url":"https:\/\/iicolumnas.es\/","name":"Dos Columnas","description":"El peri\u00f3dico de la villa de Cantalpino","potentialAction":[{"@type":"SearchAction","target":{"@type":"EntryPoint","urlTemplate":"https:\/\/iicolumnas.es\/?s={search_term_string}"},"query-input":{"@type":"PropertyValueSpecification","valueRequired":true,"valueName":"search_term_string"}}],"inLanguage":"es"},{"@type":"Person","@id":"https:\/\/iicolumnas.es\/#\/schema\/person\/c14438f8693220897997dbbf718f2079","name":"Luc\u00eda Pedroso","image":{"@type":"ImageObject","inLanguage":"es","@id":"https:\/\/iicolumnas.es\/#\/schema\/person\/image\/","url":"https:\/\/secure.gravatar.com\/avatar\/ada6c90a6cd339894388a0dcf74cb992749bb938186838bd65e437d8f0959d71?s=96&d=mm&r=g","contentUrl":"https:\/\/secure.gravatar.com\/avatar\/ada6c90a6cd339894388a0dcf74cb992749bb938186838bd65e437d8f0959d71?s=96&d=mm&r=g","caption":"Luc\u00eda Pedroso"}}]}},"_links":{"self":[{"href":"https:\/\/iicolumnas.es\/index.php\/wp-json\/wp\/v2\/posts\/34903","targetHints":{"allow":["GET"]}}],"collection":[{"href":"https:\/\/iicolumnas.es\/index.php\/wp-json\/wp\/v2\/posts"}],"about":[{"href":"https:\/\/iicolumnas.es\/index.php\/wp-json\/wp\/v2\/types\/post"}],"author":[{"embeddable":true,"href":"https:\/\/iicolumnas.es\/index.php\/wp-json\/wp\/v2\/users\/21"}],"replies":[{"embeddable":true,"href":"https:\/\/iicolumnas.es\/index.php\/wp-json\/wp\/v2\/comments?post=34903"}],"version-history":[{"count":3,"href":"https:\/\/iicolumnas.es\/index.php\/wp-json\/wp\/v2\/posts\/34903\/revisions"}],"predecessor-version":[{"id":34911,"href":"https:\/\/iicolumnas.es\/index.php\/wp-json\/wp\/v2\/posts\/34903\/revisions\/34911"}],"wp:featuredmedia":[{"embeddable":true,"href":"https:\/\/iicolumnas.es\/index.php\/wp-json\/wp\/v2\/media\/34907"}],"wp:attachment":[{"href":"https:\/\/iicolumnas.es\/index.php\/wp-json\/wp\/v2\/media?parent=34903"}],"wp:term":[{"taxonomy":"category","embeddable":true,"href":"https:\/\/iicolumnas.es\/index.php\/wp-json\/wp\/v2\/categories?post=34903"},{"taxonomy":"post_tag","embeddable":true,"href":"https:\/\/iicolumnas.es\/index.php\/wp-json\/wp\/v2\/tags?post=34903"}],"curies":[{"name":"wp","href":"https:\/\/api.w.org\/{rel}","templated":true}]}}