{"id":34878,"date":"2025-05-04T10:48:16","date_gmt":"2025-05-04T08:48:16","guid":{"rendered":"https:\/\/iicolumnas.es\/?p=34878"},"modified":"2025-05-04T10:48:16","modified_gmt":"2025-05-04T08:48:16","slug":"la-asociacion-de-mayores-de-cantalpino-rinde-homenaje-a-los-matrimonios-de-oro","status":"publish","type":"post","link":"https:\/\/iicolumnas.es\/index.php\/actualidad\/2025\/05\/04\/la-asociacion-de-mayores-de-cantalpino-rinde-homenaje-a-los-matrimonios-de-oro\/","title":{"rendered":"La Asociaci\u00f3n de Mayores de Cantalpino Rinde Homenaje a los Matrimonios de Oro"},"content":{"rendered":"<p style=\"text-align: justify;\">La asociaci\u00f3n de mayores Dehesa del Pino de Cantalpino rindi\u00f3 ayer un c\u00e1lido homenaje a los matrimonios del municipio que este a\u00f1o cumplen sus bodas de oro, cincuenta a\u00f1os de amor y vida compartida. La celebraci\u00f3n comenz\u00f3 con una emotiva misa en la parroquia local, donde familiares y amigos se unieron para felicitar a los homenajeados.<\/p>\n<p>&nbsp;<\/p>\n<p style=\"text-align: justify;\">Entre las parejas que recibieron este entra\u00f1able reconocimiento se encontraban Jos\u00e9 Miguel y Pepi, as\u00ed como Isaac y Mar\u00eda Jes\u00fas, quienes han construido s\u00f3lidas historias de amor a lo largo de medio siglo.<\/p>\n<p>&nbsp;<\/p>\n<p style=\"text-align: justify;\">La festividad contin\u00faa hoy con una jornada de convivencia que incluye un delicioso chocolate caliente para todos los asistentes y un animado baile, brindando la oportunidad de celebrar por todo lo alto estas significativas uniones. Este evento se ha convertido en una tradici\u00f3n muy apreciada en Cantalpino, destacando el valor de las relaciones duraderas y el legado de estas parejas para la comunidad.<\/p>\n<p><img loading=\"lazy\" decoding=\"async\" class=\"aligncenter size-full wp-image-34884\" src=\"https:\/\/iicolumnas.es\/wp-content\/uploads\/2025\/05\/IMG-20250503-WA0019-1.jpg\" alt=\"\" width=\"800\" height=\"600\" srcset=\"https:\/\/iicolumnas.es\/wp-content\/uploads\/2025\/05\/IMG-20250503-WA0019-1.jpg 800w, https:\/\/iicolumnas.es\/wp-content\/uploads\/2025\/05\/IMG-20250503-WA0019-1-300x225.jpg 300w\" sizes=\"auto, (max-width: 800px) 100vw, 800px\" \/> <img loading=\"lazy\" decoding=\"async\" class=\"aligncenter size-full wp-image-34885\" src=\"https:\/\/iicolumnas.es\/wp-content\/uploads\/2025\/05\/IMG-20250503-WA0021-1.jpg\" alt=\"\" width=\"800\" height=\"600\" srcset=\"https:\/\/iicolumnas.es\/wp-content\/uploads\/2025\/05\/IMG-20250503-WA0021-1.jpg 800w, https:\/\/iicolumnas.es\/wp-content\/uploads\/2025\/05\/IMG-20250503-WA0021-1-300x225.jpg 300w\" sizes=\"auto, (max-width: 800px) 100vw, 800px\" \/> <img loading=\"lazy\" decoding=\"async\" class=\"aligncenter size-full wp-image-34886\" src=\"https:\/\/iicolumnas.es\/wp-content\/uploads\/2025\/05\/IMG-20250503-WA0020.jpg\" alt=\"\" width=\"800\" height=\"600\" srcset=\"https:\/\/iicolumnas.es\/wp-content\/uploads\/2025\/05\/IMG-20250503-WA0020.jpg 800w, https:\/\/iicolumnas.es\/wp-content\/uploads\/2025\/05\/IMG-20250503-WA0020-300x225.jpg 300w\" sizes=\"auto, (max-width: 800px) 100vw, 800px\" \/> <img loading=\"lazy\" decoding=\"async\" class=\"aligncenter size-full wp-image-34887\" src=\"https:\/\/iicolumnas.es\/wp-content\/uploads\/2025\/05\/IMG-20250503-WA0022.jpg\" alt=\"\" width=\"800\" height=\"600\" srcset=\"https:\/\/iicolumnas.es\/wp-content\/uploads\/2025\/05\/IMG-20250503-WA0022.jpg 800w, https:\/\/iicolumnas.es\/wp-content\/uploads\/2025\/05\/IMG-20250503-WA0022-300x225.jpg 300w\" sizes=\"auto, (max-width: 800px) 100vw, 800px\" \/> <img loading=\"lazy\" decoding=\"async\" class=\"aligncenter size-full wp-image-34888\" src=\"https:\/\/iicolumnas.es\/wp-content\/uploads\/2025\/05\/IMG-20250503-WA0018.jpg\" alt=\"\" width=\"600\" height=\"800\" srcset=\"https:\/\/iicolumnas.es\/wp-content\/uploads\/2025\/05\/IMG-20250503-WA0018.jpg 600w, https:\/\/iicolumnas.es\/wp-content\/uploads\/2025\/05\/IMG-20250503-WA0018-225x300.jpg 225w\" sizes=\"auto, (max-width: 600px) 100vw, 600px\" \/> <img loading=\"lazy\" decoding=\"async\" class=\"aligncenter size-full wp-image-34889\" src=\"https:\/\/iicolumnas.es\/wp-content\/uploads\/2025\/05\/IMG-20250503-WA0017.jpg\" alt=\"\" width=\"600\" height=\"800\" srcset=\"https:\/\/iicolumnas.es\/wp-content\/uploads\/2025\/05\/IMG-20250503-WA0017.jpg 600w, https:\/\/iicolumnas.es\/wp-content\/uploads\/2025\/05\/IMG-20250503-WA0017-225x300.jpg 225w\" sizes=\"auto, (max-width: 600px) 100vw, 600px\" \/> <img loading=\"lazy\" decoding=\"async\" class=\"aligncenter size-full wp-image-34890\" src=\"https:\/\/iicolumnas.es\/wp-content\/uploads\/2025\/05\/IMG-20250503-WA0015.jpg\" alt=\"\" width=\"600\" height=\"800\" srcset=\"https:\/\/iicolumnas.es\/wp-content\/uploads\/2025\/05\/IMG-20250503-WA0015.jpg 600w, https:\/\/iicolumnas.es\/wp-content\/uploads\/2025\/05\/IMG-20250503-WA0015-225x300.jpg 225w\" sizes=\"auto, (max-width: 600px) 100vw, 600px\" \/> <img loading=\"lazy\" decoding=\"async\" class=\"aligncenter size-full wp-image-34891\" src=\"https:\/\/iicolumnas.es\/wp-content\/uploads\/2025\/05\/IMG-20250503-WA0016.jpg\" alt=\"\" width=\"600\" height=\"800\" srcset=\"https:\/\/iicolumnas.es\/wp-content\/uploads\/2025\/05\/IMG-20250503-WA0016.jpg 600w, https:\/\/iicolumnas.es\/wp-content\/uploads\/2025\/05\/IMG-20250503-WA0016-225x300.jpg 225w\" sizes=\"auto, (max-width: 600px) 100vw, 600px\" \/> <img loading=\"lazy\" decoding=\"async\" class=\"aligncenter size-full wp-image-34892\" src=\"https:\/\/iicolumnas.es\/wp-content\/uploads\/2025\/05\/IMG-20250503-WA0013.jpg\" alt=\"\" width=\"800\" height=\"600\" srcset=\"https:\/\/iicolumnas.es\/wp-content\/uploads\/2025\/05\/IMG-20250503-WA0013.jpg 800w, https:\/\/iicolumnas.es\/wp-content\/uploads\/2025\/05\/IMG-20250503-WA0013-300x225.jpg 300w\" sizes=\"auto, (max-width: 800px) 100vw, 800px\" \/> <img loading=\"lazy\" decoding=\"async\" class=\"aligncenter size-full wp-image-34893\" src=\"https:\/\/iicolumnas.es\/wp-content\/uploads\/2025\/05\/IMG-20250503-WA0014.jpg\" alt=\"\" width=\"800\" height=\"600\" srcset=\"https:\/\/iicolumnas.es\/wp-content\/uploads\/2025\/05\/IMG-20250503-WA0014.jpg 800w, https:\/\/iicolumnas.es\/wp-content\/uploads\/2025\/05\/IMG-20250503-WA0014-300x225.jpg 300w\" sizes=\"auto, (max-width: 800px) 100vw, 800px\" \/><\/p>\n","protected":false},"excerpt":{"rendered":"<p>La asociaci\u00f3n de mayores Dehesa del Pino de Cantalpino rindi\u00f3 ayer un c\u00e1lido homenaje a los matrimonios del municipio que este a\u00f1o cumplen sus bodas de oro, cincuenta a\u00f1os de amor y vida compartida.&#46;&#46;&#46;<\/p>\n","protected":false},"author":21,"featured_media":34892,"comment_status":"open","ping_status":"open","sticky":false,"template":"","format":"standard","meta":{"footnotes":""},"categories":[1],"tags":[],"class_list":["post-34878","post","type-post","status-publish","format-standard","has-post-thumbnail","hentry","category-actualidad"],"yoast_head":"<!-- This site is optimized with the Yoast SEO plugin v26.6 - https:\/\/yoast.com\/wordpress\/plugins\/seo\/ -->\n<title>La Asociaci\u00f3n de Mayores de Cantalpino Rinde Homenaje a los Matrimonios de Oro - Dos Columnas<\/title>\n<meta name=\"robots\" content=\"index, follow, max-snippet:-1, max-image-preview:large, max-video-preview:-1\" \/>\n<link rel=\"canonical\" href=\"https:\/\/iicolumnas.es\/index.php\/actualidad\/2025\/05\/04\/la-asociacion-de-mayores-de-cantalpino-rinde-homenaje-a-los-matrimonios-de-oro\/\" \/>\n<meta property=\"og:locale\" content=\"es_ES\" \/>\n<meta property=\"og:type\" content=\"article\" \/>\n<meta property=\"og:title\" content=\"La Asociaci\u00f3n de Mayores de Cantalpino Rinde Homenaje a los Matrimonios de Oro - Dos Columnas\" \/>\n<meta property=\"og:description\" content=\"La asociaci\u00f3n de mayores Dehesa del Pino de Cantalpino rindi\u00f3 ayer un c\u00e1lido homenaje a los matrimonios del municipio que este a\u00f1o cumplen sus bodas de oro, cincuenta a\u00f1os de amor y vida compartida.&#046;&#046;&#046;\" \/>\n<meta property=\"og:url\" content=\"https:\/\/iicolumnas.es\/index.php\/actualidad\/2025\/05\/04\/la-asociacion-de-mayores-de-cantalpino-rinde-homenaje-a-los-matrimonios-de-oro\/\" \/>\n<meta property=\"og:site_name\" content=\"Dos Columnas\" \/>\n<meta property=\"article:publisher\" content=\"https:\/\/www.facebook.com\/iicolumnas\/\" \/>\n<meta property=\"article:published_time\" content=\"2025-05-04T08:48:16+00:00\" \/>\n<meta property=\"og:image\" content=\"https:\/\/iicolumnas.es\/wp-content\/uploads\/2025\/05\/IMG-20250503-WA0013.jpg\" \/>\n\t<meta property=\"og:image:width\" content=\"800\" \/>\n\t<meta property=\"og:image:height\" content=\"600\" \/>\n\t<meta property=\"og:image:type\" content=\"image\/jpeg\" \/>\n<meta name=\"author\" content=\"Luc\u00eda Pedroso\" \/>\n<meta name=\"twitter:card\" content=\"summary_large_image\" \/>\n<meta name=\"twitter:creator\" content=\"@iicolumnas\" \/>\n<meta name=\"twitter:site\" content=\"@iicolumnas\" \/>\n<meta name=\"twitter:label1\" content=\"Escrito por\" \/>\n\t<meta name=\"twitter:data1\" content=\"Luc\u00eda Pedroso\" \/>\n\t<meta name=\"twitter:label2\" content=\"Tiempo de lectura\" \/>\n\t<meta name=\"twitter:data2\" content=\"3 minutos\" \/>\n<script type=\"application\/ld+json\" class=\"yoast-schema-graph\">{\"@context\":\"https:\/\/schema.org\",\"@graph\":[{\"@type\":\"WebPage\",\"@id\":\"https:\/\/iicolumnas.es\/index.php\/actualidad\/2025\/05\/04\/la-asociacion-de-mayores-de-cantalpino-rinde-homenaje-a-los-matrimonios-de-oro\/\",\"url\":\"https:\/\/iicolumnas.es\/index.php\/actualidad\/2025\/05\/04\/la-asociacion-de-mayores-de-cantalpino-rinde-homenaje-a-los-matrimonios-de-oro\/\",\"name\":\"La Asociaci\u00f3n de Mayores de Cantalpino Rinde Homenaje a los Matrimonios de Oro - Dos Columnas\",\"isPartOf\":{\"@id\":\"https:\/\/iicolumnas.es\/#website\"},\"primaryImageOfPage\":{\"@id\":\"https:\/\/iicolumnas.es\/index.php\/actualidad\/2025\/05\/04\/la-asociacion-de-mayores-de-cantalpino-rinde-homenaje-a-los-matrimonios-de-oro\/#primaryimage\"},\"image\":{\"@id\":\"https:\/\/iicolumnas.es\/index.php\/actualidad\/2025\/05\/04\/la-asociacion-de-mayores-de-cantalpino-rinde-homenaje-a-los-matrimonios-de-oro\/#primaryimage\"},\"thumbnailUrl\":\"https:\/\/iicolumnas.es\/wp-content\/uploads\/2025\/05\/IMG-20250503-WA0013.jpg\",\"datePublished\":\"2025-05-04T08:48:16+00:00\",\"author\":{\"@id\":\"https:\/\/iicolumnas.es\/#\/schema\/person\/c14438f8693220897997dbbf718f2079\"},\"breadcrumb\":{\"@id\":\"https:\/\/iicolumnas.es\/index.php\/actualidad\/2025\/05\/04\/la-asociacion-de-mayores-de-cantalpino-rinde-homenaje-a-los-matrimonios-de-oro\/#breadcrumb\"},\"inLanguage\":\"es\",\"potentialAction\":[{\"@type\":\"ReadAction\",\"target\":[\"https:\/\/iicolumnas.es\/index.php\/actualidad\/2025\/05\/04\/la-asociacion-de-mayores-de-cantalpino-rinde-homenaje-a-los-matrimonios-de-oro\/\"]}]},{\"@type\":\"ImageObject\",\"inLanguage\":\"es\",\"@id\":\"https:\/\/iicolumnas.es\/index.php\/actualidad\/2025\/05\/04\/la-asociacion-de-mayores-de-cantalpino-rinde-homenaje-a-los-matrimonios-de-oro\/#primaryimage\",\"url\":\"https:\/\/iicolumnas.es\/wp-content\/uploads\/2025\/05\/IMG-20250503-WA0013.jpg\",\"contentUrl\":\"https:\/\/iicolumnas.es\/wp-content\/uploads\/2025\/05\/IMG-20250503-WA0013.jpg\",\"width\":800,\"height\":600},{\"@type\":\"BreadcrumbList\",\"@id\":\"https:\/\/iicolumnas.es\/index.php\/actualidad\/2025\/05\/04\/la-asociacion-de-mayores-de-cantalpino-rinde-homenaje-a-los-matrimonios-de-oro\/#breadcrumb\",\"itemListElement\":[{\"@type\":\"ListItem\",\"position\":1,\"name\":\"Portada\",\"item\":\"https:\/\/iicolumnas.es\/\"},{\"@type\":\"ListItem\",\"position\":2,\"name\":\"Actualidad\",\"item\":\"https:\/\/iicolumnas.es\/index.php\/category\/actualidad\/\"},{\"@type\":\"ListItem\",\"position\":3,\"name\":\"La Asociaci\u00f3n de Mayores de Cantalpino Rinde Homenaje a los Matrimonios de Oro\"}]},{\"@type\":\"WebSite\",\"@id\":\"https:\/\/iicolumnas.es\/#website\",\"url\":\"https:\/\/iicolumnas.es\/\",\"name\":\"Dos Columnas\",\"description\":\"El peri\u00f3dico de la villa de Cantalpino\",\"potentialAction\":[{\"@type\":\"SearchAction\",\"target\":{\"@type\":\"EntryPoint\",\"urlTemplate\":\"https:\/\/iicolumnas.es\/?s={search_term_string}\"},\"query-input\":{\"@type\":\"PropertyValueSpecification\",\"valueRequired\":true,\"valueName\":\"search_term_string\"}}],\"inLanguage\":\"es\"},{\"@type\":\"Person\",\"@id\":\"https:\/\/iicolumnas.es\/#\/schema\/person\/c14438f8693220897997dbbf718f2079\",\"name\":\"Luc\u00eda Pedroso\",\"image\":{\"@type\":\"ImageObject\",\"inLanguage\":\"es\",\"@id\":\"https:\/\/iicolumnas.es\/#\/schema\/person\/image\/\",\"url\":\"https:\/\/secure.gravatar.com\/avatar\/ada6c90a6cd339894388a0dcf74cb992749bb938186838bd65e437d8f0959d71?s=96&d=mm&r=g\",\"contentUrl\":\"https:\/\/secure.gravatar.com\/avatar\/ada6c90a6cd339894388a0dcf74cb992749bb938186838bd65e437d8f0959d71?s=96&d=mm&r=g\",\"caption\":\"Luc\u00eda Pedroso\"}}]}<\/script>\n<!-- \/ Yoast SEO plugin. -->","yoast_head_json":{"title":"La Asociaci\u00f3n de Mayores de Cantalpino Rinde Homenaje a los Matrimonios de Oro - Dos Columnas","robots":{"index":"index","follow":"follow","max-snippet":"max-snippet:-1","max-image-preview":"max-image-preview:large","max-video-preview":"max-video-preview:-1"},"canonical":"https:\/\/iicolumnas.es\/index.php\/actualidad\/2025\/05\/04\/la-asociacion-de-mayores-de-cantalpino-rinde-homenaje-a-los-matrimonios-de-oro\/","og_locale":"es_ES","og_type":"article","og_title":"La Asociaci\u00f3n de Mayores de Cantalpino Rinde Homenaje a los Matrimonios de Oro - Dos Columnas","og_description":"La asociaci\u00f3n de mayores Dehesa del Pino de Cantalpino rindi\u00f3 ayer un c\u00e1lido homenaje a los matrimonios del municipio que este a\u00f1o cumplen sus bodas de oro, cincuenta a\u00f1os de amor y vida compartida.&#46;&#46;&#46;","og_url":"https:\/\/iicolumnas.es\/index.php\/actualidad\/2025\/05\/04\/la-asociacion-de-mayores-de-cantalpino-rinde-homenaje-a-los-matrimonios-de-oro\/","og_site_name":"Dos Columnas","article_publisher":"https:\/\/www.facebook.com\/iicolumnas\/","article_published_time":"2025-05-04T08:48:16+00:00","og_image":[{"width":800,"height":600,"url":"https:\/\/iicolumnas.es\/wp-content\/uploads\/2025\/05\/IMG-20250503-WA0013.jpg","type":"image\/jpeg"}],"author":"Luc\u00eda Pedroso","twitter_card":"summary_large_image","twitter_creator":"@iicolumnas","twitter_site":"@iicolumnas","twitter_misc":{"Escrito por":"Luc\u00eda Pedroso","Tiempo de lectura":"3 minutos"},"schema":{"@context":"https:\/\/schema.org","@graph":[{"@type":"WebPage","@id":"https:\/\/iicolumnas.es\/index.php\/actualidad\/2025\/05\/04\/la-asociacion-de-mayores-de-cantalpino-rinde-homenaje-a-los-matrimonios-de-oro\/","url":"https:\/\/iicolumnas.es\/index.php\/actualidad\/2025\/05\/04\/la-asociacion-de-mayores-de-cantalpino-rinde-homenaje-a-los-matrimonios-de-oro\/","name":"La Asociaci\u00f3n de Mayores de Cantalpino Rinde Homenaje a los Matrimonios de Oro - Dos Columnas","isPartOf":{"@id":"https:\/\/iicolumnas.es\/#website"},"primaryImageOfPage":{"@id":"https:\/\/iicolumnas.es\/index.php\/actualidad\/2025\/05\/04\/la-asociacion-de-mayores-de-cantalpino-rinde-homenaje-a-los-matrimonios-de-oro\/#primaryimage"},"image":{"@id":"https:\/\/iicolumnas.es\/index.php\/actualidad\/2025\/05\/04\/la-asociacion-de-mayores-de-cantalpino-rinde-homenaje-a-los-matrimonios-de-oro\/#primaryimage"},"thumbnailUrl":"https:\/\/iicolumnas.es\/wp-content\/uploads\/2025\/05\/IMG-20250503-WA0013.jpg","datePublished":"2025-05-04T08:48:16+00:00","author":{"@id":"https:\/\/iicolumnas.es\/#\/schema\/person\/c14438f8693220897997dbbf718f2079"},"breadcrumb":{"@id":"https:\/\/iicolumnas.es\/index.php\/actualidad\/2025\/05\/04\/la-asociacion-de-mayores-de-cantalpino-rinde-homenaje-a-los-matrimonios-de-oro\/#breadcrumb"},"inLanguage":"es","potentialAction":[{"@type":"ReadAction","target":["https:\/\/iicolumnas.es\/index.php\/actualidad\/2025\/05\/04\/la-asociacion-de-mayores-de-cantalpino-rinde-homenaje-a-los-matrimonios-de-oro\/"]}]},{"@type":"ImageObject","inLanguage":"es","@id":"https:\/\/iicolumnas.es\/index.php\/actualidad\/2025\/05\/04\/la-asociacion-de-mayores-de-cantalpino-rinde-homenaje-a-los-matrimonios-de-oro\/#primaryimage","url":"https:\/\/iicolumnas.es\/wp-content\/uploads\/2025\/05\/IMG-20250503-WA0013.jpg","contentUrl":"https:\/\/iicolumnas.es\/wp-content\/uploads\/2025\/05\/IMG-20250503-WA0013.jpg","width":800,"height":600},{"@type":"BreadcrumbList","@id":"https:\/\/iicolumnas.es\/index.php\/actualidad\/2025\/05\/04\/la-asociacion-de-mayores-de-cantalpino-rinde-homenaje-a-los-matrimonios-de-oro\/#breadcrumb","itemListElement":[{"@type":"ListItem","position":1,"name":"Portada","item":"https:\/\/iicolumnas.es\/"},{"@type":"ListItem","position":2,"name":"Actualidad","item":"https:\/\/iicolumnas.es\/index.php\/category\/actualidad\/"},{"@type":"ListItem","position":3,"name":"La Asociaci\u00f3n de Mayores de Cantalpino Rinde Homenaje a los Matrimonios de Oro"}]},{"@type":"WebSite","@id":"https:\/\/iicolumnas.es\/#website","url":"https:\/\/iicolumnas.es\/","name":"Dos Columnas","description":"El peri\u00f3dico de la villa de Cantalpino","potentialAction":[{"@type":"SearchAction","target":{"@type":"EntryPoint","urlTemplate":"https:\/\/iicolumnas.es\/?s={search_term_string}"},"query-input":{"@type":"PropertyValueSpecification","valueRequired":true,"valueName":"search_term_string"}}],"inLanguage":"es"},{"@type":"Person","@id":"https:\/\/iicolumnas.es\/#\/schema\/person\/c14438f8693220897997dbbf718f2079","name":"Luc\u00eda Pedroso","image":{"@type":"ImageObject","inLanguage":"es","@id":"https:\/\/iicolumnas.es\/#\/schema\/person\/image\/","url":"https:\/\/secure.gravatar.com\/avatar\/ada6c90a6cd339894388a0dcf74cb992749bb938186838bd65e437d8f0959d71?s=96&d=mm&r=g","contentUrl":"https:\/\/secure.gravatar.com\/avatar\/ada6c90a6cd339894388a0dcf74cb992749bb938186838bd65e437d8f0959d71?s=96&d=mm&r=g","caption":"Luc\u00eda Pedroso"}}]}},"_links":{"self":[{"href":"https:\/\/iicolumnas.es\/index.php\/wp-json\/wp\/v2\/posts\/34878","targetHints":{"allow":["GET"]}}],"collection":[{"href":"https:\/\/iicolumnas.es\/index.php\/wp-json\/wp\/v2\/posts"}],"about":[{"href":"https:\/\/iicolumnas.es\/index.php\/wp-json\/wp\/v2\/types\/post"}],"author":[{"embeddable":true,"href":"https:\/\/iicolumnas.es\/index.php\/wp-json\/wp\/v2\/users\/21"}],"replies":[{"embeddable":true,"href":"https:\/\/iicolumnas.es\/index.php\/wp-json\/wp\/v2\/comments?post=34878"}],"version-history":[{"count":1,"href":"https:\/\/iicolumnas.es\/index.php\/wp-json\/wp\/v2\/posts\/34878\/revisions"}],"predecessor-version":[{"id":34894,"href":"https:\/\/iicolumnas.es\/index.php\/wp-json\/wp\/v2\/posts\/34878\/revisions\/34894"}],"wp:featuredmedia":[{"embeddable":true,"href":"https:\/\/iicolumnas.es\/index.php\/wp-json\/wp\/v2\/media\/34892"}],"wp:attachment":[{"href":"https:\/\/iicolumnas.es\/index.php\/wp-json\/wp\/v2\/media?parent=34878"}],"wp:term":[{"taxonomy":"category","embeddable":true,"href":"https:\/\/iicolumnas.es\/index.php\/wp-json\/wp\/v2\/categories?post=34878"},{"taxonomy":"post_tag","embeddable":true,"href":"https:\/\/iicolumnas.es\/index.php\/wp-json\/wp\/v2\/tags?post=34878"}],"curies":[{"name":"wp","href":"https:\/\/api.w.org\/{rel}","templated":true}]}}