{"id":3439,"date":"2016-05-15T19:51:34","date_gmt":"2016-05-15T19:51:34","guid":{"rendered":"https:\/\/iicolumnas.es\/?p=3439"},"modified":"2016-05-15T19:51:34","modified_gmt":"2016-05-15T19:51:34","slug":"los-cantalpinenes-degustan-una-paella-popular-festejar-fiesta-chica-honor-san-isidro","status":"publish","type":"post","link":"https:\/\/iicolumnas.es\/index.php\/actualidad\/2016\/05\/15\/los-cantalpinenes-degustan-una-paella-popular-festejar-fiesta-chica-honor-san-isidro\/","title":{"rendered":"Los cantalpinenes degustan una paella popular para festejar su fiesta chica en honor a San Isidro"},"content":{"rendered":"<p style=\"text-align: justify;\">Tras la misa en honor a San Isidro los vecinos de nuestra villa cogieron sitio alrededor de las mesas colocadas en la Plaza Espa\u00f1a, para degustar la paella popular cerca\u00a0de las 15:00 h de la tarde.<\/p>\n<p style=\"text-align: justify;\">La paella se llev\u00f3 a cabo por la empresa \u201cLa Galantina\u201d, especializada en paellas gigantes, con una cabida de unas 1.400 raciones de arroz. Tras unas largas colas y bajo los rayos de sol todos pudimos degustar de este plato tan tradicional.<\/p>\n<p style=\"text-align: justify;\">Varios voluntarios del pueblo se encargaron de repartir a todos los comensales su plato de paella, junto a cubiertos, servilletas, pan y agua o limonada; y para finalizar se distribuyeron tarrinas de \u00a0helado por todas las mesas.<\/p>\n<p style=\"text-align: justify;\">Este momento es uno de los que m\u00e1s gente re\u00fane y que sirve de excusa para reencuentros entre amigos y familiares. La comida fue amenizada por un repertorio de m\u00fasica actual que dispuso el Ayuntamiento en unos grandes altavoces.<\/p>\n<p style=\"text-align: justify;\">Al finalizar, cada uno puso de su parte para recoger la basura generada, deposit\u00e1ndola en los contenedores colocados exclusivamente para ello y tras la retirada de los tablones, los operarios contratados por el Ayuntamiento se encargaron de limpiar la plaza y que todo volviera a la normalidad.<\/p>\n<p style=\"text-align: center;\"><div id=\"metaslider-id-3341\" style=\"max-width: 1000px; margin: 0 auto;\" class=\"ml-slider-3-104-0 metaslider metaslider-nivo metaslider-3341 ml-slider ms-theme-default\" role=\"region\" aria-label=\"PAELLA S.ISIDRO\" data-height=\"750\" data-width=\"1000\">\n    <div id=\"metaslider_container_3341\">\n        <div class='slider-wrapper theme-default'><div class='ribbon'><\/div><div id='metaslider_3341' class='nivoSlider'><img loading=\"lazy\" decoding=\"async\" src=\"https:\/\/iicolumnas.es\/wp-content\/uploads\/2016\/05\/paella-san-isidro-2016-lucia-22-889x667.jpg\" height=\"750\" width=\"1000\" title=\"paella san isidro 2016\" alt=\"paella san isidro 2016\" class=\"slider-3341 slide-3366 msDefaultImage\" \/><img loading=\"lazy\" decoding=\"async\" src=\"https:\/\/iicolumnas.es\/wp-content\/uploads\/2016\/05\/paella-san-isidro-2016-lucia-10-min-889x667.jpg\" height=\"750\" width=\"1000\" title=\"paella san isidro 2016\" alt=\"paella san isidro 2016\" class=\"slider-3341 slide-3457 msDefaultImage\" \/><img loading=\"lazy\" decoding=\"async\" src=\"https:\/\/iicolumnas.es\/wp-content\/uploads\/2016\/05\/paella-san-isidro-2016-7-889x667.jpg\" height=\"750\" width=\"1000\" title=\"paella san isidro 2016\" alt=\"paella san isidro 2016\" class=\"slider-3341 slide-3406 msDefaultImage\" \/><img loading=\"lazy\" decoding=\"async\" src=\"https:\/\/iicolumnas.es\/wp-content\/uploads\/2016\/05\/paella-san-isidro-2016-9-889x667.jpg\" height=\"750\" width=\"1000\" title=\"paella san isidro 2016\" alt=\"paella san isidro 2016\" class=\"slider-3341 slide-3404 msDefaultImage\" \/><img loading=\"lazy\" decoding=\"async\" src=\"https:\/\/iicolumnas.es\/wp-content\/uploads\/2016\/05\/paella-san-isidro-2016-28-889x667.jpg\" height=\"750\" width=\"1000\" title=\"paella san isidro 2016\" alt=\"paella san isidro 2016\" class=\"slider-3341 slide-3374 msDefaultImage\" \/><img loading=\"lazy\" decoding=\"async\" src=\"https:\/\/iicolumnas.es\/wp-content\/uploads\/2016\/05\/paella-san-isidro-2016-lucia-29-889x667.jpg\" height=\"750\" width=\"1000\" title=\"paella san isidro 2016\" alt=\"paella san isidro 2016\" class=\"slider-3341 slide-3372 msDefaultImage\" \/><img loading=\"lazy\" decoding=\"async\" src=\"https:\/\/iicolumnas.es\/wp-content\/uploads\/2016\/05\/paella-san-isidro-2016-27-889x667.jpg\" height=\"750\" width=\"1000\" title=\"paella san isidro 2016\" alt=\"paella san isidro 2016\" class=\"slider-3341 slide-3375 msDefaultImage\" \/><img loading=\"lazy\" decoding=\"async\" src=\"https:\/\/iicolumnas.es\/wp-content\/uploads\/2016\/05\/paella-san-isidro-2016-3-889x667.jpg\" height=\"750\" width=\"1000\" title=\"paella san isidro 2016\" alt=\"paella san isidro 2016\" class=\"slider-3341 slide-3414 msDefaultImage\" \/><img loading=\"lazy\" decoding=\"async\" src=\"https:\/\/iicolumnas.es\/wp-content\/uploads\/2016\/05\/paella-san-isidro-2016-lucia-19-889x667.jpg\" height=\"750\" width=\"1000\" title=\"paella san isidro 2016\" alt=\"paella san isidro 2016\" class=\"slider-3341 slide-3364 msDefaultImage\" \/><img loading=\"lazy\" decoding=\"async\" src=\"https:\/\/iicolumnas.es\/wp-content\/uploads\/2016\/05\/paella-san-isidro-2016-10-889x667.jpg\" height=\"750\" width=\"1000\" title=\"paella san isidro 2016\" alt=\"paella san isidro 2016\" class=\"slider-3341 slide-3402 msDefaultImage\" \/><img loading=\"lazy\" decoding=\"async\" src=\"https:\/\/iicolumnas.es\/wp-content\/uploads\/2016\/05\/paella-san-isidro-2016-lucia-7-min-889x667.jpg\" height=\"750\" width=\"1000\" title=\"paella san isidro 2016\" alt=\"paella san isidro 2016\" class=\"slider-3341 slide-3454 msDefaultImage\" \/><img loading=\"lazy\" decoding=\"async\" src=\"https:\/\/iicolumnas.es\/wp-content\/uploads\/2016\/05\/paella-san-isidro-2016-lucia-2-min-889x667.jpg\" height=\"750\" width=\"1000\" title=\"paella san isidro 2016\" alt=\"paella san isidro 2016\" class=\"slider-3341 slide-3453 msDefaultImage\" \/><img loading=\"lazy\" decoding=\"async\" src=\"https:\/\/iicolumnas.es\/wp-content\/uploads\/2016\/05\/paella-san-isidro-2016-11-889x667.jpg\" height=\"750\" width=\"1000\" title=\"paella san isidro 2016\" alt=\"paella san isidro 2016\" class=\"slider-3341 slide-3401 msDefaultImage\" \/><img loading=\"lazy\" decoding=\"async\" src=\"https:\/\/iicolumnas.es\/wp-content\/uploads\/2016\/05\/paella-san-isidro-2016-lucia-6-889x667.jpg\" height=\"750\" width=\"1000\" title=\"paella san isidro 2016\" alt=\"paella san isidro 2016\" class=\"slider-3341 slide-3357 msDefaultImage\" \/><img loading=\"lazy\" decoding=\"async\" src=\"https:\/\/iicolumnas.es\/wp-content\/uploads\/2016\/05\/paella-san-isidro-2016-lucia-13-889x667.jpg\" height=\"750\" width=\"1000\" title=\"paella san isidro 2016\" alt=\"paella san isidro 2016\" class=\"slider-3341 slide-3358 msDefaultImage\" \/><img loading=\"lazy\" decoding=\"async\" src=\"https:\/\/iicolumnas.es\/wp-content\/uploads\/2016\/05\/paella-san-isidro-2016-14-889x667.jpg\" height=\"750\" width=\"1000\" title=\"paella san isidro 2016\" alt=\"paella san isidro 2016\" class=\"slider-3341 slide-3395 msDefaultImage\" \/><img loading=\"lazy\" decoding=\"async\" src=\"https:\/\/iicolumnas.es\/wp-content\/uploads\/2016\/05\/paella-san-isidro-2016-12-889x667.jpg\" height=\"750\" width=\"1000\" title=\"paella san isidro 2016\" alt=\"paella san isidro 2016\" class=\"slider-3341 slide-3399 msDefaultImage\" \/><img loading=\"lazy\" decoding=\"async\" src=\"https:\/\/iicolumnas.es\/wp-content\/uploads\/2016\/05\/paella-san-isidro-2016-lucia-3-889x667.jpg\" height=\"750\" width=\"1000\" title=\"paella san isidro 2016\" alt=\"paella san isidro 2016\" class=\"slider-3341 slide-3354 msDefaultImage\" \/><img loading=\"lazy\" decoding=\"async\" src=\"https:\/\/iicolumnas.es\/wp-content\/uploads\/2016\/05\/paella-san-isidro-2016-16-889x667.jpg\" height=\"750\" width=\"1000\" title=\"paella san isidro 2016\" alt=\"paella san isidro 2016\" class=\"slider-3341 slide-3392 msDefaultImage\" \/><img loading=\"lazy\" decoding=\"async\" src=\"https:\/\/iicolumnas.es\/wp-content\/uploads\/2016\/05\/paella-san-isidro-2016-lucia-27-889x667.jpg\" height=\"750\" width=\"1000\" title=\"paella san isidro 2016\" alt=\"paella san isidro 2016\" class=\"slider-3341 slide-3371 msDefaultImage\" \/><img loading=\"lazy\" decoding=\"async\" src=\"https:\/\/iicolumnas.es\/wp-content\/uploads\/2016\/05\/paella-san-isidro-2016-lucia-4-889x667.jpg\" height=\"750\" width=\"1000\" title=\"paella san isidro 2016\" alt=\"paella san isidro 2016\" class=\"slider-3341 slide-3355 msDefaultImage\" \/><img loading=\"lazy\" decoding=\"async\" src=\"https:\/\/iicolumnas.es\/wp-content\/uploads\/2016\/05\/paella-san-isidro-2016-20-889x667.jpg\" height=\"750\" width=\"1000\" title=\"paella san isidro 2016\" alt=\"paella san isidro 2016\" class=\"slider-3341 slide-3385 msDefaultImage\" \/><img loading=\"lazy\" decoding=\"async\" src=\"https:\/\/iicolumnas.es\/wp-content\/uploads\/2016\/05\/paella-san-isidro-2016-5-889x667.jpg\" height=\"750\" width=\"1000\" title=\"paella san isidro 2016\" alt=\"paella san isidro 2016\" class=\"slider-3341 slide-3409 msDefaultImage\" \/><img loading=\"lazy\" decoding=\"async\" src=\"https:\/\/iicolumnas.es\/wp-content\/uploads\/2016\/05\/paella-san-isidro-2016-lucia-5-889x667.jpg\" height=\"750\" width=\"1000\" title=\"paella san isidro 2016\" alt=\"paella san isidro 2016\" class=\"slider-3341 slide-3356 msDefaultImage\" \/><img loading=\"lazy\" decoding=\"async\" src=\"https:\/\/iicolumnas.es\/wp-content\/uploads\/2016\/05\/paella-san-isidro-2016-25-889x667.jpg\" height=\"750\" width=\"1000\" title=\"paella san isidro 2016\" alt=\"paella san isidro 2016\" class=\"slider-3341 slide-3377 msDefaultImage\" \/><img loading=\"lazy\" decoding=\"async\" src=\"https:\/\/iicolumnas.es\/wp-content\/uploads\/2016\/05\/paella-san-isidro-2016-4-897x673.jpg\" height=\"750\" width=\"1000\" title=\"paella san isidro 2016\" alt=\"paella san isidro 2016\" class=\"slider-3341 slide-3412 msDefaultImage\" \/><img loading=\"lazy\" decoding=\"async\" src=\"https:\/\/iicolumnas.es\/wp-content\/uploads\/2016\/05\/paella-san-isidro-2016-13-889x667.jpg\" height=\"750\" width=\"1000\" title=\"paella san isidro 2016\" alt=\"paella san isidro 2016\" class=\"slider-3341 slide-3396 msDefaultImage\" \/><img loading=\"lazy\" decoding=\"async\" src=\"https:\/\/iicolumnas.es\/wp-content\/uploads\/2016\/05\/paella-san-isidro-2016-lucia-18-889x667.jpg\" height=\"750\" width=\"1000\" title=\"paella san isidro 2016\" alt=\"paella san isidro 2016\" class=\"slider-3341 slide-3363 msDefaultImage\" \/><img loading=\"lazy\" decoding=\"async\" src=\"https:\/\/iicolumnas.es\/wp-content\/uploads\/2016\/05\/el-xivo-y-compan-cc-83ia-749x562.jpeg\" height=\"750\" width=\"1000\" title=\"paella san isidro 2016\" alt=\"paella san isidro 2016\" class=\"slider-3341 slide-3450 msDefaultImage\" \/><img loading=\"lazy\" decoding=\"async\" src=\"https:\/\/iicolumnas.es\/wp-content\/uploads\/2016\/05\/paella-san-isidro-2016-lucia-16-889x667.jpg\" height=\"750\" width=\"1000\" title=\"paella san isidro 2016\" alt=\"paella san isidro 2016\" class=\"slider-3341 slide-3361 msDefaultImage\" \/><img loading=\"lazy\" decoding=\"async\" src=\"https:\/\/iicolumnas.es\/wp-content\/uploads\/2016\/05\/paella-san-isidro-2016-18-889x667.jpg\" height=\"750\" width=\"1000\" title=\"paella san isidro 2016\" alt=\"paella san isidro 2016\" class=\"slider-3341 slide-3388 msDefaultImage\" \/><img loading=\"lazy\" decoding=\"async\" src=\"https:\/\/iicolumnas.es\/wp-content\/uploads\/2016\/05\/paella-san-isidro-2016-24-889x667.jpg\" height=\"750\" width=\"1000\" title=\"paella san isidro 2016\" alt=\"paella san isidro 2016\" class=\"slider-3341 slide-3379 msDefaultImage\" \/><img loading=\"lazy\" decoding=\"async\" src=\"https:\/\/iicolumnas.es\/wp-content\/uploads\/2016\/05\/paella-san-isidro-2016-lucia-9-min-889x667.jpg\" height=\"750\" width=\"1000\" title=\"paella san isidro 2016\" alt=\"paella san isidro 2016\" class=\"slider-3341 slide-3456 msDefaultImage\" \/><img loading=\"lazy\" decoding=\"async\" src=\"https:\/\/iicolumnas.es\/wp-content\/uploads\/2016\/05\/paella-san-isidro-2016-2-889x667.jpg\" height=\"750\" width=\"1000\" title=\"paella san isidro 2016\" alt=\"paella san isidro 2016\" class=\"slider-3341 slide-3415 msDefaultImage\" \/><img loading=\"lazy\" decoding=\"async\" src=\"https:\/\/iicolumnas.es\/wp-content\/uploads\/2016\/05\/paella-san-isidro-2016-1-889x667.jpg\" height=\"750\" width=\"1000\" title=\"paella san isidro 2016\" alt=\"paella san isidro 2016\" class=\"slider-3341 slide-3418 msDefaultImage\" \/><img loading=\"lazy\" decoding=\"async\" src=\"https:\/\/iicolumnas.es\/wp-content\/uploads\/2016\/05\/paella-san-isidro-2016-6-889x667.jpg\" height=\"750\" width=\"1000\" title=\"paella san isidro 2016\" alt=\"paella san isidro 2016\" class=\"slider-3341 slide-3408 msDefaultImage\" \/><img loading=\"lazy\" decoding=\"async\" src=\"https:\/\/iicolumnas.es\/wp-content\/uploads\/2016\/05\/paella-san-isidro-2016-15-889x667.jpg\" height=\"750\" width=\"1000\" title=\"paella san isidro 2016\" alt=\"paella san isidro 2016\" class=\"slider-3341 slide-3393 msDefaultImage\" \/><img loading=\"lazy\" decoding=\"async\" src=\"https:\/\/iicolumnas.es\/wp-content\/uploads\/2016\/05\/paella-san-isidro-2016-lucia-15-889x667.jpg\" height=\"750\" width=\"1000\" title=\"paella san isidro 2016\" alt=\"paella san isidro 2016\" class=\"slider-3341 slide-3360 msDefaultImage\" \/><img loading=\"lazy\" decoding=\"async\" src=\"https:\/\/iicolumnas.es\/wp-content\/uploads\/2016\/05\/paella-san-isidro-2016-lucia-26-889x667.jpg\" height=\"750\" width=\"1000\" title=\"paella san isidro 2016\" alt=\"paella san isidro 2016\" class=\"slider-3341 slide-3370 msDefaultImage\" \/><img loading=\"lazy\" decoding=\"async\" src=\"https:\/\/iicolumnas.es\/wp-content\/uploads\/2016\/05\/paella-san-isidro-2016-lucia-17-889x667.jpg\" height=\"750\" width=\"1000\" title=\"paella san isidro 2016\" alt=\"paella san isidro 2016\" class=\"slider-3341 slide-3362 msDefaultImage\" \/><img loading=\"lazy\" decoding=\"async\" src=\"https:\/\/iicolumnas.es\/wp-content\/uploads\/2016\/05\/paella-san-isidro-2016-lucia-25-889x667.jpg\" height=\"750\" width=\"1000\" title=\"paella san isidro 2016\" alt=\"paella san isidro 2016\" class=\"slider-3341 slide-3369 msDefaultImage\" \/><img loading=\"lazy\" decoding=\"async\" src=\"https:\/\/iicolumnas.es\/wp-content\/uploads\/2016\/05\/paella-san-isidro-2016-23-889x667.jpg\" height=\"750\" width=\"1000\" title=\"paella san isidro 2016\" alt=\"paella san isidro 2016\" class=\"slider-3341 slide-3380 msDefaultImage\" \/><img loading=\"lazy\" decoding=\"async\" src=\"https:\/\/iicolumnas.es\/wp-content\/uploads\/2016\/05\/paella-san-isidro-2016-lucia-24-889x667.jpg\" height=\"750\" width=\"1000\" title=\"paella san isidro 2016\" alt=\"paella san isidro 2016\" class=\"slider-3341 slide-3368 msDefaultImage\" \/><img loading=\"lazy\" decoding=\"async\" src=\"https:\/\/iicolumnas.es\/wp-content\/uploads\/2016\/05\/paella-san-isidro-2016-lucia-21-889x667.jpg\" height=\"750\" width=\"1000\" title=\"paella san isidro 2016\" alt=\"paella san isidro 2016\" class=\"slider-3341 slide-3365 msDefaultImage\" \/><img loading=\"lazy\" decoding=\"async\" src=\"https:\/\/iicolumnas.es\/wp-content\/uploads\/2016\/05\/paella-san-isidro-2016-22-889x667.jpg\" height=\"750\" width=\"1000\" title=\"paella san isidro 2016\" alt=\"paella san isidro 2016\" class=\"slider-3341 slide-3382 msDefaultImage\" \/><img loading=\"lazy\" decoding=\"async\" src=\"https:\/\/iicolumnas.es\/wp-content\/uploads\/2016\/05\/paella-san-isidro-2016-19-850x638.jpg\" height=\"750\" width=\"1000\" title=\"paella san isidro 2016\" alt=\"paella san isidro 2016\" class=\"slider-3341 slide-3387 msDefaultImage\" \/><img loading=\"lazy\" decoding=\"async\" src=\"https:\/\/iicolumnas.es\/wp-content\/uploads\/2016\/05\/paella-san-isidro-2016-lucia-8-min-889x667.jpg\" height=\"750\" width=\"1000\" title=\"paella san isidro 2016\" alt=\"paella san isidro 2016\" class=\"slider-3341 slide-3455 msDefaultImage\" \/><img loading=\"lazy\" decoding=\"async\" src=\"https:\/\/iicolumnas.es\/wp-content\/uploads\/2016\/05\/paella-san-isidro-2016-889x667.jpg\" height=\"750\" width=\"1000\" title=\"paella san isidro 2016\" alt=\"paella san isidro 2016\" class=\"slider-3341 slide-3419 msDefaultImage\" \/><img loading=\"lazy\" decoding=\"async\" src=\"https:\/\/iicolumnas.es\/wp-content\/uploads\/2016\/05\/paella-san-isidro-2016-lucia-23-889x667.jpg\" height=\"750\" width=\"1000\" title=\"paella san isidro 2016\" alt=\"paella san isidro 2016\" class=\"slider-3341 slide-3367 msDefaultImage\" \/><img loading=\"lazy\" decoding=\"async\" src=\"https:\/\/iicolumnas.es\/wp-content\/uploads\/2016\/05\/paella-san-isidro-2016-17-889x667.jpg\" height=\"750\" width=\"1000\" title=\"paella san isidro 2016\" alt=\"paella san isidro 2016\" class=\"slider-3341 slide-3390 msDefaultImage\" \/><img loading=\"lazy\" decoding=\"async\" src=\"https:\/\/iicolumnas.es\/wp-content\/uploads\/2016\/05\/paella-san-isidro-2016-26-889x667.jpg\" height=\"750\" width=\"1000\" title=\"paella san isidro 2016\" alt=\"paella san isidro 2016\" class=\"slider-3341 slide-3376 msDefaultImage\" \/><img loading=\"lazy\" decoding=\"async\" src=\"https:\/\/iicolumnas.es\/wp-content\/uploads\/2016\/05\/paella-san-isidro-2016-21-889x667.jpg\" height=\"750\" width=\"1000\" title=\"paella san isidro 2016\" alt=\"paella san isidro 2016\" class=\"slider-3341 slide-3384 msDefaultImage\" \/><img loading=\"lazy\" decoding=\"async\" src=\"https:\/\/iicolumnas.es\/wp-content\/uploads\/2016\/05\/paella-san-isidro-2016-lucia-1-889x667.jpg\" height=\"750\" width=\"1000\" title=\"paella san isidro 2016\" alt=\"paella san isidro 2016\" class=\"slider-3341 slide-3353 msDefaultImage\" \/><img loading=\"lazy\" decoding=\"async\" src=\"https:\/\/iicolumnas.es\/wp-content\/uploads\/2016\/05\/paella-san-isidro-2016-lucia-14-889x667.jpg\" height=\"750\" width=\"1000\" title=\"paella san isidro 2016\" alt=\"paella san isidro 2016\" class=\"slider-3341 slide-3359 msDefaultImage\" \/><img loading=\"lazy\" decoding=\"async\" src=\"https:\/\/iicolumnas.es\/wp-content\/uploads\/2016\/05\/paella-san-isidro-2016-lucia-20-min-889x667.jpg\" height=\"750\" width=\"1000\" title=\"paella san isidro 2016\" alt=\"paella san isidro 2016\" class=\"slider-3341 slide-3458 msDefaultImage\" \/><\/div><\/div>\n        \n    <\/div>\n<\/div><\/p>\n","protected":false},"excerpt":{"rendered":"<p>Tras la misa en honor a San Isidro los vecinos de nuestra villa cogieron sitio alrededor de las mesas colocadas en la Plaza Espa\u00f1a, para degustar la paella popular cerca\u00a0de las 15:00 h de&#46;&#46;&#46;<\/p>\n","protected":false},"author":11,"featured_media":3404,"comment_status":"open","ping_status":"open","sticky":false,"template":"","format":"standard","meta":{"footnotes":""},"categories":[1],"tags":[70,173],"class_list":["post-3439","post","type-post","status-publish","format-standard","has-post-thumbnail","hentry","category-actualidad","tag-paella","tag-san-isidro"],"yoast_head":"<!-- This site is optimized with the Yoast SEO plugin v26.6 - https:\/\/yoast.com\/wordpress\/plugins\/seo\/ -->\n<title>Los cantalpinenes degustan una paella popular para festejar su fiesta chica en honor a San Isidro - Dos Columnas<\/title>\n<meta name=\"robots\" content=\"index, follow, max-snippet:-1, max-image-preview:large, max-video-preview:-1\" \/>\n<link rel=\"canonical\" href=\"https:\/\/iicolumnas.es\/index.php\/actualidad\/2016\/05\/15\/los-cantalpinenes-degustan-una-paella-popular-festejar-fiesta-chica-honor-san-isidro\/\" \/>\n<meta property=\"og:locale\" content=\"es_ES\" \/>\n<meta property=\"og:type\" content=\"article\" \/>\n<meta property=\"og:title\" content=\"Los cantalpinenes degustan una paella popular para festejar su fiesta chica en honor a San Isidro - Dos Columnas\" \/>\n<meta property=\"og:description\" content=\"Tras la misa en honor a San Isidro los vecinos de nuestra villa cogieron sitio alrededor de las mesas colocadas en la Plaza Espa\u00f1a, para degustar la paella popular cerca\u00a0de las 15:00 h de&#046;&#046;&#046;\" \/>\n<meta property=\"og:url\" content=\"https:\/\/iicolumnas.es\/index.php\/actualidad\/2016\/05\/15\/los-cantalpinenes-degustan-una-paella-popular-festejar-fiesta-chica-honor-san-isidro\/\" \/>\n<meta property=\"og:site_name\" content=\"Dos Columnas\" \/>\n<meta property=\"article:publisher\" content=\"https:\/\/www.facebook.com\/iicolumnas\/\" \/>\n<meta property=\"article:published_time\" content=\"2016-05-15T19:51:34+00:00\" \/>\n<meta property=\"og:image\" content=\"https:\/\/iicolumnas.es\/wp-content\/uploads\/2016\/05\/paella-san-isidro-2016-9.jpg\" \/>\n\t<meta property=\"og:image:width\" content=\"1000\" \/>\n\t<meta property=\"og:image:height\" content=\"667\" \/>\n\t<meta property=\"og:image:type\" content=\"image\/jpeg\" \/>\n<meta name=\"author\" content=\"Elisabeth Herrero\" \/>\n<meta name=\"twitter:card\" content=\"summary_large_image\" \/>\n<meta name=\"twitter:creator\" content=\"@iicolumnas\" \/>\n<meta name=\"twitter:site\" content=\"@iicolumnas\" \/>\n<meta name=\"twitter:label1\" content=\"Escrito por\" \/>\n\t<meta name=\"twitter:data1\" content=\"Elisabeth Herrero\" \/>\n\t<meta name=\"twitter:label2\" content=\"Tiempo de lectura\" \/>\n\t<meta name=\"twitter:data2\" content=\"1 minuto\" \/>\n<script type=\"application\/ld+json\" class=\"yoast-schema-graph\">{\"@context\":\"https:\/\/schema.org\",\"@graph\":[{\"@type\":\"WebPage\",\"@id\":\"https:\/\/iicolumnas.es\/index.php\/actualidad\/2016\/05\/15\/los-cantalpinenes-degustan-una-paella-popular-festejar-fiesta-chica-honor-san-isidro\/\",\"url\":\"https:\/\/iicolumnas.es\/index.php\/actualidad\/2016\/05\/15\/los-cantalpinenes-degustan-una-paella-popular-festejar-fiesta-chica-honor-san-isidro\/\",\"name\":\"Los cantalpinenes degustan una paella popular para festejar su fiesta chica en honor a San Isidro - Dos Columnas\",\"isPartOf\":{\"@id\":\"https:\/\/iicolumnas.es\/#website\"},\"primaryImageOfPage\":{\"@id\":\"https:\/\/iicolumnas.es\/index.php\/actualidad\/2016\/05\/15\/los-cantalpinenes-degustan-una-paella-popular-festejar-fiesta-chica-honor-san-isidro\/#primaryimage\"},\"image\":{\"@id\":\"https:\/\/iicolumnas.es\/index.php\/actualidad\/2016\/05\/15\/los-cantalpinenes-degustan-una-paella-popular-festejar-fiesta-chica-honor-san-isidro\/#primaryimage\"},\"thumbnailUrl\":\"https:\/\/iicolumnas.es\/wp-content\/uploads\/2016\/05\/paella-san-isidro-2016-9.jpg\",\"datePublished\":\"2016-05-15T19:51:34+00:00\",\"author\":{\"@id\":\"https:\/\/iicolumnas.es\/#\/schema\/person\/a7ff663470be5c4a58b4056144602608\"},\"breadcrumb\":{\"@id\":\"https:\/\/iicolumnas.es\/index.php\/actualidad\/2016\/05\/15\/los-cantalpinenes-degustan-una-paella-popular-festejar-fiesta-chica-honor-san-isidro\/#breadcrumb\"},\"inLanguage\":\"es\",\"potentialAction\":[{\"@type\":\"ReadAction\",\"target\":[\"https:\/\/iicolumnas.es\/index.php\/actualidad\/2016\/05\/15\/los-cantalpinenes-degustan-una-paella-popular-festejar-fiesta-chica-honor-san-isidro\/\"]}]},{\"@type\":\"ImageObject\",\"inLanguage\":\"es\",\"@id\":\"https:\/\/iicolumnas.es\/index.php\/actualidad\/2016\/05\/15\/los-cantalpinenes-degustan-una-paella-popular-festejar-fiesta-chica-honor-san-isidro\/#primaryimage\",\"url\":\"https:\/\/iicolumnas.es\/wp-content\/uploads\/2016\/05\/paella-san-isidro-2016-9.jpg\",\"contentUrl\":\"https:\/\/iicolumnas.es\/wp-content\/uploads\/2016\/05\/paella-san-isidro-2016-9.jpg\",\"width\":\"1000\",\"height\":\"667\",\"caption\":\"paella san isidro 2016\"},{\"@type\":\"BreadcrumbList\",\"@id\":\"https:\/\/iicolumnas.es\/index.php\/actualidad\/2016\/05\/15\/los-cantalpinenes-degustan-una-paella-popular-festejar-fiesta-chica-honor-san-isidro\/#breadcrumb\",\"itemListElement\":[{\"@type\":\"ListItem\",\"position\":1,\"name\":\"Portada\",\"item\":\"https:\/\/iicolumnas.es\/\"},{\"@type\":\"ListItem\",\"position\":2,\"name\":\"Actualidad\",\"item\":\"https:\/\/iicolumnas.es\/index.php\/category\/actualidad\/\"},{\"@type\":\"ListItem\",\"position\":3,\"name\":\"Los cantalpinenes degustan una paella popular para festejar su fiesta chica en honor a San Isidro\"}]},{\"@type\":\"WebSite\",\"@id\":\"https:\/\/iicolumnas.es\/#website\",\"url\":\"https:\/\/iicolumnas.es\/\",\"name\":\"Dos Columnas\",\"description\":\"El peri\u00f3dico de la villa de Cantalpino\",\"potentialAction\":[{\"@type\":\"SearchAction\",\"target\":{\"@type\":\"EntryPoint\",\"urlTemplate\":\"https:\/\/iicolumnas.es\/?s={search_term_string}\"},\"query-input\":{\"@type\":\"PropertyValueSpecification\",\"valueRequired\":true,\"valueName\":\"search_term_string\"}}],\"inLanguage\":\"es\"},{\"@type\":\"Person\",\"@id\":\"https:\/\/iicolumnas.es\/#\/schema\/person\/a7ff663470be5c4a58b4056144602608\",\"name\":\"Elisabeth Herrero\",\"image\":{\"@type\":\"ImageObject\",\"inLanguage\":\"es\",\"@id\":\"https:\/\/iicolumnas.es\/#\/schema\/person\/image\/\",\"url\":\"https:\/\/secure.gravatar.com\/avatar\/940d2d17ae8f8dbc80e004b6d5cf732529898723a62eb676e66b87e474e93db4?s=96&d=mm&r=g\",\"contentUrl\":\"https:\/\/secure.gravatar.com\/avatar\/940d2d17ae8f8dbc80e004b6d5cf732529898723a62eb676e66b87e474e93db4?s=96&d=mm&r=g\",\"caption\":\"Elisabeth Herrero\"}}]}<\/script>\n<!-- \/ Yoast SEO plugin. -->","yoast_head_json":{"title":"Los cantalpinenes degustan una paella popular para festejar su fiesta chica en honor a San Isidro - Dos Columnas","robots":{"index":"index","follow":"follow","max-snippet":"max-snippet:-1","max-image-preview":"max-image-preview:large","max-video-preview":"max-video-preview:-1"},"canonical":"https:\/\/iicolumnas.es\/index.php\/actualidad\/2016\/05\/15\/los-cantalpinenes-degustan-una-paella-popular-festejar-fiesta-chica-honor-san-isidro\/","og_locale":"es_ES","og_type":"article","og_title":"Los cantalpinenes degustan una paella popular para festejar su fiesta chica en honor a San Isidro - Dos Columnas","og_description":"Tras la misa en honor a San Isidro los vecinos de nuestra villa cogieron sitio alrededor de las mesas colocadas en la Plaza Espa\u00f1a, para degustar la paella popular cerca\u00a0de las 15:00 h de&#46;&#46;&#46;","og_url":"https:\/\/iicolumnas.es\/index.php\/actualidad\/2016\/05\/15\/los-cantalpinenes-degustan-una-paella-popular-festejar-fiesta-chica-honor-san-isidro\/","og_site_name":"Dos Columnas","article_publisher":"https:\/\/www.facebook.com\/iicolumnas\/","article_published_time":"2016-05-15T19:51:34+00:00","og_image":[{"width":1000,"height":667,"url":"https:\/\/iicolumnas.es\/wp-content\/uploads\/2016\/05\/paella-san-isidro-2016-9.jpg","type":"image\/jpeg"}],"author":"Elisabeth Herrero","twitter_card":"summary_large_image","twitter_creator":"@iicolumnas","twitter_site":"@iicolumnas","twitter_misc":{"Escrito por":"Elisabeth Herrero","Tiempo de lectura":"1 minuto"},"schema":{"@context":"https:\/\/schema.org","@graph":[{"@type":"WebPage","@id":"https:\/\/iicolumnas.es\/index.php\/actualidad\/2016\/05\/15\/los-cantalpinenes-degustan-una-paella-popular-festejar-fiesta-chica-honor-san-isidro\/","url":"https:\/\/iicolumnas.es\/index.php\/actualidad\/2016\/05\/15\/los-cantalpinenes-degustan-una-paella-popular-festejar-fiesta-chica-honor-san-isidro\/","name":"Los cantalpinenes degustan una paella popular para festejar su fiesta chica en honor a San Isidro - Dos Columnas","isPartOf":{"@id":"https:\/\/iicolumnas.es\/#website"},"primaryImageOfPage":{"@id":"https:\/\/iicolumnas.es\/index.php\/actualidad\/2016\/05\/15\/los-cantalpinenes-degustan-una-paella-popular-festejar-fiesta-chica-honor-san-isidro\/#primaryimage"},"image":{"@id":"https:\/\/iicolumnas.es\/index.php\/actualidad\/2016\/05\/15\/los-cantalpinenes-degustan-una-paella-popular-festejar-fiesta-chica-honor-san-isidro\/#primaryimage"},"thumbnailUrl":"https:\/\/iicolumnas.es\/wp-content\/uploads\/2016\/05\/paella-san-isidro-2016-9.jpg","datePublished":"2016-05-15T19:51:34+00:00","author":{"@id":"https:\/\/iicolumnas.es\/#\/schema\/person\/a7ff663470be5c4a58b4056144602608"},"breadcrumb":{"@id":"https:\/\/iicolumnas.es\/index.php\/actualidad\/2016\/05\/15\/los-cantalpinenes-degustan-una-paella-popular-festejar-fiesta-chica-honor-san-isidro\/#breadcrumb"},"inLanguage":"es","potentialAction":[{"@type":"ReadAction","target":["https:\/\/iicolumnas.es\/index.php\/actualidad\/2016\/05\/15\/los-cantalpinenes-degustan-una-paella-popular-festejar-fiesta-chica-honor-san-isidro\/"]}]},{"@type":"ImageObject","inLanguage":"es","@id":"https:\/\/iicolumnas.es\/index.php\/actualidad\/2016\/05\/15\/los-cantalpinenes-degustan-una-paella-popular-festejar-fiesta-chica-honor-san-isidro\/#primaryimage","url":"https:\/\/iicolumnas.es\/wp-content\/uploads\/2016\/05\/paella-san-isidro-2016-9.jpg","contentUrl":"https:\/\/iicolumnas.es\/wp-content\/uploads\/2016\/05\/paella-san-isidro-2016-9.jpg","width":"1000","height":"667","caption":"paella san isidro 2016"},{"@type":"BreadcrumbList","@id":"https:\/\/iicolumnas.es\/index.php\/actualidad\/2016\/05\/15\/los-cantalpinenes-degustan-una-paella-popular-festejar-fiesta-chica-honor-san-isidro\/#breadcrumb","itemListElement":[{"@type":"ListItem","position":1,"name":"Portada","item":"https:\/\/iicolumnas.es\/"},{"@type":"ListItem","position":2,"name":"Actualidad","item":"https:\/\/iicolumnas.es\/index.php\/category\/actualidad\/"},{"@type":"ListItem","position":3,"name":"Los cantalpinenes degustan una paella popular para festejar su fiesta chica en honor a San Isidro"}]},{"@type":"WebSite","@id":"https:\/\/iicolumnas.es\/#website","url":"https:\/\/iicolumnas.es\/","name":"Dos Columnas","description":"El peri\u00f3dico de la villa de Cantalpino","potentialAction":[{"@type":"SearchAction","target":{"@type":"EntryPoint","urlTemplate":"https:\/\/iicolumnas.es\/?s={search_term_string}"},"query-input":{"@type":"PropertyValueSpecification","valueRequired":true,"valueName":"search_term_string"}}],"inLanguage":"es"},{"@type":"Person","@id":"https:\/\/iicolumnas.es\/#\/schema\/person\/a7ff663470be5c4a58b4056144602608","name":"Elisabeth Herrero","image":{"@type":"ImageObject","inLanguage":"es","@id":"https:\/\/iicolumnas.es\/#\/schema\/person\/image\/","url":"https:\/\/secure.gravatar.com\/avatar\/940d2d17ae8f8dbc80e004b6d5cf732529898723a62eb676e66b87e474e93db4?s=96&d=mm&r=g","contentUrl":"https:\/\/secure.gravatar.com\/avatar\/940d2d17ae8f8dbc80e004b6d5cf732529898723a62eb676e66b87e474e93db4?s=96&d=mm&r=g","caption":"Elisabeth Herrero"}}]}},"_links":{"self":[{"href":"https:\/\/iicolumnas.es\/index.php\/wp-json\/wp\/v2\/posts\/3439","targetHints":{"allow":["GET"]}}],"collection":[{"href":"https:\/\/iicolumnas.es\/index.php\/wp-json\/wp\/v2\/posts"}],"about":[{"href":"https:\/\/iicolumnas.es\/index.php\/wp-json\/wp\/v2\/types\/post"}],"author":[{"embeddable":true,"href":"https:\/\/iicolumnas.es\/index.php\/wp-json\/wp\/v2\/users\/11"}],"replies":[{"embeddable":true,"href":"https:\/\/iicolumnas.es\/index.php\/wp-json\/wp\/v2\/comments?post=3439"}],"version-history":[{"count":0,"href":"https:\/\/iicolumnas.es\/index.php\/wp-json\/wp\/v2\/posts\/3439\/revisions"}],"wp:featuredmedia":[{"embeddable":true,"href":"https:\/\/iicolumnas.es\/index.php\/wp-json\/wp\/v2\/media\/3404"}],"wp:attachment":[{"href":"https:\/\/iicolumnas.es\/index.php\/wp-json\/wp\/v2\/media?parent=3439"}],"wp:term":[{"taxonomy":"category","embeddable":true,"href":"https:\/\/iicolumnas.es\/index.php\/wp-json\/wp\/v2\/categories?post=3439"},{"taxonomy":"post_tag","embeddable":true,"href":"https:\/\/iicolumnas.es\/index.php\/wp-json\/wp\/v2\/tags?post=3439"}],"curies":[{"name":"wp","href":"https:\/\/api.w.org\/{rel}","templated":true}]}}