{"id":32626,"date":"2024-05-01T22:06:01","date_gmt":"2024-05-01T20:06:01","guid":{"rendered":"https:\/\/iicolumnas.es\/?p=32626"},"modified":"2024-05-01T22:06:01","modified_gmt":"2024-05-01T20:06:01","slug":"hazte-con-la-pulsera-de-san-isidro-de-la-actc","status":"publish","type":"post","link":"https:\/\/iicolumnas.es\/index.php\/actualidad\/2024\/05\/01\/hazte-con-la-pulsera-de-san-isidro-de-la-actc\/","title":{"rendered":"Hazte con la pulsera de San Isidro de la ACTC"},"content":{"rendered":"<p style=\"text-align: justify;\">La ACTC han dise\u00f1ado unas pulseras para las fiestas de San Isidro.<\/p>\n<p style=\"text-align: justify;\">Regalaran una a cada socio, pero tambi\u00e9n puede ser adquiridas el d\u00eda 11 de mayo en la caseta de la asociaci\u00f3n por 1&#8217;50\u20ac<\/p>\n<p>\u00a1No te quedes sin ella!<\/p>\n<p><img loading=\"lazy\" decoding=\"async\" class=\"aligncenter size-full wp-image-32629\" src=\"https:\/\/iicolumnas.es\/wp-content\/uploads\/2024\/05\/IMG-20240426-WA0010.jpg\" alt=\"\" width=\"600\" height=\"800\" srcset=\"https:\/\/iicolumnas.es\/wp-content\/uploads\/2024\/05\/IMG-20240426-WA0010.jpg 600w, https:\/\/iicolumnas.es\/wp-content\/uploads\/2024\/05\/IMG-20240426-WA0010-225x300.jpg 225w\" sizes=\"auto, (max-width: 600px) 100vw, 600px\" \/><\/p>\n","protected":false},"excerpt":{"rendered":"<p>La ACTC han dise\u00f1ado unas pulseras para las fiestas de San Isidro. Regalaran una a cada socio, pero tambi\u00e9n puede ser adquiridas el d\u00eda 11 de mayo en la caseta de la asociaci\u00f3n por&#46;&#46;&#46;<\/p>\n","protected":false},"author":21,"featured_media":32629,"comment_status":"open","ping_status":"open","sticky":false,"template":"","format":"standard","meta":{"footnotes":""},"categories":[1],"tags":[13,1833,290,2359,1656],"class_list":["post-32626","post","type-post","status-publish","format-standard","has-post-thumbnail","hentry","category-actualidad","tag-actc","tag-asociacion-cultural-taurina-cantalpino","tag-mayo","tag-toro-cajon","tag-toro-san-isidro"],"yoast_head":"<!-- This site is optimized with the Yoast SEO plugin v26.6 - https:\/\/yoast.com\/wordpress\/plugins\/seo\/ -->\n<title>Hazte con la pulsera de San Isidro de la ACTC - Dos Columnas<\/title>\n<meta name=\"robots\" content=\"index, follow, max-snippet:-1, max-image-preview:large, max-video-preview:-1\" \/>\n<link rel=\"canonical\" href=\"https:\/\/iicolumnas.es\/index.php\/actualidad\/2024\/05\/01\/hazte-con-la-pulsera-de-san-isidro-de-la-actc\/\" \/>\n<meta property=\"og:locale\" content=\"es_ES\" \/>\n<meta property=\"og:type\" content=\"article\" \/>\n<meta property=\"og:title\" content=\"Hazte con la pulsera de San Isidro de la ACTC - Dos Columnas\" \/>\n<meta property=\"og:description\" content=\"La ACTC han dise\u00f1ado unas pulseras para las fiestas de San Isidro. Regalaran una a cada socio, pero tambi\u00e9n puede ser adquiridas el d\u00eda 11 de mayo en la caseta de la asociaci\u00f3n por&#046;&#046;&#046;\" \/>\n<meta property=\"og:url\" content=\"https:\/\/iicolumnas.es\/index.php\/actualidad\/2024\/05\/01\/hazte-con-la-pulsera-de-san-isidro-de-la-actc\/\" \/>\n<meta property=\"og:site_name\" content=\"Dos Columnas\" \/>\n<meta property=\"article:publisher\" content=\"https:\/\/www.facebook.com\/iicolumnas\/\" \/>\n<meta property=\"article:published_time\" content=\"2024-05-01T20:06:01+00:00\" \/>\n<meta property=\"og:image\" content=\"https:\/\/iicolumnas.es\/wp-content\/uploads\/2024\/05\/IMG-20240426-WA0010.jpg\" \/>\n\t<meta property=\"og:image:width\" content=\"600\" \/>\n\t<meta property=\"og:image:height\" content=\"800\" \/>\n\t<meta property=\"og:image:type\" content=\"image\/jpeg\" \/>\n<meta name=\"author\" content=\"Luc\u00eda Pedroso\" \/>\n<meta name=\"twitter:card\" content=\"summary_large_image\" \/>\n<meta name=\"twitter:creator\" content=\"@iicolumnas\" \/>\n<meta name=\"twitter:site\" content=\"@iicolumnas\" \/>\n<meta name=\"twitter:label1\" content=\"Escrito por\" \/>\n\t<meta name=\"twitter:data1\" content=\"Luc\u00eda Pedroso\" \/>\n\t<meta name=\"twitter:label2\" content=\"Tiempo de lectura\" \/>\n\t<meta name=\"twitter:data2\" content=\"1 minuto\" \/>\n<script type=\"application\/ld+json\" class=\"yoast-schema-graph\">{\"@context\":\"https:\/\/schema.org\",\"@graph\":[{\"@type\":\"WebPage\",\"@id\":\"https:\/\/iicolumnas.es\/index.php\/actualidad\/2024\/05\/01\/hazte-con-la-pulsera-de-san-isidro-de-la-actc\/\",\"url\":\"https:\/\/iicolumnas.es\/index.php\/actualidad\/2024\/05\/01\/hazte-con-la-pulsera-de-san-isidro-de-la-actc\/\",\"name\":\"Hazte con la pulsera de San Isidro de la ACTC - Dos Columnas\",\"isPartOf\":{\"@id\":\"https:\/\/iicolumnas.es\/#website\"},\"primaryImageOfPage\":{\"@id\":\"https:\/\/iicolumnas.es\/index.php\/actualidad\/2024\/05\/01\/hazte-con-la-pulsera-de-san-isidro-de-la-actc\/#primaryimage\"},\"image\":{\"@id\":\"https:\/\/iicolumnas.es\/index.php\/actualidad\/2024\/05\/01\/hazte-con-la-pulsera-de-san-isidro-de-la-actc\/#primaryimage\"},\"thumbnailUrl\":\"https:\/\/iicolumnas.es\/wp-content\/uploads\/2024\/05\/IMG-20240426-WA0010.jpg\",\"datePublished\":\"2024-05-01T20:06:01+00:00\",\"author\":{\"@id\":\"https:\/\/iicolumnas.es\/#\/schema\/person\/c14438f8693220897997dbbf718f2079\"},\"breadcrumb\":{\"@id\":\"https:\/\/iicolumnas.es\/index.php\/actualidad\/2024\/05\/01\/hazte-con-la-pulsera-de-san-isidro-de-la-actc\/#breadcrumb\"},\"inLanguage\":\"es\",\"potentialAction\":[{\"@type\":\"ReadAction\",\"target\":[\"https:\/\/iicolumnas.es\/index.php\/actualidad\/2024\/05\/01\/hazte-con-la-pulsera-de-san-isidro-de-la-actc\/\"]}]},{\"@type\":\"ImageObject\",\"inLanguage\":\"es\",\"@id\":\"https:\/\/iicolumnas.es\/index.php\/actualidad\/2024\/05\/01\/hazte-con-la-pulsera-de-san-isidro-de-la-actc\/#primaryimage\",\"url\":\"https:\/\/iicolumnas.es\/wp-content\/uploads\/2024\/05\/IMG-20240426-WA0010.jpg\",\"contentUrl\":\"https:\/\/iicolumnas.es\/wp-content\/uploads\/2024\/05\/IMG-20240426-WA0010.jpg\",\"width\":600,\"height\":800},{\"@type\":\"BreadcrumbList\",\"@id\":\"https:\/\/iicolumnas.es\/index.php\/actualidad\/2024\/05\/01\/hazte-con-la-pulsera-de-san-isidro-de-la-actc\/#breadcrumb\",\"itemListElement\":[{\"@type\":\"ListItem\",\"position\":1,\"name\":\"Portada\",\"item\":\"https:\/\/iicolumnas.es\/\"},{\"@type\":\"ListItem\",\"position\":2,\"name\":\"Actualidad\",\"item\":\"https:\/\/iicolumnas.es\/index.php\/category\/actualidad\/\"},{\"@type\":\"ListItem\",\"position\":3,\"name\":\"Hazte con la pulsera de San Isidro de la ACTC\"}]},{\"@type\":\"WebSite\",\"@id\":\"https:\/\/iicolumnas.es\/#website\",\"url\":\"https:\/\/iicolumnas.es\/\",\"name\":\"Dos Columnas\",\"description\":\"El peri\u00f3dico de la villa de Cantalpino\",\"potentialAction\":[{\"@type\":\"SearchAction\",\"target\":{\"@type\":\"EntryPoint\",\"urlTemplate\":\"https:\/\/iicolumnas.es\/?s={search_term_string}\"},\"query-input\":{\"@type\":\"PropertyValueSpecification\",\"valueRequired\":true,\"valueName\":\"search_term_string\"}}],\"inLanguage\":\"es\"},{\"@type\":\"Person\",\"@id\":\"https:\/\/iicolumnas.es\/#\/schema\/person\/c14438f8693220897997dbbf718f2079\",\"name\":\"Luc\u00eda Pedroso\",\"image\":{\"@type\":\"ImageObject\",\"inLanguage\":\"es\",\"@id\":\"https:\/\/iicolumnas.es\/#\/schema\/person\/image\/\",\"url\":\"https:\/\/secure.gravatar.com\/avatar\/ada6c90a6cd339894388a0dcf74cb992749bb938186838bd65e437d8f0959d71?s=96&d=mm&r=g\",\"contentUrl\":\"https:\/\/secure.gravatar.com\/avatar\/ada6c90a6cd339894388a0dcf74cb992749bb938186838bd65e437d8f0959d71?s=96&d=mm&r=g\",\"caption\":\"Luc\u00eda Pedroso\"}}]}<\/script>\n<!-- \/ Yoast SEO plugin. -->","yoast_head_json":{"title":"Hazte con la pulsera de San Isidro de la ACTC - Dos Columnas","robots":{"index":"index","follow":"follow","max-snippet":"max-snippet:-1","max-image-preview":"max-image-preview:large","max-video-preview":"max-video-preview:-1"},"canonical":"https:\/\/iicolumnas.es\/index.php\/actualidad\/2024\/05\/01\/hazte-con-la-pulsera-de-san-isidro-de-la-actc\/","og_locale":"es_ES","og_type":"article","og_title":"Hazte con la pulsera de San Isidro de la ACTC - Dos Columnas","og_description":"La ACTC han dise\u00f1ado unas pulseras para las fiestas de San Isidro. Regalaran una a cada socio, pero tambi\u00e9n puede ser adquiridas el d\u00eda 11 de mayo en la caseta de la asociaci\u00f3n por&#46;&#46;&#46;","og_url":"https:\/\/iicolumnas.es\/index.php\/actualidad\/2024\/05\/01\/hazte-con-la-pulsera-de-san-isidro-de-la-actc\/","og_site_name":"Dos Columnas","article_publisher":"https:\/\/www.facebook.com\/iicolumnas\/","article_published_time":"2024-05-01T20:06:01+00:00","og_image":[{"width":600,"height":800,"url":"https:\/\/iicolumnas.es\/wp-content\/uploads\/2024\/05\/IMG-20240426-WA0010.jpg","type":"image\/jpeg"}],"author":"Luc\u00eda Pedroso","twitter_card":"summary_large_image","twitter_creator":"@iicolumnas","twitter_site":"@iicolumnas","twitter_misc":{"Escrito por":"Luc\u00eda Pedroso","Tiempo de lectura":"1 minuto"},"schema":{"@context":"https:\/\/schema.org","@graph":[{"@type":"WebPage","@id":"https:\/\/iicolumnas.es\/index.php\/actualidad\/2024\/05\/01\/hazte-con-la-pulsera-de-san-isidro-de-la-actc\/","url":"https:\/\/iicolumnas.es\/index.php\/actualidad\/2024\/05\/01\/hazte-con-la-pulsera-de-san-isidro-de-la-actc\/","name":"Hazte con la pulsera de San Isidro de la ACTC - Dos Columnas","isPartOf":{"@id":"https:\/\/iicolumnas.es\/#website"},"primaryImageOfPage":{"@id":"https:\/\/iicolumnas.es\/index.php\/actualidad\/2024\/05\/01\/hazte-con-la-pulsera-de-san-isidro-de-la-actc\/#primaryimage"},"image":{"@id":"https:\/\/iicolumnas.es\/index.php\/actualidad\/2024\/05\/01\/hazte-con-la-pulsera-de-san-isidro-de-la-actc\/#primaryimage"},"thumbnailUrl":"https:\/\/iicolumnas.es\/wp-content\/uploads\/2024\/05\/IMG-20240426-WA0010.jpg","datePublished":"2024-05-01T20:06:01+00:00","author":{"@id":"https:\/\/iicolumnas.es\/#\/schema\/person\/c14438f8693220897997dbbf718f2079"},"breadcrumb":{"@id":"https:\/\/iicolumnas.es\/index.php\/actualidad\/2024\/05\/01\/hazte-con-la-pulsera-de-san-isidro-de-la-actc\/#breadcrumb"},"inLanguage":"es","potentialAction":[{"@type":"ReadAction","target":["https:\/\/iicolumnas.es\/index.php\/actualidad\/2024\/05\/01\/hazte-con-la-pulsera-de-san-isidro-de-la-actc\/"]}]},{"@type":"ImageObject","inLanguage":"es","@id":"https:\/\/iicolumnas.es\/index.php\/actualidad\/2024\/05\/01\/hazte-con-la-pulsera-de-san-isidro-de-la-actc\/#primaryimage","url":"https:\/\/iicolumnas.es\/wp-content\/uploads\/2024\/05\/IMG-20240426-WA0010.jpg","contentUrl":"https:\/\/iicolumnas.es\/wp-content\/uploads\/2024\/05\/IMG-20240426-WA0010.jpg","width":600,"height":800},{"@type":"BreadcrumbList","@id":"https:\/\/iicolumnas.es\/index.php\/actualidad\/2024\/05\/01\/hazte-con-la-pulsera-de-san-isidro-de-la-actc\/#breadcrumb","itemListElement":[{"@type":"ListItem","position":1,"name":"Portada","item":"https:\/\/iicolumnas.es\/"},{"@type":"ListItem","position":2,"name":"Actualidad","item":"https:\/\/iicolumnas.es\/index.php\/category\/actualidad\/"},{"@type":"ListItem","position":3,"name":"Hazte con la pulsera de San Isidro de la ACTC"}]},{"@type":"WebSite","@id":"https:\/\/iicolumnas.es\/#website","url":"https:\/\/iicolumnas.es\/","name":"Dos Columnas","description":"El peri\u00f3dico de la villa de Cantalpino","potentialAction":[{"@type":"SearchAction","target":{"@type":"EntryPoint","urlTemplate":"https:\/\/iicolumnas.es\/?s={search_term_string}"},"query-input":{"@type":"PropertyValueSpecification","valueRequired":true,"valueName":"search_term_string"}}],"inLanguage":"es"},{"@type":"Person","@id":"https:\/\/iicolumnas.es\/#\/schema\/person\/c14438f8693220897997dbbf718f2079","name":"Luc\u00eda Pedroso","image":{"@type":"ImageObject","inLanguage":"es","@id":"https:\/\/iicolumnas.es\/#\/schema\/person\/image\/","url":"https:\/\/secure.gravatar.com\/avatar\/ada6c90a6cd339894388a0dcf74cb992749bb938186838bd65e437d8f0959d71?s=96&d=mm&r=g","contentUrl":"https:\/\/secure.gravatar.com\/avatar\/ada6c90a6cd339894388a0dcf74cb992749bb938186838bd65e437d8f0959d71?s=96&d=mm&r=g","caption":"Luc\u00eda Pedroso"}}]}},"_links":{"self":[{"href":"https:\/\/iicolumnas.es\/index.php\/wp-json\/wp\/v2\/posts\/32626","targetHints":{"allow":["GET"]}}],"collection":[{"href":"https:\/\/iicolumnas.es\/index.php\/wp-json\/wp\/v2\/posts"}],"about":[{"href":"https:\/\/iicolumnas.es\/index.php\/wp-json\/wp\/v2\/types\/post"}],"author":[{"embeddable":true,"href":"https:\/\/iicolumnas.es\/index.php\/wp-json\/wp\/v2\/users\/21"}],"replies":[{"embeddable":true,"href":"https:\/\/iicolumnas.es\/index.php\/wp-json\/wp\/v2\/comments?post=32626"}],"version-history":[{"count":1,"href":"https:\/\/iicolumnas.es\/index.php\/wp-json\/wp\/v2\/posts\/32626\/revisions"}],"predecessor-version":[{"id":32630,"href":"https:\/\/iicolumnas.es\/index.php\/wp-json\/wp\/v2\/posts\/32626\/revisions\/32630"}],"wp:featuredmedia":[{"embeddable":true,"href":"https:\/\/iicolumnas.es\/index.php\/wp-json\/wp\/v2\/media\/32629"}],"wp:attachment":[{"href":"https:\/\/iicolumnas.es\/index.php\/wp-json\/wp\/v2\/media?parent=32626"}],"wp:term":[{"taxonomy":"category","embeddable":true,"href":"https:\/\/iicolumnas.es\/index.php\/wp-json\/wp\/v2\/categories?post=32626"},{"taxonomy":"post_tag","embeddable":true,"href":"https:\/\/iicolumnas.es\/index.php\/wp-json\/wp\/v2\/tags?post=32626"}],"curies":[{"name":"wp","href":"https:\/\/api.w.org\/{rel}","templated":true}]}}