{"id":32047,"date":"2023-12-28T10:44:41","date_gmt":"2023-12-28T09:44:41","guid":{"rendered":"https:\/\/iicolumnas.es\/?p=32047"},"modified":"2023-12-28T12:21:46","modified_gmt":"2023-12-28T11:21:46","slug":"cantalpino-implementara-una-nueva-zona-de-bajas-emisiones","status":"publish","type":"post","link":"https:\/\/iicolumnas.es\/index.php\/actualidad\/2023\/12\/28\/cantalpino-implementara-una-nueva-zona-de-bajas-emisiones\/","title":{"rendered":"Cantalpino implementar\u00e1 una nueva zona de bajas emisiones"},"content":{"rendered":"<p>Tal y como se aprob\u00f3 en el \u00faltimo pleno en el ayuntamiento de Cantalpino, para el a\u00f1o 2024 se va a activar una zona de bajas emisiones en el centro urbano de Cantalpino. Esta directiva viene desde la Uni\u00f3n Europea y obliga a todos los municipios a activarla antes de que acabe 2025. En el caso de Cantalpino se pretende activar a principios de 2024.<\/p>\n<p>Las zonas afectadas se podr\u00e1n visualizar en el siguiente mapa (a excepci\u00f3n de la SA-804, por la que podr\u00e1n circular todos los veh\u00edculos):<\/p>\n<p><img loading=\"lazy\" decoding=\"async\" class=\"size-full wp-image-32049 aligncenter\" src=\"https:\/\/iicolumnas.es\/wp-content\/uploads\/2023\/12\/zonaEmisiones.jpg\" alt=\"\" width=\"503\" height=\"539\" srcset=\"https:\/\/iicolumnas.es\/wp-content\/uploads\/2023\/12\/zonaEmisiones.jpg 503w, https:\/\/iicolumnas.es\/wp-content\/uploads\/2023\/12\/zonaEmisiones-280x300.jpg 280w\" sizes=\"auto, (max-width: 503px) 100vw, 503px\" \/><\/p>\n<p>En la zona de bajas emisiones solo podr\u00e1n entrar veh\u00edculos con pegatina de bajas emisiones (Eco o 0 emisiones) y tendr\u00e1n prohibida la entrada el resto de veh\u00edculos, en los que se incluye toda la maquinaria agr\u00edcola. Adem\u00e1s, desde el ayuntamiento, tambi\u00e9n se ha aprobado la eliminaci\u00f3n de naves ganaderas y agr\u00edcolas dentro del casco urbano. Esto significa que a finales de 2024 ninguna nave del interior del casco urbano podr\u00e1 ser usada para tareas agr\u00edcolas y\/o ganaderas.<\/p>\n<p>Con estas medidas, el consistorio pretende hacer que el aire cantalpin\u00e9s sea m\u00e1s limpio y que esto ayude al aumento de la poblaci\u00f3n y al crecimiento del municipio, haciendo que este sea m\u00e1s moderno y est\u00e9 al nivel de las grandes ciudades europeas.<\/p>\n","protected":false},"excerpt":{"rendered":"<p>Tal y como se aprob\u00f3 en el \u00faltimo pleno en el ayuntamiento de Cantalpino, para el a\u00f1o 2024 se va a activar una zona de bajas emisiones en el centro urbano de Cantalpino. Esta&#46;&#46;&#46;<\/p>\n","protected":false},"author":1,"featured_media":32049,"comment_status":"open","ping_status":"open","sticky":false,"template":"","format":"standard","meta":{"footnotes":""},"categories":[1],"tags":[259,2329],"class_list":["post-32047","post","type-post","status-publish","format-standard","has-post-thumbnail","hentry","category-actualidad","tag-ayuntamiento-de-cantalpino","tag-zona-baja-emisiones"],"yoast_head":"<!-- This site is optimized with the Yoast SEO plugin v26.6 - https:\/\/yoast.com\/wordpress\/plugins\/seo\/ -->\n<title>Cantalpino implementar\u00e1 una nueva zona de bajas emisiones - Dos Columnas<\/title>\n<meta name=\"robots\" content=\"index, follow, max-snippet:-1, max-image-preview:large, max-video-preview:-1\" \/>\n<link rel=\"canonical\" href=\"https:\/\/iicolumnas.es\/index.php\/actualidad\/2023\/12\/28\/cantalpino-implementara-una-nueva-zona-de-bajas-emisiones\/\" \/>\n<meta property=\"og:locale\" content=\"es_ES\" \/>\n<meta property=\"og:type\" content=\"article\" \/>\n<meta property=\"og:title\" content=\"Cantalpino implementar\u00e1 una nueva zona de bajas emisiones - Dos Columnas\" \/>\n<meta property=\"og:description\" content=\"Tal y como se aprob\u00f3 en el \u00faltimo pleno en el ayuntamiento de Cantalpino, para el a\u00f1o 2024 se va a activar una zona de bajas emisiones en el centro urbano de Cantalpino. Esta&#046;&#046;&#046;\" \/>\n<meta property=\"og:url\" content=\"https:\/\/iicolumnas.es\/index.php\/actualidad\/2023\/12\/28\/cantalpino-implementara-una-nueva-zona-de-bajas-emisiones\/\" \/>\n<meta property=\"og:site_name\" content=\"Dos Columnas\" \/>\n<meta property=\"article:publisher\" content=\"https:\/\/www.facebook.com\/iicolumnas\/\" \/>\n<meta property=\"article:published_time\" content=\"2023-12-28T09:44:41+00:00\" \/>\n<meta property=\"article:modified_time\" content=\"2023-12-28T11:21:46+00:00\" \/>\n<meta property=\"og:image\" content=\"https:\/\/iicolumnas.es\/wp-content\/uploads\/2023\/12\/zonaEmisiones.jpg\" \/>\n\t<meta property=\"og:image:width\" content=\"503\" \/>\n\t<meta property=\"og:image:height\" content=\"539\" \/>\n\t<meta property=\"og:image:type\" content=\"image\/jpeg\" \/>\n<meta name=\"author\" content=\"Juan Alberto Garc\u00eda\" \/>\n<meta name=\"twitter:card\" content=\"summary_large_image\" \/>\n<meta name=\"twitter:creator\" content=\"@iicolumnas\" \/>\n<meta name=\"twitter:site\" content=\"@iicolumnas\" \/>\n<meta name=\"twitter:label1\" content=\"Escrito por\" \/>\n\t<meta name=\"twitter:data1\" content=\"Juan Alberto Garc\u00eda\" \/>\n\t<meta name=\"twitter:label2\" content=\"Tiempo de lectura\" \/>\n\t<meta name=\"twitter:data2\" content=\"2 minutos\" \/>\n<script type=\"application\/ld+json\" class=\"yoast-schema-graph\">{\"@context\":\"https:\/\/schema.org\",\"@graph\":[{\"@type\":\"WebPage\",\"@id\":\"https:\/\/iicolumnas.es\/index.php\/actualidad\/2023\/12\/28\/cantalpino-implementara-una-nueva-zona-de-bajas-emisiones\/\",\"url\":\"https:\/\/iicolumnas.es\/index.php\/actualidad\/2023\/12\/28\/cantalpino-implementara-una-nueva-zona-de-bajas-emisiones\/\",\"name\":\"Cantalpino implementar\u00e1 una nueva zona de bajas emisiones - Dos Columnas\",\"isPartOf\":{\"@id\":\"https:\/\/iicolumnas.es\/#website\"},\"primaryImageOfPage\":{\"@id\":\"https:\/\/iicolumnas.es\/index.php\/actualidad\/2023\/12\/28\/cantalpino-implementara-una-nueva-zona-de-bajas-emisiones\/#primaryimage\"},\"image\":{\"@id\":\"https:\/\/iicolumnas.es\/index.php\/actualidad\/2023\/12\/28\/cantalpino-implementara-una-nueva-zona-de-bajas-emisiones\/#primaryimage\"},\"thumbnailUrl\":\"https:\/\/iicolumnas.es\/wp-content\/uploads\/2023\/12\/zonaEmisiones.jpg\",\"datePublished\":\"2023-12-28T09:44:41+00:00\",\"dateModified\":\"2023-12-28T11:21:46+00:00\",\"author\":{\"@id\":\"https:\/\/iicolumnas.es\/#\/schema\/person\/454e592beb5051596092682bc7744870\"},\"breadcrumb\":{\"@id\":\"https:\/\/iicolumnas.es\/index.php\/actualidad\/2023\/12\/28\/cantalpino-implementara-una-nueva-zona-de-bajas-emisiones\/#breadcrumb\"},\"inLanguage\":\"es\",\"potentialAction\":[{\"@type\":\"ReadAction\",\"target\":[\"https:\/\/iicolumnas.es\/index.php\/actualidad\/2023\/12\/28\/cantalpino-implementara-una-nueva-zona-de-bajas-emisiones\/\"]}]},{\"@type\":\"ImageObject\",\"inLanguage\":\"es\",\"@id\":\"https:\/\/iicolumnas.es\/index.php\/actualidad\/2023\/12\/28\/cantalpino-implementara-una-nueva-zona-de-bajas-emisiones\/#primaryimage\",\"url\":\"https:\/\/iicolumnas.es\/wp-content\/uploads\/2023\/12\/zonaEmisiones.jpg\",\"contentUrl\":\"https:\/\/iicolumnas.es\/wp-content\/uploads\/2023\/12\/zonaEmisiones.jpg\",\"width\":503,\"height\":539},{\"@type\":\"BreadcrumbList\",\"@id\":\"https:\/\/iicolumnas.es\/index.php\/actualidad\/2023\/12\/28\/cantalpino-implementara-una-nueva-zona-de-bajas-emisiones\/#breadcrumb\",\"itemListElement\":[{\"@type\":\"ListItem\",\"position\":1,\"name\":\"Portada\",\"item\":\"https:\/\/iicolumnas.es\/\"},{\"@type\":\"ListItem\",\"position\":2,\"name\":\"Actualidad\",\"item\":\"https:\/\/iicolumnas.es\/index.php\/category\/actualidad\/\"},{\"@type\":\"ListItem\",\"position\":3,\"name\":\"Cantalpino implementar\u00e1 una nueva zona de bajas emisiones\"}]},{\"@type\":\"WebSite\",\"@id\":\"https:\/\/iicolumnas.es\/#website\",\"url\":\"https:\/\/iicolumnas.es\/\",\"name\":\"Dos Columnas\",\"description\":\"El peri\u00f3dico de la villa de Cantalpino\",\"potentialAction\":[{\"@type\":\"SearchAction\",\"target\":{\"@type\":\"EntryPoint\",\"urlTemplate\":\"https:\/\/iicolumnas.es\/?s={search_term_string}\"},\"query-input\":{\"@type\":\"PropertyValueSpecification\",\"valueRequired\":true,\"valueName\":\"search_term_string\"}}],\"inLanguage\":\"es\"},{\"@type\":\"Person\",\"@id\":\"https:\/\/iicolumnas.es\/#\/schema\/person\/454e592beb5051596092682bc7744870\",\"name\":\"Juan Alberto Garc\u00eda\",\"image\":{\"@type\":\"ImageObject\",\"inLanguage\":\"es\",\"@id\":\"https:\/\/iicolumnas.es\/#\/schema\/person\/image\/\",\"url\":\"https:\/\/secure.gravatar.com\/avatar\/b5e9097f5115a63587d45ece976d47f33159b9258fd778d9fbb56ce1c9d21ca8?s=96&d=mm&r=g\",\"contentUrl\":\"https:\/\/secure.gravatar.com\/avatar\/b5e9097f5115a63587d45ece976d47f33159b9258fd778d9fbb56ce1c9d21ca8?s=96&d=mm&r=g\",\"caption\":\"Juan Alberto Garc\u00eda\"},\"description\":\"los admin tienen demasiados privilegios sobre otros admin, no crees?\",\"sameAs\":[\"https:\/\/www.linkedin.com\/in\/juan-alberto-garc%C3%ADa-esteban-85389310b\"]}]}<\/script>\n<!-- \/ Yoast SEO plugin. -->","yoast_head_json":{"title":"Cantalpino implementar\u00e1 una nueva zona de bajas emisiones - Dos Columnas","robots":{"index":"index","follow":"follow","max-snippet":"max-snippet:-1","max-image-preview":"max-image-preview:large","max-video-preview":"max-video-preview:-1"},"canonical":"https:\/\/iicolumnas.es\/index.php\/actualidad\/2023\/12\/28\/cantalpino-implementara-una-nueva-zona-de-bajas-emisiones\/","og_locale":"es_ES","og_type":"article","og_title":"Cantalpino implementar\u00e1 una nueva zona de bajas emisiones - Dos Columnas","og_description":"Tal y como se aprob\u00f3 en el \u00faltimo pleno en el ayuntamiento de Cantalpino, para el a\u00f1o 2024 se va a activar una zona de bajas emisiones en el centro urbano de Cantalpino. Esta&#46;&#46;&#46;","og_url":"https:\/\/iicolumnas.es\/index.php\/actualidad\/2023\/12\/28\/cantalpino-implementara-una-nueva-zona-de-bajas-emisiones\/","og_site_name":"Dos Columnas","article_publisher":"https:\/\/www.facebook.com\/iicolumnas\/","article_published_time":"2023-12-28T09:44:41+00:00","article_modified_time":"2023-12-28T11:21:46+00:00","og_image":[{"width":503,"height":539,"url":"https:\/\/iicolumnas.es\/wp-content\/uploads\/2023\/12\/zonaEmisiones.jpg","type":"image\/jpeg"}],"author":"Juan Alberto Garc\u00eda","twitter_card":"summary_large_image","twitter_creator":"@iicolumnas","twitter_site":"@iicolumnas","twitter_misc":{"Escrito por":"Juan Alberto Garc\u00eda","Tiempo de lectura":"2 minutos"},"schema":{"@context":"https:\/\/schema.org","@graph":[{"@type":"WebPage","@id":"https:\/\/iicolumnas.es\/index.php\/actualidad\/2023\/12\/28\/cantalpino-implementara-una-nueva-zona-de-bajas-emisiones\/","url":"https:\/\/iicolumnas.es\/index.php\/actualidad\/2023\/12\/28\/cantalpino-implementara-una-nueva-zona-de-bajas-emisiones\/","name":"Cantalpino implementar\u00e1 una nueva zona de bajas emisiones - Dos Columnas","isPartOf":{"@id":"https:\/\/iicolumnas.es\/#website"},"primaryImageOfPage":{"@id":"https:\/\/iicolumnas.es\/index.php\/actualidad\/2023\/12\/28\/cantalpino-implementara-una-nueva-zona-de-bajas-emisiones\/#primaryimage"},"image":{"@id":"https:\/\/iicolumnas.es\/index.php\/actualidad\/2023\/12\/28\/cantalpino-implementara-una-nueva-zona-de-bajas-emisiones\/#primaryimage"},"thumbnailUrl":"https:\/\/iicolumnas.es\/wp-content\/uploads\/2023\/12\/zonaEmisiones.jpg","datePublished":"2023-12-28T09:44:41+00:00","dateModified":"2023-12-28T11:21:46+00:00","author":{"@id":"https:\/\/iicolumnas.es\/#\/schema\/person\/454e592beb5051596092682bc7744870"},"breadcrumb":{"@id":"https:\/\/iicolumnas.es\/index.php\/actualidad\/2023\/12\/28\/cantalpino-implementara-una-nueva-zona-de-bajas-emisiones\/#breadcrumb"},"inLanguage":"es","potentialAction":[{"@type":"ReadAction","target":["https:\/\/iicolumnas.es\/index.php\/actualidad\/2023\/12\/28\/cantalpino-implementara-una-nueva-zona-de-bajas-emisiones\/"]}]},{"@type":"ImageObject","inLanguage":"es","@id":"https:\/\/iicolumnas.es\/index.php\/actualidad\/2023\/12\/28\/cantalpino-implementara-una-nueva-zona-de-bajas-emisiones\/#primaryimage","url":"https:\/\/iicolumnas.es\/wp-content\/uploads\/2023\/12\/zonaEmisiones.jpg","contentUrl":"https:\/\/iicolumnas.es\/wp-content\/uploads\/2023\/12\/zonaEmisiones.jpg","width":503,"height":539},{"@type":"BreadcrumbList","@id":"https:\/\/iicolumnas.es\/index.php\/actualidad\/2023\/12\/28\/cantalpino-implementara-una-nueva-zona-de-bajas-emisiones\/#breadcrumb","itemListElement":[{"@type":"ListItem","position":1,"name":"Portada","item":"https:\/\/iicolumnas.es\/"},{"@type":"ListItem","position":2,"name":"Actualidad","item":"https:\/\/iicolumnas.es\/index.php\/category\/actualidad\/"},{"@type":"ListItem","position":3,"name":"Cantalpino implementar\u00e1 una nueva zona de bajas emisiones"}]},{"@type":"WebSite","@id":"https:\/\/iicolumnas.es\/#website","url":"https:\/\/iicolumnas.es\/","name":"Dos Columnas","description":"El peri\u00f3dico de la villa de Cantalpino","potentialAction":[{"@type":"SearchAction","target":{"@type":"EntryPoint","urlTemplate":"https:\/\/iicolumnas.es\/?s={search_term_string}"},"query-input":{"@type":"PropertyValueSpecification","valueRequired":true,"valueName":"search_term_string"}}],"inLanguage":"es"},{"@type":"Person","@id":"https:\/\/iicolumnas.es\/#\/schema\/person\/454e592beb5051596092682bc7744870","name":"Juan Alberto Garc\u00eda","image":{"@type":"ImageObject","inLanguage":"es","@id":"https:\/\/iicolumnas.es\/#\/schema\/person\/image\/","url":"https:\/\/secure.gravatar.com\/avatar\/b5e9097f5115a63587d45ece976d47f33159b9258fd778d9fbb56ce1c9d21ca8?s=96&d=mm&r=g","contentUrl":"https:\/\/secure.gravatar.com\/avatar\/b5e9097f5115a63587d45ece976d47f33159b9258fd778d9fbb56ce1c9d21ca8?s=96&d=mm&r=g","caption":"Juan Alberto Garc\u00eda"},"description":"los admin tienen demasiados privilegios sobre otros admin, no crees?","sameAs":["https:\/\/www.linkedin.com\/in\/juan-alberto-garc%C3%ADa-esteban-85389310b"]}]}},"_links":{"self":[{"href":"https:\/\/iicolumnas.es\/index.php\/wp-json\/wp\/v2\/posts\/32047","targetHints":{"allow":["GET"]}}],"collection":[{"href":"https:\/\/iicolumnas.es\/index.php\/wp-json\/wp\/v2\/posts"}],"about":[{"href":"https:\/\/iicolumnas.es\/index.php\/wp-json\/wp\/v2\/types\/post"}],"author":[{"embeddable":true,"href":"https:\/\/iicolumnas.es\/index.php\/wp-json\/wp\/v2\/users\/1"}],"replies":[{"embeddable":true,"href":"https:\/\/iicolumnas.es\/index.php\/wp-json\/wp\/v2\/comments?post=32047"}],"version-history":[{"count":3,"href":"https:\/\/iicolumnas.es\/index.php\/wp-json\/wp\/v2\/posts\/32047\/revisions"}],"predecessor-version":[{"id":32052,"href":"https:\/\/iicolumnas.es\/index.php\/wp-json\/wp\/v2\/posts\/32047\/revisions\/32052"}],"wp:featuredmedia":[{"embeddable":true,"href":"https:\/\/iicolumnas.es\/index.php\/wp-json\/wp\/v2\/media\/32049"}],"wp:attachment":[{"href":"https:\/\/iicolumnas.es\/index.php\/wp-json\/wp\/v2\/media?parent=32047"}],"wp:term":[{"taxonomy":"category","embeddable":true,"href":"https:\/\/iicolumnas.es\/index.php\/wp-json\/wp\/v2\/categories?post=32047"},{"taxonomy":"post_tag","embeddable":true,"href":"https:\/\/iicolumnas.es\/index.php\/wp-json\/wp\/v2\/tags?post=32047"}],"curies":[{"name":"wp","href":"https:\/\/api.w.org\/{rel}","templated":true}]}}