{"id":3008,"date":"2016-05-14T11:08:22","date_gmt":"2016-05-14T11:08:22","guid":{"rendered":"https:\/\/iicolumnas.es\/?p=3008"},"modified":"2016-05-14T11:08:22","modified_gmt":"2016-05-14T11:08:22","slug":"la-actc-ultima-detalles-crlebrar-toro-san-isidro","status":"publish","type":"post","link":"https:\/\/iicolumnas.es\/index.php\/actualidad\/2016\/05\/14\/la-actc-ultima-detalles-crlebrar-toro-san-isidro\/","title":{"rendered":"La ACTC ultima detalles para celebrar el Toro de San Isidro."},"content":{"rendered":"<p style=\"text-align: justify;\">La ACTC, junto con un numeroso grupo de vecinos voluntarios y el operario del Ayuntamiento ultiman todo lo necesario para celebrar su Primer Toro de San Isidro.<\/p>\n<p style=\"text-align: justify;\">Desde ayer llevan colocando plataformas y remolques a modo de gradas para que todos los cantalpineses puedan disfrutar del evento esta tarde a partir de las 17:00 h<\/p>\n<p style=\"text-align: justify;\">Durante la ma\u00f1ana de hoy est\u00e1n colocando las \u00faltimas talanqueras y fij\u00e1ndolas de un modo seguro para que el recorrido trascurra sin incidentes.<\/p>\n<p style=\"text-align: justify;\">Ya queda menos para que <span style=\"color: #99ccff;\"><a style=\"color: #99ccff;\" href=\"https:\/\/iicolumnas.es\/index.php\/actualidad\/2016\/04\/09\/langostito-primer-toro-san-isidro\/\">Langostito, Panderetilla<\/a><\/span> y <span style=\"color: #99ccff;\"><a style=\"color: #99ccff;\" href=\"https:\/\/iicolumnas.es\/index.php\/actualidad\/2016\/05\/11\/la-actc-soltara-toro-600-kg-todos-los-ninos-del-pueblo\/\">Cuernoespin<\/a><\/span> recorran las principales calles de Cantalpino.<\/p>\n<p style=\"text-align: justify;\">Es bonito ver a un pueblo unido para el disfrute de todos.<\/p>\n<p style=\"text-align: justify;\">Recordamos que es imprescindible que todo el mundo cumpla <span style=\"color: #99ccff;\"><a style=\"color: #99ccff;\" href=\"https:\/\/iicolumnas.es\/index.php\/actualidad\/2016\/05\/09\/la-atc-anuncia-las-prohibiciones-los-festejos-taurinos-las-fiestas-san-isidro\/\">las normas<\/a><\/span> para que todo salga lo mejor posible.<\/p>\n<p style=\"text-align: justify;\"><span style=\"font-size: 16px; line-height: 1.5;\">S\u00f3lo nos queda coger buen sitio en los remolques y disfrutar del espect\u00e1culo, a los corredores precauci\u00f3n y dar las gracias a los organizadores por devolver la esencia taurina a la fiesta chica del pueblo. \u00a1Viva San Isidro!!<\/span><\/p>\n<p style=\"text-align: justify;\">Por otro lado el Grupo de Baile Moderno se juntaba hoy para ensayar su actuaci\u00f3n de ma\u00f1ana. Seguro que lo hacen genial.<\/p>\n<p style=\"text-align: justify;\"><span style=\"font-size: 16px; line-height: 1.5;\">Y lo m\u00e1s importante, estaremos encantados de recibir vuestras im\u00e1genes festivas para poder publicarlas. Ya sab\u00e9is que Dos columnas es un peri\u00f3dico del pueblo para el pueblo. Todos hacemos Dos Columnas.\u00a0<\/span><\/p>\n<p style=\"text-align: justify;\">Muchas gracias y FELICES FIESTAS!!!<\/p>\n<p style=\"text-align: center;\"><div id=\"metaslider-id-3018\" style=\"max-width: 800px; margin: 0 auto;\" class=\"ml-slider-3-104-0 metaslider metaslider-nivo metaslider-3018 ml-slider ms-theme-default\" role=\"region\" aria-label=\"talanqueras 2\" data-height=\"600\" data-width=\"800\">\n    <div id=\"metaslider_container_3018\">\n        <div class='slider-wrapper theme-default'><div class='ribbon'><\/div><div id='metaslider_3018' class='nivoSlider'><img loading=\"lazy\" decoding=\"async\" src=\"https:\/\/iicolumnas.es\/wp-content\/uploads\/2016\/05\/preparativos-toro2-800x600.jpg\" height=\"600\" width=\"800\" data-caption=\"Autor: ACTC\" title=\"talanqueras primer toro san isidro\" alt=\"talanqueras primer toro san isidro\" class=\"slider-3018 slide-3025 msDefaultImage\" \/><img loading=\"lazy\" decoding=\"async\" src=\"https:\/\/iicolumnas.es\/wp-content\/uploads\/2016\/05\/img-20160514-wa0002-563x422.jpg\" height=\"600\" width=\"800\" title=\"talanqueras primer toro san isidro\" alt=\"talanqueras primer toro san isidro\" class=\"slider-3018 slide-3012 msDefaultImage\" \/><img loading=\"lazy\" decoding=\"async\" src=\"https:\/\/iicolumnas.es\/wp-content\/uploads\/2016\/05\/remolques-toro-san-isidro-749x562.jpeg\" height=\"600\" width=\"800\" title=\"talanqueras primer toro san isidro\" alt=\"talanqueras primer toro san isidro\" class=\"slider-3018 slide-3006 msDefaultImage\" \/><img loading=\"lazy\" decoding=\"async\" src=\"https:\/\/iicolumnas.es\/wp-content\/uploads\/2016\/05\/img-20160514-wa0003-563x422.jpg\" height=\"600\" width=\"800\" title=\"talanqueras primer toro san isidro\" alt=\"talanqueras primer toro san isidro\" class=\"slider-3018 slide-3011 msDefaultImage\" \/><img loading=\"lazy\" decoding=\"async\" src=\"https:\/\/iicolumnas.es\/wp-content\/uploads\/2016\/05\/img-20160514-wa0004-563x422.jpg\" height=\"600\" width=\"800\" title=\"talanqueras primer toro san isidro\" alt=\"talanqueras primer toro san isidro\" class=\"slider-3018 slide-3010 msDefaultImage\" \/><img loading=\"lazy\" decoding=\"async\" src=\"https:\/\/iicolumnas.es\/wp-content\/uploads\/2016\/05\/preparativos-toro-800x600.jpg\" height=\"600\" width=\"800\" data-caption=\"Autor: ACTC\" title=\"talanqueras primer toro san isidro\" alt=\"talanqueras primer toro san isidro\" class=\"slider-3018 slide-3024 msDefaultImage\" \/><img loading=\"lazy\" decoding=\"async\" src=\"https:\/\/iicolumnas.es\/wp-content\/uploads\/2016\/05\/remolques-toro-san-isidro-2-749x562.jpeg\" height=\"600\" width=\"800\" title=\"talanqueras primer toro san isidro\" alt=\"talanqueras primer toro san isidro\" class=\"slider-3018 slide-3005 msDefaultImage\" \/><img loading=\"lazy\" decoding=\"async\" src=\"https:\/\/iicolumnas.es\/wp-content\/uploads\/2016\/05\/preparativos-toro3-720x540.jpg\" height=\"600\" width=\"800\" data-caption=\"Autor: ACTC\" title=\"talanqueras primer toro san isidro\" alt=\"talanqueras primer toro san isidro\" class=\"slider-3018 slide-3026 msDefaultImage\" \/><\/div><\/div>\n        \n    <\/div>\n<\/div><\/p>\n<p style=\"text-align: justify;\">\n","protected":false},"excerpt":{"rendered":"<p>La ACTC, junto con un numeroso grupo de vecinos voluntarios y el operario del Ayuntamiento ultiman todo lo necesario para celebrar su Primer Toro de San Isidro. Desde ayer llevan colocando plataformas y remolques&#46;&#46;&#46;<\/p>\n","protected":false},"author":13,"featured_media":3010,"comment_status":"open","ping_status":"open","sticky":false,"template":"","format":"standard","meta":{"footnotes":""},"categories":[1],"tags":[13,259,14,304],"class_list":["post-3008","post","type-post","status-publish","format-standard","has-post-thumbnail","hentry","category-actualidad","tag-actc","tag-ayuntamiento-de-cantalpino","tag-cantalpino","tag-fiestas-san-isidro"],"yoast_head":"<!-- This site is optimized with the Yoast SEO plugin v26.6 - https:\/\/yoast.com\/wordpress\/plugins\/seo\/ -->\n<title>La ACTC ultima detalles para celebrar el Toro de San Isidro. - Dos Columnas<\/title>\n<meta name=\"robots\" content=\"index, follow, max-snippet:-1, max-image-preview:large, max-video-preview:-1\" \/>\n<link rel=\"canonical\" href=\"https:\/\/iicolumnas.es\/index.php\/actualidad\/2016\/05\/14\/la-actc-ultima-detalles-crlebrar-toro-san-isidro\/\" \/>\n<meta property=\"og:locale\" content=\"es_ES\" \/>\n<meta property=\"og:type\" content=\"article\" \/>\n<meta property=\"og:title\" content=\"La ACTC ultima detalles para celebrar el Toro de San Isidro. - Dos Columnas\" \/>\n<meta property=\"og:description\" content=\"La ACTC, junto con un numeroso grupo de vecinos voluntarios y el operario del Ayuntamiento ultiman todo lo necesario para celebrar su Primer Toro de San Isidro. Desde ayer llevan colocando plataformas y remolques&#046;&#046;&#046;\" \/>\n<meta property=\"og:url\" content=\"https:\/\/iicolumnas.es\/index.php\/actualidad\/2016\/05\/14\/la-actc-ultima-detalles-crlebrar-toro-san-isidro\/\" \/>\n<meta property=\"og:site_name\" content=\"Dos Columnas\" \/>\n<meta property=\"article:publisher\" content=\"https:\/\/www.facebook.com\/iicolumnas\/\" \/>\n<meta property=\"article:published_time\" content=\"2016-05-14T11:08:22+00:00\" \/>\n<meta property=\"og:image\" content=\"https:\/\/iicolumnas.es\/wp-content\/uploads\/2016\/05\/img-20160514-wa0004.jpg\" \/>\n\t<meta property=\"og:image:width\" content=\"563\" \/>\n\t<meta property=\"og:image:height\" content=\"1000\" \/>\n\t<meta property=\"og:image:type\" content=\"image\/jpeg\" \/>\n<meta name=\"author\" content=\"Luc\u00eda Mart\u00edn\" \/>\n<meta name=\"twitter:card\" content=\"summary_large_image\" \/>\n<meta name=\"twitter:creator\" content=\"@iicolumnas\" \/>\n<meta name=\"twitter:site\" content=\"@iicolumnas\" \/>\n<meta name=\"twitter:label1\" content=\"Escrito por\" \/>\n\t<meta name=\"twitter:data1\" content=\"Luc\u00eda Mart\u00edn\" \/>\n\t<meta name=\"twitter:label2\" content=\"Tiempo de lectura\" \/>\n\t<meta name=\"twitter:data2\" content=\"1 minuto\" \/>\n<script type=\"application\/ld+json\" class=\"yoast-schema-graph\">{\"@context\":\"https:\/\/schema.org\",\"@graph\":[{\"@type\":\"WebPage\",\"@id\":\"https:\/\/iicolumnas.es\/index.php\/actualidad\/2016\/05\/14\/la-actc-ultima-detalles-crlebrar-toro-san-isidro\/\",\"url\":\"https:\/\/iicolumnas.es\/index.php\/actualidad\/2016\/05\/14\/la-actc-ultima-detalles-crlebrar-toro-san-isidro\/\",\"name\":\"La ACTC ultima detalles para celebrar el Toro de San Isidro. - Dos Columnas\",\"isPartOf\":{\"@id\":\"https:\/\/iicolumnas.es\/#website\"},\"primaryImageOfPage\":{\"@id\":\"https:\/\/iicolumnas.es\/index.php\/actualidad\/2016\/05\/14\/la-actc-ultima-detalles-crlebrar-toro-san-isidro\/#primaryimage\"},\"image\":{\"@id\":\"https:\/\/iicolumnas.es\/index.php\/actualidad\/2016\/05\/14\/la-actc-ultima-detalles-crlebrar-toro-san-isidro\/#primaryimage\"},\"thumbnailUrl\":\"https:\/\/iicolumnas.es\/wp-content\/uploads\/2016\/05\/img-20160514-wa0004.jpg\",\"datePublished\":\"2016-05-14T11:08:22+00:00\",\"author\":{\"@id\":\"https:\/\/iicolumnas.es\/#\/schema\/person\/d0b468295022f1c525f1f08174e5094e\"},\"breadcrumb\":{\"@id\":\"https:\/\/iicolumnas.es\/index.php\/actualidad\/2016\/05\/14\/la-actc-ultima-detalles-crlebrar-toro-san-isidro\/#breadcrumb\"},\"inLanguage\":\"es\",\"potentialAction\":[{\"@type\":\"ReadAction\",\"target\":[\"https:\/\/iicolumnas.es\/index.php\/actualidad\/2016\/05\/14\/la-actc-ultima-detalles-crlebrar-toro-san-isidro\/\"]}]},{\"@type\":\"ImageObject\",\"inLanguage\":\"es\",\"@id\":\"https:\/\/iicolumnas.es\/index.php\/actualidad\/2016\/05\/14\/la-actc-ultima-detalles-crlebrar-toro-san-isidro\/#primaryimage\",\"url\":\"https:\/\/iicolumnas.es\/wp-content\/uploads\/2016\/05\/img-20160514-wa0004.jpg\",\"contentUrl\":\"https:\/\/iicolumnas.es\/wp-content\/uploads\/2016\/05\/img-20160514-wa0004.jpg\",\"width\":\"563\",\"height\":\"1000\",\"caption\":\"talanqueras primer toro san isidro\"},{\"@type\":\"BreadcrumbList\",\"@id\":\"https:\/\/iicolumnas.es\/index.php\/actualidad\/2016\/05\/14\/la-actc-ultima-detalles-crlebrar-toro-san-isidro\/#breadcrumb\",\"itemListElement\":[{\"@type\":\"ListItem\",\"position\":1,\"name\":\"Portada\",\"item\":\"https:\/\/iicolumnas.es\/\"},{\"@type\":\"ListItem\",\"position\":2,\"name\":\"Actualidad\",\"item\":\"https:\/\/iicolumnas.es\/index.php\/category\/actualidad\/\"},{\"@type\":\"ListItem\",\"position\":3,\"name\":\"La ACTC ultima detalles para celebrar el Toro de San Isidro.\"}]},{\"@type\":\"WebSite\",\"@id\":\"https:\/\/iicolumnas.es\/#website\",\"url\":\"https:\/\/iicolumnas.es\/\",\"name\":\"Dos Columnas\",\"description\":\"El peri\u00f3dico de la villa de Cantalpino\",\"potentialAction\":[{\"@type\":\"SearchAction\",\"target\":{\"@type\":\"EntryPoint\",\"urlTemplate\":\"https:\/\/iicolumnas.es\/?s={search_term_string}\"},\"query-input\":{\"@type\":\"PropertyValueSpecification\",\"valueRequired\":true,\"valueName\":\"search_term_string\"}}],\"inLanguage\":\"es\"},{\"@type\":\"Person\",\"@id\":\"https:\/\/iicolumnas.es\/#\/schema\/person\/d0b468295022f1c525f1f08174e5094e\",\"name\":\"Luc\u00eda Mart\u00edn\",\"image\":{\"@type\":\"ImageObject\",\"inLanguage\":\"es\",\"@id\":\"https:\/\/iicolumnas.es\/#\/schema\/person\/image\/\",\"url\":\"https:\/\/secure.gravatar.com\/avatar\/93fc1f88b1a03f8c364002e3c0eeaed8496b37404ac5fb74c332af7fc73d81f9?s=96&d=mm&r=g\",\"contentUrl\":\"https:\/\/secure.gravatar.com\/avatar\/93fc1f88b1a03f8c364002e3c0eeaed8496b37404ac5fb74c332af7fc73d81f9?s=96&d=mm&r=g\",\"caption\":\"Luc\u00eda Mart\u00edn\"}}]}<\/script>\n<!-- \/ Yoast SEO plugin. -->","yoast_head_json":{"title":"La ACTC ultima detalles para celebrar el Toro de San Isidro. - Dos Columnas","robots":{"index":"index","follow":"follow","max-snippet":"max-snippet:-1","max-image-preview":"max-image-preview:large","max-video-preview":"max-video-preview:-1"},"canonical":"https:\/\/iicolumnas.es\/index.php\/actualidad\/2016\/05\/14\/la-actc-ultima-detalles-crlebrar-toro-san-isidro\/","og_locale":"es_ES","og_type":"article","og_title":"La ACTC ultima detalles para celebrar el Toro de San Isidro. - Dos Columnas","og_description":"La ACTC, junto con un numeroso grupo de vecinos voluntarios y el operario del Ayuntamiento ultiman todo lo necesario para celebrar su Primer Toro de San Isidro. Desde ayer llevan colocando plataformas y remolques&#46;&#46;&#46;","og_url":"https:\/\/iicolumnas.es\/index.php\/actualidad\/2016\/05\/14\/la-actc-ultima-detalles-crlebrar-toro-san-isidro\/","og_site_name":"Dos Columnas","article_publisher":"https:\/\/www.facebook.com\/iicolumnas\/","article_published_time":"2016-05-14T11:08:22+00:00","og_image":[{"width":563,"height":1000,"url":"https:\/\/iicolumnas.es\/wp-content\/uploads\/2016\/05\/img-20160514-wa0004.jpg","type":"image\/jpeg"}],"author":"Luc\u00eda Mart\u00edn","twitter_card":"summary_large_image","twitter_creator":"@iicolumnas","twitter_site":"@iicolumnas","twitter_misc":{"Escrito por":"Luc\u00eda Mart\u00edn","Tiempo de lectura":"1 minuto"},"schema":{"@context":"https:\/\/schema.org","@graph":[{"@type":"WebPage","@id":"https:\/\/iicolumnas.es\/index.php\/actualidad\/2016\/05\/14\/la-actc-ultima-detalles-crlebrar-toro-san-isidro\/","url":"https:\/\/iicolumnas.es\/index.php\/actualidad\/2016\/05\/14\/la-actc-ultima-detalles-crlebrar-toro-san-isidro\/","name":"La ACTC ultima detalles para celebrar el Toro de San Isidro. - Dos Columnas","isPartOf":{"@id":"https:\/\/iicolumnas.es\/#website"},"primaryImageOfPage":{"@id":"https:\/\/iicolumnas.es\/index.php\/actualidad\/2016\/05\/14\/la-actc-ultima-detalles-crlebrar-toro-san-isidro\/#primaryimage"},"image":{"@id":"https:\/\/iicolumnas.es\/index.php\/actualidad\/2016\/05\/14\/la-actc-ultima-detalles-crlebrar-toro-san-isidro\/#primaryimage"},"thumbnailUrl":"https:\/\/iicolumnas.es\/wp-content\/uploads\/2016\/05\/img-20160514-wa0004.jpg","datePublished":"2016-05-14T11:08:22+00:00","author":{"@id":"https:\/\/iicolumnas.es\/#\/schema\/person\/d0b468295022f1c525f1f08174e5094e"},"breadcrumb":{"@id":"https:\/\/iicolumnas.es\/index.php\/actualidad\/2016\/05\/14\/la-actc-ultima-detalles-crlebrar-toro-san-isidro\/#breadcrumb"},"inLanguage":"es","potentialAction":[{"@type":"ReadAction","target":["https:\/\/iicolumnas.es\/index.php\/actualidad\/2016\/05\/14\/la-actc-ultima-detalles-crlebrar-toro-san-isidro\/"]}]},{"@type":"ImageObject","inLanguage":"es","@id":"https:\/\/iicolumnas.es\/index.php\/actualidad\/2016\/05\/14\/la-actc-ultima-detalles-crlebrar-toro-san-isidro\/#primaryimage","url":"https:\/\/iicolumnas.es\/wp-content\/uploads\/2016\/05\/img-20160514-wa0004.jpg","contentUrl":"https:\/\/iicolumnas.es\/wp-content\/uploads\/2016\/05\/img-20160514-wa0004.jpg","width":"563","height":"1000","caption":"talanqueras primer toro san isidro"},{"@type":"BreadcrumbList","@id":"https:\/\/iicolumnas.es\/index.php\/actualidad\/2016\/05\/14\/la-actc-ultima-detalles-crlebrar-toro-san-isidro\/#breadcrumb","itemListElement":[{"@type":"ListItem","position":1,"name":"Portada","item":"https:\/\/iicolumnas.es\/"},{"@type":"ListItem","position":2,"name":"Actualidad","item":"https:\/\/iicolumnas.es\/index.php\/category\/actualidad\/"},{"@type":"ListItem","position":3,"name":"La ACTC ultima detalles para celebrar el Toro de San Isidro."}]},{"@type":"WebSite","@id":"https:\/\/iicolumnas.es\/#website","url":"https:\/\/iicolumnas.es\/","name":"Dos Columnas","description":"El peri\u00f3dico de la villa de Cantalpino","potentialAction":[{"@type":"SearchAction","target":{"@type":"EntryPoint","urlTemplate":"https:\/\/iicolumnas.es\/?s={search_term_string}"},"query-input":{"@type":"PropertyValueSpecification","valueRequired":true,"valueName":"search_term_string"}}],"inLanguage":"es"},{"@type":"Person","@id":"https:\/\/iicolumnas.es\/#\/schema\/person\/d0b468295022f1c525f1f08174e5094e","name":"Luc\u00eda Mart\u00edn","image":{"@type":"ImageObject","inLanguage":"es","@id":"https:\/\/iicolumnas.es\/#\/schema\/person\/image\/","url":"https:\/\/secure.gravatar.com\/avatar\/93fc1f88b1a03f8c364002e3c0eeaed8496b37404ac5fb74c332af7fc73d81f9?s=96&d=mm&r=g","contentUrl":"https:\/\/secure.gravatar.com\/avatar\/93fc1f88b1a03f8c364002e3c0eeaed8496b37404ac5fb74c332af7fc73d81f9?s=96&d=mm&r=g","caption":"Luc\u00eda Mart\u00edn"}}]}},"_links":{"self":[{"href":"https:\/\/iicolumnas.es\/index.php\/wp-json\/wp\/v2\/posts\/3008","targetHints":{"allow":["GET"]}}],"collection":[{"href":"https:\/\/iicolumnas.es\/index.php\/wp-json\/wp\/v2\/posts"}],"about":[{"href":"https:\/\/iicolumnas.es\/index.php\/wp-json\/wp\/v2\/types\/post"}],"author":[{"embeddable":true,"href":"https:\/\/iicolumnas.es\/index.php\/wp-json\/wp\/v2\/users\/13"}],"replies":[{"embeddable":true,"href":"https:\/\/iicolumnas.es\/index.php\/wp-json\/wp\/v2\/comments?post=3008"}],"version-history":[{"count":0,"href":"https:\/\/iicolumnas.es\/index.php\/wp-json\/wp\/v2\/posts\/3008\/revisions"}],"wp:featuredmedia":[{"embeddable":true,"href":"https:\/\/iicolumnas.es\/index.php\/wp-json\/wp\/v2\/media\/3010"}],"wp:attachment":[{"href":"https:\/\/iicolumnas.es\/index.php\/wp-json\/wp\/v2\/media?parent=3008"}],"wp:term":[{"taxonomy":"category","embeddable":true,"href":"https:\/\/iicolumnas.es\/index.php\/wp-json\/wp\/v2\/categories?post=3008"},{"taxonomy":"post_tag","embeddable":true,"href":"https:\/\/iicolumnas.es\/index.php\/wp-json\/wp\/v2\/tags?post=3008"}],"curies":[{"name":"wp","href":"https:\/\/api.w.org\/{rel}","templated":true}]}}