{"id":29328,"date":"2023-05-07T18:33:12","date_gmt":"2023-05-07T16:33:12","guid":{"rendered":"https:\/\/iicolumnas.es\/?p=29328"},"modified":"2023-05-07T18:34:45","modified_gmt":"2023-05-07T16:34:45","slug":"el-regalo-de-la-vaca-calandria-por-san-isidro","status":"publish","type":"post","link":"https:\/\/iicolumnas.es\/index.php\/actualidad\/2023\/05\/07\/el-regalo-de-la-vaca-calandria-por-san-isidro\/","title":{"rendered":"El regalo de la vaca Calandria por San Isidro"},"content":{"rendered":"<p style=\"text-align: justify;\">Durante el d\u00eda de ayer, y con motivo de las fiestas patronales de nuestro pueblo, hemos conocido que, aparte de los 2 toros del caj\u00f3n que se soltar\u00e1n el d\u00eda 13 por las calles de nuestro pueblo, las empresas de Jes\u00fas Palomino (chuchy) \u00bb Isabela Hair&amp;beauty\u00bb, \u00abBye bye pipis\u00bb y de su pareja Laura \u00abpeluquer\u00eda Laura Nicolay\u00bb\u00a0 han donado una vaca para disfrute de todos los que quieran visitarnos el pr\u00f3ximo fin de semana.<\/p>\n<p><img loading=\"lazy\" decoding=\"async\" class=\"aligncenter size-full wp-image-29329\" src=\"https:\/\/iicolumnas.es\/wp-content\/uploads\/2023\/05\/IMG-20230506-WA0034.jpg\" alt=\"\" width=\"450\" height=\"800\" srcset=\"https:\/\/iicolumnas.es\/wp-content\/uploads\/2023\/05\/IMG-20230506-WA0034.jpg 450w, https:\/\/iicolumnas.es\/wp-content\/uploads\/2023\/05\/IMG-20230506-WA0034-169x300.jpg 169w\" sizes=\"auto, (max-width: 450px) 100vw, 450px\" \/><\/p>\n<div style=\"width: 640px;\" class=\"wp-video\"><!--[if lt IE 9]><script>document.createElement('video');<\/script><![endif]-->\n<video class=\"wp-video-shortcode\" id=\"video-29328-1\" width=\"640\" height=\"352\" preload=\"metadata\" controls=\"controls\"><source type=\"video\/mp4\" src=\"https:\/\/iicolumnas.es\/wp-content\/uploads\/2023\/05\/VID-20230506-WA0035.mp4?_=1\" \/><a href=\"https:\/\/iicolumnas.es\/wp-content\/uploads\/2023\/05\/VID-20230506-WA0035.mp4\">https:\/\/iicolumnas.es\/wp-content\/uploads\/2023\/05\/VID-20230506-WA0035.mp4<\/a><\/video><\/div>\n<p style=\"text-align: justify;\">\n","protected":false},"excerpt":{"rendered":"<p>Durante el d\u00eda de ayer, y con motivo de las fiestas patronales de nuestro pueblo, hemos conocido que, aparte de los 2 toros del caj\u00f3n que se soltar\u00e1n el d\u00eda 13 por las calles&#46;&#46;&#46;<\/p>\n","protected":false},"author":19,"featured_media":29329,"comment_status":"open","ping_status":"open","sticky":false,"template":"","format":"standard","meta":{"footnotes":""},"categories":[1],"tags":[2194,290,173],"class_list":["post-29328","post","type-post","status-publish","format-standard","has-post-thumbnail","hentry","category-actualidad","tag-2194","tag-mayo","tag-san-isidro"],"yoast_head":"<!-- This site is optimized with the Yoast SEO plugin v26.6 - https:\/\/yoast.com\/wordpress\/plugins\/seo\/ -->\n<title>El regalo de la vaca Calandria por San Isidro - Dos Columnas<\/title>\n<meta name=\"robots\" content=\"index, follow, max-snippet:-1, max-image-preview:large, max-video-preview:-1\" \/>\n<link rel=\"canonical\" href=\"https:\/\/iicolumnas.es\/index.php\/actualidad\/2023\/05\/07\/el-regalo-de-la-vaca-calandria-por-san-isidro\/\" \/>\n<meta property=\"og:locale\" content=\"es_ES\" \/>\n<meta property=\"og:type\" content=\"article\" \/>\n<meta property=\"og:title\" content=\"El regalo de la vaca Calandria por San Isidro - Dos Columnas\" \/>\n<meta property=\"og:description\" content=\"Durante el d\u00eda de ayer, y con motivo de las fiestas patronales de nuestro pueblo, hemos conocido que, aparte de los 2 toros del caj\u00f3n que se soltar\u00e1n el d\u00eda 13 por las calles&#046;&#046;&#046;\" \/>\n<meta property=\"og:url\" content=\"https:\/\/iicolumnas.es\/index.php\/actualidad\/2023\/05\/07\/el-regalo-de-la-vaca-calandria-por-san-isidro\/\" \/>\n<meta property=\"og:site_name\" content=\"Dos Columnas\" \/>\n<meta property=\"article:publisher\" content=\"https:\/\/www.facebook.com\/iicolumnas\/\" \/>\n<meta property=\"article:published_time\" content=\"2023-05-07T16:33:12+00:00\" \/>\n<meta property=\"article:modified_time\" content=\"2023-05-07T16:34:45+00:00\" \/>\n<meta property=\"og:image\" content=\"https:\/\/iicolumnas.es\/wp-content\/uploads\/2023\/05\/IMG-20230506-WA0034.jpg\" \/>\n\t<meta property=\"og:image:width\" content=\"450\" \/>\n\t<meta property=\"og:image:height\" content=\"800\" \/>\n\t<meta property=\"og:image:type\" content=\"image\/jpeg\" \/>\n<meta name=\"author\" content=\"Rebeca Pedroso\" \/>\n<meta name=\"twitter:card\" content=\"summary_large_image\" \/>\n<meta name=\"twitter:creator\" content=\"@iicolumnas\" \/>\n<meta name=\"twitter:site\" content=\"@iicolumnas\" \/>\n<meta name=\"twitter:label1\" content=\"Escrito por\" \/>\n\t<meta name=\"twitter:data1\" content=\"Rebeca Pedroso\" \/>\n\t<meta name=\"twitter:label2\" content=\"Tiempo de lectura\" \/>\n\t<meta name=\"twitter:data2\" content=\"1 minuto\" \/>\n<script type=\"application\/ld+json\" class=\"yoast-schema-graph\">{\"@context\":\"https:\/\/schema.org\",\"@graph\":[{\"@type\":\"WebPage\",\"@id\":\"https:\/\/iicolumnas.es\/index.php\/actualidad\/2023\/05\/07\/el-regalo-de-la-vaca-calandria-por-san-isidro\/\",\"url\":\"https:\/\/iicolumnas.es\/index.php\/actualidad\/2023\/05\/07\/el-regalo-de-la-vaca-calandria-por-san-isidro\/\",\"name\":\"El regalo de la vaca Calandria por San Isidro - Dos Columnas\",\"isPartOf\":{\"@id\":\"https:\/\/iicolumnas.es\/#website\"},\"primaryImageOfPage\":{\"@id\":\"https:\/\/iicolumnas.es\/index.php\/actualidad\/2023\/05\/07\/el-regalo-de-la-vaca-calandria-por-san-isidro\/#primaryimage\"},\"image\":{\"@id\":\"https:\/\/iicolumnas.es\/index.php\/actualidad\/2023\/05\/07\/el-regalo-de-la-vaca-calandria-por-san-isidro\/#primaryimage\"},\"thumbnailUrl\":\"https:\/\/iicolumnas.es\/wp-content\/uploads\/2023\/05\/IMG-20230506-WA0034.jpg\",\"datePublished\":\"2023-05-07T16:33:12+00:00\",\"dateModified\":\"2023-05-07T16:34:45+00:00\",\"author\":{\"@id\":\"https:\/\/iicolumnas.es\/#\/schema\/person\/a332236529a0eb9a70b9d7ee8bd563fb\"},\"breadcrumb\":{\"@id\":\"https:\/\/iicolumnas.es\/index.php\/actualidad\/2023\/05\/07\/el-regalo-de-la-vaca-calandria-por-san-isidro\/#breadcrumb\"},\"inLanguage\":\"es\",\"potentialAction\":[{\"@type\":\"ReadAction\",\"target\":[\"https:\/\/iicolumnas.es\/index.php\/actualidad\/2023\/05\/07\/el-regalo-de-la-vaca-calandria-por-san-isidro\/\"]}]},{\"@type\":\"ImageObject\",\"inLanguage\":\"es\",\"@id\":\"https:\/\/iicolumnas.es\/index.php\/actualidad\/2023\/05\/07\/el-regalo-de-la-vaca-calandria-por-san-isidro\/#primaryimage\",\"url\":\"https:\/\/iicolumnas.es\/wp-content\/uploads\/2023\/05\/IMG-20230506-WA0034.jpg\",\"contentUrl\":\"https:\/\/iicolumnas.es\/wp-content\/uploads\/2023\/05\/IMG-20230506-WA0034.jpg\",\"width\":450,\"height\":800},{\"@type\":\"BreadcrumbList\",\"@id\":\"https:\/\/iicolumnas.es\/index.php\/actualidad\/2023\/05\/07\/el-regalo-de-la-vaca-calandria-por-san-isidro\/#breadcrumb\",\"itemListElement\":[{\"@type\":\"ListItem\",\"position\":1,\"name\":\"Portada\",\"item\":\"https:\/\/iicolumnas.es\/\"},{\"@type\":\"ListItem\",\"position\":2,\"name\":\"Actualidad\",\"item\":\"https:\/\/iicolumnas.es\/index.php\/category\/actualidad\/\"},{\"@type\":\"ListItem\",\"position\":3,\"name\":\"El regalo de la vaca Calandria por San Isidro\"}]},{\"@type\":\"WebSite\",\"@id\":\"https:\/\/iicolumnas.es\/#website\",\"url\":\"https:\/\/iicolumnas.es\/\",\"name\":\"Dos Columnas\",\"description\":\"El peri\u00f3dico de la villa de Cantalpino\",\"potentialAction\":[{\"@type\":\"SearchAction\",\"target\":{\"@type\":\"EntryPoint\",\"urlTemplate\":\"https:\/\/iicolumnas.es\/?s={search_term_string}\"},\"query-input\":{\"@type\":\"PropertyValueSpecification\",\"valueRequired\":true,\"valueName\":\"search_term_string\"}}],\"inLanguage\":\"es\"},{\"@type\":\"Person\",\"@id\":\"https:\/\/iicolumnas.es\/#\/schema\/person\/a332236529a0eb9a70b9d7ee8bd563fb\",\"name\":\"Rebeca Pedroso\",\"image\":{\"@type\":\"ImageObject\",\"inLanguage\":\"es\",\"@id\":\"https:\/\/iicolumnas.es\/#\/schema\/person\/image\/\",\"url\":\"https:\/\/secure.gravatar.com\/avatar\/614d9018f8b4c9fd4e8b758b543c28678aa81484b0f22d5961129eb050cc7bf7?s=96&d=mm&r=g\",\"contentUrl\":\"https:\/\/secure.gravatar.com\/avatar\/614d9018f8b4c9fd4e8b758b543c28678aa81484b0f22d5961129eb050cc7bf7?s=96&d=mm&r=g\",\"caption\":\"Rebeca Pedroso\"}}]}<\/script>\n<!-- \/ Yoast SEO plugin. -->","yoast_head_json":{"title":"El regalo de la vaca Calandria por San Isidro - Dos Columnas","robots":{"index":"index","follow":"follow","max-snippet":"max-snippet:-1","max-image-preview":"max-image-preview:large","max-video-preview":"max-video-preview:-1"},"canonical":"https:\/\/iicolumnas.es\/index.php\/actualidad\/2023\/05\/07\/el-regalo-de-la-vaca-calandria-por-san-isidro\/","og_locale":"es_ES","og_type":"article","og_title":"El regalo de la vaca Calandria por San Isidro - Dos Columnas","og_description":"Durante el d\u00eda de ayer, y con motivo de las fiestas patronales de nuestro pueblo, hemos conocido que, aparte de los 2 toros del caj\u00f3n que se soltar\u00e1n el d\u00eda 13 por las calles&#46;&#46;&#46;","og_url":"https:\/\/iicolumnas.es\/index.php\/actualidad\/2023\/05\/07\/el-regalo-de-la-vaca-calandria-por-san-isidro\/","og_site_name":"Dos Columnas","article_publisher":"https:\/\/www.facebook.com\/iicolumnas\/","article_published_time":"2023-05-07T16:33:12+00:00","article_modified_time":"2023-05-07T16:34:45+00:00","og_image":[{"width":450,"height":800,"url":"https:\/\/iicolumnas.es\/wp-content\/uploads\/2023\/05\/IMG-20230506-WA0034.jpg","type":"image\/jpeg"}],"author":"Rebeca Pedroso","twitter_card":"summary_large_image","twitter_creator":"@iicolumnas","twitter_site":"@iicolumnas","twitter_misc":{"Escrito por":"Rebeca Pedroso","Tiempo de lectura":"1 minuto"},"schema":{"@context":"https:\/\/schema.org","@graph":[{"@type":"WebPage","@id":"https:\/\/iicolumnas.es\/index.php\/actualidad\/2023\/05\/07\/el-regalo-de-la-vaca-calandria-por-san-isidro\/","url":"https:\/\/iicolumnas.es\/index.php\/actualidad\/2023\/05\/07\/el-regalo-de-la-vaca-calandria-por-san-isidro\/","name":"El regalo de la vaca Calandria por San Isidro - Dos Columnas","isPartOf":{"@id":"https:\/\/iicolumnas.es\/#website"},"primaryImageOfPage":{"@id":"https:\/\/iicolumnas.es\/index.php\/actualidad\/2023\/05\/07\/el-regalo-de-la-vaca-calandria-por-san-isidro\/#primaryimage"},"image":{"@id":"https:\/\/iicolumnas.es\/index.php\/actualidad\/2023\/05\/07\/el-regalo-de-la-vaca-calandria-por-san-isidro\/#primaryimage"},"thumbnailUrl":"https:\/\/iicolumnas.es\/wp-content\/uploads\/2023\/05\/IMG-20230506-WA0034.jpg","datePublished":"2023-05-07T16:33:12+00:00","dateModified":"2023-05-07T16:34:45+00:00","author":{"@id":"https:\/\/iicolumnas.es\/#\/schema\/person\/a332236529a0eb9a70b9d7ee8bd563fb"},"breadcrumb":{"@id":"https:\/\/iicolumnas.es\/index.php\/actualidad\/2023\/05\/07\/el-regalo-de-la-vaca-calandria-por-san-isidro\/#breadcrumb"},"inLanguage":"es","potentialAction":[{"@type":"ReadAction","target":["https:\/\/iicolumnas.es\/index.php\/actualidad\/2023\/05\/07\/el-regalo-de-la-vaca-calandria-por-san-isidro\/"]}]},{"@type":"ImageObject","inLanguage":"es","@id":"https:\/\/iicolumnas.es\/index.php\/actualidad\/2023\/05\/07\/el-regalo-de-la-vaca-calandria-por-san-isidro\/#primaryimage","url":"https:\/\/iicolumnas.es\/wp-content\/uploads\/2023\/05\/IMG-20230506-WA0034.jpg","contentUrl":"https:\/\/iicolumnas.es\/wp-content\/uploads\/2023\/05\/IMG-20230506-WA0034.jpg","width":450,"height":800},{"@type":"BreadcrumbList","@id":"https:\/\/iicolumnas.es\/index.php\/actualidad\/2023\/05\/07\/el-regalo-de-la-vaca-calandria-por-san-isidro\/#breadcrumb","itemListElement":[{"@type":"ListItem","position":1,"name":"Portada","item":"https:\/\/iicolumnas.es\/"},{"@type":"ListItem","position":2,"name":"Actualidad","item":"https:\/\/iicolumnas.es\/index.php\/category\/actualidad\/"},{"@type":"ListItem","position":3,"name":"El regalo de la vaca Calandria por San Isidro"}]},{"@type":"WebSite","@id":"https:\/\/iicolumnas.es\/#website","url":"https:\/\/iicolumnas.es\/","name":"Dos Columnas","description":"El peri\u00f3dico de la villa de Cantalpino","potentialAction":[{"@type":"SearchAction","target":{"@type":"EntryPoint","urlTemplate":"https:\/\/iicolumnas.es\/?s={search_term_string}"},"query-input":{"@type":"PropertyValueSpecification","valueRequired":true,"valueName":"search_term_string"}}],"inLanguage":"es"},{"@type":"Person","@id":"https:\/\/iicolumnas.es\/#\/schema\/person\/a332236529a0eb9a70b9d7ee8bd563fb","name":"Rebeca Pedroso","image":{"@type":"ImageObject","inLanguage":"es","@id":"https:\/\/iicolumnas.es\/#\/schema\/person\/image\/","url":"https:\/\/secure.gravatar.com\/avatar\/614d9018f8b4c9fd4e8b758b543c28678aa81484b0f22d5961129eb050cc7bf7?s=96&d=mm&r=g","contentUrl":"https:\/\/secure.gravatar.com\/avatar\/614d9018f8b4c9fd4e8b758b543c28678aa81484b0f22d5961129eb050cc7bf7?s=96&d=mm&r=g","caption":"Rebeca Pedroso"}}]}},"_links":{"self":[{"href":"https:\/\/iicolumnas.es\/index.php\/wp-json\/wp\/v2\/posts\/29328","targetHints":{"allow":["GET"]}}],"collection":[{"href":"https:\/\/iicolumnas.es\/index.php\/wp-json\/wp\/v2\/posts"}],"about":[{"href":"https:\/\/iicolumnas.es\/index.php\/wp-json\/wp\/v2\/types\/post"}],"author":[{"embeddable":true,"href":"https:\/\/iicolumnas.es\/index.php\/wp-json\/wp\/v2\/users\/19"}],"replies":[{"embeddable":true,"href":"https:\/\/iicolumnas.es\/index.php\/wp-json\/wp\/v2\/comments?post=29328"}],"version-history":[{"count":3,"href":"https:\/\/iicolumnas.es\/index.php\/wp-json\/wp\/v2\/posts\/29328\/revisions"}],"predecessor-version":[{"id":29333,"href":"https:\/\/iicolumnas.es\/index.php\/wp-json\/wp\/v2\/posts\/29328\/revisions\/29333"}],"wp:featuredmedia":[{"embeddable":true,"href":"https:\/\/iicolumnas.es\/index.php\/wp-json\/wp\/v2\/media\/29329"}],"wp:attachment":[{"href":"https:\/\/iicolumnas.es\/index.php\/wp-json\/wp\/v2\/media?parent=29328"}],"wp:term":[{"taxonomy":"category","embeddable":true,"href":"https:\/\/iicolumnas.es\/index.php\/wp-json\/wp\/v2\/categories?post=29328"},{"taxonomy":"post_tag","embeddable":true,"href":"https:\/\/iicolumnas.es\/index.php\/wp-json\/wp\/v2\/tags?post=29328"}],"curies":[{"name":"wp","href":"https:\/\/api.w.org\/{rel}","templated":true}]}}