{"id":2929,"date":"2016-05-09T19:29:06","date_gmt":"2016-05-09T19:29:06","guid":{"rendered":"https:\/\/iicolumnas.es\/?p=2929"},"modified":"2016-05-09T19:29:06","modified_gmt":"2016-05-09T19:29:06","slug":"asociacion-mujeres-eusebia-palomino-celebra-dia-madre","status":"publish","type":"post","link":"https:\/\/iicolumnas.es\/index.php\/actualidad\/2016\/05\/09\/asociacion-mujeres-eusebia-palomino-celebra-dia-madre\/","title":{"rendered":"La Asociaci\u00f3n de mujeres Eusebia Palomino celebra el d\u00eda de la madre"},"content":{"rendered":"<p style=\"text-align: justify;\"><img loading=\"lazy\" decoding=\"async\" class=\"size-medium wp-image-2931 alignleft\" src=\"https:\/\/iicolumnas.es\/wp-content\/uploads\/2016\/05\/regalo-dia-madre-mujeres-169x300.jpg\" alt=\"20160509_160142_resized\" width=\"169\" height=\"300\" srcset=\"https:\/\/iicolumnas.es\/wp-content\/uploads\/2016\/05\/regalo-dia-madre-mujeres-169x300.jpg 169w, https:\/\/iicolumnas.es\/wp-content\/uploads\/2016\/05\/regalo-dia-madre-mujeres.jpg 563w\" sizes=\"auto, (max-width: 169px) 100vw, 169px\" \/>Como ya anunci\u00e1bamos la semana pasada, este domingo 8 de mayo, la Asociaci\u00f3n de Mujeres Eusebia Palomino citaba a sus socias en su sede sita en el Centro C\u00edvico para celebrar el D\u00eda de la Madre.<\/p>\n<p style=\"text-align: justify;\">Unas 35 mujeres\u00a0disfrutaron de caf\u00e9 o chocolate acompa\u00f1ado de bizcochos y pasteles de nata. La junta directiva de este colectivo cantalpines obsequi\u00f3 a las presentes con una petunia para conmemorar este d\u00eda.<\/p>\n<p style=\"text-align: justify;\">Durante la sobremesa adem\u00e1s de jugar un ratillo al bingo, se habl\u00f3 de distintos temas, uno de ellos fue el reparto del dinero de la \u00abOperaci\u00f3n bocata 2016\u00bb, la presidenta comunic\u00f3 a sus socias que los beneficiarios se han mostrado muy agradecidos con la aportaci\u00f3n solidaria del pueblo de Cantalpino.<\/p>\n<p style=\"text-align: justify;\">Tambi\u00e9n se anunci\u00f3 la pr\u00f3xima salida organizada por la asociaci\u00f3n, la fecha elegida es el s\u00e1bado 11 de junio. Esta programada una excursi\u00f3n a Segovia y El Palacio de Riofr\u00edo con un extenso itinerario.<\/p>\n<p style=\"text-align: justify;\">La salida ser\u00e1 a las 8:00 h de la ma\u00f1ana en el parque, el autob\u00fas ir\u00e1 directo al Palacio de Riofr\u00edo donde se disfrutar\u00e1 de un tiempo libre para quien quiera visitarlo. Sobre las 13:00 h se partir\u00e1 hacia Segovia, para visitarlo libremente, en este tiempo se incluye la hora de la comida, quien quiera puede llevarse su comida y a quien le apetezca comer en restaurante puede solicitarla en el momento de la inscripci\u00f3n por 12 euros. El viaje continua en la Granja de San Ildefonso y finaliza en el Santuario de Fuencisla.<\/p>\n<p style=\"text-align: justify;\">La excursi\u00f3n esta abierta a todos los colectivos: hombres, mujeres (socias y no socias) ni\u00f1os, mayores, etc. El coste es de 8 euros por persona y gratis para las socias. Como hemos dicho anteriormente quien quiera puede solicitar comida en un restaurante por 12 euros, el precio del men\u00fa es para socias y no socias.<\/p>\n<p style=\"text-align: justify;\">Quien necesite m\u00e1s informaci\u00f3n o quiera reservar su plaza puede ponerse en contacto con la Junta de la Asociaci\u00f3n de Mujeres Eusebia Palomino o bien al tel\u00e9fono 923532008.<\/p>\n<p style=\"text-align: justify;\">Aprovechamos este art\u00edculo para anunciar a las socias que el pr\u00f3ximo domingo 15 de mayo no habr\u00e1 bingo, debido a la programaci\u00f3n festiva. El bingo dominguero se pasa al jueves 12 de mayo de 17:30 a 20:30 h y con parada para el caf\u00e9 como si de un domingo normal se tratara.<\/p>\n<div id=\"attachment_2932\" style=\"width: 519px\" class=\"wp-caption aligncenter\"><img loading=\"lazy\" decoding=\"async\" aria-describedby=\"caption-attachment-2932\" class=\" wp-image-2932\" src=\"https:\/\/iicolumnas.es\/wp-content\/uploads\/2016\/05\/img-20160509-wa0002_resized.jpg\" alt=\"Cartel excursi\u00f3n a Segovia\" width=\"509\" height=\"768\" \/><p id=\"caption-attachment-2932\" class=\"wp-caption-text\">Cartel excursi\u00f3n a Segovia<\/p><\/div>\n","protected":false},"excerpt":{"rendered":"<p>Como ya anunci\u00e1bamos la semana pasada, este domingo 8 de mayo, la Asociaci\u00f3n de Mujeres Eusebia Palomino citaba a sus socias en su sede sita en el Centro C\u00edvico para celebrar el D\u00eda de&#46;&#46;&#46;<\/p>\n","protected":false},"author":13,"featured_media":2932,"comment_status":"open","ping_status":"open","sticky":false,"template":"","format":"standard","meta":{"footnotes":""},"categories":[1],"tags":[312,313,14,287,279,21],"class_list":["post-2929","post","type-post","status-publish","format-standard","has-post-thumbnail","hentry","category-actualidad","tag-asociacion-de-mujeres-eusebia-palomino","tag-cantalpines","tag-cantalpino","tag-dia-de-la-madre","tag-excursion","tag-mujeres"],"yoast_head":"<!-- This site is optimized with the Yoast SEO plugin v26.6 - https:\/\/yoast.com\/wordpress\/plugins\/seo\/ -->\n<title>La Asociaci\u00f3n de mujeres Eusebia Palomino celebra el d\u00eda de la madre - Dos Columnas<\/title>\n<meta name=\"robots\" content=\"index, follow, max-snippet:-1, max-image-preview:large, max-video-preview:-1\" \/>\n<link rel=\"canonical\" href=\"https:\/\/iicolumnas.es\/index.php\/actualidad\/2016\/05\/09\/asociacion-mujeres-eusebia-palomino-celebra-dia-madre\/\" \/>\n<meta property=\"og:locale\" content=\"es_ES\" \/>\n<meta property=\"og:type\" content=\"article\" \/>\n<meta property=\"og:title\" content=\"La Asociaci\u00f3n de mujeres Eusebia Palomino celebra el d\u00eda de la madre - Dos Columnas\" \/>\n<meta property=\"og:description\" content=\"Como ya anunci\u00e1bamos la semana pasada, este domingo 8 de mayo, la Asociaci\u00f3n de Mujeres Eusebia Palomino citaba a sus socias en su sede sita en el Centro C\u00edvico para celebrar el D\u00eda de&#046;&#046;&#046;\" \/>\n<meta property=\"og:url\" content=\"https:\/\/iicolumnas.es\/index.php\/actualidad\/2016\/05\/09\/asociacion-mujeres-eusebia-palomino-celebra-dia-madre\/\" \/>\n<meta property=\"og:site_name\" content=\"Dos Columnas\" \/>\n<meta property=\"article:publisher\" content=\"https:\/\/www.facebook.com\/iicolumnas\/\" \/>\n<meta property=\"article:published_time\" content=\"2016-05-09T19:29:06+00:00\" \/>\n<meta property=\"og:image\" content=\"https:\/\/iicolumnas.es\/wp-content\/uploads\/2016\/05\/img-20160509-wa0002_resized.jpg\" \/>\n\t<meta property=\"og:image:width\" content=\"687\" \/>\n\t<meta property=\"og:image:height\" content=\"957\" \/>\n\t<meta property=\"og:image:type\" content=\"image\/jpeg\" \/>\n<meta name=\"author\" content=\"Luc\u00eda Mart\u00edn\" \/>\n<meta name=\"twitter:card\" content=\"summary_large_image\" \/>\n<meta name=\"twitter:creator\" content=\"@iicolumnas\" \/>\n<meta name=\"twitter:site\" content=\"@iicolumnas\" \/>\n<meta name=\"twitter:label1\" content=\"Escrito por\" \/>\n\t<meta name=\"twitter:data1\" content=\"Luc\u00eda Mart\u00edn\" \/>\n\t<meta name=\"twitter:label2\" content=\"Tiempo de lectura\" \/>\n\t<meta name=\"twitter:data2\" content=\"2 minutos\" \/>\n<script type=\"application\/ld+json\" class=\"yoast-schema-graph\">{\"@context\":\"https:\/\/schema.org\",\"@graph\":[{\"@type\":\"WebPage\",\"@id\":\"https:\/\/iicolumnas.es\/index.php\/actualidad\/2016\/05\/09\/asociacion-mujeres-eusebia-palomino-celebra-dia-madre\/\",\"url\":\"https:\/\/iicolumnas.es\/index.php\/actualidad\/2016\/05\/09\/asociacion-mujeres-eusebia-palomino-celebra-dia-madre\/\",\"name\":\"La Asociaci\u00f3n de mujeres Eusebia Palomino celebra el d\u00eda de la madre - Dos Columnas\",\"isPartOf\":{\"@id\":\"https:\/\/iicolumnas.es\/#website\"},\"primaryImageOfPage\":{\"@id\":\"https:\/\/iicolumnas.es\/index.php\/actualidad\/2016\/05\/09\/asociacion-mujeres-eusebia-palomino-celebra-dia-madre\/#primaryimage\"},\"image\":{\"@id\":\"https:\/\/iicolumnas.es\/index.php\/actualidad\/2016\/05\/09\/asociacion-mujeres-eusebia-palomino-celebra-dia-madre\/#primaryimage\"},\"thumbnailUrl\":\"https:\/\/iicolumnas.es\/wp-content\/uploads\/2016\/05\/img-20160509-wa0002_resized.jpg\",\"datePublished\":\"2016-05-09T19:29:06+00:00\",\"author\":{\"@id\":\"https:\/\/iicolumnas.es\/#\/schema\/person\/d0b468295022f1c525f1f08174e5094e\"},\"breadcrumb\":{\"@id\":\"https:\/\/iicolumnas.es\/index.php\/actualidad\/2016\/05\/09\/asociacion-mujeres-eusebia-palomino-celebra-dia-madre\/#breadcrumb\"},\"inLanguage\":\"es\",\"potentialAction\":[{\"@type\":\"ReadAction\",\"target\":[\"https:\/\/iicolumnas.es\/index.php\/actualidad\/2016\/05\/09\/asociacion-mujeres-eusebia-palomino-celebra-dia-madre\/\"]}]},{\"@type\":\"ImageObject\",\"inLanguage\":\"es\",\"@id\":\"https:\/\/iicolumnas.es\/index.php\/actualidad\/2016\/05\/09\/asociacion-mujeres-eusebia-palomino-celebra-dia-madre\/#primaryimage\",\"url\":\"https:\/\/iicolumnas.es\/wp-content\/uploads\/2016\/05\/img-20160509-wa0002_resized.jpg\",\"contentUrl\":\"https:\/\/iicolumnas.es\/wp-content\/uploads\/2016\/05\/img-20160509-wa0002_resized.jpg\",\"width\":\"687\",\"height\":\"957\",\"caption\":\"Cartel excursi\u00f3n a Segovia\"},{\"@type\":\"BreadcrumbList\",\"@id\":\"https:\/\/iicolumnas.es\/index.php\/actualidad\/2016\/05\/09\/asociacion-mujeres-eusebia-palomino-celebra-dia-madre\/#breadcrumb\",\"itemListElement\":[{\"@type\":\"ListItem\",\"position\":1,\"name\":\"Portada\",\"item\":\"https:\/\/iicolumnas.es\/\"},{\"@type\":\"ListItem\",\"position\":2,\"name\":\"Actualidad\",\"item\":\"https:\/\/iicolumnas.es\/index.php\/category\/actualidad\/\"},{\"@type\":\"ListItem\",\"position\":3,\"name\":\"La Asociaci\u00f3n de mujeres Eusebia Palomino celebra el d\u00eda de la madre\"}]},{\"@type\":\"WebSite\",\"@id\":\"https:\/\/iicolumnas.es\/#website\",\"url\":\"https:\/\/iicolumnas.es\/\",\"name\":\"Dos Columnas\",\"description\":\"El peri\u00f3dico de la villa de Cantalpino\",\"potentialAction\":[{\"@type\":\"SearchAction\",\"target\":{\"@type\":\"EntryPoint\",\"urlTemplate\":\"https:\/\/iicolumnas.es\/?s={search_term_string}\"},\"query-input\":{\"@type\":\"PropertyValueSpecification\",\"valueRequired\":true,\"valueName\":\"search_term_string\"}}],\"inLanguage\":\"es\"},{\"@type\":\"Person\",\"@id\":\"https:\/\/iicolumnas.es\/#\/schema\/person\/d0b468295022f1c525f1f08174e5094e\",\"name\":\"Luc\u00eda Mart\u00edn\",\"image\":{\"@type\":\"ImageObject\",\"inLanguage\":\"es\",\"@id\":\"https:\/\/iicolumnas.es\/#\/schema\/person\/image\/\",\"url\":\"https:\/\/secure.gravatar.com\/avatar\/93fc1f88b1a03f8c364002e3c0eeaed8496b37404ac5fb74c332af7fc73d81f9?s=96&d=mm&r=g\",\"contentUrl\":\"https:\/\/secure.gravatar.com\/avatar\/93fc1f88b1a03f8c364002e3c0eeaed8496b37404ac5fb74c332af7fc73d81f9?s=96&d=mm&r=g\",\"caption\":\"Luc\u00eda Mart\u00edn\"}}]}<\/script>\n<!-- \/ Yoast SEO plugin. -->","yoast_head_json":{"title":"La Asociaci\u00f3n de mujeres Eusebia Palomino celebra el d\u00eda de la madre - Dos Columnas","robots":{"index":"index","follow":"follow","max-snippet":"max-snippet:-1","max-image-preview":"max-image-preview:large","max-video-preview":"max-video-preview:-1"},"canonical":"https:\/\/iicolumnas.es\/index.php\/actualidad\/2016\/05\/09\/asociacion-mujeres-eusebia-palomino-celebra-dia-madre\/","og_locale":"es_ES","og_type":"article","og_title":"La Asociaci\u00f3n de mujeres Eusebia Palomino celebra el d\u00eda de la madre - Dos Columnas","og_description":"Como ya anunci\u00e1bamos la semana pasada, este domingo 8 de mayo, la Asociaci\u00f3n de Mujeres Eusebia Palomino citaba a sus socias en su sede sita en el Centro C\u00edvico para celebrar el D\u00eda de&#46;&#46;&#46;","og_url":"https:\/\/iicolumnas.es\/index.php\/actualidad\/2016\/05\/09\/asociacion-mujeres-eusebia-palomino-celebra-dia-madre\/","og_site_name":"Dos Columnas","article_publisher":"https:\/\/www.facebook.com\/iicolumnas\/","article_published_time":"2016-05-09T19:29:06+00:00","og_image":[{"width":687,"height":957,"url":"https:\/\/iicolumnas.es\/wp-content\/uploads\/2016\/05\/img-20160509-wa0002_resized.jpg","type":"image\/jpeg"}],"author":"Luc\u00eda Mart\u00edn","twitter_card":"summary_large_image","twitter_creator":"@iicolumnas","twitter_site":"@iicolumnas","twitter_misc":{"Escrito por":"Luc\u00eda Mart\u00edn","Tiempo de lectura":"2 minutos"},"schema":{"@context":"https:\/\/schema.org","@graph":[{"@type":"WebPage","@id":"https:\/\/iicolumnas.es\/index.php\/actualidad\/2016\/05\/09\/asociacion-mujeres-eusebia-palomino-celebra-dia-madre\/","url":"https:\/\/iicolumnas.es\/index.php\/actualidad\/2016\/05\/09\/asociacion-mujeres-eusebia-palomino-celebra-dia-madre\/","name":"La Asociaci\u00f3n de mujeres Eusebia Palomino celebra el d\u00eda de la madre - Dos Columnas","isPartOf":{"@id":"https:\/\/iicolumnas.es\/#website"},"primaryImageOfPage":{"@id":"https:\/\/iicolumnas.es\/index.php\/actualidad\/2016\/05\/09\/asociacion-mujeres-eusebia-palomino-celebra-dia-madre\/#primaryimage"},"image":{"@id":"https:\/\/iicolumnas.es\/index.php\/actualidad\/2016\/05\/09\/asociacion-mujeres-eusebia-palomino-celebra-dia-madre\/#primaryimage"},"thumbnailUrl":"https:\/\/iicolumnas.es\/wp-content\/uploads\/2016\/05\/img-20160509-wa0002_resized.jpg","datePublished":"2016-05-09T19:29:06+00:00","author":{"@id":"https:\/\/iicolumnas.es\/#\/schema\/person\/d0b468295022f1c525f1f08174e5094e"},"breadcrumb":{"@id":"https:\/\/iicolumnas.es\/index.php\/actualidad\/2016\/05\/09\/asociacion-mujeres-eusebia-palomino-celebra-dia-madre\/#breadcrumb"},"inLanguage":"es","potentialAction":[{"@type":"ReadAction","target":["https:\/\/iicolumnas.es\/index.php\/actualidad\/2016\/05\/09\/asociacion-mujeres-eusebia-palomino-celebra-dia-madre\/"]}]},{"@type":"ImageObject","inLanguage":"es","@id":"https:\/\/iicolumnas.es\/index.php\/actualidad\/2016\/05\/09\/asociacion-mujeres-eusebia-palomino-celebra-dia-madre\/#primaryimage","url":"https:\/\/iicolumnas.es\/wp-content\/uploads\/2016\/05\/img-20160509-wa0002_resized.jpg","contentUrl":"https:\/\/iicolumnas.es\/wp-content\/uploads\/2016\/05\/img-20160509-wa0002_resized.jpg","width":"687","height":"957","caption":"Cartel excursi\u00f3n a Segovia"},{"@type":"BreadcrumbList","@id":"https:\/\/iicolumnas.es\/index.php\/actualidad\/2016\/05\/09\/asociacion-mujeres-eusebia-palomino-celebra-dia-madre\/#breadcrumb","itemListElement":[{"@type":"ListItem","position":1,"name":"Portada","item":"https:\/\/iicolumnas.es\/"},{"@type":"ListItem","position":2,"name":"Actualidad","item":"https:\/\/iicolumnas.es\/index.php\/category\/actualidad\/"},{"@type":"ListItem","position":3,"name":"La Asociaci\u00f3n de mujeres Eusebia Palomino celebra el d\u00eda de la madre"}]},{"@type":"WebSite","@id":"https:\/\/iicolumnas.es\/#website","url":"https:\/\/iicolumnas.es\/","name":"Dos Columnas","description":"El peri\u00f3dico de la villa de Cantalpino","potentialAction":[{"@type":"SearchAction","target":{"@type":"EntryPoint","urlTemplate":"https:\/\/iicolumnas.es\/?s={search_term_string}"},"query-input":{"@type":"PropertyValueSpecification","valueRequired":true,"valueName":"search_term_string"}}],"inLanguage":"es"},{"@type":"Person","@id":"https:\/\/iicolumnas.es\/#\/schema\/person\/d0b468295022f1c525f1f08174e5094e","name":"Luc\u00eda Mart\u00edn","image":{"@type":"ImageObject","inLanguage":"es","@id":"https:\/\/iicolumnas.es\/#\/schema\/person\/image\/","url":"https:\/\/secure.gravatar.com\/avatar\/93fc1f88b1a03f8c364002e3c0eeaed8496b37404ac5fb74c332af7fc73d81f9?s=96&d=mm&r=g","contentUrl":"https:\/\/secure.gravatar.com\/avatar\/93fc1f88b1a03f8c364002e3c0eeaed8496b37404ac5fb74c332af7fc73d81f9?s=96&d=mm&r=g","caption":"Luc\u00eda Mart\u00edn"}}]}},"_links":{"self":[{"href":"https:\/\/iicolumnas.es\/index.php\/wp-json\/wp\/v2\/posts\/2929","targetHints":{"allow":["GET"]}}],"collection":[{"href":"https:\/\/iicolumnas.es\/index.php\/wp-json\/wp\/v2\/posts"}],"about":[{"href":"https:\/\/iicolumnas.es\/index.php\/wp-json\/wp\/v2\/types\/post"}],"author":[{"embeddable":true,"href":"https:\/\/iicolumnas.es\/index.php\/wp-json\/wp\/v2\/users\/13"}],"replies":[{"embeddable":true,"href":"https:\/\/iicolumnas.es\/index.php\/wp-json\/wp\/v2\/comments?post=2929"}],"version-history":[{"count":0,"href":"https:\/\/iicolumnas.es\/index.php\/wp-json\/wp\/v2\/posts\/2929\/revisions"}],"wp:featuredmedia":[{"embeddable":true,"href":"https:\/\/iicolumnas.es\/index.php\/wp-json\/wp\/v2\/media\/2932"}],"wp:attachment":[{"href":"https:\/\/iicolumnas.es\/index.php\/wp-json\/wp\/v2\/media?parent=2929"}],"wp:term":[{"taxonomy":"category","embeddable":true,"href":"https:\/\/iicolumnas.es\/index.php\/wp-json\/wp\/v2\/categories?post=2929"},{"taxonomy":"post_tag","embeddable":true,"href":"https:\/\/iicolumnas.es\/index.php\/wp-json\/wp\/v2\/tags?post=2929"}],"curies":[{"name":"wp","href":"https:\/\/api.w.org\/{rel}","templated":true}]}}