{"id":29179,"date":"2023-04-19T17:20:04","date_gmt":"2023-04-19T15:20:04","guid":{"rendered":"https:\/\/iicolumnas.es\/?p=29179"},"modified":"2023-04-19T18:44:44","modified_gmt":"2023-04-19T16:44:44","slug":"cabeza-disecada-del-toro-del-cajon","status":"publish","type":"post","link":"https:\/\/iicolumnas.es\/index.php\/actualidad\/2023\/04\/19\/cabeza-disecada-del-toro-del-cajon\/","title":{"rendered":"Cabeza disecada del toro del caj\u00f3n."},"content":{"rendered":"<p style=\"text-align: justify;\">Con motivo de la celebraci\u00f3n del toro del caj\u00f3n el d\u00eda 13-05-2023 de la asociaci\u00f3n cultural taurina de Cantalpino, se va a proceder a sortear la cabeza disecada del toro \u00abcaramelo\u00bb.<\/p>\n<p style=\"text-align: justify;\">Todo el que est\u00e9 interesado podr\u00e1 comprar papeletas por importe de 2\u20ac a los miembros de la junta y en el bar Espa\u00f1a, ente otros. El agraciado ser\u00e1 el poseedor de la papeleta cuyo n\u00famero coincida con las \u00faltimas 4 cifras del Sorteo Nacional de la loteria del d\u00eda 12 de agosto del 2023.<\/p>\n<p style=\"text-align: justify;\">Animamos a todo el mudo a participar, ya que gracias a esta acci\u00f3n se podr\u00e1 recaudar dinero para las actividades que desarrolla la asociaci\u00f3n a lo largo del a\u00f1o y damos por anticipado las gracias a todos por la colaboraci\u00f3n.<\/p>\n<p><img loading=\"lazy\" decoding=\"async\" class=\"aligncenter size-full wp-image-29180\" src=\"https:\/\/iicolumnas.es\/wp-content\/uploads\/2023\/04\/IMG-20230415-WA0022.jpg\" alt=\"\" width=\"566\" height=\"800\" srcset=\"https:\/\/iicolumnas.es\/wp-content\/uploads\/2023\/04\/IMG-20230415-WA0022.jpg 566w, https:\/\/iicolumnas.es\/wp-content\/uploads\/2023\/04\/IMG-20230415-WA0022-212x300.jpg 212w\" sizes=\"auto, (max-width: 566px) 100vw, 566px\" \/><\/p>\n","protected":false},"excerpt":{"rendered":"<p>Con motivo de la celebraci\u00f3n del toro del caj\u00f3n el d\u00eda 13-05-2023 de la asociaci\u00f3n cultural taurina de Cantalpino, se va a proceder a sortear la cabeza disecada del toro \u00abcaramelo\u00bb. Todo el que&#46;&#46;&#46;<\/p>\n","protected":false},"author":19,"featured_media":29184,"comment_status":"open","ping_status":"open","sticky":false,"template":"","format":"standard","meta":{"footnotes":""},"categories":[1],"tags":[2210,13,1833,173],"class_list":["post-29179","post","type-post","status-publish","format-standard","has-post-thumbnail","hentry","category-actualidad","tag-abril-2023","tag-actc","tag-asociacion-cultural-taurina-cantalpino","tag-san-isidro"],"yoast_head":"<!-- This site is optimized with the Yoast SEO plugin v26.6 - https:\/\/yoast.com\/wordpress\/plugins\/seo\/ -->\n<title>Cabeza disecada del toro del caj\u00f3n. - Dos Columnas<\/title>\n<meta name=\"robots\" content=\"index, follow, max-snippet:-1, max-image-preview:large, max-video-preview:-1\" \/>\n<link rel=\"canonical\" href=\"https:\/\/iicolumnas.es\/index.php\/actualidad\/2023\/04\/19\/cabeza-disecada-del-toro-del-cajon\/\" \/>\n<meta property=\"og:locale\" content=\"es_ES\" \/>\n<meta property=\"og:type\" content=\"article\" \/>\n<meta property=\"og:title\" content=\"Cabeza disecada del toro del caj\u00f3n. - Dos Columnas\" \/>\n<meta property=\"og:description\" content=\"Con motivo de la celebraci\u00f3n del toro del caj\u00f3n el d\u00eda 13-05-2023 de la asociaci\u00f3n cultural taurina de Cantalpino, se va a proceder a sortear la cabeza disecada del toro \u00abcaramelo\u00bb. Todo el que&#046;&#046;&#046;\" \/>\n<meta property=\"og:url\" content=\"https:\/\/iicolumnas.es\/index.php\/actualidad\/2023\/04\/19\/cabeza-disecada-del-toro-del-cajon\/\" \/>\n<meta property=\"og:site_name\" content=\"Dos Columnas\" \/>\n<meta property=\"article:publisher\" content=\"https:\/\/www.facebook.com\/iicolumnas\/\" \/>\n<meta property=\"article:published_time\" content=\"2023-04-19T15:20:04+00:00\" \/>\n<meta property=\"article:modified_time\" content=\"2023-04-19T16:44:44+00:00\" \/>\n<meta property=\"og:image\" content=\"https:\/\/iicolumnas.es\/wp-content\/uploads\/2023\/04\/IMG_20230419_171906.jpg\" \/>\n\t<meta property=\"og:image:width\" content=\"800\" \/>\n\t<meta property=\"og:image:height\" content=\"481\" \/>\n\t<meta property=\"og:image:type\" content=\"image\/jpeg\" \/>\n<meta name=\"author\" content=\"Rebeca Pedroso\" \/>\n<meta name=\"twitter:card\" content=\"summary_large_image\" \/>\n<meta name=\"twitter:creator\" content=\"@iicolumnas\" \/>\n<meta name=\"twitter:site\" content=\"@iicolumnas\" \/>\n<meta name=\"twitter:label1\" content=\"Escrito por\" \/>\n\t<meta name=\"twitter:data1\" content=\"Rebeca Pedroso\" \/>\n\t<meta name=\"twitter:label2\" content=\"Tiempo de lectura\" \/>\n\t<meta name=\"twitter:data2\" content=\"1 minuto\" \/>\n<script type=\"application\/ld+json\" class=\"yoast-schema-graph\">{\"@context\":\"https:\/\/schema.org\",\"@graph\":[{\"@type\":\"WebPage\",\"@id\":\"https:\/\/iicolumnas.es\/index.php\/actualidad\/2023\/04\/19\/cabeza-disecada-del-toro-del-cajon\/\",\"url\":\"https:\/\/iicolumnas.es\/index.php\/actualidad\/2023\/04\/19\/cabeza-disecada-del-toro-del-cajon\/\",\"name\":\"Cabeza disecada del toro del caj\u00f3n. - Dos Columnas\",\"isPartOf\":{\"@id\":\"https:\/\/iicolumnas.es\/#website\"},\"primaryImageOfPage\":{\"@id\":\"https:\/\/iicolumnas.es\/index.php\/actualidad\/2023\/04\/19\/cabeza-disecada-del-toro-del-cajon\/#primaryimage\"},\"image\":{\"@id\":\"https:\/\/iicolumnas.es\/index.php\/actualidad\/2023\/04\/19\/cabeza-disecada-del-toro-del-cajon\/#primaryimage\"},\"thumbnailUrl\":\"https:\/\/iicolumnas.es\/wp-content\/uploads\/2023\/04\/IMG_20230419_171906.jpg\",\"datePublished\":\"2023-04-19T15:20:04+00:00\",\"dateModified\":\"2023-04-19T16:44:44+00:00\",\"author\":{\"@id\":\"https:\/\/iicolumnas.es\/#\/schema\/person\/a332236529a0eb9a70b9d7ee8bd563fb\"},\"breadcrumb\":{\"@id\":\"https:\/\/iicolumnas.es\/index.php\/actualidad\/2023\/04\/19\/cabeza-disecada-del-toro-del-cajon\/#breadcrumb\"},\"inLanguage\":\"es\",\"potentialAction\":[{\"@type\":\"ReadAction\",\"target\":[\"https:\/\/iicolumnas.es\/index.php\/actualidad\/2023\/04\/19\/cabeza-disecada-del-toro-del-cajon\/\"]}]},{\"@type\":\"ImageObject\",\"inLanguage\":\"es\",\"@id\":\"https:\/\/iicolumnas.es\/index.php\/actualidad\/2023\/04\/19\/cabeza-disecada-del-toro-del-cajon\/#primaryimage\",\"url\":\"https:\/\/iicolumnas.es\/wp-content\/uploads\/2023\/04\/IMG_20230419_171906.jpg\",\"contentUrl\":\"https:\/\/iicolumnas.es\/wp-content\/uploads\/2023\/04\/IMG_20230419_171906.jpg\",\"width\":800,\"height\":481},{\"@type\":\"BreadcrumbList\",\"@id\":\"https:\/\/iicolumnas.es\/index.php\/actualidad\/2023\/04\/19\/cabeza-disecada-del-toro-del-cajon\/#breadcrumb\",\"itemListElement\":[{\"@type\":\"ListItem\",\"position\":1,\"name\":\"Portada\",\"item\":\"https:\/\/iicolumnas.es\/\"},{\"@type\":\"ListItem\",\"position\":2,\"name\":\"Actualidad\",\"item\":\"https:\/\/iicolumnas.es\/index.php\/category\/actualidad\/\"},{\"@type\":\"ListItem\",\"position\":3,\"name\":\"Cabeza disecada del toro del caj\u00f3n.\"}]},{\"@type\":\"WebSite\",\"@id\":\"https:\/\/iicolumnas.es\/#website\",\"url\":\"https:\/\/iicolumnas.es\/\",\"name\":\"Dos Columnas\",\"description\":\"El peri\u00f3dico de la villa de Cantalpino\",\"potentialAction\":[{\"@type\":\"SearchAction\",\"target\":{\"@type\":\"EntryPoint\",\"urlTemplate\":\"https:\/\/iicolumnas.es\/?s={search_term_string}\"},\"query-input\":{\"@type\":\"PropertyValueSpecification\",\"valueRequired\":true,\"valueName\":\"search_term_string\"}}],\"inLanguage\":\"es\"},{\"@type\":\"Person\",\"@id\":\"https:\/\/iicolumnas.es\/#\/schema\/person\/a332236529a0eb9a70b9d7ee8bd563fb\",\"name\":\"Rebeca Pedroso\",\"image\":{\"@type\":\"ImageObject\",\"inLanguage\":\"es\",\"@id\":\"https:\/\/iicolumnas.es\/#\/schema\/person\/image\/\",\"url\":\"https:\/\/secure.gravatar.com\/avatar\/614d9018f8b4c9fd4e8b758b543c28678aa81484b0f22d5961129eb050cc7bf7?s=96&d=mm&r=g\",\"contentUrl\":\"https:\/\/secure.gravatar.com\/avatar\/614d9018f8b4c9fd4e8b758b543c28678aa81484b0f22d5961129eb050cc7bf7?s=96&d=mm&r=g\",\"caption\":\"Rebeca Pedroso\"}}]}<\/script>\n<!-- \/ Yoast SEO plugin. -->","yoast_head_json":{"title":"Cabeza disecada del toro del caj\u00f3n. - Dos Columnas","robots":{"index":"index","follow":"follow","max-snippet":"max-snippet:-1","max-image-preview":"max-image-preview:large","max-video-preview":"max-video-preview:-1"},"canonical":"https:\/\/iicolumnas.es\/index.php\/actualidad\/2023\/04\/19\/cabeza-disecada-del-toro-del-cajon\/","og_locale":"es_ES","og_type":"article","og_title":"Cabeza disecada del toro del caj\u00f3n. - Dos Columnas","og_description":"Con motivo de la celebraci\u00f3n del toro del caj\u00f3n el d\u00eda 13-05-2023 de la asociaci\u00f3n cultural taurina de Cantalpino, se va a proceder a sortear la cabeza disecada del toro \u00abcaramelo\u00bb. Todo el que&#46;&#46;&#46;","og_url":"https:\/\/iicolumnas.es\/index.php\/actualidad\/2023\/04\/19\/cabeza-disecada-del-toro-del-cajon\/","og_site_name":"Dos Columnas","article_publisher":"https:\/\/www.facebook.com\/iicolumnas\/","article_published_time":"2023-04-19T15:20:04+00:00","article_modified_time":"2023-04-19T16:44:44+00:00","og_image":[{"width":800,"height":481,"url":"https:\/\/iicolumnas.es\/wp-content\/uploads\/2023\/04\/IMG_20230419_171906.jpg","type":"image\/jpeg"}],"author":"Rebeca Pedroso","twitter_card":"summary_large_image","twitter_creator":"@iicolumnas","twitter_site":"@iicolumnas","twitter_misc":{"Escrito por":"Rebeca Pedroso","Tiempo de lectura":"1 minuto"},"schema":{"@context":"https:\/\/schema.org","@graph":[{"@type":"WebPage","@id":"https:\/\/iicolumnas.es\/index.php\/actualidad\/2023\/04\/19\/cabeza-disecada-del-toro-del-cajon\/","url":"https:\/\/iicolumnas.es\/index.php\/actualidad\/2023\/04\/19\/cabeza-disecada-del-toro-del-cajon\/","name":"Cabeza disecada del toro del caj\u00f3n. - Dos Columnas","isPartOf":{"@id":"https:\/\/iicolumnas.es\/#website"},"primaryImageOfPage":{"@id":"https:\/\/iicolumnas.es\/index.php\/actualidad\/2023\/04\/19\/cabeza-disecada-del-toro-del-cajon\/#primaryimage"},"image":{"@id":"https:\/\/iicolumnas.es\/index.php\/actualidad\/2023\/04\/19\/cabeza-disecada-del-toro-del-cajon\/#primaryimage"},"thumbnailUrl":"https:\/\/iicolumnas.es\/wp-content\/uploads\/2023\/04\/IMG_20230419_171906.jpg","datePublished":"2023-04-19T15:20:04+00:00","dateModified":"2023-04-19T16:44:44+00:00","author":{"@id":"https:\/\/iicolumnas.es\/#\/schema\/person\/a332236529a0eb9a70b9d7ee8bd563fb"},"breadcrumb":{"@id":"https:\/\/iicolumnas.es\/index.php\/actualidad\/2023\/04\/19\/cabeza-disecada-del-toro-del-cajon\/#breadcrumb"},"inLanguage":"es","potentialAction":[{"@type":"ReadAction","target":["https:\/\/iicolumnas.es\/index.php\/actualidad\/2023\/04\/19\/cabeza-disecada-del-toro-del-cajon\/"]}]},{"@type":"ImageObject","inLanguage":"es","@id":"https:\/\/iicolumnas.es\/index.php\/actualidad\/2023\/04\/19\/cabeza-disecada-del-toro-del-cajon\/#primaryimage","url":"https:\/\/iicolumnas.es\/wp-content\/uploads\/2023\/04\/IMG_20230419_171906.jpg","contentUrl":"https:\/\/iicolumnas.es\/wp-content\/uploads\/2023\/04\/IMG_20230419_171906.jpg","width":800,"height":481},{"@type":"BreadcrumbList","@id":"https:\/\/iicolumnas.es\/index.php\/actualidad\/2023\/04\/19\/cabeza-disecada-del-toro-del-cajon\/#breadcrumb","itemListElement":[{"@type":"ListItem","position":1,"name":"Portada","item":"https:\/\/iicolumnas.es\/"},{"@type":"ListItem","position":2,"name":"Actualidad","item":"https:\/\/iicolumnas.es\/index.php\/category\/actualidad\/"},{"@type":"ListItem","position":3,"name":"Cabeza disecada del toro del caj\u00f3n."}]},{"@type":"WebSite","@id":"https:\/\/iicolumnas.es\/#website","url":"https:\/\/iicolumnas.es\/","name":"Dos Columnas","description":"El peri\u00f3dico de la villa de Cantalpino","potentialAction":[{"@type":"SearchAction","target":{"@type":"EntryPoint","urlTemplate":"https:\/\/iicolumnas.es\/?s={search_term_string}"},"query-input":{"@type":"PropertyValueSpecification","valueRequired":true,"valueName":"search_term_string"}}],"inLanguage":"es"},{"@type":"Person","@id":"https:\/\/iicolumnas.es\/#\/schema\/person\/a332236529a0eb9a70b9d7ee8bd563fb","name":"Rebeca Pedroso","image":{"@type":"ImageObject","inLanguage":"es","@id":"https:\/\/iicolumnas.es\/#\/schema\/person\/image\/","url":"https:\/\/secure.gravatar.com\/avatar\/614d9018f8b4c9fd4e8b758b543c28678aa81484b0f22d5961129eb050cc7bf7?s=96&d=mm&r=g","contentUrl":"https:\/\/secure.gravatar.com\/avatar\/614d9018f8b4c9fd4e8b758b543c28678aa81484b0f22d5961129eb050cc7bf7?s=96&d=mm&r=g","caption":"Rebeca Pedroso"}}]}},"_links":{"self":[{"href":"https:\/\/iicolumnas.es\/index.php\/wp-json\/wp\/v2\/posts\/29179","targetHints":{"allow":["GET"]}}],"collection":[{"href":"https:\/\/iicolumnas.es\/index.php\/wp-json\/wp\/v2\/posts"}],"about":[{"href":"https:\/\/iicolumnas.es\/index.php\/wp-json\/wp\/v2\/types\/post"}],"author":[{"embeddable":true,"href":"https:\/\/iicolumnas.es\/index.php\/wp-json\/wp\/v2\/users\/19"}],"replies":[{"embeddable":true,"href":"https:\/\/iicolumnas.es\/index.php\/wp-json\/wp\/v2\/comments?post=29179"}],"version-history":[{"count":3,"href":"https:\/\/iicolumnas.es\/index.php\/wp-json\/wp\/v2\/posts\/29179\/revisions"}],"predecessor-version":[{"id":29213,"href":"https:\/\/iicolumnas.es\/index.php\/wp-json\/wp\/v2\/posts\/29179\/revisions\/29213"}],"wp:featuredmedia":[{"embeddable":true,"href":"https:\/\/iicolumnas.es\/index.php\/wp-json\/wp\/v2\/media\/29184"}],"wp:attachment":[{"href":"https:\/\/iicolumnas.es\/index.php\/wp-json\/wp\/v2\/media?parent=29179"}],"wp:term":[{"taxonomy":"category","embeddable":true,"href":"https:\/\/iicolumnas.es\/index.php\/wp-json\/wp\/v2\/categories?post=29179"},{"taxonomy":"post_tag","embeddable":true,"href":"https:\/\/iicolumnas.es\/index.php\/wp-json\/wp\/v2\/tags?post=29179"}],"curies":[{"name":"wp","href":"https:\/\/api.w.org\/{rel}","templated":true}]}}