{"id":28430,"date":"2022-10-09T12:34:57","date_gmt":"2022-10-09T10:34:57","guid":{"rendered":"https:\/\/iicolumnas.es\/?p=28430"},"modified":"2022-10-09T12:34:57","modified_gmt":"2022-10-09T10:34:57","slug":"cantalpino-se-despide-de-nuestro-parroco-anastasio","status":"publish","type":"post","link":"https:\/\/iicolumnas.es\/index.php\/actualidad\/2022\/10\/09\/cantalpino-se-despide-de-nuestro-parroco-anastasio\/","title":{"rendered":"Cantalpino se despide de nuestro p\u00e1rroco Anastasio"},"content":{"rendered":"<p style=\"text-align: justify;\">Hoy ser\u00e1 el \u00faltimo d\u00eda que Anastasio dar\u00e1 su \u00faltima misa como p\u00e1rroco de Cantalpino antes de convertirse oficialmente en el p\u00e1rroco de nuestro vecino Cantalapiedra. Catequistas, miembros del coro y otros feligreses como Bel\u00e9n le han dado un homenaje. El Ayuntamiento ha colaborado en el convite de despedida ofrecido a Anastasio en el sal\u00f3n teatro. El joven Ciriaco ocupar\u00e1 su puesto.<\/p>\n<p>Quiz\u00e1s sea una despedida temporal ya que ni el mismo Anastasio sabe donde le mandar\u00e1n desde el obispado, nosotros le deseamos lo mejor en su futuro y le damos las gracias por el tiempo que ha pasado en Cantalpino.<\/p>\n<p><img loading=\"lazy\" decoding=\"async\" class=\"alignnone size-medium wp-image-28431\" src=\"https:\/\/iicolumnas.es\/wp-content\/uploads\/2022\/10\/despedida-anastasio-octubre-2022-1-300x225.jpeg\" alt=\"\" width=\"300\" height=\"225\" srcset=\"https:\/\/iicolumnas.es\/wp-content\/uploads\/2022\/10\/despedida-anastasio-octubre-2022-1-300x225.jpeg 300w, https:\/\/iicolumnas.es\/wp-content\/uploads\/2022\/10\/despedida-anastasio-octubre-2022-1.jpeg 800w\" sizes=\"auto, (max-width: 300px) 100vw, 300px\" \/> <img loading=\"lazy\" decoding=\"async\" class=\"alignnone size-medium wp-image-28432\" src=\"https:\/\/iicolumnas.es\/wp-content\/uploads\/2022\/10\/despedida-anastasio-octubre-2022-2-169x300.jpeg\" alt=\"\" width=\"169\" height=\"300\" srcset=\"https:\/\/iicolumnas.es\/wp-content\/uploads\/2022\/10\/despedida-anastasio-octubre-2022-2-169x300.jpeg 169w, https:\/\/iicolumnas.es\/wp-content\/uploads\/2022\/10\/despedida-anastasio-octubre-2022-2.jpeg 450w\" sizes=\"auto, (max-width: 169px) 100vw, 169px\" \/> <img loading=\"lazy\" decoding=\"async\" class=\"alignnone size-medium wp-image-28433\" src=\"https:\/\/iicolumnas.es\/wp-content\/uploads\/2022\/10\/despedida-anastasio-octubre-2022-3-300x225.jpeg\" alt=\"\" width=\"300\" height=\"225\" srcset=\"https:\/\/iicolumnas.es\/wp-content\/uploads\/2022\/10\/despedida-anastasio-octubre-2022-3-300x225.jpeg 300w, https:\/\/iicolumnas.es\/wp-content\/uploads\/2022\/10\/despedida-anastasio-octubre-2022-3.jpeg 800w\" sizes=\"auto, (max-width: 300px) 100vw, 300px\" \/> <img loading=\"lazy\" decoding=\"async\" class=\"alignnone size-medium wp-image-28434\" src=\"https:\/\/iicolumnas.es\/wp-content\/uploads\/2022\/10\/despedida-anastasio-octubre-2022-4-169x300.jpeg\" alt=\"\" width=\"169\" height=\"300\" srcset=\"https:\/\/iicolumnas.es\/wp-content\/uploads\/2022\/10\/despedida-anastasio-octubre-2022-4-169x300.jpeg 169w, https:\/\/iicolumnas.es\/wp-content\/uploads\/2022\/10\/despedida-anastasio-octubre-2022-4.jpeg 450w\" sizes=\"auto, (max-width: 169px) 100vw, 169px\" \/> <img loading=\"lazy\" decoding=\"async\" class=\"alignnone size-medium wp-image-28435\" src=\"https:\/\/iicolumnas.es\/wp-content\/uploads\/2022\/10\/despedida-anastasio-octubre-2022-5-300x225.jpeg\" alt=\"\" width=\"300\" height=\"225\" srcset=\"https:\/\/iicolumnas.es\/wp-content\/uploads\/2022\/10\/despedida-anastasio-octubre-2022-5-300x225.jpeg 300w, https:\/\/iicolumnas.es\/wp-content\/uploads\/2022\/10\/despedida-anastasio-octubre-2022-5.jpeg 800w\" sizes=\"auto, (max-width: 300px) 100vw, 300px\" \/> <img loading=\"lazy\" decoding=\"async\" class=\"alignnone size-medium wp-image-28436\" src=\"https:\/\/iicolumnas.es\/wp-content\/uploads\/2022\/10\/despedida-anastasio-octubre-2022-6-300x225.jpeg\" alt=\"\" width=\"300\" height=\"225\" srcset=\"https:\/\/iicolumnas.es\/wp-content\/uploads\/2022\/10\/despedida-anastasio-octubre-2022-6-300x225.jpeg 300w, https:\/\/iicolumnas.es\/wp-content\/uploads\/2022\/10\/despedida-anastasio-octubre-2022-6.jpeg 800w\" sizes=\"auto, (max-width: 300px) 100vw, 300px\" \/> <img loading=\"lazy\" decoding=\"async\" class=\"alignnone size-medium wp-image-28437\" src=\"https:\/\/iicolumnas.es\/wp-content\/uploads\/2022\/10\/despedida-anastasio-octubre-2022-7-300x225.jpeg\" alt=\"\" width=\"300\" height=\"225\" srcset=\"https:\/\/iicolumnas.es\/wp-content\/uploads\/2022\/10\/despedida-anastasio-octubre-2022-7-300x225.jpeg 300w, https:\/\/iicolumnas.es\/wp-content\/uploads\/2022\/10\/despedida-anastasio-octubre-2022-7.jpeg 800w\" sizes=\"auto, (max-width: 300px) 100vw, 300px\" \/> <img loading=\"lazy\" decoding=\"async\" class=\"alignnone size-medium wp-image-28438\" src=\"https:\/\/iicolumnas.es\/wp-content\/uploads\/2022\/10\/despedida-anastasio-octubre-2022-8-300x225.jpeg\" alt=\"\" width=\"300\" height=\"225\" srcset=\"https:\/\/iicolumnas.es\/wp-content\/uploads\/2022\/10\/despedida-anastasio-octubre-2022-8-300x225.jpeg 300w, https:\/\/iicolumnas.es\/wp-content\/uploads\/2022\/10\/despedida-anastasio-octubre-2022-8.jpeg 800w\" sizes=\"auto, (max-width: 300px) 100vw, 300px\" \/> <img loading=\"lazy\" decoding=\"async\" class=\"alignnone size-medium wp-image-28439\" src=\"https:\/\/iicolumnas.es\/wp-content\/uploads\/2022\/10\/despedida-anastasio-octubre-2022-9-300x225.jpeg\" alt=\"\" width=\"300\" height=\"225\" srcset=\"https:\/\/iicolumnas.es\/wp-content\/uploads\/2022\/10\/despedida-anastasio-octubre-2022-9-300x225.jpeg 300w, https:\/\/iicolumnas.es\/wp-content\/uploads\/2022\/10\/despedida-anastasio-octubre-2022-9.jpeg 800w\" sizes=\"auto, (max-width: 300px) 100vw, 300px\" \/> <img loading=\"lazy\" decoding=\"async\" class=\"alignnone size-medium wp-image-28440\" src=\"https:\/\/iicolumnas.es\/wp-content\/uploads\/2022\/10\/despedida-anastasio-octubre-2022-10-225x300.jpeg\" alt=\"\" width=\"225\" height=\"300\" srcset=\"https:\/\/iicolumnas.es\/wp-content\/uploads\/2022\/10\/despedida-anastasio-octubre-2022-10-225x300.jpeg 225w, https:\/\/iicolumnas.es\/wp-content\/uploads\/2022\/10\/despedida-anastasio-octubre-2022-10.jpeg 600w\" sizes=\"auto, (max-width: 225px) 100vw, 225px\" \/> <img loading=\"lazy\" decoding=\"async\" class=\"alignnone size-medium wp-image-28441\" src=\"https:\/\/iicolumnas.es\/wp-content\/uploads\/2022\/10\/despedida-anastasio-octubre-2022-11-300x225.jpeg\" alt=\"\" width=\"300\" height=\"225\" srcset=\"https:\/\/iicolumnas.es\/wp-content\/uploads\/2022\/10\/despedida-anastasio-octubre-2022-11-300x225.jpeg 300w, https:\/\/iicolumnas.es\/wp-content\/uploads\/2022\/10\/despedida-anastasio-octubre-2022-11.jpeg 800w\" sizes=\"auto, (max-width: 300px) 100vw, 300px\" \/> <img loading=\"lazy\" decoding=\"async\" class=\"alignnone size-medium wp-image-28442\" src=\"https:\/\/iicolumnas.es\/wp-content\/uploads\/2022\/10\/despedida-anastasio-octubre-2022-12-300x225.jpeg\" alt=\"\" width=\"300\" height=\"225\" srcset=\"https:\/\/iicolumnas.es\/wp-content\/uploads\/2022\/10\/despedida-anastasio-octubre-2022-12-300x225.jpeg 300w, https:\/\/iicolumnas.es\/wp-content\/uploads\/2022\/10\/despedida-anastasio-octubre-2022-12.jpeg 800w\" sizes=\"auto, (max-width: 300px) 100vw, 300px\" \/> <img loading=\"lazy\" decoding=\"async\" class=\"alignnone size-medium wp-image-28443\" src=\"https:\/\/iicolumnas.es\/wp-content\/uploads\/2022\/10\/despedida-anastasio-octubre-2022-13-225x300.jpeg\" alt=\"\" width=\"225\" height=\"300\" srcset=\"https:\/\/iicolumnas.es\/wp-content\/uploads\/2022\/10\/despedida-anastasio-octubre-2022-13-225x300.jpeg 225w, https:\/\/iicolumnas.es\/wp-content\/uploads\/2022\/10\/despedida-anastasio-octubre-2022-13.jpeg 600w\" sizes=\"auto, (max-width: 225px) 100vw, 225px\" \/> <img loading=\"lazy\" decoding=\"async\" class=\"alignnone size-medium wp-image-28444\" src=\"https:\/\/iicolumnas.es\/wp-content\/uploads\/2022\/10\/despedida-anastasio-octubre-2022-14-300x225.jpeg\" alt=\"\" width=\"300\" height=\"225\" srcset=\"https:\/\/iicolumnas.es\/wp-content\/uploads\/2022\/10\/despedida-anastasio-octubre-2022-14-300x225.jpeg 300w, https:\/\/iicolumnas.es\/wp-content\/uploads\/2022\/10\/despedida-anastasio-octubre-2022-14.jpeg 800w\" sizes=\"auto, (max-width: 300px) 100vw, 300px\" \/> <img loading=\"lazy\" decoding=\"async\" class=\"alignnone size-medium wp-image-28445\" src=\"https:\/\/iicolumnas.es\/wp-content\/uploads\/2022\/10\/despedida-anastasio-octubre-2022-15-300x225.jpeg\" alt=\"\" width=\"300\" height=\"225\" srcset=\"https:\/\/iicolumnas.es\/wp-content\/uploads\/2022\/10\/despedida-anastasio-octubre-2022-15-300x225.jpeg 300w, https:\/\/iicolumnas.es\/wp-content\/uploads\/2022\/10\/despedida-anastasio-octubre-2022-15.jpeg 800w\" sizes=\"auto, (max-width: 300px) 100vw, 300px\" \/> <img loading=\"lazy\" decoding=\"async\" class=\"alignnone size-medium wp-image-28446\" src=\"https:\/\/iicolumnas.es\/wp-content\/uploads\/2022\/10\/despedida-anastasio-octubre-2022-16-300x225.jpeg\" alt=\"\" width=\"300\" height=\"225\" srcset=\"https:\/\/iicolumnas.es\/wp-content\/uploads\/2022\/10\/despedida-anastasio-octubre-2022-16-300x225.jpeg 300w, https:\/\/iicolumnas.es\/wp-content\/uploads\/2022\/10\/despedida-anastasio-octubre-2022-16.jpeg 800w\" sizes=\"auto, (max-width: 300px) 100vw, 300px\" \/> <img loading=\"lazy\" decoding=\"async\" class=\"alignnone size-medium wp-image-28447\" src=\"https:\/\/iicolumnas.es\/wp-content\/uploads\/2022\/10\/despedida-anastasio-octubre-2022-17-300x225.jpeg\" alt=\"\" width=\"300\" height=\"225\" srcset=\"https:\/\/iicolumnas.es\/wp-content\/uploads\/2022\/10\/despedida-anastasio-octubre-2022-17-300x225.jpeg 300w, https:\/\/iicolumnas.es\/wp-content\/uploads\/2022\/10\/despedida-anastasio-octubre-2022-17.jpeg 800w\" sizes=\"auto, (max-width: 300px) 100vw, 300px\" \/> <img loading=\"lazy\" decoding=\"async\" class=\"alignnone size-medium wp-image-28448\" src=\"https:\/\/iicolumnas.es\/wp-content\/uploads\/2022\/10\/despedida-anastasio-octubre-2022-18-300x225.jpeg\" alt=\"\" width=\"300\" height=\"225\" srcset=\"https:\/\/iicolumnas.es\/wp-content\/uploads\/2022\/10\/despedida-anastasio-octubre-2022-18-300x225.jpeg 300w, https:\/\/iicolumnas.es\/wp-content\/uploads\/2022\/10\/despedida-anastasio-octubre-2022-18.jpeg 800w\" sizes=\"auto, (max-width: 300px) 100vw, 300px\" \/> <img loading=\"lazy\" decoding=\"async\" class=\"alignnone size-medium wp-image-28449\" src=\"https:\/\/iicolumnas.es\/wp-content\/uploads\/2022\/10\/despedida-anastasio-octubre-2022-19-169x300.jpeg\" alt=\"\" width=\"169\" height=\"300\" srcset=\"https:\/\/iicolumnas.es\/wp-content\/uploads\/2022\/10\/despedida-anastasio-octubre-2022-19-169x300.jpeg 169w, https:\/\/iicolumnas.es\/wp-content\/uploads\/2022\/10\/despedida-anastasio-octubre-2022-19.jpeg 450w\" sizes=\"auto, (max-width: 169px) 100vw, 169px\" \/> <img loading=\"lazy\" decoding=\"async\" class=\"alignnone size-medium wp-image-28450\" src=\"https:\/\/iicolumnas.es\/wp-content\/uploads\/2022\/10\/despedida-anastasio-octubre-2022-20-300x225.jpeg\" alt=\"\" width=\"300\" height=\"225\" srcset=\"https:\/\/iicolumnas.es\/wp-content\/uploads\/2022\/10\/despedida-anastasio-octubre-2022-20-300x225.jpeg 300w, https:\/\/iicolumnas.es\/wp-content\/uploads\/2022\/10\/despedida-anastasio-octubre-2022-20.jpeg 800w\" sizes=\"auto, (max-width: 300px) 100vw, 300px\" \/> <img loading=\"lazy\" decoding=\"async\" class=\"alignnone size-medium wp-image-28451\" src=\"https:\/\/iicolumnas.es\/wp-content\/uploads\/2022\/10\/despedida-anastasio-octubre-2022-21-169x300.jpeg\" alt=\"\" width=\"169\" height=\"300\" srcset=\"https:\/\/iicolumnas.es\/wp-content\/uploads\/2022\/10\/despedida-anastasio-octubre-2022-21-169x300.jpeg 169w, https:\/\/iicolumnas.es\/wp-content\/uploads\/2022\/10\/despedida-anastasio-octubre-2022-21.jpeg 450w\" sizes=\"auto, (max-width: 169px) 100vw, 169px\" \/> <img loading=\"lazy\" decoding=\"async\" class=\"alignnone size-medium wp-image-28452\" src=\"https:\/\/iicolumnas.es\/wp-content\/uploads\/2022\/10\/despedida-anastasio-octubre-2022-22-300x225.jpeg\" alt=\"\" width=\"300\" height=\"225\" srcset=\"https:\/\/iicolumnas.es\/wp-content\/uploads\/2022\/10\/despedida-anastasio-octubre-2022-22-300x225.jpeg 300w, https:\/\/iicolumnas.es\/wp-content\/uploads\/2022\/10\/despedida-anastasio-octubre-2022-22.jpeg 800w\" sizes=\"auto, (max-width: 300px) 100vw, 300px\" \/> <img loading=\"lazy\" decoding=\"async\" class=\"alignnone size-medium wp-image-28453\" src=\"https:\/\/iicolumnas.es\/wp-content\/uploads\/2022\/10\/despedida-anastasio-octubre-2022-23-169x300.jpeg\" alt=\"\" width=\"169\" height=\"300\" srcset=\"https:\/\/iicolumnas.es\/wp-content\/uploads\/2022\/10\/despedida-anastasio-octubre-2022-23-169x300.jpeg 169w, https:\/\/iicolumnas.es\/wp-content\/uploads\/2022\/10\/despedida-anastasio-octubre-2022-23.jpeg 450w\" sizes=\"auto, (max-width: 169px) 100vw, 169px\" \/> <img loading=\"lazy\" decoding=\"async\" class=\"alignnone size-medium wp-image-28454\" src=\"https:\/\/iicolumnas.es\/wp-content\/uploads\/2022\/10\/despedida-anastasio-octubre-2022-24-300x225.jpeg\" alt=\"\" width=\"300\" height=\"225\" srcset=\"https:\/\/iicolumnas.es\/wp-content\/uploads\/2022\/10\/despedida-anastasio-octubre-2022-24-300x225.jpeg 300w, https:\/\/iicolumnas.es\/wp-content\/uploads\/2022\/10\/despedida-anastasio-octubre-2022-24.jpeg 800w\" sizes=\"auto, (max-width: 300px) 100vw, 300px\" \/> <img loading=\"lazy\" decoding=\"async\" class=\"alignnone size-medium wp-image-28455\" src=\"https:\/\/iicolumnas.es\/wp-content\/uploads\/2022\/10\/despedida-anastasio-octubre-2022-25-300x225.jpeg\" alt=\"\" width=\"300\" height=\"225\" srcset=\"https:\/\/iicolumnas.es\/wp-content\/uploads\/2022\/10\/despedida-anastasio-octubre-2022-25-300x225.jpeg 300w, https:\/\/iicolumnas.es\/wp-content\/uploads\/2022\/10\/despedida-anastasio-octubre-2022-25.jpeg 800w\" sizes=\"auto, (max-width: 300px) 100vw, 300px\" \/><\/p>\n","protected":false},"excerpt":{"rendered":"<p>Hoy ser\u00e1 el \u00faltimo d\u00eda que Anastasio dar\u00e1 su \u00faltima misa como p\u00e1rroco de Cantalpino antes de convertirse oficialmente en el p\u00e1rroco de nuestro vecino Cantalapiedra. Catequistas, miembros del coro y otros feligreses como&#46;&#46;&#46;<\/p>\n","protected":false},"author":20,"featured_media":28443,"comment_status":"open","ping_status":"open","sticky":false,"template":"","format":"standard","meta":{"footnotes":""},"categories":[1],"tags":[1175,1425,2185],"class_list":["post-28430","post","type-post","status-publish","format-standard","has-post-thumbnail","hentry","category-actualidad","tag-anastasio","tag-iglesia","tag-octubre-2022"],"yoast_head":"<!-- This site is optimized with the Yoast SEO plugin v26.6 - https:\/\/yoast.com\/wordpress\/plugins\/seo\/ -->\n<title>Cantalpino se despide de nuestro p\u00e1rroco Anastasio - Dos Columnas<\/title>\n<meta name=\"robots\" content=\"index, follow, max-snippet:-1, max-image-preview:large, max-video-preview:-1\" \/>\n<link rel=\"canonical\" href=\"https:\/\/iicolumnas.es\/index.php\/actualidad\/2022\/10\/09\/cantalpino-se-despide-de-nuestro-parroco-anastasio\/\" \/>\n<meta property=\"og:locale\" content=\"es_ES\" \/>\n<meta property=\"og:type\" content=\"article\" \/>\n<meta property=\"og:title\" content=\"Cantalpino se despide de nuestro p\u00e1rroco Anastasio - Dos Columnas\" \/>\n<meta property=\"og:description\" content=\"Hoy ser\u00e1 el \u00faltimo d\u00eda que Anastasio dar\u00e1 su \u00faltima misa como p\u00e1rroco de Cantalpino antes de convertirse oficialmente en el p\u00e1rroco de nuestro vecino Cantalapiedra. Catequistas, miembros del coro y otros feligreses como&#046;&#046;&#046;\" \/>\n<meta property=\"og:url\" content=\"https:\/\/iicolumnas.es\/index.php\/actualidad\/2022\/10\/09\/cantalpino-se-despide-de-nuestro-parroco-anastasio\/\" \/>\n<meta property=\"og:site_name\" content=\"Dos Columnas\" \/>\n<meta property=\"article:publisher\" content=\"https:\/\/www.facebook.com\/iicolumnas\/\" \/>\n<meta property=\"article:published_time\" content=\"2022-10-09T10:34:57+00:00\" \/>\n<meta property=\"og:image\" content=\"https:\/\/iicolumnas.es\/wp-content\/uploads\/2022\/10\/despedida-anastasio-octubre-2022-13.jpeg\" \/>\n\t<meta property=\"og:image:width\" content=\"600\" \/>\n\t<meta property=\"og:image:height\" content=\"800\" \/>\n\t<meta property=\"og:image:type\" content=\"image\/jpeg\" \/>\n<meta name=\"author\" content=\"Jonathan Mart\u00edn Poveda\" \/>\n<meta name=\"twitter:card\" content=\"summary_large_image\" \/>\n<meta name=\"twitter:creator\" content=\"@iicolumnas\" \/>\n<meta name=\"twitter:site\" content=\"@iicolumnas\" \/>\n<meta name=\"twitter:label1\" content=\"Escrito por\" \/>\n\t<meta name=\"twitter:data1\" content=\"Jonathan Mart\u00edn Poveda\" \/>\n\t<meta name=\"twitter:label2\" content=\"Tiempo de lectura\" \/>\n\t<meta name=\"twitter:data2\" content=\"6 minutos\" \/>\n<script type=\"application\/ld+json\" class=\"yoast-schema-graph\">{\"@context\":\"https:\/\/schema.org\",\"@graph\":[{\"@type\":\"WebPage\",\"@id\":\"https:\/\/iicolumnas.es\/index.php\/actualidad\/2022\/10\/09\/cantalpino-se-despide-de-nuestro-parroco-anastasio\/\",\"url\":\"https:\/\/iicolumnas.es\/index.php\/actualidad\/2022\/10\/09\/cantalpino-se-despide-de-nuestro-parroco-anastasio\/\",\"name\":\"Cantalpino se despide de nuestro p\u00e1rroco Anastasio - Dos Columnas\",\"isPartOf\":{\"@id\":\"https:\/\/iicolumnas.es\/#website\"},\"primaryImageOfPage\":{\"@id\":\"https:\/\/iicolumnas.es\/index.php\/actualidad\/2022\/10\/09\/cantalpino-se-despide-de-nuestro-parroco-anastasio\/#primaryimage\"},\"image\":{\"@id\":\"https:\/\/iicolumnas.es\/index.php\/actualidad\/2022\/10\/09\/cantalpino-se-despide-de-nuestro-parroco-anastasio\/#primaryimage\"},\"thumbnailUrl\":\"https:\/\/iicolumnas.es\/wp-content\/uploads\/2022\/10\/despedida-anastasio-octubre-2022-13.jpeg\",\"datePublished\":\"2022-10-09T10:34:57+00:00\",\"author\":{\"@id\":\"https:\/\/iicolumnas.es\/#\/schema\/person\/d512d18684f02fab7bbd32f31cc9265f\"},\"breadcrumb\":{\"@id\":\"https:\/\/iicolumnas.es\/index.php\/actualidad\/2022\/10\/09\/cantalpino-se-despide-de-nuestro-parroco-anastasio\/#breadcrumb\"},\"inLanguage\":\"es\",\"potentialAction\":[{\"@type\":\"ReadAction\",\"target\":[\"https:\/\/iicolumnas.es\/index.php\/actualidad\/2022\/10\/09\/cantalpino-se-despide-de-nuestro-parroco-anastasio\/\"]}]},{\"@type\":\"ImageObject\",\"inLanguage\":\"es\",\"@id\":\"https:\/\/iicolumnas.es\/index.php\/actualidad\/2022\/10\/09\/cantalpino-se-despide-de-nuestro-parroco-anastasio\/#primaryimage\",\"url\":\"https:\/\/iicolumnas.es\/wp-content\/uploads\/2022\/10\/despedida-anastasio-octubre-2022-13.jpeg\",\"contentUrl\":\"https:\/\/iicolumnas.es\/wp-content\/uploads\/2022\/10\/despedida-anastasio-octubre-2022-13.jpeg\",\"width\":600,\"height\":800},{\"@type\":\"BreadcrumbList\",\"@id\":\"https:\/\/iicolumnas.es\/index.php\/actualidad\/2022\/10\/09\/cantalpino-se-despide-de-nuestro-parroco-anastasio\/#breadcrumb\",\"itemListElement\":[{\"@type\":\"ListItem\",\"position\":1,\"name\":\"Portada\",\"item\":\"https:\/\/iicolumnas.es\/\"},{\"@type\":\"ListItem\",\"position\":2,\"name\":\"Actualidad\",\"item\":\"https:\/\/iicolumnas.es\/index.php\/category\/actualidad\/\"},{\"@type\":\"ListItem\",\"position\":3,\"name\":\"Cantalpino se despide de nuestro p\u00e1rroco Anastasio\"}]},{\"@type\":\"WebSite\",\"@id\":\"https:\/\/iicolumnas.es\/#website\",\"url\":\"https:\/\/iicolumnas.es\/\",\"name\":\"Dos Columnas\",\"description\":\"El peri\u00f3dico de la villa de Cantalpino\",\"potentialAction\":[{\"@type\":\"SearchAction\",\"target\":{\"@type\":\"EntryPoint\",\"urlTemplate\":\"https:\/\/iicolumnas.es\/?s={search_term_string}\"},\"query-input\":{\"@type\":\"PropertyValueSpecification\",\"valueRequired\":true,\"valueName\":\"search_term_string\"}}],\"inLanguage\":\"es\"},{\"@type\":\"Person\",\"@id\":\"https:\/\/iicolumnas.es\/#\/schema\/person\/d512d18684f02fab7bbd32f31cc9265f\",\"name\":\"Jonathan Mart\u00edn Poveda\",\"image\":{\"@type\":\"ImageObject\",\"inLanguage\":\"es\",\"@id\":\"https:\/\/iicolumnas.es\/#\/schema\/person\/image\/\",\"url\":\"https:\/\/secure.gravatar.com\/avatar\/366e45604278ba83b52b7877bdb6e17a592c40232732283938262b196447828c?s=96&d=mm&r=g\",\"contentUrl\":\"https:\/\/secure.gravatar.com\/avatar\/366e45604278ba83b52b7877bdb6e17a592c40232732283938262b196447828c?s=96&d=mm&r=g\",\"caption\":\"Jonathan Mart\u00edn Poveda\"}}]}<\/script>\n<!-- \/ Yoast SEO plugin. -->","yoast_head_json":{"title":"Cantalpino se despide de nuestro p\u00e1rroco Anastasio - Dos Columnas","robots":{"index":"index","follow":"follow","max-snippet":"max-snippet:-1","max-image-preview":"max-image-preview:large","max-video-preview":"max-video-preview:-1"},"canonical":"https:\/\/iicolumnas.es\/index.php\/actualidad\/2022\/10\/09\/cantalpino-se-despide-de-nuestro-parroco-anastasio\/","og_locale":"es_ES","og_type":"article","og_title":"Cantalpino se despide de nuestro p\u00e1rroco Anastasio - Dos Columnas","og_description":"Hoy ser\u00e1 el \u00faltimo d\u00eda que Anastasio dar\u00e1 su \u00faltima misa como p\u00e1rroco de Cantalpino antes de convertirse oficialmente en el p\u00e1rroco de nuestro vecino Cantalapiedra. Catequistas, miembros del coro y otros feligreses como&#46;&#46;&#46;","og_url":"https:\/\/iicolumnas.es\/index.php\/actualidad\/2022\/10\/09\/cantalpino-se-despide-de-nuestro-parroco-anastasio\/","og_site_name":"Dos Columnas","article_publisher":"https:\/\/www.facebook.com\/iicolumnas\/","article_published_time":"2022-10-09T10:34:57+00:00","og_image":[{"width":600,"height":800,"url":"https:\/\/iicolumnas.es\/wp-content\/uploads\/2022\/10\/despedida-anastasio-octubre-2022-13.jpeg","type":"image\/jpeg"}],"author":"Jonathan Mart\u00edn Poveda","twitter_card":"summary_large_image","twitter_creator":"@iicolumnas","twitter_site":"@iicolumnas","twitter_misc":{"Escrito por":"Jonathan Mart\u00edn Poveda","Tiempo de lectura":"6 minutos"},"schema":{"@context":"https:\/\/schema.org","@graph":[{"@type":"WebPage","@id":"https:\/\/iicolumnas.es\/index.php\/actualidad\/2022\/10\/09\/cantalpino-se-despide-de-nuestro-parroco-anastasio\/","url":"https:\/\/iicolumnas.es\/index.php\/actualidad\/2022\/10\/09\/cantalpino-se-despide-de-nuestro-parroco-anastasio\/","name":"Cantalpino se despide de nuestro p\u00e1rroco Anastasio - Dos Columnas","isPartOf":{"@id":"https:\/\/iicolumnas.es\/#website"},"primaryImageOfPage":{"@id":"https:\/\/iicolumnas.es\/index.php\/actualidad\/2022\/10\/09\/cantalpino-se-despide-de-nuestro-parroco-anastasio\/#primaryimage"},"image":{"@id":"https:\/\/iicolumnas.es\/index.php\/actualidad\/2022\/10\/09\/cantalpino-se-despide-de-nuestro-parroco-anastasio\/#primaryimage"},"thumbnailUrl":"https:\/\/iicolumnas.es\/wp-content\/uploads\/2022\/10\/despedida-anastasio-octubre-2022-13.jpeg","datePublished":"2022-10-09T10:34:57+00:00","author":{"@id":"https:\/\/iicolumnas.es\/#\/schema\/person\/d512d18684f02fab7bbd32f31cc9265f"},"breadcrumb":{"@id":"https:\/\/iicolumnas.es\/index.php\/actualidad\/2022\/10\/09\/cantalpino-se-despide-de-nuestro-parroco-anastasio\/#breadcrumb"},"inLanguage":"es","potentialAction":[{"@type":"ReadAction","target":["https:\/\/iicolumnas.es\/index.php\/actualidad\/2022\/10\/09\/cantalpino-se-despide-de-nuestro-parroco-anastasio\/"]}]},{"@type":"ImageObject","inLanguage":"es","@id":"https:\/\/iicolumnas.es\/index.php\/actualidad\/2022\/10\/09\/cantalpino-se-despide-de-nuestro-parroco-anastasio\/#primaryimage","url":"https:\/\/iicolumnas.es\/wp-content\/uploads\/2022\/10\/despedida-anastasio-octubre-2022-13.jpeg","contentUrl":"https:\/\/iicolumnas.es\/wp-content\/uploads\/2022\/10\/despedida-anastasio-octubre-2022-13.jpeg","width":600,"height":800},{"@type":"BreadcrumbList","@id":"https:\/\/iicolumnas.es\/index.php\/actualidad\/2022\/10\/09\/cantalpino-se-despide-de-nuestro-parroco-anastasio\/#breadcrumb","itemListElement":[{"@type":"ListItem","position":1,"name":"Portada","item":"https:\/\/iicolumnas.es\/"},{"@type":"ListItem","position":2,"name":"Actualidad","item":"https:\/\/iicolumnas.es\/index.php\/category\/actualidad\/"},{"@type":"ListItem","position":3,"name":"Cantalpino se despide de nuestro p\u00e1rroco Anastasio"}]},{"@type":"WebSite","@id":"https:\/\/iicolumnas.es\/#website","url":"https:\/\/iicolumnas.es\/","name":"Dos Columnas","description":"El peri\u00f3dico de la villa de Cantalpino","potentialAction":[{"@type":"SearchAction","target":{"@type":"EntryPoint","urlTemplate":"https:\/\/iicolumnas.es\/?s={search_term_string}"},"query-input":{"@type":"PropertyValueSpecification","valueRequired":true,"valueName":"search_term_string"}}],"inLanguage":"es"},{"@type":"Person","@id":"https:\/\/iicolumnas.es\/#\/schema\/person\/d512d18684f02fab7bbd32f31cc9265f","name":"Jonathan Mart\u00edn Poveda","image":{"@type":"ImageObject","inLanguage":"es","@id":"https:\/\/iicolumnas.es\/#\/schema\/person\/image\/","url":"https:\/\/secure.gravatar.com\/avatar\/366e45604278ba83b52b7877bdb6e17a592c40232732283938262b196447828c?s=96&d=mm&r=g","contentUrl":"https:\/\/secure.gravatar.com\/avatar\/366e45604278ba83b52b7877bdb6e17a592c40232732283938262b196447828c?s=96&d=mm&r=g","caption":"Jonathan Mart\u00edn Poveda"}}]}},"_links":{"self":[{"href":"https:\/\/iicolumnas.es\/index.php\/wp-json\/wp\/v2\/posts\/28430","targetHints":{"allow":["GET"]}}],"collection":[{"href":"https:\/\/iicolumnas.es\/index.php\/wp-json\/wp\/v2\/posts"}],"about":[{"href":"https:\/\/iicolumnas.es\/index.php\/wp-json\/wp\/v2\/types\/post"}],"author":[{"embeddable":true,"href":"https:\/\/iicolumnas.es\/index.php\/wp-json\/wp\/v2\/users\/20"}],"replies":[{"embeddable":true,"href":"https:\/\/iicolumnas.es\/index.php\/wp-json\/wp\/v2\/comments?post=28430"}],"version-history":[{"count":2,"href":"https:\/\/iicolumnas.es\/index.php\/wp-json\/wp\/v2\/posts\/28430\/revisions"}],"predecessor-version":[{"id":28457,"href":"https:\/\/iicolumnas.es\/index.php\/wp-json\/wp\/v2\/posts\/28430\/revisions\/28457"}],"wp:featuredmedia":[{"embeddable":true,"href":"https:\/\/iicolumnas.es\/index.php\/wp-json\/wp\/v2\/media\/28443"}],"wp:attachment":[{"href":"https:\/\/iicolumnas.es\/index.php\/wp-json\/wp\/v2\/media?parent=28430"}],"wp:term":[{"taxonomy":"category","embeddable":true,"href":"https:\/\/iicolumnas.es\/index.php\/wp-json\/wp\/v2\/categories?post=28430"},{"taxonomy":"post_tag","embeddable":true,"href":"https:\/\/iicolumnas.es\/index.php\/wp-json\/wp\/v2\/tags?post=28430"}],"curies":[{"name":"wp","href":"https:\/\/api.w.org\/{rel}","templated":true}]}}