{"id":2768,"date":"2016-05-06T15:07:46","date_gmt":"2016-05-06T15:07:46","guid":{"rendered":"https:\/\/iicolumnas.es\/?p=2768"},"modified":"2016-05-08T12:33:57","modified_gmt":"2016-05-08T12:33:57","slug":"que-es-poesia","status":"publish","type":"post","link":"https:\/\/iicolumnas.es\/index.php\/actualidad\/2016\/05\/06\/que-es-poesia\/","title":{"rendered":"\u00bfQu\u00e9 es poes\u00eda?"},"content":{"rendered":"<p style=\"text-align: justify;\">Los ni\u00f1os del colegio Eusebia Palomino concluyeron el pasado 25 de abril las actividades programadas para conmemorar el D\u00eda de Libro con un taller sobre poes\u00eda y un cuentacuentos. Los alumnos de ambos centros -de Arabayona y Cantalpino- han disfrutado de un cuento y, para concluir, han recitado, por edades, un poema para el resto de sus compa\u00f1eros, donde alumnos y maestros se han enriquecido del amplio marco literario existente en la actualidad.<\/p>\n<p style=\"text-align: justify;\">La sesi\u00f3n comenz\u00f3 con un recital en el que los alumnos se limitaron a escuchar historias y adivinanzas, intentando resolver estas \u00faltimas a trav\u00e9s de m\u00edmica, palabras y dibujos y acabaron sumergi\u00e9ndose en el especializado mundo literario de la poes\u00eda.<\/p>\n<p style=\"text-align: justify;\">El C.R.A. Eusebia Palomino finaliza as\u00ed todas las actividades del D\u00eda del Libro siendo esta \u00faltima un acierto, no solo por el inter\u00e9s mostrado si no tambi\u00e9n por el esfuerzo que supone hilar versos con musicalidad y ritmo adecuado. Cada uno de lo alumnos, a nivel individual, han recitado sus propias poes\u00edas que, en mayor o menor medida, han destacado por su originalidad.<\/p>\n<p style=\"text-align: justify;\">Galer\u00eda de im\u00e1genes cedida por el C.R.A. Eusebia Palomino.<\/p>\n<p style=\"text-align: center;\"><div id=\"metaslider-id-2852\" style=\"max-width: 800px; margin: 0 auto;\" class=\"ml-slider-3-104-0 metaslider metaslider-nivo metaslider-2852 ml-slider ms-theme-default\" role=\"region\" aria-label=\"poesia colegio\" data-height=\"600\" data-width=\"800\">\n    <div id=\"metaslider_container_2852\">\n        <div class='slider-wrapper theme-default'><div class='ribbon'><\/div><div id='metaslider_2852' class='nivoSlider'><img loading=\"lazy\" decoding=\"async\" src=\"https:\/\/iicolumnas.es\/wp-content\/uploads\/2016\/05\/poesia-cra-eusebia-palomino17-800x600.jpg\" height=\"600\" width=\"800\" title=\"poes\u00eda cra eusebia palomino\" alt=\"poes\u00eda cra eusebia palomino\" class=\"slider-2852 slide-2864 msDefaultImage\" \/><img loading=\"lazy\" decoding=\"async\" src=\"https:\/\/iicolumnas.es\/wp-content\/uploads\/2016\/05\/poesia-cra-eusebia-palomino39-800x600.jpg\" height=\"600\" width=\"800\" title=\"poes\u00eda cra eusebia palomino\" alt=\"poes\u00eda cra eusebia palomino\" class=\"slider-2852 slide-2871 msDefaultImage\" \/><img loading=\"lazy\" decoding=\"async\" src=\"https:\/\/iicolumnas.es\/wp-content\/uploads\/2016\/05\/poesia-arabayona-637x478.jpg\" height=\"600\" width=\"800\" title=\"poes\u00eda cra eusebia palomino\" alt=\"poes\u00eda cra eusebia palomino\" class=\"slider-2852 slide-2857 msDefaultImage\" \/><img loading=\"lazy\" decoding=\"async\" src=\"https:\/\/iicolumnas.es\/wp-content\/uploads\/2016\/05\/poesia-cra-eusebia-palomino09-800x600.jpg\" height=\"600\" width=\"800\" title=\"poes\u00eda cra eusebia palomino\" alt=\"poes\u00eda cra eusebia palomino\" class=\"slider-2852 slide-2861 msDefaultImage\" \/><img loading=\"lazy\" decoding=\"async\" src=\"https:\/\/iicolumnas.es\/wp-content\/uploads\/2016\/05\/poesia-cra-eusebia-palomino81-800x600.jpg\" height=\"600\" width=\"800\" title=\"poes\u00eda cra eusebia palomino\" alt=\"poes\u00eda cra eusebia palomino\" class=\"slider-2852 slide-2900 msDefaultImage\" \/><img loading=\"lazy\" decoding=\"async\" src=\"https:\/\/iicolumnas.es\/wp-content\/uploads\/2016\/05\/poesia-cra-eusebia-palomino47-800x600.jpg\" height=\"600\" width=\"800\" title=\"poes\u00eda cra eusebia palomino\" alt=\"poes\u00eda cra eusebia palomino\" class=\"slider-2852 slide-2876 msDefaultImage\" \/><img loading=\"lazy\" decoding=\"async\" src=\"https:\/\/iicolumnas.es\/wp-content\/uploads\/2016\/05\/poesia-cra-eusebia-palomino58-800x600.jpg\" height=\"600\" width=\"800\" title=\"poes\u00eda cra eusebia palomino\" alt=\"poes\u00eda cra eusebia palomino\" class=\"slider-2852 slide-2880 msDefaultImage\" \/><img loading=\"lazy\" decoding=\"async\" src=\"https:\/\/iicolumnas.es\/wp-content\/uploads\/2016\/05\/poesia-cra-eusebia-palomino72-2-800x600.jpg\" height=\"600\" width=\"800\" title=\"poes\u00eda cra eusebia palomino\" alt=\"poes\u00eda cra eusebia palomino\" class=\"slider-2852 slide-2891 msDefaultImage\" \/><img loading=\"lazy\" decoding=\"async\" src=\"https:\/\/iicolumnas.es\/wp-content\/uploads\/2016\/05\/poesia-cra-eusebia-palomino54-800x600.jpg\" height=\"600\" width=\"800\" title=\"poes\u00eda cra eusebia palomino\" alt=\"poes\u00eda cra eusebia palomino\" class=\"slider-2852 slide-2878 msDefaultImage\" \/><img loading=\"lazy\" decoding=\"async\" src=\"https:\/\/iicolumnas.es\/wp-content\/uploads\/2016\/05\/poesia-cra-eusebia-palomino42-800x600.jpg\" height=\"600\" width=\"800\" title=\"poes\u00eda cra eusebia palomino\" alt=\"poes\u00eda cra eusebia palomino\" class=\"slider-2852 slide-2873 msDefaultImage\" \/><img loading=\"lazy\" decoding=\"async\" src=\"https:\/\/iicolumnas.es\/wp-content\/uploads\/2016\/05\/poesia-cra-eusebia-palomino10-800x600.jpg\" height=\"600\" width=\"800\" title=\"poes\u00eda cra eusebia palomino\" alt=\"poes\u00eda cra eusebia palomino\" class=\"slider-2852 slide-2862 msDefaultImage\" \/><img loading=\"lazy\" decoding=\"async\" src=\"https:\/\/iicolumnas.es\/wp-content\/uploads\/2016\/05\/poesia-cra-eusebia-palomino38-800x600.jpg\" height=\"600\" width=\"800\" title=\"poes\u00eda cra eusebia palomino\" alt=\"poes\u00eda cra eusebia palomino\" class=\"slider-2852 slide-2870 msDefaultImage\" \/><img loading=\"lazy\" decoding=\"async\" src=\"https:\/\/iicolumnas.es\/wp-content\/uploads\/2016\/05\/poesia-cra-eusebia-palomino86-800x600.jpg\" height=\"600\" width=\"800\" title=\"poes\u00eda cra eusebia palomino\" alt=\"poes\u00eda cra eusebia palomino\" class=\"slider-2852 slide-2904 msDefaultImage\" \/><img loading=\"lazy\" decoding=\"async\" src=\"https:\/\/iicolumnas.es\/wp-content\/uploads\/2016\/05\/poesia-cra-eusebia-palomino44-800x600.jpg\" height=\"600\" width=\"800\" title=\"poes\u00eda cra eusebia palomino\" alt=\"poes\u00eda cra eusebia palomino\" class=\"slider-2852 slide-2874 msDefaultImage\" \/><img loading=\"lazy\" decoding=\"async\" src=\"https:\/\/iicolumnas.es\/wp-content\/uploads\/2016\/05\/poesia-cra-eusebia-palomino41-800x600.jpg\" height=\"600\" width=\"800\" title=\"poes\u00eda cra eusebia palomino\" alt=\"poes\u00eda cra eusebia palomino\" class=\"slider-2852 slide-2872 msDefaultImage\" \/><img loading=\"lazy\" decoding=\"async\" src=\"https:\/\/iicolumnas.es\/wp-content\/uploads\/2016\/05\/poesia-cra-eusebia-palomino72-800x600.jpg\" height=\"600\" width=\"800\" title=\"poes\u00eda cra eusebia palomino\" alt=\"poes\u00eda cra eusebia palomino\" class=\"slider-2852 slide-2892 msDefaultImage\" \/><img loading=\"lazy\" decoding=\"async\" src=\"https:\/\/iicolumnas.es\/wp-content\/uploads\/2016\/05\/poesia-cra-eusebia-palomino67-800x600.jpg\" height=\"600\" width=\"800\" title=\"poes\u00eda cra eusebia palomino\" alt=\"poes\u00eda cra eusebia palomino\" class=\"slider-2852 slide-2886 msDefaultImage\" \/><img loading=\"lazy\" decoding=\"async\" src=\"https:\/\/iicolumnas.es\/wp-content\/uploads\/2016\/05\/poesia-cra-eusebia-palomino34-800x600.jpg\" height=\"600\" width=\"800\" title=\"poes\u00eda cra eusebia palomino\" alt=\"poes\u00eda cra eusebia palomino\" class=\"slider-2852 slide-2868 msDefaultImage\" \/><img loading=\"lazy\" decoding=\"async\" src=\"https:\/\/iicolumnas.es\/wp-content\/uploads\/2016\/05\/poesia-cra-eusebia-palomino37-800x600.jpg\" height=\"600\" width=\"800\" title=\"poes\u00eda cra eusebia palomino\" alt=\"poes\u00eda cra eusebia palomino\" class=\"slider-2852 slide-2869 msDefaultImage\" \/><img loading=\"lazy\" decoding=\"async\" src=\"https:\/\/iicolumnas.es\/wp-content\/uploads\/2016\/05\/poesia-cra-eusebia-palomino24-800x600.jpg\" height=\"600\" width=\"800\" title=\"poes\u00eda cra eusebia palomino\" alt=\"poes\u00eda cra eusebia palomino\" class=\"slider-2852 slide-2865 msDefaultImage\" \/><img loading=\"lazy\" decoding=\"async\" src=\"https:\/\/iicolumnas.es\/wp-content\/uploads\/2016\/05\/poesia-cra-eusebia-palomino73-800x600.jpg\" height=\"600\" width=\"800\" title=\"poes\u00eda cra eusebia palomino\" alt=\"poes\u00eda cra eusebia palomino\" class=\"slider-2852 slide-2893 msDefaultImage\" \/><img loading=\"lazy\" decoding=\"async\" src=\"https:\/\/iicolumnas.es\/wp-content\/uploads\/2016\/05\/poesia-cra-eusebia-palomino55-800x600.jpg\" height=\"600\" width=\"800\" title=\"poes\u00eda cra eusebia palomino\" alt=\"poes\u00eda cra eusebia palomino\" class=\"slider-2852 slide-2879 msDefaultImage\" \/><img loading=\"lazy\" decoding=\"async\" src=\"https:\/\/iicolumnas.es\/wp-content\/uploads\/2016\/05\/poesia-cra-eusebia-palomino94-800x600.jpg\" height=\"600\" width=\"800\" title=\"poes\u00eda cra eusebia palomino\" alt=\"poes\u00eda cra eusebia palomino\" class=\"slider-2852 slide-2906 msDefaultImage\" \/><img loading=\"lazy\" decoding=\"async\" src=\"https:\/\/iicolumnas.es\/wp-content\/uploads\/2016\/05\/poesia-cra-eusebia-palomino84-800x600.jpg\" height=\"600\" width=\"800\" title=\"poes\u00eda cra eusebia palomino\" alt=\"poes\u00eda cra eusebia palomino\" class=\"slider-2852 slide-2903 msDefaultImage\" \/><img loading=\"lazy\" decoding=\"async\" src=\"https:\/\/iicolumnas.es\/wp-content\/uploads\/2016\/05\/poesia-cra-eusebia-palomino95-800x600.jpg\" height=\"600\" width=\"800\" title=\"poes\u00eda cra eusebia palomino\" alt=\"poes\u00eda cra eusebia palomino\" class=\"slider-2852 slide-2907 msDefaultImage\" \/><img loading=\"lazy\" decoding=\"async\" src=\"https:\/\/iicolumnas.es\/wp-content\/uploads\/2016\/05\/poesia-cra-eusebia-palomino45-800x600.jpg\" height=\"600\" width=\"800\" title=\"poes\u00eda cra eusebia palomino\" alt=\"poes\u00eda cra eusebia palomino\" class=\"slider-2852 slide-2875 msDefaultImage\" \/><img loading=\"lazy\" decoding=\"async\" src=\"https:\/\/iicolumnas.es\/wp-content\/uploads\/2016\/05\/poesia-cra-eusebia-palomino82-800x600.jpg\" height=\"600\" width=\"800\" title=\"poes\u00eda cra eusebia palomino\" alt=\"poes\u00eda cra eusebia palomino\" class=\"slider-2852 slide-2901 msDefaultImage\" \/><img loading=\"lazy\" decoding=\"async\" src=\"https:\/\/iicolumnas.es\/wp-content\/uploads\/2016\/05\/poesia-cra-eusebia-palomino69-800x600.jpg\" height=\"600\" width=\"800\" title=\"poes\u00eda cra eusebia palomino\" alt=\"poes\u00eda cra eusebia palomino\" class=\"slider-2852 slide-2888 msDefaultImage\" \/><img loading=\"lazy\" decoding=\"async\" src=\"https:\/\/iicolumnas.es\/wp-content\/uploads\/2016\/05\/poesia-cra-eusebia-palomino06-800x600.jpg\" height=\"600\" width=\"800\" title=\"poes\u00eda cra eusebia palomino\" alt=\"poes\u00eda cra eusebia palomino\" class=\"slider-2852 slide-2860 msDefaultImage\" \/><img loading=\"lazy\" decoding=\"async\" src=\"https:\/\/iicolumnas.es\/wp-content\/uploads\/2016\/05\/poesia-cra-eusebia-palomino79-800x600.jpg\" height=\"600\" width=\"800\" title=\"poes\u00eda cra eusebia palomino\" alt=\"poes\u00eda cra eusebia palomino\" class=\"slider-2852 slide-2898 msDefaultImage\" \/><img loading=\"lazy\" decoding=\"async\" src=\"https:\/\/iicolumnas.es\/wp-content\/uploads\/2016\/05\/poesia-cra-eusebia-palomino03-800x600.jpg\" height=\"600\" width=\"800\" title=\"poes\u00eda cra eusebia palomino\" alt=\"poes\u00eda cra eusebia palomino\" class=\"slider-2852 slide-2858 msDefaultImage\" \/><img loading=\"lazy\" decoding=\"async\" src=\"https:\/\/iicolumnas.es\/wp-content\/uploads\/2016\/05\/poesia-cra-eusebia-palomino13-800x600.jpg\" height=\"600\" width=\"800\" title=\"poes\u00eda cra eusebia palomino\" alt=\"poes\u00eda cra eusebia palomino\" class=\"slider-2852 slide-2863 msDefaultImage\" \/><img loading=\"lazy\" decoding=\"async\" src=\"https:\/\/iicolumnas.es\/wp-content\/uploads\/2016\/05\/poesia-cra-eusebia-palomino78-800x600.jpg\" height=\"600\" width=\"800\" title=\"poes\u00eda cra eusebia palomino\" alt=\"poes\u00eda cra eusebia palomino\" class=\"slider-2852 slide-2897 msDefaultImage\" \/><img loading=\"lazy\" decoding=\"async\" src=\"https:\/\/iicolumnas.es\/wp-content\/uploads\/2016\/05\/poesia-cra-eusebia-palomino69-2-800x600.jpg\" height=\"600\" width=\"800\" title=\"poes\u00eda cra eusebia palomino\" alt=\"poes\u00eda cra eusebia palomino\" class=\"slider-2852 slide-2887 msDefaultImage\" \/><img loading=\"lazy\" decoding=\"async\" src=\"https:\/\/iicolumnas.es\/wp-content\/uploads\/2016\/05\/poesia-cra-eusebia-palomino71-800x600.jpg\" height=\"600\" width=\"800\" title=\"poes\u00eda cra eusebia palomino\" alt=\"poes\u00eda cra eusebia palomino\" class=\"slider-2852 slide-2890 msDefaultImage\" \/><img loading=\"lazy\" decoding=\"async\" src=\"https:\/\/iicolumnas.es\/wp-content\/uploads\/2016\/05\/poesia-cra-eusebia-palomino74-800x600.jpg\" height=\"600\" width=\"800\" title=\"poes\u00eda cra eusebia palomino\" alt=\"poes\u00eda cra eusebia palomino\" class=\"slider-2852 slide-2894 msDefaultImage\" \/><img loading=\"lazy\" decoding=\"async\" src=\"https:\/\/iicolumnas.es\/wp-content\/uploads\/2016\/05\/poesia-cra-eusebia-palomino05-800x600.jpg\" height=\"600\" width=\"800\" title=\"poes\u00eda cra eusebia palomino\" alt=\"poes\u00eda cra eusebia palomino\" class=\"slider-2852 slide-2859 msDefaultImage\" \/><img loading=\"lazy\" decoding=\"async\" src=\"https:\/\/iicolumnas.es\/wp-content\/uploads\/2016\/05\/poesia-cra-eusebia-palomino64-800x600.jpg\" height=\"600\" width=\"800\" title=\"poes\u00eda cra eusebia palomino\" alt=\"poes\u00eda cra eusebia palomino\" class=\"slider-2852 slide-2911 msDefaultImage\" \/><img loading=\"lazy\" decoding=\"async\" src=\"https:\/\/iicolumnas.es\/wp-content\/uploads\/2016\/05\/poesia-cra-eusebia-palomino99-800x600.jpg\" height=\"600\" width=\"800\" title=\"poes\u00eda cra eusebia palomino\" alt=\"poes\u00eda cra eusebia palomino\" class=\"slider-2852 slide-2910 msDefaultImage\" \/><img loading=\"lazy\" decoding=\"async\" src=\"https:\/\/iicolumnas.es\/wp-content\/uploads\/2016\/05\/poesia-cra-eusebia-palomino76-800x600.jpg\" height=\"600\" width=\"800\" title=\"poes\u00eda cra eusebia palomino\" alt=\"poes\u00eda cra eusebia palomino\" class=\"slider-2852 slide-2896 msDefaultImage\" \/><img loading=\"lazy\" decoding=\"async\" src=\"https:\/\/iicolumnas.es\/wp-content\/uploads\/2016\/05\/poesia-cra-eusebia-palomino65-800x600.jpg\" height=\"600\" width=\"800\" title=\"poes\u00eda cra eusebia palomino\" alt=\"poes\u00eda cra eusebia palomino\" class=\"slider-2852 slide-2883 msDefaultImage\" \/><img loading=\"lazy\" decoding=\"async\" src=\"https:\/\/iicolumnas.es\/wp-content\/uploads\/2016\/05\/poesia-cra-eusebia-palomino65-2-800x600.jpg\" height=\"600\" width=\"800\" title=\"poes\u00eda cra eusebia palomino\" alt=\"poes\u00eda cra eusebia palomino\" class=\"slider-2852 slide-2882 msDefaultImage\" \/><img loading=\"lazy\" decoding=\"async\" src=\"https:\/\/iicolumnas.es\/wp-content\/uploads\/2016\/05\/poesia-cra-eusebia-palomino80-800x600.jpg\" height=\"600\" width=\"800\" title=\"poes\u00eda cra eusebia palomino\" alt=\"poes\u00eda cra eusebia palomino\" class=\"slider-2852 slide-2899 msDefaultImage\" \/><img loading=\"lazy\" decoding=\"async\" src=\"https:\/\/iicolumnas.es\/wp-content\/uploads\/2016\/05\/poesia-cra-eusebia-palomino67-2-800x600.jpg\" height=\"600\" width=\"800\" title=\"poes\u00eda cra eusebia palomino\" alt=\"poes\u00eda cra eusebia palomino\" class=\"slider-2852 slide-2885 msDefaultImage\" \/><img loading=\"lazy\" decoding=\"async\" src=\"https:\/\/iicolumnas.es\/wp-content\/uploads\/2016\/05\/poesia-cra-eusebia-palomino30-800x600.jpg\" height=\"600\" width=\"800\" title=\"poes\u00eda cra eusebia palomino\" alt=\"poes\u00eda cra eusebia palomino\" class=\"slider-2852 slide-2867 msDefaultImage\" \/><img loading=\"lazy\" decoding=\"async\" src=\"https:\/\/iicolumnas.es\/wp-content\/uploads\/2016\/05\/poesia-cra-eusebia-palomino27-800x600.jpg\" height=\"600\" width=\"800\" title=\"poes\u00eda cra eusebia palomino\" alt=\"poes\u00eda cra eusebia palomino\" class=\"slider-2852 slide-2866 msDefaultImage\" \/><img loading=\"lazy\" decoding=\"async\" src=\"https:\/\/iicolumnas.es\/wp-content\/uploads\/2016\/05\/poesia-cra-eusebia-palomino66-800x600.jpg\" height=\"600\" width=\"800\" title=\"poes\u00eda cra eusebia palomino\" alt=\"poes\u00eda cra eusebia palomino\" class=\"slider-2852 slide-2884 msDefaultImage\" \/><img loading=\"lazy\" decoding=\"async\" src=\"https:\/\/iicolumnas.es\/wp-content\/uploads\/2016\/05\/poesia-cra-eusebia-palomino96-800x600.jpg\" height=\"600\" width=\"800\" title=\"poes\u00eda cra eusebia palomino\" alt=\"poes\u00eda cra eusebia palomino\" class=\"slider-2852 slide-2908 msDefaultImage\" \/><img loading=\"lazy\" decoding=\"async\" src=\"https:\/\/iicolumnas.es\/wp-content\/uploads\/2016\/05\/poesia-cra-eusebia-palomino98-800x600.jpg\" height=\"600\" width=\"800\" title=\"poes\u00eda cra eusebia palomino\" alt=\"poes\u00eda cra eusebia palomino\" class=\"slider-2852 slide-2909 msDefaultImage\" \/><img loading=\"lazy\" decoding=\"async\" src=\"https:\/\/iicolumnas.es\/wp-content\/uploads\/2016\/05\/poesia-cra-eusebia-palomino51-800x600.jpg\" height=\"600\" width=\"800\" title=\"poes\u00eda cra eusebia palomino\" alt=\"poes\u00eda cra eusebia palomino\" class=\"slider-2852 slide-2877 msDefaultImage\" \/><img loading=\"lazy\" decoding=\"async\" src=\"https:\/\/iicolumnas.es\/wp-content\/uploads\/2016\/05\/poesia-cra-eusebia-palomino61-800x600.jpg\" height=\"600\" width=\"800\" title=\"poes\u00eda cra eusebia palomino\" alt=\"poes\u00eda cra eusebia palomino\" class=\"slider-2852 slide-2881 msDefaultImage\" \/><img loading=\"lazy\" decoding=\"async\" src=\"https:\/\/iicolumnas.es\/wp-content\/uploads\/2016\/05\/poesia-cra-eusebia-palomino83-800x600.jpg\" height=\"600\" width=\"800\" title=\"poes\u00eda cra eusebia palomino\" alt=\"poes\u00eda cra eusebia palomino\" class=\"slider-2852 slide-2902 msDefaultImage\" \/><img loading=\"lazy\" decoding=\"async\" src=\"https:\/\/iicolumnas.es\/wp-content\/uploads\/2016\/05\/poesia-cra-eusebia-palomino70-800x600.jpg\" height=\"600\" width=\"800\" title=\"poes\u00eda cra eusebia palomino\" alt=\"poes\u00eda cra eusebia palomino\" class=\"slider-2852 slide-2889 msDefaultImage\" \/><img loading=\"lazy\" decoding=\"async\" src=\"https:\/\/iicolumnas.es\/wp-content\/uploads\/2016\/05\/poesia-cra-eusebia-palomino75-800x600.jpg\" height=\"600\" width=\"800\" title=\"poes\u00eda cra eusebia palomino\" alt=\"poes\u00eda cra eusebia palomino\" class=\"slider-2852 slide-2895 msDefaultImage\" \/><img loading=\"lazy\" decoding=\"async\" src=\"https:\/\/iicolumnas.es\/wp-content\/uploads\/2016\/05\/poesia-cra-eusebia-palomino87-800x600.jpg\" height=\"600\" width=\"800\" title=\"poes\u00eda cra eusebia palomino\" alt=\"poes\u00eda cra eusebia palomino\" class=\"slider-2852 slide-2905 msDefaultImage\" \/><\/div><\/div>\n        \n    <\/div>\n<\/div><\/p>\n","protected":false},"excerpt":{"rendered":"<p>Los ni\u00f1os del colegio Eusebia Palomino concluyeron el pasado 25 de abril las actividades programadas para conmemorar el D\u00eda de Libro con un taller sobre poes\u00eda y un cuentacuentos. Los alumnos de ambos centros&#46;&#46;&#46;<\/p>\n","protected":false},"author":12,"featured_media":2895,"comment_status":"open","ping_status":"open","sticky":false,"template":"","format":"standard","meta":{"footnotes":""},"categories":[1],"tags":[213,255,302],"class_list":["post-2768","post","type-post","status-publish","format-standard","has-post-thumbnail","hentry","category-actualidad","tag-cra-eusebia-palomino","tag-dia-del-libro","tag-poesia"],"yoast_head":"<!-- This site is optimized with the Yoast SEO plugin v26.6 - https:\/\/yoast.com\/wordpress\/plugins\/seo\/ -->\n<title>\u00bfQu\u00e9 es poes\u00eda? - Dos Columnas<\/title>\n<meta name=\"robots\" content=\"index, follow, max-snippet:-1, max-image-preview:large, max-video-preview:-1\" \/>\n<link rel=\"canonical\" href=\"https:\/\/iicolumnas.es\/index.php\/actualidad\/2016\/05\/06\/que-es-poesia\/\" \/>\n<meta property=\"og:locale\" content=\"es_ES\" \/>\n<meta property=\"og:type\" content=\"article\" \/>\n<meta property=\"og:title\" content=\"\u00bfQu\u00e9 es poes\u00eda? - Dos Columnas\" \/>\n<meta property=\"og:description\" content=\"Los ni\u00f1os del colegio Eusebia Palomino concluyeron el pasado 25 de abril las actividades programadas para conmemorar el D\u00eda de Libro con un taller sobre poes\u00eda y un cuentacuentos. Los alumnos de ambos centros&#046;&#046;&#046;\" \/>\n<meta property=\"og:url\" content=\"https:\/\/iicolumnas.es\/index.php\/actualidad\/2016\/05\/06\/que-es-poesia\/\" \/>\n<meta property=\"og:site_name\" content=\"Dos Columnas\" \/>\n<meta property=\"article:publisher\" content=\"https:\/\/www.facebook.com\/iicolumnas\/\" \/>\n<meta property=\"article:published_time\" content=\"2016-05-06T15:07:46+00:00\" \/>\n<meta property=\"article:modified_time\" content=\"2016-05-08T12:33:57+00:00\" \/>\n<meta property=\"og:image\" content=\"https:\/\/iicolumnas.es\/wp-content\/uploads\/2016\/05\/poesia-cra-eusebia-palomino75.jpg\" \/>\n\t<meta property=\"og:image:width\" content=\"1000\" \/>\n\t<meta property=\"og:image:height\" content=\"750\" \/>\n\t<meta property=\"og:image:type\" content=\"image\/jpeg\" \/>\n<meta name=\"author\" content=\"David Mart\u00edn\" \/>\n<meta name=\"twitter:card\" content=\"summary_large_image\" \/>\n<meta name=\"twitter:creator\" content=\"@iicolumnas\" \/>\n<meta name=\"twitter:site\" content=\"@iicolumnas\" \/>\n<meta name=\"twitter:label1\" content=\"Escrito por\" \/>\n\t<meta name=\"twitter:data1\" content=\"David Mart\u00edn\" \/>\n\t<meta name=\"twitter:label2\" content=\"Tiempo de lectura\" \/>\n\t<meta name=\"twitter:data2\" content=\"1 minuto\" \/>\n<script type=\"application\/ld+json\" class=\"yoast-schema-graph\">{\"@context\":\"https:\/\/schema.org\",\"@graph\":[{\"@type\":\"WebPage\",\"@id\":\"https:\/\/iicolumnas.es\/index.php\/actualidad\/2016\/05\/06\/que-es-poesia\/\",\"url\":\"https:\/\/iicolumnas.es\/index.php\/actualidad\/2016\/05\/06\/que-es-poesia\/\",\"name\":\"\u00bfQu\u00e9 es poes\u00eda? - Dos Columnas\",\"isPartOf\":{\"@id\":\"https:\/\/iicolumnas.es\/#website\"},\"primaryImageOfPage\":{\"@id\":\"https:\/\/iicolumnas.es\/index.php\/actualidad\/2016\/05\/06\/que-es-poesia\/#primaryimage\"},\"image\":{\"@id\":\"https:\/\/iicolumnas.es\/index.php\/actualidad\/2016\/05\/06\/que-es-poesia\/#primaryimage\"},\"thumbnailUrl\":\"https:\/\/iicolumnas.es\/wp-content\/uploads\/2016\/05\/poesia-cra-eusebia-palomino75.jpg\",\"datePublished\":\"2016-05-06T15:07:46+00:00\",\"dateModified\":\"2016-05-08T12:33:57+00:00\",\"author\":{\"@id\":\"https:\/\/iicolumnas.es\/#\/schema\/person\/b691025c7a086be983663f994201db0c\"},\"breadcrumb\":{\"@id\":\"https:\/\/iicolumnas.es\/index.php\/actualidad\/2016\/05\/06\/que-es-poesia\/#breadcrumb\"},\"inLanguage\":\"es\",\"potentialAction\":[{\"@type\":\"ReadAction\",\"target\":[\"https:\/\/iicolumnas.es\/index.php\/actualidad\/2016\/05\/06\/que-es-poesia\/\"]}]},{\"@type\":\"ImageObject\",\"inLanguage\":\"es\",\"@id\":\"https:\/\/iicolumnas.es\/index.php\/actualidad\/2016\/05\/06\/que-es-poesia\/#primaryimage\",\"url\":\"https:\/\/iicolumnas.es\/wp-content\/uploads\/2016\/05\/poesia-cra-eusebia-palomino75.jpg\",\"contentUrl\":\"https:\/\/iicolumnas.es\/wp-content\/uploads\/2016\/05\/poesia-cra-eusebia-palomino75.jpg\",\"width\":\"1000\",\"height\":\"750\",\"caption\":\"poes\u00eda cra eusebia palomino\"},{\"@type\":\"BreadcrumbList\",\"@id\":\"https:\/\/iicolumnas.es\/index.php\/actualidad\/2016\/05\/06\/que-es-poesia\/#breadcrumb\",\"itemListElement\":[{\"@type\":\"ListItem\",\"position\":1,\"name\":\"Portada\",\"item\":\"https:\/\/iicolumnas.es\/\"},{\"@type\":\"ListItem\",\"position\":2,\"name\":\"Actualidad\",\"item\":\"https:\/\/iicolumnas.es\/index.php\/category\/actualidad\/\"},{\"@type\":\"ListItem\",\"position\":3,\"name\":\"\u00bfQu\u00e9 es poes\u00eda?\"}]},{\"@type\":\"WebSite\",\"@id\":\"https:\/\/iicolumnas.es\/#website\",\"url\":\"https:\/\/iicolumnas.es\/\",\"name\":\"Dos Columnas\",\"description\":\"El peri\u00f3dico de la villa de Cantalpino\",\"potentialAction\":[{\"@type\":\"SearchAction\",\"target\":{\"@type\":\"EntryPoint\",\"urlTemplate\":\"https:\/\/iicolumnas.es\/?s={search_term_string}\"},\"query-input\":{\"@type\":\"PropertyValueSpecification\",\"valueRequired\":true,\"valueName\":\"search_term_string\"}}],\"inLanguage\":\"es\"},{\"@type\":\"Person\",\"@id\":\"https:\/\/iicolumnas.es\/#\/schema\/person\/b691025c7a086be983663f994201db0c\",\"name\":\"David Mart\u00edn\",\"image\":{\"@type\":\"ImageObject\",\"inLanguage\":\"es\",\"@id\":\"https:\/\/iicolumnas.es\/#\/schema\/person\/image\/\",\"url\":\"https:\/\/secure.gravatar.com\/avatar\/e6290b3f94bcd131f9b9d51a7a45de2c66bd3ecb45f4bd7016ec927c3e366938?s=96&d=mm&r=g\",\"contentUrl\":\"https:\/\/secure.gravatar.com\/avatar\/e6290b3f94bcd131f9b9d51a7a45de2c66bd3ecb45f4bd7016ec927c3e366938?s=96&d=mm&r=g\",\"caption\":\"David Mart\u00edn\"}}]}<\/script>\n<!-- \/ Yoast SEO plugin. -->","yoast_head_json":{"title":"\u00bfQu\u00e9 es poes\u00eda? - Dos Columnas","robots":{"index":"index","follow":"follow","max-snippet":"max-snippet:-1","max-image-preview":"max-image-preview:large","max-video-preview":"max-video-preview:-1"},"canonical":"https:\/\/iicolumnas.es\/index.php\/actualidad\/2016\/05\/06\/que-es-poesia\/","og_locale":"es_ES","og_type":"article","og_title":"\u00bfQu\u00e9 es poes\u00eda? - Dos Columnas","og_description":"Los ni\u00f1os del colegio Eusebia Palomino concluyeron el pasado 25 de abril las actividades programadas para conmemorar el D\u00eda de Libro con un taller sobre poes\u00eda y un cuentacuentos. Los alumnos de ambos centros&#46;&#46;&#46;","og_url":"https:\/\/iicolumnas.es\/index.php\/actualidad\/2016\/05\/06\/que-es-poesia\/","og_site_name":"Dos Columnas","article_publisher":"https:\/\/www.facebook.com\/iicolumnas\/","article_published_time":"2016-05-06T15:07:46+00:00","article_modified_time":"2016-05-08T12:33:57+00:00","og_image":[{"width":1000,"height":750,"url":"https:\/\/iicolumnas.es\/wp-content\/uploads\/2016\/05\/poesia-cra-eusebia-palomino75.jpg","type":"image\/jpeg"}],"author":"David Mart\u00edn","twitter_card":"summary_large_image","twitter_creator":"@iicolumnas","twitter_site":"@iicolumnas","twitter_misc":{"Escrito por":"David Mart\u00edn","Tiempo de lectura":"1 minuto"},"schema":{"@context":"https:\/\/schema.org","@graph":[{"@type":"WebPage","@id":"https:\/\/iicolumnas.es\/index.php\/actualidad\/2016\/05\/06\/que-es-poesia\/","url":"https:\/\/iicolumnas.es\/index.php\/actualidad\/2016\/05\/06\/que-es-poesia\/","name":"\u00bfQu\u00e9 es poes\u00eda? - Dos Columnas","isPartOf":{"@id":"https:\/\/iicolumnas.es\/#website"},"primaryImageOfPage":{"@id":"https:\/\/iicolumnas.es\/index.php\/actualidad\/2016\/05\/06\/que-es-poesia\/#primaryimage"},"image":{"@id":"https:\/\/iicolumnas.es\/index.php\/actualidad\/2016\/05\/06\/que-es-poesia\/#primaryimage"},"thumbnailUrl":"https:\/\/iicolumnas.es\/wp-content\/uploads\/2016\/05\/poesia-cra-eusebia-palomino75.jpg","datePublished":"2016-05-06T15:07:46+00:00","dateModified":"2016-05-08T12:33:57+00:00","author":{"@id":"https:\/\/iicolumnas.es\/#\/schema\/person\/b691025c7a086be983663f994201db0c"},"breadcrumb":{"@id":"https:\/\/iicolumnas.es\/index.php\/actualidad\/2016\/05\/06\/que-es-poesia\/#breadcrumb"},"inLanguage":"es","potentialAction":[{"@type":"ReadAction","target":["https:\/\/iicolumnas.es\/index.php\/actualidad\/2016\/05\/06\/que-es-poesia\/"]}]},{"@type":"ImageObject","inLanguage":"es","@id":"https:\/\/iicolumnas.es\/index.php\/actualidad\/2016\/05\/06\/que-es-poesia\/#primaryimage","url":"https:\/\/iicolumnas.es\/wp-content\/uploads\/2016\/05\/poesia-cra-eusebia-palomino75.jpg","contentUrl":"https:\/\/iicolumnas.es\/wp-content\/uploads\/2016\/05\/poesia-cra-eusebia-palomino75.jpg","width":"1000","height":"750","caption":"poes\u00eda cra eusebia palomino"},{"@type":"BreadcrumbList","@id":"https:\/\/iicolumnas.es\/index.php\/actualidad\/2016\/05\/06\/que-es-poesia\/#breadcrumb","itemListElement":[{"@type":"ListItem","position":1,"name":"Portada","item":"https:\/\/iicolumnas.es\/"},{"@type":"ListItem","position":2,"name":"Actualidad","item":"https:\/\/iicolumnas.es\/index.php\/category\/actualidad\/"},{"@type":"ListItem","position":3,"name":"\u00bfQu\u00e9 es poes\u00eda?"}]},{"@type":"WebSite","@id":"https:\/\/iicolumnas.es\/#website","url":"https:\/\/iicolumnas.es\/","name":"Dos Columnas","description":"El peri\u00f3dico de la villa de Cantalpino","potentialAction":[{"@type":"SearchAction","target":{"@type":"EntryPoint","urlTemplate":"https:\/\/iicolumnas.es\/?s={search_term_string}"},"query-input":{"@type":"PropertyValueSpecification","valueRequired":true,"valueName":"search_term_string"}}],"inLanguage":"es"},{"@type":"Person","@id":"https:\/\/iicolumnas.es\/#\/schema\/person\/b691025c7a086be983663f994201db0c","name":"David Mart\u00edn","image":{"@type":"ImageObject","inLanguage":"es","@id":"https:\/\/iicolumnas.es\/#\/schema\/person\/image\/","url":"https:\/\/secure.gravatar.com\/avatar\/e6290b3f94bcd131f9b9d51a7a45de2c66bd3ecb45f4bd7016ec927c3e366938?s=96&d=mm&r=g","contentUrl":"https:\/\/secure.gravatar.com\/avatar\/e6290b3f94bcd131f9b9d51a7a45de2c66bd3ecb45f4bd7016ec927c3e366938?s=96&d=mm&r=g","caption":"David Mart\u00edn"}}]}},"_links":{"self":[{"href":"https:\/\/iicolumnas.es\/index.php\/wp-json\/wp\/v2\/posts\/2768","targetHints":{"allow":["GET"]}}],"collection":[{"href":"https:\/\/iicolumnas.es\/index.php\/wp-json\/wp\/v2\/posts"}],"about":[{"href":"https:\/\/iicolumnas.es\/index.php\/wp-json\/wp\/v2\/types\/post"}],"author":[{"embeddable":true,"href":"https:\/\/iicolumnas.es\/index.php\/wp-json\/wp\/v2\/users\/12"}],"replies":[{"embeddable":true,"href":"https:\/\/iicolumnas.es\/index.php\/wp-json\/wp\/v2\/comments?post=2768"}],"version-history":[{"count":0,"href":"https:\/\/iicolumnas.es\/index.php\/wp-json\/wp\/v2\/posts\/2768\/revisions"}],"wp:featuredmedia":[{"embeddable":true,"href":"https:\/\/iicolumnas.es\/index.php\/wp-json\/wp\/v2\/media\/2895"}],"wp:attachment":[{"href":"https:\/\/iicolumnas.es\/index.php\/wp-json\/wp\/v2\/media?parent=2768"}],"wp:term":[{"taxonomy":"category","embeddable":true,"href":"https:\/\/iicolumnas.es\/index.php\/wp-json\/wp\/v2\/categories?post=2768"},{"taxonomy":"post_tag","embeddable":true,"href":"https:\/\/iicolumnas.es\/index.php\/wp-json\/wp\/v2\/tags?post=2768"}],"curies":[{"name":"wp","href":"https:\/\/api.w.org\/{rel}","templated":true}]}}