{"id":26189,"date":"2021-05-03T17:41:42","date_gmt":"2021-05-03T15:41:42","guid":{"rendered":"https:\/\/iicolumnas.es\/?p=26189"},"modified":"2021-05-03T17:41:42","modified_gmt":"2021-05-03T15:41:42","slug":"el-dia-de-la-madre-en-la-casa-del-abuelo-de-cantalpino","status":"publish","type":"post","link":"https:\/\/iicolumnas.es\/index.php\/actualidad\/2021\/05\/03\/el-dia-de-la-madre-en-la-casa-del-abuelo-de-cantalpino\/","title":{"rendered":"El D\u00eda de la Madre en la \u00abCasa del Abuelo\u00bb de Cantalpino"},"content":{"rendered":"<p>Con motivo del D\u00eda de la Madre, en el d\u00eda de ayer la residencia de mayores \u00abLa Casa del abuelo de Cantalpino\u00bb ha obsequiado a todos los residentes con un regalito, que esta vez ha sido jab\u00f3n en forma de flor hecho a mano por una de las auxiliares. As\u00ed, adem\u00e1s, siguen fomentando el lavado de manos tan necesario en estos tiempos.<\/p>\n<p>El D\u00eda de la Madre es una festividad celebrada en honor a las madres en gran parte del mundo, en diferentes fechas dependiendo del pa\u00eds. En Espa\u00f1a se viene celebrando el primer domingo de mayo desde 1965.<\/p>\n<p>A principios de los a\u00f1os 60, por iniciativa de unos grandes almacenes, se comenz\u00f3 a celebrar en Madrid el D\u00eda de la Madre el primer domingo de mayo, para competir con otro gran almac\u00e9n que lo celebraba en diciembre. Es en 1965 cuando las autoridades eclesi\u00e1sticas optan por fijar la fiesta en mayo, haci\u00e9ndola coincidir con el mes consagrado a la Virgen.\u200b<\/p>\n<div class=\"video-container\"><iframe loading=\"lazy\" title=\"D\u00eda de la madre en la Casa del Abuelo de Cantalpino\" width=\"500\" height=\"375\" src=\"https:\/\/www.youtube.com\/embed\/L0AobjDOvws?feature=oembed&#038;wmode=opaque\" frameborder=\"0\" allow=\"accelerometer; autoplay; clipboard-write; encrypted-media; gyroscope; picture-in-picture; web-share\" referrerpolicy=\"strict-origin-when-cross-origin\" allowfullscreen><\/iframe><\/div>\n","protected":false},"excerpt":{"rendered":"<p>Con motivo del D\u00eda de la Madre, en el d\u00eda de ayer la residencia de mayores \u00abLa Casa del abuelo de Cantalpino\u00bb ha obsequiado a todos los residentes con un regalito, que esta vez&#46;&#46;&#46;<\/p>\n","protected":false},"author":21,"featured_media":26190,"comment_status":"open","ping_status":"open","sticky":false,"template":"","format":"standard","meta":{"footnotes":""},"categories":[1],"tags":[287,2104],"class_list":["post-26189","post","type-post","status-publish","format-standard","has-post-thumbnail","hentry","category-actualidad","tag-dia-de-la-madre","tag-mayo-2021"],"yoast_head":"<!-- This site is optimized with the Yoast SEO plugin v26.6 - https:\/\/yoast.com\/wordpress\/plugins\/seo\/ -->\n<title>El D\u00eda de la Madre en la &quot;Casa del Abuelo&quot; de Cantalpino - Dos Columnas<\/title>\n<meta name=\"robots\" content=\"index, follow, max-snippet:-1, max-image-preview:large, max-video-preview:-1\" \/>\n<link rel=\"canonical\" href=\"https:\/\/iicolumnas.es\/index.php\/actualidad\/2021\/05\/03\/el-dia-de-la-madre-en-la-casa-del-abuelo-de-cantalpino\/\" \/>\n<meta property=\"og:locale\" content=\"es_ES\" \/>\n<meta property=\"og:type\" content=\"article\" \/>\n<meta property=\"og:title\" content=\"El D\u00eda de la Madre en la &quot;Casa del Abuelo&quot; de Cantalpino - Dos Columnas\" \/>\n<meta property=\"og:description\" content=\"Con motivo del D\u00eda de la Madre, en el d\u00eda de ayer la residencia de mayores \u00abLa Casa del abuelo de Cantalpino\u00bb ha obsequiado a todos los residentes con un regalito, que esta vez&#046;&#046;&#046;\" \/>\n<meta property=\"og:url\" content=\"https:\/\/iicolumnas.es\/index.php\/actualidad\/2021\/05\/03\/el-dia-de-la-madre-en-la-casa-del-abuelo-de-cantalpino\/\" \/>\n<meta property=\"og:site_name\" content=\"Dos Columnas\" \/>\n<meta property=\"article:publisher\" content=\"https:\/\/www.facebook.com\/iicolumnas\/\" \/>\n<meta property=\"article:published_time\" content=\"2021-05-03T15:41:42+00:00\" \/>\n<meta property=\"og:image\" content=\"https:\/\/iicolumnas.es\/wp-content\/uploads\/2021\/05\/WhatsApp-Image-2021-05-02-at-15.23.06-1.jpeg\" \/>\n\t<meta property=\"og:image:width\" content=\"800\" \/>\n\t<meta property=\"og:image:height\" content=\"600\" \/>\n\t<meta property=\"og:image:type\" content=\"image\/jpeg\" \/>\n<meta name=\"author\" content=\"Luc\u00eda Pedroso\" \/>\n<meta name=\"twitter:card\" content=\"summary_large_image\" \/>\n<meta name=\"twitter:creator\" content=\"@iicolumnas\" \/>\n<meta name=\"twitter:site\" content=\"@iicolumnas\" \/>\n<meta name=\"twitter:label1\" content=\"Escrito por\" \/>\n\t<meta name=\"twitter:data1\" content=\"Luc\u00eda Pedroso\" \/>\n\t<meta name=\"twitter:label2\" content=\"Tiempo de lectura\" \/>\n\t<meta name=\"twitter:data2\" content=\"1 minuto\" \/>\n<script type=\"application\/ld+json\" class=\"yoast-schema-graph\">{\"@context\":\"https:\/\/schema.org\",\"@graph\":[{\"@type\":\"WebPage\",\"@id\":\"https:\/\/iicolumnas.es\/index.php\/actualidad\/2021\/05\/03\/el-dia-de-la-madre-en-la-casa-del-abuelo-de-cantalpino\/\",\"url\":\"https:\/\/iicolumnas.es\/index.php\/actualidad\/2021\/05\/03\/el-dia-de-la-madre-en-la-casa-del-abuelo-de-cantalpino\/\",\"name\":\"El D\u00eda de la Madre en la \\\"Casa del Abuelo\\\" de Cantalpino - Dos Columnas\",\"isPartOf\":{\"@id\":\"https:\/\/iicolumnas.es\/#website\"},\"primaryImageOfPage\":{\"@id\":\"https:\/\/iicolumnas.es\/index.php\/actualidad\/2021\/05\/03\/el-dia-de-la-madre-en-la-casa-del-abuelo-de-cantalpino\/#primaryimage\"},\"image\":{\"@id\":\"https:\/\/iicolumnas.es\/index.php\/actualidad\/2021\/05\/03\/el-dia-de-la-madre-en-la-casa-del-abuelo-de-cantalpino\/#primaryimage\"},\"thumbnailUrl\":\"https:\/\/iicolumnas.es\/wp-content\/uploads\/2021\/05\/WhatsApp-Image-2021-05-02-at-15.23.06-1.jpeg\",\"datePublished\":\"2021-05-03T15:41:42+00:00\",\"author\":{\"@id\":\"https:\/\/iicolumnas.es\/#\/schema\/person\/c14438f8693220897997dbbf718f2079\"},\"breadcrumb\":{\"@id\":\"https:\/\/iicolumnas.es\/index.php\/actualidad\/2021\/05\/03\/el-dia-de-la-madre-en-la-casa-del-abuelo-de-cantalpino\/#breadcrumb\"},\"inLanguage\":\"es\",\"potentialAction\":[{\"@type\":\"ReadAction\",\"target\":[\"https:\/\/iicolumnas.es\/index.php\/actualidad\/2021\/05\/03\/el-dia-de-la-madre-en-la-casa-del-abuelo-de-cantalpino\/\"]}]},{\"@type\":\"ImageObject\",\"inLanguage\":\"es\",\"@id\":\"https:\/\/iicolumnas.es\/index.php\/actualidad\/2021\/05\/03\/el-dia-de-la-madre-en-la-casa-del-abuelo-de-cantalpino\/#primaryimage\",\"url\":\"https:\/\/iicolumnas.es\/wp-content\/uploads\/2021\/05\/WhatsApp-Image-2021-05-02-at-15.23.06-1.jpeg\",\"contentUrl\":\"https:\/\/iicolumnas.es\/wp-content\/uploads\/2021\/05\/WhatsApp-Image-2021-05-02-at-15.23.06-1.jpeg\",\"width\":800,\"height\":600},{\"@type\":\"BreadcrumbList\",\"@id\":\"https:\/\/iicolumnas.es\/index.php\/actualidad\/2021\/05\/03\/el-dia-de-la-madre-en-la-casa-del-abuelo-de-cantalpino\/#breadcrumb\",\"itemListElement\":[{\"@type\":\"ListItem\",\"position\":1,\"name\":\"Portada\",\"item\":\"https:\/\/iicolumnas.es\/\"},{\"@type\":\"ListItem\",\"position\":2,\"name\":\"Actualidad\",\"item\":\"https:\/\/iicolumnas.es\/index.php\/category\/actualidad\/\"},{\"@type\":\"ListItem\",\"position\":3,\"name\":\"El D\u00eda de la Madre en la &#8220;Casa del Abuelo&#8221; de Cantalpino\"}]},{\"@type\":\"WebSite\",\"@id\":\"https:\/\/iicolumnas.es\/#website\",\"url\":\"https:\/\/iicolumnas.es\/\",\"name\":\"Dos Columnas\",\"description\":\"El peri\u00f3dico de la villa de Cantalpino\",\"potentialAction\":[{\"@type\":\"SearchAction\",\"target\":{\"@type\":\"EntryPoint\",\"urlTemplate\":\"https:\/\/iicolumnas.es\/?s={search_term_string}\"},\"query-input\":{\"@type\":\"PropertyValueSpecification\",\"valueRequired\":true,\"valueName\":\"search_term_string\"}}],\"inLanguage\":\"es\"},{\"@type\":\"Person\",\"@id\":\"https:\/\/iicolumnas.es\/#\/schema\/person\/c14438f8693220897997dbbf718f2079\",\"name\":\"Luc\u00eda Pedroso\",\"image\":{\"@type\":\"ImageObject\",\"inLanguage\":\"es\",\"@id\":\"https:\/\/iicolumnas.es\/#\/schema\/person\/image\/\",\"url\":\"https:\/\/secure.gravatar.com\/avatar\/ada6c90a6cd339894388a0dcf74cb992749bb938186838bd65e437d8f0959d71?s=96&d=mm&r=g\",\"contentUrl\":\"https:\/\/secure.gravatar.com\/avatar\/ada6c90a6cd339894388a0dcf74cb992749bb938186838bd65e437d8f0959d71?s=96&d=mm&r=g\",\"caption\":\"Luc\u00eda Pedroso\"}}]}<\/script>\n<!-- \/ Yoast SEO plugin. -->","yoast_head_json":{"title":"El D\u00eda de la Madre en la \"Casa del Abuelo\" de Cantalpino - Dos Columnas","robots":{"index":"index","follow":"follow","max-snippet":"max-snippet:-1","max-image-preview":"max-image-preview:large","max-video-preview":"max-video-preview:-1"},"canonical":"https:\/\/iicolumnas.es\/index.php\/actualidad\/2021\/05\/03\/el-dia-de-la-madre-en-la-casa-del-abuelo-de-cantalpino\/","og_locale":"es_ES","og_type":"article","og_title":"El D\u00eda de la Madre en la \"Casa del Abuelo\" de Cantalpino - Dos Columnas","og_description":"Con motivo del D\u00eda de la Madre, en el d\u00eda de ayer la residencia de mayores \u00abLa Casa del abuelo de Cantalpino\u00bb ha obsequiado a todos los residentes con un regalito, que esta vez&#46;&#46;&#46;","og_url":"https:\/\/iicolumnas.es\/index.php\/actualidad\/2021\/05\/03\/el-dia-de-la-madre-en-la-casa-del-abuelo-de-cantalpino\/","og_site_name":"Dos Columnas","article_publisher":"https:\/\/www.facebook.com\/iicolumnas\/","article_published_time":"2021-05-03T15:41:42+00:00","og_image":[{"width":800,"height":600,"url":"https:\/\/iicolumnas.es\/wp-content\/uploads\/2021\/05\/WhatsApp-Image-2021-05-02-at-15.23.06-1.jpeg","type":"image\/jpeg"}],"author":"Luc\u00eda Pedroso","twitter_card":"summary_large_image","twitter_creator":"@iicolumnas","twitter_site":"@iicolumnas","twitter_misc":{"Escrito por":"Luc\u00eda Pedroso","Tiempo de lectura":"1 minuto"},"schema":{"@context":"https:\/\/schema.org","@graph":[{"@type":"WebPage","@id":"https:\/\/iicolumnas.es\/index.php\/actualidad\/2021\/05\/03\/el-dia-de-la-madre-en-la-casa-del-abuelo-de-cantalpino\/","url":"https:\/\/iicolumnas.es\/index.php\/actualidad\/2021\/05\/03\/el-dia-de-la-madre-en-la-casa-del-abuelo-de-cantalpino\/","name":"El D\u00eda de la Madre en la \"Casa del Abuelo\" de Cantalpino - Dos Columnas","isPartOf":{"@id":"https:\/\/iicolumnas.es\/#website"},"primaryImageOfPage":{"@id":"https:\/\/iicolumnas.es\/index.php\/actualidad\/2021\/05\/03\/el-dia-de-la-madre-en-la-casa-del-abuelo-de-cantalpino\/#primaryimage"},"image":{"@id":"https:\/\/iicolumnas.es\/index.php\/actualidad\/2021\/05\/03\/el-dia-de-la-madre-en-la-casa-del-abuelo-de-cantalpino\/#primaryimage"},"thumbnailUrl":"https:\/\/iicolumnas.es\/wp-content\/uploads\/2021\/05\/WhatsApp-Image-2021-05-02-at-15.23.06-1.jpeg","datePublished":"2021-05-03T15:41:42+00:00","author":{"@id":"https:\/\/iicolumnas.es\/#\/schema\/person\/c14438f8693220897997dbbf718f2079"},"breadcrumb":{"@id":"https:\/\/iicolumnas.es\/index.php\/actualidad\/2021\/05\/03\/el-dia-de-la-madre-en-la-casa-del-abuelo-de-cantalpino\/#breadcrumb"},"inLanguage":"es","potentialAction":[{"@type":"ReadAction","target":["https:\/\/iicolumnas.es\/index.php\/actualidad\/2021\/05\/03\/el-dia-de-la-madre-en-la-casa-del-abuelo-de-cantalpino\/"]}]},{"@type":"ImageObject","inLanguage":"es","@id":"https:\/\/iicolumnas.es\/index.php\/actualidad\/2021\/05\/03\/el-dia-de-la-madre-en-la-casa-del-abuelo-de-cantalpino\/#primaryimage","url":"https:\/\/iicolumnas.es\/wp-content\/uploads\/2021\/05\/WhatsApp-Image-2021-05-02-at-15.23.06-1.jpeg","contentUrl":"https:\/\/iicolumnas.es\/wp-content\/uploads\/2021\/05\/WhatsApp-Image-2021-05-02-at-15.23.06-1.jpeg","width":800,"height":600},{"@type":"BreadcrumbList","@id":"https:\/\/iicolumnas.es\/index.php\/actualidad\/2021\/05\/03\/el-dia-de-la-madre-en-la-casa-del-abuelo-de-cantalpino\/#breadcrumb","itemListElement":[{"@type":"ListItem","position":1,"name":"Portada","item":"https:\/\/iicolumnas.es\/"},{"@type":"ListItem","position":2,"name":"Actualidad","item":"https:\/\/iicolumnas.es\/index.php\/category\/actualidad\/"},{"@type":"ListItem","position":3,"name":"El D\u00eda de la Madre en la &#8220;Casa del Abuelo&#8221; de Cantalpino"}]},{"@type":"WebSite","@id":"https:\/\/iicolumnas.es\/#website","url":"https:\/\/iicolumnas.es\/","name":"Dos Columnas","description":"El peri\u00f3dico de la villa de Cantalpino","potentialAction":[{"@type":"SearchAction","target":{"@type":"EntryPoint","urlTemplate":"https:\/\/iicolumnas.es\/?s={search_term_string}"},"query-input":{"@type":"PropertyValueSpecification","valueRequired":true,"valueName":"search_term_string"}}],"inLanguage":"es"},{"@type":"Person","@id":"https:\/\/iicolumnas.es\/#\/schema\/person\/c14438f8693220897997dbbf718f2079","name":"Luc\u00eda Pedroso","image":{"@type":"ImageObject","inLanguage":"es","@id":"https:\/\/iicolumnas.es\/#\/schema\/person\/image\/","url":"https:\/\/secure.gravatar.com\/avatar\/ada6c90a6cd339894388a0dcf74cb992749bb938186838bd65e437d8f0959d71?s=96&d=mm&r=g","contentUrl":"https:\/\/secure.gravatar.com\/avatar\/ada6c90a6cd339894388a0dcf74cb992749bb938186838bd65e437d8f0959d71?s=96&d=mm&r=g","caption":"Luc\u00eda Pedroso"}}]}},"_links":{"self":[{"href":"https:\/\/iicolumnas.es\/index.php\/wp-json\/wp\/v2\/posts\/26189","targetHints":{"allow":["GET"]}}],"collection":[{"href":"https:\/\/iicolumnas.es\/index.php\/wp-json\/wp\/v2\/posts"}],"about":[{"href":"https:\/\/iicolumnas.es\/index.php\/wp-json\/wp\/v2\/types\/post"}],"author":[{"embeddable":true,"href":"https:\/\/iicolumnas.es\/index.php\/wp-json\/wp\/v2\/users\/21"}],"replies":[{"embeddable":true,"href":"https:\/\/iicolumnas.es\/index.php\/wp-json\/wp\/v2\/comments?post=26189"}],"version-history":[{"count":2,"href":"https:\/\/iicolumnas.es\/index.php\/wp-json\/wp\/v2\/posts\/26189\/revisions"}],"predecessor-version":[{"id":26192,"href":"https:\/\/iicolumnas.es\/index.php\/wp-json\/wp\/v2\/posts\/26189\/revisions\/26192"}],"wp:featuredmedia":[{"embeddable":true,"href":"https:\/\/iicolumnas.es\/index.php\/wp-json\/wp\/v2\/media\/26190"}],"wp:attachment":[{"href":"https:\/\/iicolumnas.es\/index.php\/wp-json\/wp\/v2\/media?parent=26189"}],"wp:term":[{"taxonomy":"category","embeddable":true,"href":"https:\/\/iicolumnas.es\/index.php\/wp-json\/wp\/v2\/categories?post=26189"},{"taxonomy":"post_tag","embeddable":true,"href":"https:\/\/iicolumnas.es\/index.php\/wp-json\/wp\/v2\/tags?post=26189"}],"curies":[{"name":"wp","href":"https:\/\/api.w.org\/{rel}","templated":true}]}}