{"id":2605,"date":"2016-04-28T22:30:50","date_gmt":"2016-04-28T22:30:50","guid":{"rendered":"https:\/\/iicolumnas.es\/?p=2605"},"modified":"2016-04-28T22:30:50","modified_gmt":"2016-04-28T22:30:50","slug":"la-fuente-san-esteban-rival-batir","status":"publish","type":"post","link":"https:\/\/iicolumnas.es\/index.php\/deportes\/2016\/04\/28\/la-fuente-san-esteban-rival-batir\/","title":{"rendered":"La Fuente de San Esteban, rival a batir"},"content":{"rendered":"<p style=\"text-align: justify;\">El equipo juvenil masculino se juega el pase a la siguiente ronda este s\u00e1bado, 30 de abril, en el polideportivo de Villares de la Reina, tras una buena liga regular en la que han quedado clasificados como primeros de grupo y, por tanto, se enfrentan al segundo clasificado de la comarca Tierras de Salamanca. La cita ser\u00e1 este s\u00e1bado a las 12:00 horas del mediod\u00eda en el pabell\u00f3n de la citada localidad.<\/p>\n<p style=\"text-align: justify;\">Es el \u00fanico equipo local que queda en competici\u00f3n tras la derrota del equipo alev\u00edn mixto en la primera ronda intercomarcal, al caer por 8 goles a 2 ante el Filiberto Villalobos \u201cA\u201d de B\u00e9jar.<\/p>\n<p style=\"text-align: justify;\">Desde aqu\u00ed, deseamos mucha suerte al equipo juvenil para que pueda estar en la siguiente ronda, en la que se enfrentar\u00edan al vencedor del encuentro que disputar\u00e1n, a la misma hora, el Ayuntamiento de Fuentes de O\u00f1oro y el Ayuntamiento de Santa Marta \u201cB\u201d.<\/p>\n<p style=\"text-align: justify;\"><img loading=\"lazy\" decoding=\"async\" class=\"alignnone size-full wp-image-2609\" src=\"https:\/\/iicolumnas.es\/wp-content\/uploads\/2016\/04\/horarios-futbol.jpg\" alt=\"horarios futbol\" width=\"3055\" height=\"1485\" srcset=\"https:\/\/iicolumnas.es\/wp-content\/uploads\/2016\/04\/horarios-futbol.jpg 3055w, https:\/\/iicolumnas.es\/wp-content\/uploads\/2016\/04\/horarios-futbol-300x146.jpg 300w, https:\/\/iicolumnas.es\/wp-content\/uploads\/2016\/04\/horarios-futbol-1024x498.jpg 1024w\" sizes=\"auto, (max-width: 3055px) 100vw, 3055px\" \/><\/p>\n","protected":false},"excerpt":{"rendered":"<p>El equipo juvenil masculino se juega el pase a la siguiente ronda este s\u00e1bado, 30 de abril, en el polideportivo de Villares de la Reina, tras una buena liga regular en la que han&#46;&#46;&#46;<\/p>\n","protected":false},"author":12,"featured_media":2609,"comment_status":"open","ping_status":"open","sticky":false,"template":"","format":"standard","meta":{"footnotes":""},"categories":[20],"tags":[282,38,281],"class_list":["post-2605","post","type-post","status-publish","format-standard","has-post-thumbnail","hentry","category-deportes","tag-fase-intercomarcal","tag-futbol-sala","tag-juveniles"],"yoast_head":"<!-- This site is optimized with the Yoast SEO plugin v26.6 - https:\/\/yoast.com\/wordpress\/plugins\/seo\/ -->\n<title>La Fuente de San Esteban, rival a batir - Dos Columnas<\/title>\n<meta name=\"robots\" content=\"index, follow, max-snippet:-1, max-image-preview:large, max-video-preview:-1\" \/>\n<link rel=\"canonical\" href=\"https:\/\/iicolumnas.es\/index.php\/deportes\/2016\/04\/28\/la-fuente-san-esteban-rival-batir\/\" \/>\n<meta property=\"og:locale\" content=\"es_ES\" \/>\n<meta property=\"og:type\" content=\"article\" \/>\n<meta property=\"og:title\" content=\"La Fuente de San Esteban, rival a batir - Dos Columnas\" \/>\n<meta property=\"og:description\" content=\"El equipo juvenil masculino se juega el pase a la siguiente ronda este s\u00e1bado, 30 de abril, en el polideportivo de Villares de la Reina, tras una buena liga regular en la que han&#046;&#046;&#046;\" \/>\n<meta property=\"og:url\" content=\"https:\/\/iicolumnas.es\/index.php\/deportes\/2016\/04\/28\/la-fuente-san-esteban-rival-batir\/\" \/>\n<meta property=\"og:site_name\" content=\"Dos Columnas\" \/>\n<meta property=\"article:publisher\" content=\"https:\/\/www.facebook.com\/iicolumnas\/\" \/>\n<meta property=\"article:published_time\" content=\"2016-04-28T22:30:50+00:00\" \/>\n<meta property=\"og:image\" content=\"https:\/\/iicolumnas.es\/wp-content\/uploads\/2016\/04\/horarios-futbol.jpg\" \/>\n\t<meta property=\"og:image:width\" content=\"3055\" \/>\n\t<meta property=\"og:image:height\" content=\"1485\" \/>\n\t<meta property=\"og:image:type\" content=\"image\/jpeg\" \/>\n<meta name=\"author\" content=\"David Mart\u00edn\" \/>\n<meta name=\"twitter:card\" content=\"summary_large_image\" \/>\n<meta name=\"twitter:creator\" content=\"@iicolumnas\" \/>\n<meta name=\"twitter:site\" content=\"@iicolumnas\" \/>\n<meta name=\"twitter:label1\" content=\"Escrito por\" \/>\n\t<meta name=\"twitter:data1\" content=\"David Mart\u00edn\" \/>\n\t<meta name=\"twitter:label2\" content=\"Tiempo de lectura\" \/>\n\t<meta name=\"twitter:data2\" content=\"1 minuto\" \/>\n<script type=\"application\/ld+json\" class=\"yoast-schema-graph\">{\"@context\":\"https:\/\/schema.org\",\"@graph\":[{\"@type\":\"WebPage\",\"@id\":\"https:\/\/iicolumnas.es\/index.php\/deportes\/2016\/04\/28\/la-fuente-san-esteban-rival-batir\/\",\"url\":\"https:\/\/iicolumnas.es\/index.php\/deportes\/2016\/04\/28\/la-fuente-san-esteban-rival-batir\/\",\"name\":\"La Fuente de San Esteban, rival a batir - Dos Columnas\",\"isPartOf\":{\"@id\":\"https:\/\/iicolumnas.es\/#website\"},\"primaryImageOfPage\":{\"@id\":\"https:\/\/iicolumnas.es\/index.php\/deportes\/2016\/04\/28\/la-fuente-san-esteban-rival-batir\/#primaryimage\"},\"image\":{\"@id\":\"https:\/\/iicolumnas.es\/index.php\/deportes\/2016\/04\/28\/la-fuente-san-esteban-rival-batir\/#primaryimage\"},\"thumbnailUrl\":\"https:\/\/iicolumnas.es\/wp-content\/uploads\/2016\/04\/horarios-futbol.jpg\",\"datePublished\":\"2016-04-28T22:30:50+00:00\",\"author\":{\"@id\":\"https:\/\/iicolumnas.es\/#\/schema\/person\/b691025c7a086be983663f994201db0c\"},\"breadcrumb\":{\"@id\":\"https:\/\/iicolumnas.es\/index.php\/deportes\/2016\/04\/28\/la-fuente-san-esteban-rival-batir\/#breadcrumb\"},\"inLanguage\":\"es\",\"potentialAction\":[{\"@type\":\"ReadAction\",\"target\":[\"https:\/\/iicolumnas.es\/index.php\/deportes\/2016\/04\/28\/la-fuente-san-esteban-rival-batir\/\"]}]},{\"@type\":\"ImageObject\",\"inLanguage\":\"es\",\"@id\":\"https:\/\/iicolumnas.es\/index.php\/deportes\/2016\/04\/28\/la-fuente-san-esteban-rival-batir\/#primaryimage\",\"url\":\"https:\/\/iicolumnas.es\/wp-content\/uploads\/2016\/04\/horarios-futbol.jpg\",\"contentUrl\":\"https:\/\/iicolumnas.es\/wp-content\/uploads\/2016\/04\/horarios-futbol.jpg\",\"width\":\"3055\",\"height\":\"1485\"},{\"@type\":\"BreadcrumbList\",\"@id\":\"https:\/\/iicolumnas.es\/index.php\/deportes\/2016\/04\/28\/la-fuente-san-esteban-rival-batir\/#breadcrumb\",\"itemListElement\":[{\"@type\":\"ListItem\",\"position\":1,\"name\":\"Portada\",\"item\":\"https:\/\/iicolumnas.es\/\"},{\"@type\":\"ListItem\",\"position\":2,\"name\":\"Deportes\",\"item\":\"https:\/\/iicolumnas.es\/index.php\/category\/deportes\/\"},{\"@type\":\"ListItem\",\"position\":3,\"name\":\"La Fuente de San Esteban, rival a batir\"}]},{\"@type\":\"WebSite\",\"@id\":\"https:\/\/iicolumnas.es\/#website\",\"url\":\"https:\/\/iicolumnas.es\/\",\"name\":\"Dos Columnas\",\"description\":\"El peri\u00f3dico de la villa de Cantalpino\",\"potentialAction\":[{\"@type\":\"SearchAction\",\"target\":{\"@type\":\"EntryPoint\",\"urlTemplate\":\"https:\/\/iicolumnas.es\/?s={search_term_string}\"},\"query-input\":{\"@type\":\"PropertyValueSpecification\",\"valueRequired\":true,\"valueName\":\"search_term_string\"}}],\"inLanguage\":\"es\"},{\"@type\":\"Person\",\"@id\":\"https:\/\/iicolumnas.es\/#\/schema\/person\/b691025c7a086be983663f994201db0c\",\"name\":\"David Mart\u00edn\",\"image\":{\"@type\":\"ImageObject\",\"inLanguage\":\"es\",\"@id\":\"https:\/\/iicolumnas.es\/#\/schema\/person\/image\/\",\"url\":\"https:\/\/secure.gravatar.com\/avatar\/e6290b3f94bcd131f9b9d51a7a45de2c66bd3ecb45f4bd7016ec927c3e366938?s=96&d=mm&r=g\",\"contentUrl\":\"https:\/\/secure.gravatar.com\/avatar\/e6290b3f94bcd131f9b9d51a7a45de2c66bd3ecb45f4bd7016ec927c3e366938?s=96&d=mm&r=g\",\"caption\":\"David Mart\u00edn\"}}]}<\/script>\n<!-- \/ Yoast SEO plugin. -->","yoast_head_json":{"title":"La Fuente de San Esteban, rival a batir - Dos Columnas","robots":{"index":"index","follow":"follow","max-snippet":"max-snippet:-1","max-image-preview":"max-image-preview:large","max-video-preview":"max-video-preview:-1"},"canonical":"https:\/\/iicolumnas.es\/index.php\/deportes\/2016\/04\/28\/la-fuente-san-esteban-rival-batir\/","og_locale":"es_ES","og_type":"article","og_title":"La Fuente de San Esteban, rival a batir - Dos Columnas","og_description":"El equipo juvenil masculino se juega el pase a la siguiente ronda este s\u00e1bado, 30 de abril, en el polideportivo de Villares de la Reina, tras una buena liga regular en la que han&#46;&#46;&#46;","og_url":"https:\/\/iicolumnas.es\/index.php\/deportes\/2016\/04\/28\/la-fuente-san-esteban-rival-batir\/","og_site_name":"Dos Columnas","article_publisher":"https:\/\/www.facebook.com\/iicolumnas\/","article_published_time":"2016-04-28T22:30:50+00:00","og_image":[{"width":3055,"height":1485,"url":"https:\/\/iicolumnas.es\/wp-content\/uploads\/2016\/04\/horarios-futbol.jpg","type":"image\/jpeg"}],"author":"David Mart\u00edn","twitter_card":"summary_large_image","twitter_creator":"@iicolumnas","twitter_site":"@iicolumnas","twitter_misc":{"Escrito por":"David Mart\u00edn","Tiempo de lectura":"1 minuto"},"schema":{"@context":"https:\/\/schema.org","@graph":[{"@type":"WebPage","@id":"https:\/\/iicolumnas.es\/index.php\/deportes\/2016\/04\/28\/la-fuente-san-esteban-rival-batir\/","url":"https:\/\/iicolumnas.es\/index.php\/deportes\/2016\/04\/28\/la-fuente-san-esteban-rival-batir\/","name":"La Fuente de San Esteban, rival a batir - Dos Columnas","isPartOf":{"@id":"https:\/\/iicolumnas.es\/#website"},"primaryImageOfPage":{"@id":"https:\/\/iicolumnas.es\/index.php\/deportes\/2016\/04\/28\/la-fuente-san-esteban-rival-batir\/#primaryimage"},"image":{"@id":"https:\/\/iicolumnas.es\/index.php\/deportes\/2016\/04\/28\/la-fuente-san-esteban-rival-batir\/#primaryimage"},"thumbnailUrl":"https:\/\/iicolumnas.es\/wp-content\/uploads\/2016\/04\/horarios-futbol.jpg","datePublished":"2016-04-28T22:30:50+00:00","author":{"@id":"https:\/\/iicolumnas.es\/#\/schema\/person\/b691025c7a086be983663f994201db0c"},"breadcrumb":{"@id":"https:\/\/iicolumnas.es\/index.php\/deportes\/2016\/04\/28\/la-fuente-san-esteban-rival-batir\/#breadcrumb"},"inLanguage":"es","potentialAction":[{"@type":"ReadAction","target":["https:\/\/iicolumnas.es\/index.php\/deportes\/2016\/04\/28\/la-fuente-san-esteban-rival-batir\/"]}]},{"@type":"ImageObject","inLanguage":"es","@id":"https:\/\/iicolumnas.es\/index.php\/deportes\/2016\/04\/28\/la-fuente-san-esteban-rival-batir\/#primaryimage","url":"https:\/\/iicolumnas.es\/wp-content\/uploads\/2016\/04\/horarios-futbol.jpg","contentUrl":"https:\/\/iicolumnas.es\/wp-content\/uploads\/2016\/04\/horarios-futbol.jpg","width":"3055","height":"1485"},{"@type":"BreadcrumbList","@id":"https:\/\/iicolumnas.es\/index.php\/deportes\/2016\/04\/28\/la-fuente-san-esteban-rival-batir\/#breadcrumb","itemListElement":[{"@type":"ListItem","position":1,"name":"Portada","item":"https:\/\/iicolumnas.es\/"},{"@type":"ListItem","position":2,"name":"Deportes","item":"https:\/\/iicolumnas.es\/index.php\/category\/deportes\/"},{"@type":"ListItem","position":3,"name":"La Fuente de San Esteban, rival a batir"}]},{"@type":"WebSite","@id":"https:\/\/iicolumnas.es\/#website","url":"https:\/\/iicolumnas.es\/","name":"Dos Columnas","description":"El peri\u00f3dico de la villa de Cantalpino","potentialAction":[{"@type":"SearchAction","target":{"@type":"EntryPoint","urlTemplate":"https:\/\/iicolumnas.es\/?s={search_term_string}"},"query-input":{"@type":"PropertyValueSpecification","valueRequired":true,"valueName":"search_term_string"}}],"inLanguage":"es"},{"@type":"Person","@id":"https:\/\/iicolumnas.es\/#\/schema\/person\/b691025c7a086be983663f994201db0c","name":"David Mart\u00edn","image":{"@type":"ImageObject","inLanguage":"es","@id":"https:\/\/iicolumnas.es\/#\/schema\/person\/image\/","url":"https:\/\/secure.gravatar.com\/avatar\/e6290b3f94bcd131f9b9d51a7a45de2c66bd3ecb45f4bd7016ec927c3e366938?s=96&d=mm&r=g","contentUrl":"https:\/\/secure.gravatar.com\/avatar\/e6290b3f94bcd131f9b9d51a7a45de2c66bd3ecb45f4bd7016ec927c3e366938?s=96&d=mm&r=g","caption":"David Mart\u00edn"}}]}},"_links":{"self":[{"href":"https:\/\/iicolumnas.es\/index.php\/wp-json\/wp\/v2\/posts\/2605","targetHints":{"allow":["GET"]}}],"collection":[{"href":"https:\/\/iicolumnas.es\/index.php\/wp-json\/wp\/v2\/posts"}],"about":[{"href":"https:\/\/iicolumnas.es\/index.php\/wp-json\/wp\/v2\/types\/post"}],"author":[{"embeddable":true,"href":"https:\/\/iicolumnas.es\/index.php\/wp-json\/wp\/v2\/users\/12"}],"replies":[{"embeddable":true,"href":"https:\/\/iicolumnas.es\/index.php\/wp-json\/wp\/v2\/comments?post=2605"}],"version-history":[{"count":0,"href":"https:\/\/iicolumnas.es\/index.php\/wp-json\/wp\/v2\/posts\/2605\/revisions"}],"wp:featuredmedia":[{"embeddable":true,"href":"https:\/\/iicolumnas.es\/index.php\/wp-json\/wp\/v2\/media\/2609"}],"wp:attachment":[{"href":"https:\/\/iicolumnas.es\/index.php\/wp-json\/wp\/v2\/media?parent=2605"}],"wp:term":[{"taxonomy":"category","embeddable":true,"href":"https:\/\/iicolumnas.es\/index.php\/wp-json\/wp\/v2\/categories?post=2605"},{"taxonomy":"post_tag","embeddable":true,"href":"https:\/\/iicolumnas.es\/index.php\/wp-json\/wp\/v2\/tags?post=2605"}],"curies":[{"name":"wp","href":"https:\/\/api.w.org\/{rel}","templated":true}]}}