{"id":25847,"date":"2021-01-13T21:16:32","date_gmt":"2021-01-13T20:16:32","guid":{"rendered":"https:\/\/iicolumnas.es\/?p=25847"},"modified":"2021-01-15T11:43:39","modified_gmt":"2021-01-15T10:43:39","slug":"la-proxima-semana-se-realizara-la-itv-de-vehiculos-agricolas-y-ciclomotores","status":"publish","type":"post","link":"https:\/\/iicolumnas.es\/index.php\/actualidad\/2021\/01\/13\/la-proxima-semana-se-realizara-la-itv-de-vehiculos-agricolas-y-ciclomotores\/","title":{"rendered":"La pr\u00f3xima semana se realizar\u00e1 la ITV de veh\u00edculos agr\u00edcolas y ciclomotores"},"content":{"rendered":"<p style=\"text-align: justify;\">La empresa Itevelesa se desplaza a nuestro municipio para realizar la inspecci\u00f3n obligatoria de los veh\u00edculos agricolas y ciclomores los siguientes d\u00edas:<\/p>\n<ul style=\"text-align: justify;\">\n<li>19 de enero de 15:30 a 17:40<\/li>\n<li>20 de enero de 09:40 a 14:00 y 15:30 a 17:40<\/li>\n<li>21 de enero de 09:40 a 14:00 y 15:30 a 17:40<\/li>\n<\/ul>\n<p style=\"text-align: justify;\"><img loading=\"lazy\" decoding=\"async\" class=\"alignnone size-full wp-image-25846\" src=\"https:\/\/iicolumnas.es\/wp-content\/uploads\/2021\/01\/itv-agricola-2021.jpeg\" alt=\"\" width=\"600\" height=\"800\" srcset=\"https:\/\/iicolumnas.es\/wp-content\/uploads\/2021\/01\/itv-agricola-2021.jpeg?v=1610568653 600w, https:\/\/iicolumnas.es\/wp-content\/uploads\/2021\/01\/itv-agricola-2021-225x300.jpeg?v=1610568653 225w\" sizes=\"auto, (max-width: 600px) 100vw, 600px\" \/><\/p>\n","protected":false},"excerpt":{"rendered":"<p>La empresa Itevelesa se desplaza a nuestro municipio para realizar la inspecci\u00f3n obligatoria de los veh\u00edculos agricolas y ciclomores los siguientes d\u00edas: 19 de enero de 15:30 a 17:40 20 de enero de 09:40&#46;&#46;&#46;<\/p>\n","protected":false},"author":20,"featured_media":25846,"comment_status":"open","ping_status":"open","sticky":false,"template":"","format":"standard","meta":{"footnotes":""},"categories":[1,203],"tags":[2072,2073],"class_list":["post-25847","post","type-post","status-publish","format-standard","has-post-thumbnail","hentry","category-actualidad","category-tablon-de-anuncios","tag-enero-2021","tag-itv"],"yoast_head":"<!-- This site is optimized with the Yoast SEO plugin v26.6 - https:\/\/yoast.com\/wordpress\/plugins\/seo\/ -->\n<title>La pr\u00f3xima semana se realizar\u00e1 la ITV de veh\u00edculos agr\u00edcolas y ciclomotores - Dos Columnas<\/title>\n<meta name=\"robots\" content=\"index, follow, max-snippet:-1, max-image-preview:large, max-video-preview:-1\" \/>\n<link rel=\"canonical\" href=\"https:\/\/iicolumnas.es\/index.php\/actualidad\/2021\/01\/13\/la-proxima-semana-se-realizara-la-itv-de-vehiculos-agricolas-y-ciclomotores\/\" \/>\n<meta property=\"og:locale\" content=\"es_ES\" \/>\n<meta property=\"og:type\" content=\"article\" \/>\n<meta property=\"og:title\" content=\"La pr\u00f3xima semana se realizar\u00e1 la ITV de veh\u00edculos agr\u00edcolas y ciclomotores - Dos Columnas\" \/>\n<meta property=\"og:description\" content=\"La empresa Itevelesa se desplaza a nuestro municipio para realizar la inspecci\u00f3n obligatoria de los veh\u00edculos agricolas y ciclomores los siguientes d\u00edas: 19 de enero de 15:30 a 17:40 20 de enero de 09:40&#046;&#046;&#046;\" \/>\n<meta property=\"og:url\" content=\"https:\/\/iicolumnas.es\/index.php\/actualidad\/2021\/01\/13\/la-proxima-semana-se-realizara-la-itv-de-vehiculos-agricolas-y-ciclomotores\/\" \/>\n<meta property=\"og:site_name\" content=\"Dos Columnas\" \/>\n<meta property=\"article:publisher\" content=\"https:\/\/www.facebook.com\/iicolumnas\/\" \/>\n<meta property=\"article:published_time\" content=\"2021-01-13T20:16:32+00:00\" \/>\n<meta property=\"article:modified_time\" content=\"2021-01-15T10:43:39+00:00\" \/>\n<meta property=\"og:image\" content=\"https:\/\/iicolumnas.es\/wp-content\/uploads\/2021\/01\/itv-agricola-2021.jpeg?v=1610568653\" \/>\n\t<meta property=\"og:image:width\" content=\"600\" \/>\n\t<meta property=\"og:image:height\" content=\"800\" \/>\n\t<meta property=\"og:image:type\" content=\"image\/jpeg\" \/>\n<meta name=\"author\" content=\"Jonathan Mart\u00edn Poveda\" \/>\n<meta name=\"twitter:card\" content=\"summary_large_image\" \/>\n<meta name=\"twitter:creator\" content=\"@iicolumnas\" \/>\n<meta name=\"twitter:site\" content=\"@iicolumnas\" \/>\n<meta name=\"twitter:label1\" content=\"Escrito por\" \/>\n\t<meta name=\"twitter:data1\" content=\"Jonathan Mart\u00edn Poveda\" \/>\n<script type=\"application\/ld+json\" class=\"yoast-schema-graph\">{\"@context\":\"https:\/\/schema.org\",\"@graph\":[{\"@type\":\"WebPage\",\"@id\":\"https:\/\/iicolumnas.es\/index.php\/actualidad\/2021\/01\/13\/la-proxima-semana-se-realizara-la-itv-de-vehiculos-agricolas-y-ciclomotores\/\",\"url\":\"https:\/\/iicolumnas.es\/index.php\/actualidad\/2021\/01\/13\/la-proxima-semana-se-realizara-la-itv-de-vehiculos-agricolas-y-ciclomotores\/\",\"name\":\"La pr\u00f3xima semana se realizar\u00e1 la ITV de veh\u00edculos agr\u00edcolas y ciclomotores - Dos Columnas\",\"isPartOf\":{\"@id\":\"https:\/\/iicolumnas.es\/#website\"},\"primaryImageOfPage\":{\"@id\":\"https:\/\/iicolumnas.es\/index.php\/actualidad\/2021\/01\/13\/la-proxima-semana-se-realizara-la-itv-de-vehiculos-agricolas-y-ciclomotores\/#primaryimage\"},\"image\":{\"@id\":\"https:\/\/iicolumnas.es\/index.php\/actualidad\/2021\/01\/13\/la-proxima-semana-se-realizara-la-itv-de-vehiculos-agricolas-y-ciclomotores\/#primaryimage\"},\"thumbnailUrl\":\"https:\/\/iicolumnas.es\/wp-content\/uploads\/2021\/01\/itv-agricola-2021.jpeg?v=1610568653\",\"datePublished\":\"2021-01-13T20:16:32+00:00\",\"dateModified\":\"2021-01-15T10:43:39+00:00\",\"author\":{\"@id\":\"https:\/\/iicolumnas.es\/#\/schema\/person\/d512d18684f02fab7bbd32f31cc9265f\"},\"breadcrumb\":{\"@id\":\"https:\/\/iicolumnas.es\/index.php\/actualidad\/2021\/01\/13\/la-proxima-semana-se-realizara-la-itv-de-vehiculos-agricolas-y-ciclomotores\/#breadcrumb\"},\"inLanguage\":\"es\",\"potentialAction\":[{\"@type\":\"ReadAction\",\"target\":[\"https:\/\/iicolumnas.es\/index.php\/actualidad\/2021\/01\/13\/la-proxima-semana-se-realizara-la-itv-de-vehiculos-agricolas-y-ciclomotores\/\"]}]},{\"@type\":\"ImageObject\",\"inLanguage\":\"es\",\"@id\":\"https:\/\/iicolumnas.es\/index.php\/actualidad\/2021\/01\/13\/la-proxima-semana-se-realizara-la-itv-de-vehiculos-agricolas-y-ciclomotores\/#primaryimage\",\"url\":\"https:\/\/iicolumnas.es\/wp-content\/uploads\/2021\/01\/itv-agricola-2021.jpeg?v=1610568653\",\"contentUrl\":\"https:\/\/iicolumnas.es\/wp-content\/uploads\/2021\/01\/itv-agricola-2021.jpeg?v=1610568653\",\"width\":600,\"height\":800},{\"@type\":\"BreadcrumbList\",\"@id\":\"https:\/\/iicolumnas.es\/index.php\/actualidad\/2021\/01\/13\/la-proxima-semana-se-realizara-la-itv-de-vehiculos-agricolas-y-ciclomotores\/#breadcrumb\",\"itemListElement\":[{\"@type\":\"ListItem\",\"position\":1,\"name\":\"Portada\",\"item\":\"https:\/\/iicolumnas.es\/\"},{\"@type\":\"ListItem\",\"position\":2,\"name\":\"Actualidad\",\"item\":\"https:\/\/iicolumnas.es\/index.php\/category\/actualidad\/\"},{\"@type\":\"ListItem\",\"position\":3,\"name\":\"La pr\u00f3xima semana se realizar\u00e1 la ITV de veh\u00edculos agr\u00edcolas y ciclomotores\"}]},{\"@type\":\"WebSite\",\"@id\":\"https:\/\/iicolumnas.es\/#website\",\"url\":\"https:\/\/iicolumnas.es\/\",\"name\":\"Dos Columnas\",\"description\":\"El peri\u00f3dico de la villa de Cantalpino\",\"potentialAction\":[{\"@type\":\"SearchAction\",\"target\":{\"@type\":\"EntryPoint\",\"urlTemplate\":\"https:\/\/iicolumnas.es\/?s={search_term_string}\"},\"query-input\":{\"@type\":\"PropertyValueSpecification\",\"valueRequired\":true,\"valueName\":\"search_term_string\"}}],\"inLanguage\":\"es\"},{\"@type\":\"Person\",\"@id\":\"https:\/\/iicolumnas.es\/#\/schema\/person\/d512d18684f02fab7bbd32f31cc9265f\",\"name\":\"Jonathan Mart\u00edn Poveda\",\"image\":{\"@type\":\"ImageObject\",\"inLanguage\":\"es\",\"@id\":\"https:\/\/iicolumnas.es\/#\/schema\/person\/image\/\",\"url\":\"https:\/\/secure.gravatar.com\/avatar\/366e45604278ba83b52b7877bdb6e17a592c40232732283938262b196447828c?s=96&d=mm&r=g\",\"contentUrl\":\"https:\/\/secure.gravatar.com\/avatar\/366e45604278ba83b52b7877bdb6e17a592c40232732283938262b196447828c?s=96&d=mm&r=g\",\"caption\":\"Jonathan Mart\u00edn Poveda\"}}]}<\/script>\n<!-- \/ Yoast SEO plugin. -->","yoast_head_json":{"title":"La pr\u00f3xima semana se realizar\u00e1 la ITV de veh\u00edculos agr\u00edcolas y ciclomotores - Dos Columnas","robots":{"index":"index","follow":"follow","max-snippet":"max-snippet:-1","max-image-preview":"max-image-preview:large","max-video-preview":"max-video-preview:-1"},"canonical":"https:\/\/iicolumnas.es\/index.php\/actualidad\/2021\/01\/13\/la-proxima-semana-se-realizara-la-itv-de-vehiculos-agricolas-y-ciclomotores\/","og_locale":"es_ES","og_type":"article","og_title":"La pr\u00f3xima semana se realizar\u00e1 la ITV de veh\u00edculos agr\u00edcolas y ciclomotores - Dos Columnas","og_description":"La empresa Itevelesa se desplaza a nuestro municipio para realizar la inspecci\u00f3n obligatoria de los veh\u00edculos agricolas y ciclomores los siguientes d\u00edas: 19 de enero de 15:30 a 17:40 20 de enero de 09:40&#46;&#46;&#46;","og_url":"https:\/\/iicolumnas.es\/index.php\/actualidad\/2021\/01\/13\/la-proxima-semana-se-realizara-la-itv-de-vehiculos-agricolas-y-ciclomotores\/","og_site_name":"Dos Columnas","article_publisher":"https:\/\/www.facebook.com\/iicolumnas\/","article_published_time":"2021-01-13T20:16:32+00:00","article_modified_time":"2021-01-15T10:43:39+00:00","og_image":[{"width":600,"height":800,"url":"https:\/\/iicolumnas.es\/wp-content\/uploads\/2021\/01\/itv-agricola-2021.jpeg?v=1610568653","type":"image\/jpeg"}],"author":"Jonathan Mart\u00edn Poveda","twitter_card":"summary_large_image","twitter_creator":"@iicolumnas","twitter_site":"@iicolumnas","twitter_misc":{"Escrito por":"Jonathan Mart\u00edn Poveda"},"schema":{"@context":"https:\/\/schema.org","@graph":[{"@type":"WebPage","@id":"https:\/\/iicolumnas.es\/index.php\/actualidad\/2021\/01\/13\/la-proxima-semana-se-realizara-la-itv-de-vehiculos-agricolas-y-ciclomotores\/","url":"https:\/\/iicolumnas.es\/index.php\/actualidad\/2021\/01\/13\/la-proxima-semana-se-realizara-la-itv-de-vehiculos-agricolas-y-ciclomotores\/","name":"La pr\u00f3xima semana se realizar\u00e1 la ITV de veh\u00edculos agr\u00edcolas y ciclomotores - Dos Columnas","isPartOf":{"@id":"https:\/\/iicolumnas.es\/#website"},"primaryImageOfPage":{"@id":"https:\/\/iicolumnas.es\/index.php\/actualidad\/2021\/01\/13\/la-proxima-semana-se-realizara-la-itv-de-vehiculos-agricolas-y-ciclomotores\/#primaryimage"},"image":{"@id":"https:\/\/iicolumnas.es\/index.php\/actualidad\/2021\/01\/13\/la-proxima-semana-se-realizara-la-itv-de-vehiculos-agricolas-y-ciclomotores\/#primaryimage"},"thumbnailUrl":"https:\/\/iicolumnas.es\/wp-content\/uploads\/2021\/01\/itv-agricola-2021.jpeg?v=1610568653","datePublished":"2021-01-13T20:16:32+00:00","dateModified":"2021-01-15T10:43:39+00:00","author":{"@id":"https:\/\/iicolumnas.es\/#\/schema\/person\/d512d18684f02fab7bbd32f31cc9265f"},"breadcrumb":{"@id":"https:\/\/iicolumnas.es\/index.php\/actualidad\/2021\/01\/13\/la-proxima-semana-se-realizara-la-itv-de-vehiculos-agricolas-y-ciclomotores\/#breadcrumb"},"inLanguage":"es","potentialAction":[{"@type":"ReadAction","target":["https:\/\/iicolumnas.es\/index.php\/actualidad\/2021\/01\/13\/la-proxima-semana-se-realizara-la-itv-de-vehiculos-agricolas-y-ciclomotores\/"]}]},{"@type":"ImageObject","inLanguage":"es","@id":"https:\/\/iicolumnas.es\/index.php\/actualidad\/2021\/01\/13\/la-proxima-semana-se-realizara-la-itv-de-vehiculos-agricolas-y-ciclomotores\/#primaryimage","url":"https:\/\/iicolumnas.es\/wp-content\/uploads\/2021\/01\/itv-agricola-2021.jpeg?v=1610568653","contentUrl":"https:\/\/iicolumnas.es\/wp-content\/uploads\/2021\/01\/itv-agricola-2021.jpeg?v=1610568653","width":600,"height":800},{"@type":"BreadcrumbList","@id":"https:\/\/iicolumnas.es\/index.php\/actualidad\/2021\/01\/13\/la-proxima-semana-se-realizara-la-itv-de-vehiculos-agricolas-y-ciclomotores\/#breadcrumb","itemListElement":[{"@type":"ListItem","position":1,"name":"Portada","item":"https:\/\/iicolumnas.es\/"},{"@type":"ListItem","position":2,"name":"Actualidad","item":"https:\/\/iicolumnas.es\/index.php\/category\/actualidad\/"},{"@type":"ListItem","position":3,"name":"La pr\u00f3xima semana se realizar\u00e1 la ITV de veh\u00edculos agr\u00edcolas y ciclomotores"}]},{"@type":"WebSite","@id":"https:\/\/iicolumnas.es\/#website","url":"https:\/\/iicolumnas.es\/","name":"Dos Columnas","description":"El peri\u00f3dico de la villa de Cantalpino","potentialAction":[{"@type":"SearchAction","target":{"@type":"EntryPoint","urlTemplate":"https:\/\/iicolumnas.es\/?s={search_term_string}"},"query-input":{"@type":"PropertyValueSpecification","valueRequired":true,"valueName":"search_term_string"}}],"inLanguage":"es"},{"@type":"Person","@id":"https:\/\/iicolumnas.es\/#\/schema\/person\/d512d18684f02fab7bbd32f31cc9265f","name":"Jonathan Mart\u00edn Poveda","image":{"@type":"ImageObject","inLanguage":"es","@id":"https:\/\/iicolumnas.es\/#\/schema\/person\/image\/","url":"https:\/\/secure.gravatar.com\/avatar\/366e45604278ba83b52b7877bdb6e17a592c40232732283938262b196447828c?s=96&d=mm&r=g","contentUrl":"https:\/\/secure.gravatar.com\/avatar\/366e45604278ba83b52b7877bdb6e17a592c40232732283938262b196447828c?s=96&d=mm&r=g","caption":"Jonathan Mart\u00edn Poveda"}}]}},"_links":{"self":[{"href":"https:\/\/iicolumnas.es\/index.php\/wp-json\/wp\/v2\/posts\/25847","targetHints":{"allow":["GET"]}}],"collection":[{"href":"https:\/\/iicolumnas.es\/index.php\/wp-json\/wp\/v2\/posts"}],"about":[{"href":"https:\/\/iicolumnas.es\/index.php\/wp-json\/wp\/v2\/types\/post"}],"author":[{"embeddable":true,"href":"https:\/\/iicolumnas.es\/index.php\/wp-json\/wp\/v2\/users\/20"}],"replies":[{"embeddable":true,"href":"https:\/\/iicolumnas.es\/index.php\/wp-json\/wp\/v2\/comments?post=25847"}],"version-history":[{"count":1,"href":"https:\/\/iicolumnas.es\/index.php\/wp-json\/wp\/v2\/posts\/25847\/revisions"}],"predecessor-version":[{"id":25848,"href":"https:\/\/iicolumnas.es\/index.php\/wp-json\/wp\/v2\/posts\/25847\/revisions\/25848"}],"wp:featuredmedia":[{"embeddable":true,"href":"https:\/\/iicolumnas.es\/index.php\/wp-json\/wp\/v2\/media\/25846"}],"wp:attachment":[{"href":"https:\/\/iicolumnas.es\/index.php\/wp-json\/wp\/v2\/media?parent=25847"}],"wp:term":[{"taxonomy":"category","embeddable":true,"href":"https:\/\/iicolumnas.es\/index.php\/wp-json\/wp\/v2\/categories?post=25847"},{"taxonomy":"post_tag","embeddable":true,"href":"https:\/\/iicolumnas.es\/index.php\/wp-json\/wp\/v2\/tags?post=25847"}],"curies":[{"name":"wp","href":"https:\/\/api.w.org\/{rel}","templated":true}]}}