{"id":24276,"date":"2020-05-15T15:02:52","date_gmt":"2020-05-15T13:02:52","guid":{"rendered":"https:\/\/iicolumnas.es\/?p=24276"},"modified":"2020-05-15T15:02:52","modified_gmt":"2020-05-15T13:02:52","slug":"concurso-de-disfraces-san-isidro-2020","status":"publish","type":"post","link":"https:\/\/iicolumnas.es\/index.php\/actualidad\/2020\/05\/15\/concurso-de-disfraces-san-isidro-2020\/","title":{"rendered":"Concurso de disfraces San Isidro 2020"},"content":{"rendered":"<p>Actualizamos el programa de fiestas a\u00f1adiendo otro concurso:<\/p>\n<ul style=\"text-align: justify;\">\n<li><strong>CONCURSO DE DISFRACES<\/strong>.<\/li>\n<li>Consistir\u00e1 en lo siguiente,<strong> desde el<\/strong> <strong>d\u00eda 16 de mayo hasta el 17 de mayo <\/strong>te disfrazas y <strong>lo subes a tu perfil en facebook etiquetando a @iicolumnas . <\/strong>La tem\u00e1tica del disfraz es libre. La foto <strong>que tenga mas &#8216;ME GUSTA&#8217;<\/strong>\u00a0<strong>al finalizar el domingo d\u00eda 17<\/strong> se llevar\u00e1 <strong>un vale de 20 euros<\/strong> para gastar en cualquiera de las empresas que colaboran con el IIColumnas. <a href=\"https:\/\/iicolumnas.es\/index.php\/actualidad\/2020\/05\/12\/empresas-colaboradoras-del-iicolumnas\/\" target=\"_blank\" rel=\"noopener noreferrer\"><span style=\"color: #36cccc;\"><strong>Ver lista de colaboradores aqu\u00ed<\/strong><\/span><\/a>.<\/li>\n<\/ul>\n<p>&nbsp;<\/p>\n<p><a href=\"https:\/\/iicolumnas.es\/index.php\/actualidad\/2020\/05\/14\/programa-de-fiestas-san-isidro-2020\/\" target=\"_blank\" rel=\"noopener noreferrer\"><strong><span style=\"color: #36cccc;\">PARA VER EL PROGRAMA DE FIESTAS COMPLETO PULSA AQU\u00cd<\/span><\/strong><\/a><\/p>\n","protected":false},"excerpt":{"rendered":"<p>Actualizamos el programa de fiestas a\u00f1adiendo otro concurso: CONCURSO DE DISFRACES. Consistir\u00e1 en lo siguiente, desde el d\u00eda 16 de mayo hasta el 17 de mayo te disfrazas y lo subes a tu perfil&#46;&#46;&#46;<\/p>\n","protected":false},"author":20,"featured_media":15988,"comment_status":"open","ping_status":"open","sticky":false,"template":"","format":"standard","meta":{"footnotes":""},"categories":[1],"tags":[2012,2005,2008],"class_list":["post-24276","post","type-post","status-publish","format-standard","has-post-thumbnail","hentry","category-actualidad","tag-concurso-disfraces","tag-mayo-2020","tag-san-isidro-2020"],"yoast_head":"<!-- This site is optimized with the Yoast SEO plugin v26.6 - https:\/\/yoast.com\/wordpress\/plugins\/seo\/ -->\n<title>Concurso de disfraces San Isidro 2020 - Dos Columnas<\/title>\n<meta name=\"robots\" content=\"index, follow, max-snippet:-1, max-image-preview:large, max-video-preview:-1\" \/>\n<link rel=\"canonical\" href=\"https:\/\/iicolumnas.es\/index.php\/actualidad\/2020\/05\/15\/concurso-de-disfraces-san-isidro-2020\/\" \/>\n<meta property=\"og:locale\" content=\"es_ES\" \/>\n<meta property=\"og:type\" content=\"article\" \/>\n<meta property=\"og:title\" content=\"Concurso de disfraces San Isidro 2020 - Dos Columnas\" \/>\n<meta property=\"og:description\" content=\"Actualizamos el programa de fiestas a\u00f1adiendo otro concurso: CONCURSO DE DISFRACES. Consistir\u00e1 en lo siguiente, desde el d\u00eda 16 de mayo hasta el 17 de mayo te disfrazas y lo subes a tu perfil&#046;&#046;&#046;\" \/>\n<meta property=\"og:url\" content=\"https:\/\/iicolumnas.es\/index.php\/actualidad\/2020\/05\/15\/concurso-de-disfraces-san-isidro-2020\/\" \/>\n<meta property=\"og:site_name\" content=\"Dos Columnas\" \/>\n<meta property=\"article:publisher\" content=\"https:\/\/www.facebook.com\/iicolumnas\/\" \/>\n<meta property=\"article:published_time\" content=\"2020-05-15T13:02:52+00:00\" \/>\n<meta property=\"og:image\" content=\"https:\/\/iicolumnas.es\/wp-content\/uploads\/2018\/02\/Carnaval_2018-45.jpeg\" \/>\n\t<meta property=\"og:image:width\" content=\"800\" \/>\n\t<meta property=\"og:image:height\" content=\"600\" \/>\n\t<meta property=\"og:image:type\" content=\"image\/jpeg\" \/>\n<meta name=\"author\" content=\"Jonathan Mart\u00edn Poveda\" \/>\n<meta name=\"twitter:card\" content=\"summary_large_image\" \/>\n<meta name=\"twitter:creator\" content=\"@iicolumnas\" \/>\n<meta name=\"twitter:site\" content=\"@iicolumnas\" \/>\n<meta name=\"twitter:label1\" content=\"Escrito por\" \/>\n\t<meta name=\"twitter:data1\" content=\"Jonathan Mart\u00edn Poveda\" \/>\n<script type=\"application\/ld+json\" class=\"yoast-schema-graph\">{\"@context\":\"https:\/\/schema.org\",\"@graph\":[{\"@type\":\"WebPage\",\"@id\":\"https:\/\/iicolumnas.es\/index.php\/actualidad\/2020\/05\/15\/concurso-de-disfraces-san-isidro-2020\/\",\"url\":\"https:\/\/iicolumnas.es\/index.php\/actualidad\/2020\/05\/15\/concurso-de-disfraces-san-isidro-2020\/\",\"name\":\"Concurso de disfraces San Isidro 2020 - Dos Columnas\",\"isPartOf\":{\"@id\":\"https:\/\/iicolumnas.es\/#website\"},\"primaryImageOfPage\":{\"@id\":\"https:\/\/iicolumnas.es\/index.php\/actualidad\/2020\/05\/15\/concurso-de-disfraces-san-isidro-2020\/#primaryimage\"},\"image\":{\"@id\":\"https:\/\/iicolumnas.es\/index.php\/actualidad\/2020\/05\/15\/concurso-de-disfraces-san-isidro-2020\/#primaryimage\"},\"thumbnailUrl\":\"https:\/\/iicolumnas.es\/wp-content\/uploads\/2018\/02\/Carnaval_2018-45.jpeg\",\"datePublished\":\"2020-05-15T13:02:52+00:00\",\"author\":{\"@id\":\"https:\/\/iicolumnas.es\/#\/schema\/person\/d512d18684f02fab7bbd32f31cc9265f\"},\"breadcrumb\":{\"@id\":\"https:\/\/iicolumnas.es\/index.php\/actualidad\/2020\/05\/15\/concurso-de-disfraces-san-isidro-2020\/#breadcrumb\"},\"inLanguage\":\"es\",\"potentialAction\":[{\"@type\":\"ReadAction\",\"target\":[\"https:\/\/iicolumnas.es\/index.php\/actualidad\/2020\/05\/15\/concurso-de-disfraces-san-isidro-2020\/\"]}]},{\"@type\":\"ImageObject\",\"inLanguage\":\"es\",\"@id\":\"https:\/\/iicolumnas.es\/index.php\/actualidad\/2020\/05\/15\/concurso-de-disfraces-san-isidro-2020\/#primaryimage\",\"url\":\"https:\/\/iicolumnas.es\/wp-content\/uploads\/2018\/02\/Carnaval_2018-45.jpeg\",\"contentUrl\":\"https:\/\/iicolumnas.es\/wp-content\/uploads\/2018\/02\/Carnaval_2018-45.jpeg\",\"width\":\"800\",\"height\":\"600\"},{\"@type\":\"BreadcrumbList\",\"@id\":\"https:\/\/iicolumnas.es\/index.php\/actualidad\/2020\/05\/15\/concurso-de-disfraces-san-isidro-2020\/#breadcrumb\",\"itemListElement\":[{\"@type\":\"ListItem\",\"position\":1,\"name\":\"Portada\",\"item\":\"https:\/\/iicolumnas.es\/\"},{\"@type\":\"ListItem\",\"position\":2,\"name\":\"Actualidad\",\"item\":\"https:\/\/iicolumnas.es\/index.php\/category\/actualidad\/\"},{\"@type\":\"ListItem\",\"position\":3,\"name\":\"Concurso de disfraces San Isidro 2020\"}]},{\"@type\":\"WebSite\",\"@id\":\"https:\/\/iicolumnas.es\/#website\",\"url\":\"https:\/\/iicolumnas.es\/\",\"name\":\"Dos Columnas\",\"description\":\"El peri\u00f3dico de la villa de Cantalpino\",\"potentialAction\":[{\"@type\":\"SearchAction\",\"target\":{\"@type\":\"EntryPoint\",\"urlTemplate\":\"https:\/\/iicolumnas.es\/?s={search_term_string}\"},\"query-input\":{\"@type\":\"PropertyValueSpecification\",\"valueRequired\":true,\"valueName\":\"search_term_string\"}}],\"inLanguage\":\"es\"},{\"@type\":\"Person\",\"@id\":\"https:\/\/iicolumnas.es\/#\/schema\/person\/d512d18684f02fab7bbd32f31cc9265f\",\"name\":\"Jonathan Mart\u00edn Poveda\",\"image\":{\"@type\":\"ImageObject\",\"inLanguage\":\"es\",\"@id\":\"https:\/\/iicolumnas.es\/#\/schema\/person\/image\/\",\"url\":\"https:\/\/secure.gravatar.com\/avatar\/366e45604278ba83b52b7877bdb6e17a592c40232732283938262b196447828c?s=96&d=mm&r=g\",\"contentUrl\":\"https:\/\/secure.gravatar.com\/avatar\/366e45604278ba83b52b7877bdb6e17a592c40232732283938262b196447828c?s=96&d=mm&r=g\",\"caption\":\"Jonathan Mart\u00edn Poveda\"}}]}<\/script>\n<!-- \/ Yoast SEO plugin. -->","yoast_head_json":{"title":"Concurso de disfraces San Isidro 2020 - Dos Columnas","robots":{"index":"index","follow":"follow","max-snippet":"max-snippet:-1","max-image-preview":"max-image-preview:large","max-video-preview":"max-video-preview:-1"},"canonical":"https:\/\/iicolumnas.es\/index.php\/actualidad\/2020\/05\/15\/concurso-de-disfraces-san-isidro-2020\/","og_locale":"es_ES","og_type":"article","og_title":"Concurso de disfraces San Isidro 2020 - Dos Columnas","og_description":"Actualizamos el programa de fiestas a\u00f1adiendo otro concurso: CONCURSO DE DISFRACES. Consistir\u00e1 en lo siguiente, desde el d\u00eda 16 de mayo hasta el 17 de mayo te disfrazas y lo subes a tu perfil&#46;&#46;&#46;","og_url":"https:\/\/iicolumnas.es\/index.php\/actualidad\/2020\/05\/15\/concurso-de-disfraces-san-isidro-2020\/","og_site_name":"Dos Columnas","article_publisher":"https:\/\/www.facebook.com\/iicolumnas\/","article_published_time":"2020-05-15T13:02:52+00:00","og_image":[{"width":800,"height":600,"url":"https:\/\/iicolumnas.es\/wp-content\/uploads\/2018\/02\/Carnaval_2018-45.jpeg","type":"image\/jpeg"}],"author":"Jonathan Mart\u00edn Poveda","twitter_card":"summary_large_image","twitter_creator":"@iicolumnas","twitter_site":"@iicolumnas","twitter_misc":{"Escrito por":"Jonathan Mart\u00edn Poveda"},"schema":{"@context":"https:\/\/schema.org","@graph":[{"@type":"WebPage","@id":"https:\/\/iicolumnas.es\/index.php\/actualidad\/2020\/05\/15\/concurso-de-disfraces-san-isidro-2020\/","url":"https:\/\/iicolumnas.es\/index.php\/actualidad\/2020\/05\/15\/concurso-de-disfraces-san-isidro-2020\/","name":"Concurso de disfraces San Isidro 2020 - Dos Columnas","isPartOf":{"@id":"https:\/\/iicolumnas.es\/#website"},"primaryImageOfPage":{"@id":"https:\/\/iicolumnas.es\/index.php\/actualidad\/2020\/05\/15\/concurso-de-disfraces-san-isidro-2020\/#primaryimage"},"image":{"@id":"https:\/\/iicolumnas.es\/index.php\/actualidad\/2020\/05\/15\/concurso-de-disfraces-san-isidro-2020\/#primaryimage"},"thumbnailUrl":"https:\/\/iicolumnas.es\/wp-content\/uploads\/2018\/02\/Carnaval_2018-45.jpeg","datePublished":"2020-05-15T13:02:52+00:00","author":{"@id":"https:\/\/iicolumnas.es\/#\/schema\/person\/d512d18684f02fab7bbd32f31cc9265f"},"breadcrumb":{"@id":"https:\/\/iicolumnas.es\/index.php\/actualidad\/2020\/05\/15\/concurso-de-disfraces-san-isidro-2020\/#breadcrumb"},"inLanguage":"es","potentialAction":[{"@type":"ReadAction","target":["https:\/\/iicolumnas.es\/index.php\/actualidad\/2020\/05\/15\/concurso-de-disfraces-san-isidro-2020\/"]}]},{"@type":"ImageObject","inLanguage":"es","@id":"https:\/\/iicolumnas.es\/index.php\/actualidad\/2020\/05\/15\/concurso-de-disfraces-san-isidro-2020\/#primaryimage","url":"https:\/\/iicolumnas.es\/wp-content\/uploads\/2018\/02\/Carnaval_2018-45.jpeg","contentUrl":"https:\/\/iicolumnas.es\/wp-content\/uploads\/2018\/02\/Carnaval_2018-45.jpeg","width":"800","height":"600"},{"@type":"BreadcrumbList","@id":"https:\/\/iicolumnas.es\/index.php\/actualidad\/2020\/05\/15\/concurso-de-disfraces-san-isidro-2020\/#breadcrumb","itemListElement":[{"@type":"ListItem","position":1,"name":"Portada","item":"https:\/\/iicolumnas.es\/"},{"@type":"ListItem","position":2,"name":"Actualidad","item":"https:\/\/iicolumnas.es\/index.php\/category\/actualidad\/"},{"@type":"ListItem","position":3,"name":"Concurso de disfraces San Isidro 2020"}]},{"@type":"WebSite","@id":"https:\/\/iicolumnas.es\/#website","url":"https:\/\/iicolumnas.es\/","name":"Dos Columnas","description":"El peri\u00f3dico de la villa de Cantalpino","potentialAction":[{"@type":"SearchAction","target":{"@type":"EntryPoint","urlTemplate":"https:\/\/iicolumnas.es\/?s={search_term_string}"},"query-input":{"@type":"PropertyValueSpecification","valueRequired":true,"valueName":"search_term_string"}}],"inLanguage":"es"},{"@type":"Person","@id":"https:\/\/iicolumnas.es\/#\/schema\/person\/d512d18684f02fab7bbd32f31cc9265f","name":"Jonathan Mart\u00edn Poveda","image":{"@type":"ImageObject","inLanguage":"es","@id":"https:\/\/iicolumnas.es\/#\/schema\/person\/image\/","url":"https:\/\/secure.gravatar.com\/avatar\/366e45604278ba83b52b7877bdb6e17a592c40232732283938262b196447828c?s=96&d=mm&r=g","contentUrl":"https:\/\/secure.gravatar.com\/avatar\/366e45604278ba83b52b7877bdb6e17a592c40232732283938262b196447828c?s=96&d=mm&r=g","caption":"Jonathan Mart\u00edn Poveda"}}]}},"_links":{"self":[{"href":"https:\/\/iicolumnas.es\/index.php\/wp-json\/wp\/v2\/posts\/24276","targetHints":{"allow":["GET"]}}],"collection":[{"href":"https:\/\/iicolumnas.es\/index.php\/wp-json\/wp\/v2\/posts"}],"about":[{"href":"https:\/\/iicolumnas.es\/index.php\/wp-json\/wp\/v2\/types\/post"}],"author":[{"embeddable":true,"href":"https:\/\/iicolumnas.es\/index.php\/wp-json\/wp\/v2\/users\/20"}],"replies":[{"embeddable":true,"href":"https:\/\/iicolumnas.es\/index.php\/wp-json\/wp\/v2\/comments?post=24276"}],"version-history":[{"count":2,"href":"https:\/\/iicolumnas.es\/index.php\/wp-json\/wp\/v2\/posts\/24276\/revisions"}],"predecessor-version":[{"id":24287,"href":"https:\/\/iicolumnas.es\/index.php\/wp-json\/wp\/v2\/posts\/24276\/revisions\/24287"}],"wp:featuredmedia":[{"embeddable":true,"href":"https:\/\/iicolumnas.es\/index.php\/wp-json\/wp\/v2\/media\/15988"}],"wp:attachment":[{"href":"https:\/\/iicolumnas.es\/index.php\/wp-json\/wp\/v2\/media?parent=24276"}],"wp:term":[{"taxonomy":"category","embeddable":true,"href":"https:\/\/iicolumnas.es\/index.php\/wp-json\/wp\/v2\/categories?post=24276"},{"taxonomy":"post_tag","embeddable":true,"href":"https:\/\/iicolumnas.es\/index.php\/wp-json\/wp\/v2\/tags?post=24276"}],"curies":[{"name":"wp","href":"https:\/\/api.w.org\/{rel}","templated":true}]}}