{"id":23541,"date":"2019-12-22T18:43:45","date_gmt":"2019-12-22T17:43:45","guid":{"rendered":"https:\/\/iicolumnas.es\/?p=23541"},"modified":"2019-12-22T18:43:45","modified_gmt":"2019-12-22T17:43:45","slug":"las-borrascas-elsa-y-fabien-no-pasan-desapercibidas-por-cantalpino","status":"publish","type":"post","link":"https:\/\/iicolumnas.es\/index.php\/actualidad\/2019\/12\/22\/las-borrascas-elsa-y-fabien-no-pasan-desapercibidas-por-cantalpino\/","title":{"rendered":"Las borrascas &#8216;Elsa&#8217; y &#8216;Fabi\u00e9n&#8217; no pasan desapercibidas por Cantalpino"},"content":{"rendered":"<p style=\"text-align: justify;\">La borrasca \u2018Elsa\u2019, que tan mal tiempo ha dejado en toda la provincia, no ha pasado desapercibida por Cantalpino.<\/p>\n<p style=\"text-align: justify;\">\u00c1rboles inclinados, farolas torcidas, tejados levantados, macetas por el suelo&#8230; son algunos de los destrozos que se han podido observar en el municipio.<\/p>\n<p style=\"text-align: justify;\">Sin embargo, la borrasca\u00a0\u2018Fabi\u00e9n\u2019, que ha llegado el fin de semana, ha\u00a0provocado que la Aemet haya activado en la provincia salmantina la alerta naranja por viento.<\/p>\n<p style=\"text-align: justify;\">Eso s\u00ed, esta borrasca ser\u00e1 un poco m\u00e1s suave en cuanto a precipitaciones. No se esperan grandes lluvias torrenciales salvo en momentos concretos.<\/p>\n<p><img loading=\"lazy\" decoding=\"async\" class=\"aligncenter size-full wp-image-23543\" src=\"https:\/\/iicolumnas.es\/wp-content\/uploads\/2019\/12\/C7B937F1-63B5-4935-BC56-37A6B353E5DE.jpeg\" alt=\"\" width=\"600\" height=\"800\" srcset=\"https:\/\/iicolumnas.es\/wp-content\/uploads\/2019\/12\/C7B937F1-63B5-4935-BC56-37A6B353E5DE.jpeg 600w, https:\/\/iicolumnas.es\/wp-content\/uploads\/2019\/12\/C7B937F1-63B5-4935-BC56-37A6B353E5DE-225x300.jpeg 225w\" sizes=\"auto, (max-width: 600px) 100vw, 600px\" \/> <img loading=\"lazy\" decoding=\"async\" class=\"aligncenter size-full wp-image-23544\" src=\"https:\/\/iicolumnas.es\/wp-content\/uploads\/2019\/12\/2065FF4D-8342-4CB1-92BA-7CF22A4D0F99.jpeg\" alt=\"\" width=\"600\" height=\"800\" srcset=\"https:\/\/iicolumnas.es\/wp-content\/uploads\/2019\/12\/2065FF4D-8342-4CB1-92BA-7CF22A4D0F99.jpeg 600w, https:\/\/iicolumnas.es\/wp-content\/uploads\/2019\/12\/2065FF4D-8342-4CB1-92BA-7CF22A4D0F99-225x300.jpeg 225w\" sizes=\"auto, (max-width: 600px) 100vw, 600px\" \/> <img loading=\"lazy\" decoding=\"async\" class=\"aligncenter size-full wp-image-23545\" src=\"https:\/\/iicolumnas.es\/wp-content\/uploads\/2019\/12\/77D00606-8144-4989-AFEB-FCE36EE4B739.jpeg\" alt=\"\" width=\"600\" height=\"800\" srcset=\"https:\/\/iicolumnas.es\/wp-content\/uploads\/2019\/12\/77D00606-8144-4989-AFEB-FCE36EE4B739.jpeg 600w, https:\/\/iicolumnas.es\/wp-content\/uploads\/2019\/12\/77D00606-8144-4989-AFEB-FCE36EE4B739-225x300.jpeg 225w\" sizes=\"auto, (max-width: 600px) 100vw, 600px\" \/> <img loading=\"lazy\" decoding=\"async\" class=\"aligncenter size-full wp-image-23546\" src=\"https:\/\/iicolumnas.es\/wp-content\/uploads\/2019\/12\/C6191F62-F905-4FE5-A39B-4095F8AEB23B.jpeg\" alt=\"\" width=\"800\" height=\"600\" srcset=\"https:\/\/iicolumnas.es\/wp-content\/uploads\/2019\/12\/C6191F62-F905-4FE5-A39B-4095F8AEB23B.jpeg 800w, https:\/\/iicolumnas.es\/wp-content\/uploads\/2019\/12\/C6191F62-F905-4FE5-A39B-4095F8AEB23B-300x225.jpeg 300w\" sizes=\"auto, (max-width: 800px) 100vw, 800px\" \/><\/p>\n","protected":false},"excerpt":{"rendered":"<p>La borrasca \u2018Elsa\u2019, que tan mal tiempo ha dejado en toda la provincia, no ha pasado desapercibida por Cantalpino. \u00c1rboles inclinados, farolas torcidas, tejados levantados, macetas por el suelo&#8230; son algunos de los destrozos&#46;&#46;&#46;<\/p>\n","protected":false},"author":21,"featured_media":23544,"comment_status":"open","ping_status":"open","sticky":false,"template":"","format":"standard","meta":{"footnotes":""},"categories":[1],"tags":[],"class_list":["post-23541","post","type-post","status-publish","format-standard","has-post-thumbnail","hentry","category-actualidad"],"yoast_head":"<!-- This site is optimized with the Yoast SEO plugin v26.6 - https:\/\/yoast.com\/wordpress\/plugins\/seo\/ -->\n<title>Las borrascas &#039;Elsa&#039; y &#039;Fabi\u00e9n&#039; no pasan desapercibidas por Cantalpino - Dos Columnas<\/title>\n<meta name=\"robots\" content=\"index, follow, max-snippet:-1, max-image-preview:large, max-video-preview:-1\" \/>\n<link rel=\"canonical\" href=\"https:\/\/iicolumnas.es\/index.php\/actualidad\/2019\/12\/22\/las-borrascas-elsa-y-fabien-no-pasan-desapercibidas-por-cantalpino\/\" \/>\n<meta property=\"og:locale\" content=\"es_ES\" \/>\n<meta property=\"og:type\" content=\"article\" \/>\n<meta property=\"og:title\" content=\"Las borrascas &#039;Elsa&#039; y &#039;Fabi\u00e9n&#039; no pasan desapercibidas por Cantalpino - Dos Columnas\" \/>\n<meta property=\"og:description\" content=\"La borrasca \u2018Elsa\u2019, que tan mal tiempo ha dejado en toda la provincia, no ha pasado desapercibida por Cantalpino. \u00c1rboles inclinados, farolas torcidas, tejados levantados, macetas por el suelo&#8230; son algunos de los destrozos&#046;&#046;&#046;\" \/>\n<meta property=\"og:url\" content=\"https:\/\/iicolumnas.es\/index.php\/actualidad\/2019\/12\/22\/las-borrascas-elsa-y-fabien-no-pasan-desapercibidas-por-cantalpino\/\" \/>\n<meta property=\"og:site_name\" content=\"Dos Columnas\" \/>\n<meta property=\"article:publisher\" content=\"https:\/\/www.facebook.com\/iicolumnas\/\" \/>\n<meta property=\"article:published_time\" content=\"2019-12-22T17:43:45+00:00\" \/>\n<meta property=\"og:image\" content=\"https:\/\/iicolumnas.es\/wp-content\/uploads\/2019\/12\/2065FF4D-8342-4CB1-92BA-7CF22A4D0F99.jpeg\" \/>\n\t<meta property=\"og:image:width\" content=\"600\" \/>\n\t<meta property=\"og:image:height\" content=\"800\" \/>\n\t<meta property=\"og:image:type\" content=\"image\/jpeg\" \/>\n<meta name=\"author\" content=\"Luc\u00eda Pedroso\" \/>\n<meta name=\"twitter:card\" content=\"summary_large_image\" \/>\n<meta name=\"twitter:creator\" content=\"@iicolumnas\" \/>\n<meta name=\"twitter:site\" content=\"@iicolumnas\" \/>\n<meta name=\"twitter:label1\" content=\"Escrito por\" \/>\n\t<meta name=\"twitter:data1\" content=\"Luc\u00eda Pedroso\" \/>\n<script type=\"application\/ld+json\" class=\"yoast-schema-graph\">{\"@context\":\"https:\/\/schema.org\",\"@graph\":[{\"@type\":\"WebPage\",\"@id\":\"https:\/\/iicolumnas.es\/index.php\/actualidad\/2019\/12\/22\/las-borrascas-elsa-y-fabien-no-pasan-desapercibidas-por-cantalpino\/\",\"url\":\"https:\/\/iicolumnas.es\/index.php\/actualidad\/2019\/12\/22\/las-borrascas-elsa-y-fabien-no-pasan-desapercibidas-por-cantalpino\/\",\"name\":\"Las borrascas 'Elsa' y 'Fabi\u00e9n' no pasan desapercibidas por Cantalpino - Dos Columnas\",\"isPartOf\":{\"@id\":\"https:\/\/iicolumnas.es\/#website\"},\"primaryImageOfPage\":{\"@id\":\"https:\/\/iicolumnas.es\/index.php\/actualidad\/2019\/12\/22\/las-borrascas-elsa-y-fabien-no-pasan-desapercibidas-por-cantalpino\/#primaryimage\"},\"image\":{\"@id\":\"https:\/\/iicolumnas.es\/index.php\/actualidad\/2019\/12\/22\/las-borrascas-elsa-y-fabien-no-pasan-desapercibidas-por-cantalpino\/#primaryimage\"},\"thumbnailUrl\":\"https:\/\/iicolumnas.es\/wp-content\/uploads\/2019\/12\/2065FF4D-8342-4CB1-92BA-7CF22A4D0F99.jpeg\",\"datePublished\":\"2019-12-22T17:43:45+00:00\",\"author\":{\"@id\":\"https:\/\/iicolumnas.es\/#\/schema\/person\/c14438f8693220897997dbbf718f2079\"},\"breadcrumb\":{\"@id\":\"https:\/\/iicolumnas.es\/index.php\/actualidad\/2019\/12\/22\/las-borrascas-elsa-y-fabien-no-pasan-desapercibidas-por-cantalpino\/#breadcrumb\"},\"inLanguage\":\"es\",\"potentialAction\":[{\"@type\":\"ReadAction\",\"target\":[\"https:\/\/iicolumnas.es\/index.php\/actualidad\/2019\/12\/22\/las-borrascas-elsa-y-fabien-no-pasan-desapercibidas-por-cantalpino\/\"]}]},{\"@type\":\"ImageObject\",\"inLanguage\":\"es\",\"@id\":\"https:\/\/iicolumnas.es\/index.php\/actualidad\/2019\/12\/22\/las-borrascas-elsa-y-fabien-no-pasan-desapercibidas-por-cantalpino\/#primaryimage\",\"url\":\"https:\/\/iicolumnas.es\/wp-content\/uploads\/2019\/12\/2065FF4D-8342-4CB1-92BA-7CF22A4D0F99.jpeg\",\"contentUrl\":\"https:\/\/iicolumnas.es\/wp-content\/uploads\/2019\/12\/2065FF4D-8342-4CB1-92BA-7CF22A4D0F99.jpeg\",\"width\":600,\"height\":800},{\"@type\":\"BreadcrumbList\",\"@id\":\"https:\/\/iicolumnas.es\/index.php\/actualidad\/2019\/12\/22\/las-borrascas-elsa-y-fabien-no-pasan-desapercibidas-por-cantalpino\/#breadcrumb\",\"itemListElement\":[{\"@type\":\"ListItem\",\"position\":1,\"name\":\"Portada\",\"item\":\"https:\/\/iicolumnas.es\/\"},{\"@type\":\"ListItem\",\"position\":2,\"name\":\"Actualidad\",\"item\":\"https:\/\/iicolumnas.es\/index.php\/category\/actualidad\/\"},{\"@type\":\"ListItem\",\"position\":3,\"name\":\"Las borrascas &#8216;Elsa&#8217; y &#8216;Fabi\u00e9n&#8217; no pasan desapercibidas por Cantalpino\"}]},{\"@type\":\"WebSite\",\"@id\":\"https:\/\/iicolumnas.es\/#website\",\"url\":\"https:\/\/iicolumnas.es\/\",\"name\":\"Dos Columnas\",\"description\":\"El peri\u00f3dico de la villa de Cantalpino\",\"potentialAction\":[{\"@type\":\"SearchAction\",\"target\":{\"@type\":\"EntryPoint\",\"urlTemplate\":\"https:\/\/iicolumnas.es\/?s={search_term_string}\"},\"query-input\":{\"@type\":\"PropertyValueSpecification\",\"valueRequired\":true,\"valueName\":\"search_term_string\"}}],\"inLanguage\":\"es\"},{\"@type\":\"Person\",\"@id\":\"https:\/\/iicolumnas.es\/#\/schema\/person\/c14438f8693220897997dbbf718f2079\",\"name\":\"Luc\u00eda Pedroso\",\"image\":{\"@type\":\"ImageObject\",\"inLanguage\":\"es\",\"@id\":\"https:\/\/iicolumnas.es\/#\/schema\/person\/image\/\",\"url\":\"https:\/\/secure.gravatar.com\/avatar\/ada6c90a6cd339894388a0dcf74cb992749bb938186838bd65e437d8f0959d71?s=96&d=mm&r=g\",\"contentUrl\":\"https:\/\/secure.gravatar.com\/avatar\/ada6c90a6cd339894388a0dcf74cb992749bb938186838bd65e437d8f0959d71?s=96&d=mm&r=g\",\"caption\":\"Luc\u00eda Pedroso\"}}]}<\/script>\n<!-- \/ Yoast SEO plugin. -->","yoast_head_json":{"title":"Las borrascas 'Elsa' y 'Fabi\u00e9n' no pasan desapercibidas por Cantalpino - Dos Columnas","robots":{"index":"index","follow":"follow","max-snippet":"max-snippet:-1","max-image-preview":"max-image-preview:large","max-video-preview":"max-video-preview:-1"},"canonical":"https:\/\/iicolumnas.es\/index.php\/actualidad\/2019\/12\/22\/las-borrascas-elsa-y-fabien-no-pasan-desapercibidas-por-cantalpino\/","og_locale":"es_ES","og_type":"article","og_title":"Las borrascas 'Elsa' y 'Fabi\u00e9n' no pasan desapercibidas por Cantalpino - Dos Columnas","og_description":"La borrasca \u2018Elsa\u2019, que tan mal tiempo ha dejado en toda la provincia, no ha pasado desapercibida por Cantalpino. \u00c1rboles inclinados, farolas torcidas, tejados levantados, macetas por el suelo&#8230; son algunos de los destrozos&#46;&#46;&#46;","og_url":"https:\/\/iicolumnas.es\/index.php\/actualidad\/2019\/12\/22\/las-borrascas-elsa-y-fabien-no-pasan-desapercibidas-por-cantalpino\/","og_site_name":"Dos Columnas","article_publisher":"https:\/\/www.facebook.com\/iicolumnas\/","article_published_time":"2019-12-22T17:43:45+00:00","og_image":[{"width":600,"height":800,"url":"https:\/\/iicolumnas.es\/wp-content\/uploads\/2019\/12\/2065FF4D-8342-4CB1-92BA-7CF22A4D0F99.jpeg","type":"image\/jpeg"}],"author":"Luc\u00eda Pedroso","twitter_card":"summary_large_image","twitter_creator":"@iicolumnas","twitter_site":"@iicolumnas","twitter_misc":{"Escrito por":"Luc\u00eda Pedroso"},"schema":{"@context":"https:\/\/schema.org","@graph":[{"@type":"WebPage","@id":"https:\/\/iicolumnas.es\/index.php\/actualidad\/2019\/12\/22\/las-borrascas-elsa-y-fabien-no-pasan-desapercibidas-por-cantalpino\/","url":"https:\/\/iicolumnas.es\/index.php\/actualidad\/2019\/12\/22\/las-borrascas-elsa-y-fabien-no-pasan-desapercibidas-por-cantalpino\/","name":"Las borrascas 'Elsa' y 'Fabi\u00e9n' no pasan desapercibidas por Cantalpino - Dos Columnas","isPartOf":{"@id":"https:\/\/iicolumnas.es\/#website"},"primaryImageOfPage":{"@id":"https:\/\/iicolumnas.es\/index.php\/actualidad\/2019\/12\/22\/las-borrascas-elsa-y-fabien-no-pasan-desapercibidas-por-cantalpino\/#primaryimage"},"image":{"@id":"https:\/\/iicolumnas.es\/index.php\/actualidad\/2019\/12\/22\/las-borrascas-elsa-y-fabien-no-pasan-desapercibidas-por-cantalpino\/#primaryimage"},"thumbnailUrl":"https:\/\/iicolumnas.es\/wp-content\/uploads\/2019\/12\/2065FF4D-8342-4CB1-92BA-7CF22A4D0F99.jpeg","datePublished":"2019-12-22T17:43:45+00:00","author":{"@id":"https:\/\/iicolumnas.es\/#\/schema\/person\/c14438f8693220897997dbbf718f2079"},"breadcrumb":{"@id":"https:\/\/iicolumnas.es\/index.php\/actualidad\/2019\/12\/22\/las-borrascas-elsa-y-fabien-no-pasan-desapercibidas-por-cantalpino\/#breadcrumb"},"inLanguage":"es","potentialAction":[{"@type":"ReadAction","target":["https:\/\/iicolumnas.es\/index.php\/actualidad\/2019\/12\/22\/las-borrascas-elsa-y-fabien-no-pasan-desapercibidas-por-cantalpino\/"]}]},{"@type":"ImageObject","inLanguage":"es","@id":"https:\/\/iicolumnas.es\/index.php\/actualidad\/2019\/12\/22\/las-borrascas-elsa-y-fabien-no-pasan-desapercibidas-por-cantalpino\/#primaryimage","url":"https:\/\/iicolumnas.es\/wp-content\/uploads\/2019\/12\/2065FF4D-8342-4CB1-92BA-7CF22A4D0F99.jpeg","contentUrl":"https:\/\/iicolumnas.es\/wp-content\/uploads\/2019\/12\/2065FF4D-8342-4CB1-92BA-7CF22A4D0F99.jpeg","width":600,"height":800},{"@type":"BreadcrumbList","@id":"https:\/\/iicolumnas.es\/index.php\/actualidad\/2019\/12\/22\/las-borrascas-elsa-y-fabien-no-pasan-desapercibidas-por-cantalpino\/#breadcrumb","itemListElement":[{"@type":"ListItem","position":1,"name":"Portada","item":"https:\/\/iicolumnas.es\/"},{"@type":"ListItem","position":2,"name":"Actualidad","item":"https:\/\/iicolumnas.es\/index.php\/category\/actualidad\/"},{"@type":"ListItem","position":3,"name":"Las borrascas &#8216;Elsa&#8217; y &#8216;Fabi\u00e9n&#8217; no pasan desapercibidas por Cantalpino"}]},{"@type":"WebSite","@id":"https:\/\/iicolumnas.es\/#website","url":"https:\/\/iicolumnas.es\/","name":"Dos Columnas","description":"El peri\u00f3dico de la villa de Cantalpino","potentialAction":[{"@type":"SearchAction","target":{"@type":"EntryPoint","urlTemplate":"https:\/\/iicolumnas.es\/?s={search_term_string}"},"query-input":{"@type":"PropertyValueSpecification","valueRequired":true,"valueName":"search_term_string"}}],"inLanguage":"es"},{"@type":"Person","@id":"https:\/\/iicolumnas.es\/#\/schema\/person\/c14438f8693220897997dbbf718f2079","name":"Luc\u00eda Pedroso","image":{"@type":"ImageObject","inLanguage":"es","@id":"https:\/\/iicolumnas.es\/#\/schema\/person\/image\/","url":"https:\/\/secure.gravatar.com\/avatar\/ada6c90a6cd339894388a0dcf74cb992749bb938186838bd65e437d8f0959d71?s=96&d=mm&r=g","contentUrl":"https:\/\/secure.gravatar.com\/avatar\/ada6c90a6cd339894388a0dcf74cb992749bb938186838bd65e437d8f0959d71?s=96&d=mm&r=g","caption":"Luc\u00eda Pedroso"}}]}},"_links":{"self":[{"href":"https:\/\/iicolumnas.es\/index.php\/wp-json\/wp\/v2\/posts\/23541","targetHints":{"allow":["GET"]}}],"collection":[{"href":"https:\/\/iicolumnas.es\/index.php\/wp-json\/wp\/v2\/posts"}],"about":[{"href":"https:\/\/iicolumnas.es\/index.php\/wp-json\/wp\/v2\/types\/post"}],"author":[{"embeddable":true,"href":"https:\/\/iicolumnas.es\/index.php\/wp-json\/wp\/v2\/users\/21"}],"replies":[{"embeddable":true,"href":"https:\/\/iicolumnas.es\/index.php\/wp-json\/wp\/v2\/comments?post=23541"}],"version-history":[{"count":2,"href":"https:\/\/iicolumnas.es\/index.php\/wp-json\/wp\/v2\/posts\/23541\/revisions"}],"predecessor-version":[{"id":23547,"href":"https:\/\/iicolumnas.es\/index.php\/wp-json\/wp\/v2\/posts\/23541\/revisions\/23547"}],"wp:featuredmedia":[{"embeddable":true,"href":"https:\/\/iicolumnas.es\/index.php\/wp-json\/wp\/v2\/media\/23544"}],"wp:attachment":[{"href":"https:\/\/iicolumnas.es\/index.php\/wp-json\/wp\/v2\/media?parent=23541"}],"wp:term":[{"taxonomy":"category","embeddable":true,"href":"https:\/\/iicolumnas.es\/index.php\/wp-json\/wp\/v2\/categories?post=23541"},{"taxonomy":"post_tag","embeddable":true,"href":"https:\/\/iicolumnas.es\/index.php\/wp-json\/wp\/v2\/tags?post=23541"}],"curies":[{"name":"wp","href":"https:\/\/api.w.org\/{rel}","templated":true}]}}